{"id":7985,"date":"2022-08-16T10:37:31","date_gmt":"2022-08-16T10:37:31","guid":{"rendered":"https:\/\/netbakis.net\/?p=7985"},"modified":"2022-08-16T10:37:32","modified_gmt":"2022-08-16T10:37:32","slug":"tacoyun-ankara-ziyaretleri-devam-ediyor","status":"publish","type":"post","link":"https:\/\/netbakis.net\/tr\/7985\/","title":{"rendered":"Ta\u00e7oy\u2019un Ankara ziyaretleri devam ediyor"},"content":{"rendered":"<p>\u00c7al\u0131\u015fma ve Sosyal G\u00fcvenlik Bakan\u0131 Hasan Ta\u00e7oy\u2019un&nbsp; Kuzey K\u0131br\u0131s&nbsp; T\u00fcrk Cumhuriyeti&nbsp; ile T\u00fcrkiye Cumhuriyeti&nbsp; \u0130\u015fbirli\u011fi Eylem Plan\u0131 \u00e7er\u00e7evesindeki Ankara ziyaretleri devam ediyor.&nbsp;<\/p>\n\n\n\n<p>\u00c7al\u0131\u015fma ve Sosyal G\u00fcvenlik Bakan\u0131 Hasan Ta\u00e7oy ve beraberindeki heyet, TC Aile ve Sosyal Hizmetler Bakanl\u0131\u011f\u0131\u2019ndaK\u0130 tan\u0131\u015fma ve bilgilendirme toplant\u0131s\u0131na kat\u0131ld\u0131.<\/p>\n\n\n\n<p>Heyet daha sonra,&nbsp; Balgat 75. Y\u0131l Huzurevi Ya\u015fl\u0131 Bak\u0131m ve Rehabilitasyon Merkezi\u2019nde, Sosyal Yard\u0131mlar Genel M\u00fcd\u00fcrl\u00fc\u011f\u00fc taraf\u0131ndan yap\u0131lan \u201cSosyal Yard\u0131mlar\u201d konulu sunuma kat\u0131ld\u0131.&nbsp;<\/p>\n\n\n\n<p>Sunumun ard\u0131ndan, \u00c7al\u0131\u015fma ve Sosyal G\u00fcvenlik Bakan\u0131 Hasan Ta\u00e7oy, TC Aile ve Sosyal Hizmetler Bakan Yard\u0131mc\u0131s\u0131 R\u0131dvan Duran e\u015fli\u011finde kurumu gezerek bak\u0131mevinde kalan ya\u015fl\u0131larla sohbet etti.<\/p>\n\n\n\n<p>\u00c7al\u0131\u015fma ve Sosyal G\u00fcvenlik Bakan\u0131 Hasan Ta\u00e7oy ile beraberindeki Sosyal Hizmetler Dairesi yetkilileri heyeti ziyaret program\u0131 kapsam\u0131nda,&nbsp; Ke\u00e7i\u00f6ren Sosyal Yard\u0131mla\u015fma ve Dayan\u0131\u015fma Vakf\u0131\u2019n\u0131&nbsp; da ziyaret ederek kurumda incelemelerde bulundu<\/p>","protected":false},"excerpt":{"rendered":"<p>\u00c7al\u0131\u015fma ve Sosyal G\u00fcvenlik Bakan\u0131 Hasan Ta\u00e7oy\u2019un&nbsp; Kuzey K\u0131br\u0131s&nbsp; T\u00fcrk Cumhuriyeti&nbsp; ile T\u00fcrkiye Cumhuriyeti&nbsp; \u0130\u015fbirli\u011fi Eylem Plan\u0131 \u00e7er\u00e7evesindeki Ankara ziyaretleri devam ediyor.&nbsp; \u00c7al\u0131\u015fma ve Sosyal G\u00fcvenlik Bakan\u0131 Hasan Ta\u00e7oy ve beraberindeki heyet, TC Aile ve Sosyal Hizmetler Bakanl\u0131\u011f\u0131\u2019ndaK\u0130 tan\u0131\u015fma ve bilgilendirme toplant\u0131s\u0131na kat\u0131ld\u0131. Heyet daha sonra,&nbsp; Balgat 75. Y\u0131l Huzurevi Ya\u015fl\u0131 Bak\u0131m ve Rehabilitasyon Merkezi\u2019nde, [&hellip;]<\/p>","protected":false},"author":1,"featured_media":7986,"comment_status":"open","ping_status":"open","sticky":false,"template":"","format":"standard","meta":{"om_disable_all_campaigns":false,"_monsterinsights_skip_tracking":false,"_monsterinsights_sitenote_active":false,"_monsterinsights_sitenote_note":"","_monsterinsights_sitenote_category":0,"_uf_show_specific_survey":0,"_uf_disable_surveys":false,"footnotes":"","jetpack_publicize_message":"","jetpack_publicize_feature_enabled":true,"jetpack_social_post_already_shared":false,"jetpack_social_options":{"image_generator_settings":{"template":"highway","default_image_id":0,"font":"","enabled":false},"version":2}},"categories":[81],"tags":[791],"class_list":{"0":"post-7985","1":"post","2":"type-post","3":"status-publish","4":"format-standard","5":"has-post-thumbnail","7":"category-gundem","8":"tag-tacoy"},"yoast_head":"<!-- This site is optimized with the Yoast SEO plugin v23.8 - https:\/\/yoast.com\/wordpress\/plugins\/seo\/ -->\n<title>Ta\u00e7oy\u2019un Ankara ziyaretleri devam ediyor - NETBAKIS<\/title>\n<meta name=\"robots\" content=\"index, follow, max-snippet:-1, max-image-preview:large, max-video-preview:-1\" \/>\n<link rel=\"canonical\" href=\"https:\/\/netbakis.net\/tr\/7985\/\" \/>\n<meta property=\"og:locale\" content=\"tr_TR\" \/>\n<meta property=\"og:type\" content=\"article\" \/>\n<meta property=\"og:title\" content=\"Ta\u00e7oy\u2019un Ankara ziyaretleri devam ediyor - NETBAKIS\" \/>\n<meta property=\"og:description\" content=\"\u00c7al\u0131\u015fma ve Sosyal G\u00fcvenlik Bakan\u0131 Hasan Ta\u00e7oy\u2019un&nbsp; Kuzey K\u0131br\u0131s&nbsp; T\u00fcrk Cumhuriyeti&nbsp; ile T\u00fcrkiye Cumhuriyeti&nbsp; \u0130\u015fbirli\u011fi Eylem Plan\u0131 \u00e7er\u00e7evesindeki Ankara ziyaretleri devam ediyor.&nbsp; \u00c7al\u0131\u015fma ve Sosyal G\u00fcvenlik Bakan\u0131 Hasan Ta\u00e7oy ve beraberindeki heyet, TC Aile ve Sosyal Hizmetler Bakanl\u0131\u011f\u0131\u2019ndaK\u0130 tan\u0131\u015fma ve bilgilendirme toplant\u0131s\u0131na kat\u0131ld\u0131. Heyet daha sonra,&nbsp; Balgat 75. Y\u0131l Huzurevi Ya\u015fl\u0131 Bak\u0131m ve Rehabilitasyon Merkezi\u2019nde, [&hellip;]\" \/>\n<meta property=\"og:url\" content=\"https:\/\/netbakis.net\/tr\/7985\/\" \/>\n<meta property=\"og:site_name\" content=\"NETBAKIS\" \/>\n<meta property=\"article:published_time\" content=\"2022-08-16T10:37:31+00:00\" \/>\n<meta property=\"article:modified_time\" content=\"2022-08-16T10:37:32+00:00\" \/>\n<meta property=\"og:image\" content=\"https:\/\/netbakis.net\/wp-content\/uploads\/2022\/08\/heyetler-gorusme-1536x1024-1.jpg\" \/>\n\t<meta property=\"og:image:width\" content=\"1536\" \/>\n\t<meta property=\"og:image:height\" content=\"1024\" \/>\n\t<meta property=\"og:image:type\" content=\"image\/jpeg\" \/>\n<meta name=\"author\" content=\"netbakis.net\" \/>\n<meta name=\"twitter:card\" content=\"summary_large_image\" \/>\n<meta name=\"twitter:label1\" content=\"Yazan:\" \/>\n\t<meta name=\"twitter:data1\" content=\"netbakis.net\" \/>\n\t<meta name=\"twitter:label2\" content=\"Tahmini okuma s\u00fcresi\" \/>\n\t<meta name=\"twitter:data2\" content=\"1 dakika\" \/>\n<script type=\"application\/ld+json\" class=\"yoast-schema-graph\">{\"@context\":\"https:\/\/schema.org\",\"@graph\":[{\"@type\":\"WebPage\",\"@id\":\"https:\/\/netbakis.net\/7985\/\",\"url\":\"https:\/\/netbakis.net\/7985\/\",\"name\":\"Ta\u00e7oy\u2019un Ankara ziyaretleri devam ediyor - NETBAKIS\",\"isPartOf\":{\"@id\":\"https:\/\/netbakis.net\/#website\"},\"primaryImageOfPage\":{\"@id\":\"https:\/\/netbakis.net\/7985\/#primaryimage\"},\"image\":{\"@id\":\"https:\/\/netbakis.net\/7985\/#primaryimage\"},\"thumbnailUrl\":\"https:\/\/netbakis.net\/wp-content\/uploads\/2022\/08\/heyetler-gorusme-1536x1024-1.jpg\",\"datePublished\":\"2022-08-16T10:37:31+00:00\",\"dateModified\":\"2022-08-16T10:37:32+00:00\",\"author\":{\"@id\":\"https:\/\/netbakis.net\/#\/schema\/person\/5d9b5c3f48ca4a3c69967d619fc8c7f4\"},\"breadcrumb\":{\"@id\":\"https:\/\/netbakis.net\/7985\/#breadcrumb\"},\"inLanguage\":\"tr\",\"potentialAction\":[{\"@type\":\"ReadAction\",\"target\":[\"https:\/\/netbakis.net\/7985\/\"]}]},{\"@type\":\"ImageObject\",\"inLanguage\":\"tr\",\"@id\":\"https:\/\/netbakis.net\/7985\/#primaryimage\",\"url\":\"https:\/\/netbakis.net\/wp-content\/uploads\/2022\/08\/heyetler-gorusme-1536x1024-1.jpg\",\"contentUrl\":\"https:\/\/netbakis.net\/wp-content\/uploads\/2022\/08\/heyetler-gorusme-1536x1024-1.jpg\",\"width\":1536,\"height\":1024,\"caption\":\"Ta\u00e7oy\"},{\"@type\":\"BreadcrumbList\",\"@id\":\"https:\/\/netbakis.net\/7985\/#breadcrumb\",\"itemListElement\":[{\"@type\":\"ListItem\",\"position\":1,\"name\":\"Home\",\"item\":\"https:\/\/netbakis.net\/\"},{\"@type\":\"ListItem\",\"position\":2,\"name\":\"Ta\u00e7oy\u2019un Ankara ziyaretleri devam ediyor\"}]},{\"@type\":\"WebSite\",\"@id\":\"https:\/\/netbakis.net\/#website\",\"url\":\"https:\/\/netbakis.net\/\",\"name\":\"NETBAKIS\",\"description\":\"SON DAKIKA\",\"potentialAction\":[{\"@type\":\"SearchAction\",\"target\":{\"@type\":\"EntryPoint\",\"urlTemplate\":\"https:\/\/netbakis.net\/?s={search_term_string}\"},\"query-input\":{\"@type\":\"PropertyValueSpecification\",\"valueRequired\":true,\"valueName\":\"search_term_string\"}}],\"inLanguage\":\"tr\"},{\"@type\":\"Person\",\"@id\":\"https:\/\/netbakis.net\/#\/schema\/person\/5d9b5c3f48ca4a3c69967d619fc8c7f4\",\"name\":\"netbakis.net\",\"image\":{\"@type\":\"ImageObject\",\"inLanguage\":\"tr\",\"@id\":\"https:\/\/netbakis.net\/#\/schema\/person\/image\/\",\"url\":\"https:\/\/secure.gravatar.com\/avatar\/4ddeae49d2d3e3568a8d5b0937642efdf0b72468dbe3f213bc1978faa47af0d1?s=96&d=wp_user_avatar&r=g\",\"contentUrl\":\"https:\/\/secure.gravatar.com\/avatar\/4ddeae49d2d3e3568a8d5b0937642efdf0b72468dbe3f213bc1978faa47af0d1?s=96&d=wp_user_avatar&r=g\",\"caption\":\"netbakis.net\"},\"sameAs\":[\"https:\/\/netbakis.net\"],\"url\":\"https:\/\/netbakis.net\/tr\/author\/netbakis-net\/\"}]}<\/script>\n<!-- \/ Yoast SEO plugin. -->","yoast_head_json":{"title":"Ta\u00e7oy\u2019un Ankara ziyaretleri devam ediyor - NETBAKIS","robots":{"index":"index","follow":"follow","max-snippet":"max-snippet:-1","max-image-preview":"max-image-preview:large","max-video-preview":"max-video-preview:-1"},"canonical":"https:\/\/netbakis.net\/tr\/7985\/","og_locale":"tr_TR","og_type":"article","og_title":"Ta\u00e7oy\u2019un Ankara ziyaretleri devam ediyor - NETBAKIS","og_description":"\u00c7al\u0131\u015fma ve Sosyal G\u00fcvenlik Bakan\u0131 Hasan Ta\u00e7oy\u2019un&nbsp; Kuzey K\u0131br\u0131s&nbsp; T\u00fcrk Cumhuriyeti&nbsp; ile T\u00fcrkiye Cumhuriyeti&nbsp; \u0130\u015fbirli\u011fi Eylem Plan\u0131 \u00e7er\u00e7evesindeki Ankara ziyaretleri devam ediyor.&nbsp; \u00c7al\u0131\u015fma ve Sosyal G\u00fcvenlik Bakan\u0131 Hasan Ta\u00e7oy ve beraberindeki heyet, TC Aile ve Sosyal Hizmetler Bakanl\u0131\u011f\u0131\u2019ndaK\u0130 tan\u0131\u015fma ve bilgilendirme toplant\u0131s\u0131na kat\u0131ld\u0131. Heyet daha sonra,&nbsp; Balgat 75. Y\u0131l Huzurevi Ya\u015fl\u0131 Bak\u0131m ve Rehabilitasyon Merkezi\u2019nde, [&hellip;]","og_url":"https:\/\/netbakis.net\/tr\/7985\/","og_site_name":"NETBAKIS","article_published_time":"2022-08-16T10:37:31+00:00","article_modified_time":"2022-08-16T10:37:32+00:00","og_image":[{"width":1536,"height":1024,"url":"https:\/\/netbakis.net\/wp-content\/uploads\/2022\/08\/heyetler-gorusme-1536x1024-1.jpg","type":"image\/jpeg"}],"author":"netbakis.net","twitter_card":"summary_large_image","twitter_misc":{"Yazan:":"netbakis.net","Tahmini okuma s\u00fcresi":"1 dakika"},"schema":{"@context":"https:\/\/schema.org","@graph":[{"@type":"WebPage","@id":"https:\/\/netbakis.net\/7985\/","url":"https:\/\/netbakis.net\/7985\/","name":"Ta\u00e7oy\u2019un Ankara ziyaretleri devam ediyor - NETBAKIS","isPartOf":{"@id":"https:\/\/netbakis.net\/#website"},"primaryImageOfPage":{"@id":"https:\/\/netbakis.net\/7985\/#primaryimage"},"image":{"@id":"https:\/\/netbakis.net\/7985\/#primaryimage"},"thumbnailUrl":"https:\/\/netbakis.net\/wp-content\/uploads\/2022\/08\/heyetler-gorusme-1536x1024-1.jpg","datePublished":"2022-08-16T10:37:31+00:00","dateModified":"2022-08-16T10:37:32+00:00","author":{"@id":"https:\/\/netbakis.net\/#\/schema\/person\/5d9b5c3f48ca4a3c69967d619fc8c7f4"},"breadcrumb":{"@id":"https:\/\/netbakis.net\/7985\/#breadcrumb"},"inLanguage":"tr","potentialAction":[{"@type":"ReadAction","target":["https:\/\/netbakis.net\/7985\/"]}]},{"@type":"ImageObject","inLanguage":"tr","@id":"https:\/\/netbakis.net\/7985\/#primaryimage","url":"https:\/\/netbakis.net\/wp-content\/uploads\/2022\/08\/heyetler-gorusme-1536x1024-1.jpg","contentUrl":"https:\/\/netbakis.net\/wp-content\/uploads\/2022\/08\/heyetler-gorusme-1536x1024-1.jpg","width":1536,"height":1024,"caption":"Ta\u00e7oy"},{"@type":"BreadcrumbList","@id":"https:\/\/netbakis.net\/7985\/#breadcrumb","itemListElement":[{"@type":"ListItem","position":1,"name":"Home","item":"https:\/\/netbakis.net\/"},{"@type":"ListItem","position":2,"name":"Ta\u00e7oy\u2019un Ankara ziyaretleri devam ediyor"}]},{"@type":"WebSite","@id":"https:\/\/netbakis.net\/#website","url":"https:\/\/netbakis.net\/","name":"NETBAKIS","description":"SON DAKIKA","potentialAction":[{"@type":"SearchAction","target":{"@type":"EntryPoint","urlTemplate":"https:\/\/netbakis.net\/?s={search_term_string}"},"query-input":{"@type":"PropertyValueSpecification","valueRequired":true,"valueName":"search_term_string"}}],"inLanguage":"tr"},{"@type":"Person","@id":"https:\/\/netbakis.net\/#\/schema\/person\/5d9b5c3f48ca4a3c69967d619fc8c7f4","name":"netbakis.net","image":{"@type":"ImageObject","inLanguage":"tr","@id":"https:\/\/netbakis.net\/#\/schema\/person\/image\/","url":"https:\/\/secure.gravatar.com\/avatar\/4ddeae49d2d3e3568a8d5b0937642efdf0b72468dbe3f213bc1978faa47af0d1?s=96&d=wp_user_avatar&r=g","contentUrl":"https:\/\/secure.gravatar.com\/avatar\/4ddeae49d2d3e3568a8d5b0937642efdf0b72468dbe3f213bc1978faa47af0d1?s=96&d=wp_user_avatar&r=g","caption":"netbakis.net"},"sameAs":["https:\/\/netbakis.net"],"url":"https:\/\/netbakis.net\/tr\/author\/netbakis-net\/"}]}},"jetpack_publicize_connections":[],"_links":{"self":[{"href":"https:\/\/netbakis.net\/tr\/wp-json\/wp\/v2\/posts\/7985","targetHints":{"allow":["GET"]}}],"collection":[{"href":"https:\/\/netbakis.net\/tr\/wp-json\/wp\/v2\/posts"}],"about":[{"href":"https:\/\/netbakis.net\/tr\/wp-json\/wp\/v2\/types\/post"}],"author":[{"embeddable":true,"href":"https:\/\/netbakis.net\/tr\/wp-json\/wp\/v2\/users\/1"}],"replies":[{"embeddable":true,"href":"https:\/\/netbakis.net\/tr\/wp-json\/wp\/v2\/comments?post=7985"}],"version-history":[{"count":1,"href":"https:\/\/netbakis.net\/tr\/wp-json\/wp\/v2\/posts\/7985\/revisions"}],"predecessor-version":[{"id":7987,"href":"https:\/\/netbakis.net\/tr\/wp-json\/wp\/v2\/posts\/7985\/revisions\/7987"}],"wp:featuredmedia":[{"embeddable":true,"href":"https:\/\/netbakis.net\/tr\/wp-json\/wp\/v2\/media\/7986"}],"wp:attachment":[{"href":"https:\/\/netbakis.net\/tr\/wp-json\/wp\/v2\/media?parent=7985"}],"wp:term":[{"taxonomy":"category","embeddable":true,"href":"https:\/\/netbakis.net\/tr\/wp-json\/wp\/v2\/categories?post=7985"},{"taxonomy":"post_tag","embeddable":true,"href":"https:\/\/netbakis.net\/tr\/wp-json\/wp\/v2\/tags?post=7985"}],"curies":[{"name":"wp","href":"https:\/\/api.w.org\/{rel}","templated":true}]}}