{"id":7917,"date":"2022-08-13T06:21:20","date_gmt":"2022-08-13T06:21:20","guid":{"rendered":"https:\/\/netbakis.net\/?p=7917"},"modified":"2022-08-13T06:21:25","modified_gmt":"2022-08-13T06:21:25","slug":"cumhurbaskanligi-kibrista-fiili-olarak-iki-egemen-devlet-mevcuttur","status":"publish","type":"post","link":"https:\/\/netbakis.net\/tr\/7917\/","title":{"rendered":"Cumhurba\u015fkanl\u0131\u011f\u0131: K\u0131br\u0131s&#8217;ta fiili olarak iki egemen Devlet mevcuttur"},"content":{"rendered":"<p>Avrupa Komisyonu S\u00f6zc\u00fcs\u00fc Peter Stano\u2019ya Cumhurba\u015fkal\u0131\u011f\u0131 yan\u0131t verdi.<\/p>\n\n\n\n<p>Cumhurba\u015fkal\u0131\u011f\u0131\u2019ndan yap\u0131lan a\u00e7\u0131klama \u015f\u00f6yle:<\/p>\n\n\n\n<p>Avrupa Komisyonu S\u00f6zc\u00fcs\u00fc Peter Stano&#8217;nun Cumhurba\u015fkan\u0131m\u0131z Ersin Tatar&#8217;\u0131n<\/p>\n\n\n\n<p>s\u00f6zde &#8220;K\u0131br\u0131s h\u00fck\u00fcmetinin&#8221; kontrol\u00fc d\u0131\u015f\u0131ndaki topraklar\u0131ndaki bir &#8220;Toplumun&#8221;<\/p>\n\n\n\n<p>lideri olarak g\u00f6r\u00fc\u015fmeler yapma hakk\u0131 oldu\u011funa, ancak &#8220;K\u0131br\u0131s&#8221;\u0131n uluslararas\u0131<\/p>\n\n\n\n<p>ili\u015fkilerini s\u00f6zde &#8220;K\u0131br\u0131s Cumhuriyeti D\u0131\u015fi\u015fleri Bakanl\u0131\u011f\u0131n\u0131n&#8221; y\u00fcr\u00fctt\u00fc\u011f\u00fcne<\/p>\n\n\n\n<p>dair as\u0131ls\u0131z iddias\u0131n\u0131 esefle k\u0131nar ve reddederiz.<\/p>\n\n\n\n<p>Her \u015feyden \u00f6nce K\u0131br\u0131s adas\u0131nda K\u0131br\u0131sl\u0131 T\u00fcrkler ve K\u0131br\u0131sl\u0131 Rumlar m\u00fcktesep<\/p>\n\n\n\n<p>e\u015fittir ve bu iki taraftan herhangi biri di\u011fer taraf \u00fczerinde egemenlik ve<\/p>\n\n\n\n<p>yetki icra edemez, di\u011fer taraf\u0131 temsil edemez. Bu nedenlerle Rum D\u0131\u015fi\u015fleri<\/p>\n\n\n\n<p>Bakanl\u0131\u011f\u0131 t\u00fcm adan\u0131n uluslararas\u0131 ili\u015fkilerini y\u00fcr\u00fctemeyece\u011fi gibi Kuzey<\/p>\n\n\n\n<p>K\u0131br\u0131s T\u00fcrk Cumhuriyeti makamlar\u0131n\u0131n y\u00fcr\u00fctece\u011fi uluslararas\u0131 ili\u015fkiler ne<\/p>\n\n\n\n<p>Rum Taraf\u0131n\u0131n ne de Avrupa Birli\u011finin icazetine tabidir.<\/p>\n\n\n\n<p>K\u0131br\u0131s sorunu Rum taraf\u0131n\u0131n kendini t\u00fcm K\u0131br\u0131s&#8217;\u0131n tek egemeni olarak<\/p>\n\n\n\n<p>g\u00f6rmesinden kaynaklanmaktad\u0131r ve Avrupa Komisyonu S\u00f6zc\u00fcs\u00fc Peter Stano da,<\/p>\n\n\n\n<p>hukuka ayk\u0131r\u0131 bir \u015fekilde AB \u00fcyesi yapt\u0131klar\u0131 yap\u0131n\u0131n bu gayr\u0131 me\u015fru iddias\u0131<\/p>\n\n\n\n<p>temelinde a\u00e7\u0131klama yapm\u0131\u015ft\u0131r. K\u0131br\u0131s Rum taraf\u0131n\u0131n sahip oldu\u011funu iddia<\/p>\n\n\n\n<p>etti\u011fi stat\u00fcy\u00fc, K\u0131br\u0131sl\u0131 T\u00fcrkleri katlederek ve devletin t\u00fcm organlar\u0131ndan<\/p>\n\n\n\n<p>atarak, 1963&#8217;te silah zoruyla gasp etti\u011fini bir AB yetkilisinin g\u00f6rmezden<\/p>\n\n\n\n<p>gelmesi, onlar\u0131n K\u0131br\u0131s konusunda ne kadar art niyetli olduklar\u0131n\u0131 g\u00f6sterir.<\/p>\n\n\n\n<p>Stano, ger\u00e7ekler ve taraflar\u0131n m\u00fcktesep ve me\u015fru e\u015fitlik haklar\u0131n\u0131 g\u00f6z ard\u0131<\/p>\n\n\n\n<p>eden bu a\u00e7\u0131klamas\u0131yla AB&#8217;nin K\u0131br\u0131s sorununda tarafs\u0131z olamayaca\u011f\u0131n\u0131 da bir<\/p>\n\n\n\n<p>kez daha ortaya koymu\u015ftur.<\/p>\n\n\n\n<p>K\u0131br\u0131s&#8217;ta fiili olarak iki egemen Devlet mevcuttur, K\u0131br\u0131s Rum<\/p>\n\n\n\n<p>taraf\u0131\/Devleti ne kadar egemen ise K\u0131br\u0131s T\u00fcrk taraf\u0131\/KKTC de o kadar<\/p>\n\n\n\n<p>egemendir ve K\u0131br\u0131s&#8217;ta bir uzla\u015f\u0131 ancak bu ger\u00e7ekler zemininde bulunabilir.<\/p>\n\n\n\n<p>Kuzey K\u0131br\u0131s T\u00fcrk Cumhuriyeti gerek i\u00e7 i\u015flerini gerekse d\u0131\u015f i\u015flerini bu<\/p>\n\n\n\n<p>ger\u00e7ekler ve me\u015fru haklar\u0131 zemininde s\u00fcrd\u00fcrmeye devam edecektir.<\/p>","protected":false},"excerpt":{"rendered":"<p>Avrupa Komisyonu S\u00f6zc\u00fcs\u00fc Peter Stano\u2019ya Cumhurba\u015fkal\u0131\u011f\u0131 yan\u0131t verdi. Cumhurba\u015fkal\u0131\u011f\u0131\u2019ndan yap\u0131lan a\u00e7\u0131klama \u015f\u00f6yle: Avrupa Komisyonu S\u00f6zc\u00fcs\u00fc Peter Stano&#8217;nun Cumhurba\u015fkan\u0131m\u0131z Ersin Tatar&#8217;\u0131n s\u00f6zde &#8220;K\u0131br\u0131s h\u00fck\u00fcmetinin&#8221; kontrol\u00fc d\u0131\u015f\u0131ndaki topraklar\u0131ndaki bir &#8220;Toplumun&#8221; lideri olarak g\u00f6r\u00fc\u015fmeler yapma hakk\u0131 oldu\u011funa, ancak &#8220;K\u0131br\u0131s&#8221;\u0131n uluslararas\u0131 ili\u015fkilerini s\u00f6zde &#8220;K\u0131br\u0131s Cumhuriyeti D\u0131\u015fi\u015fleri Bakanl\u0131\u011f\u0131n\u0131n&#8221; y\u00fcr\u00fctt\u00fc\u011f\u00fcne dair as\u0131ls\u0131z iddias\u0131n\u0131 esefle k\u0131nar ve reddederiz. Her \u015feyden \u00f6nce K\u0131br\u0131s [&hellip;]<\/p>","protected":false},"author":1,"featured_media":6639,"comment_status":"open","ping_status":"open","sticky":false,"template":"","format":"standard","meta":{"om_disable_all_campaigns":false,"_monsterinsights_skip_tracking":false,"_monsterinsights_sitenote_active":false,"_monsterinsights_sitenote_note":"","_monsterinsights_sitenote_category":0,"_uf_show_specific_survey":0,"_uf_disable_surveys":false,"footnotes":"","jetpack_publicize_message":"","jetpack_publicize_feature_enabled":true,"jetpack_social_post_already_shared":false,"jetpack_social_options":{"image_generator_settings":{"template":"highway","default_image_id":0,"font":"","enabled":false},"version":2}},"categories":[81],"tags":[539],"class_list":{"0":"post-7917","1":"post","2":"type-post","3":"status-publish","4":"format-standard","5":"has-post-thumbnail","7":"category-gundem","8":"tag-cumhurbaskanligi"},"yoast_head":"<!-- This site is optimized with the Yoast SEO plugin v23.8 - https:\/\/yoast.com\/wordpress\/plugins\/seo\/ -->\n<title>Cumhurba\u015fkanl\u0131\u011f\u0131: K\u0131br\u0131s&#039;ta fiili olarak iki egemen Devlet mevcuttur - NETBAKIS<\/title>\n<meta name=\"robots\" content=\"index, follow, max-snippet:-1, max-image-preview:large, max-video-preview:-1\" \/>\n<link rel=\"canonical\" href=\"https:\/\/netbakis.net\/tr\/7917\/\" \/>\n<meta property=\"og:locale\" content=\"tr_TR\" \/>\n<meta property=\"og:type\" content=\"article\" \/>\n<meta property=\"og:title\" content=\"Cumhurba\u015fkanl\u0131\u011f\u0131: K\u0131br\u0131s&#039;ta fiili olarak iki egemen Devlet mevcuttur - NETBAKIS\" \/>\n<meta property=\"og:description\" content=\"Avrupa Komisyonu S\u00f6zc\u00fcs\u00fc Peter Stano\u2019ya Cumhurba\u015fkal\u0131\u011f\u0131 yan\u0131t verdi. Cumhurba\u015fkal\u0131\u011f\u0131\u2019ndan yap\u0131lan a\u00e7\u0131klama \u015f\u00f6yle: Avrupa Komisyonu S\u00f6zc\u00fcs\u00fc Peter Stano&#8217;nun Cumhurba\u015fkan\u0131m\u0131z Ersin Tatar&#8217;\u0131n s\u00f6zde &#8220;K\u0131br\u0131s h\u00fck\u00fcmetinin&#8221; kontrol\u00fc d\u0131\u015f\u0131ndaki topraklar\u0131ndaki bir &#8220;Toplumun&#8221; lideri olarak g\u00f6r\u00fc\u015fmeler yapma hakk\u0131 oldu\u011funa, ancak &#8220;K\u0131br\u0131s&#8221;\u0131n uluslararas\u0131 ili\u015fkilerini s\u00f6zde &#8220;K\u0131br\u0131s Cumhuriyeti D\u0131\u015fi\u015fleri Bakanl\u0131\u011f\u0131n\u0131n&#8221; y\u00fcr\u00fctt\u00fc\u011f\u00fcne dair as\u0131ls\u0131z iddias\u0131n\u0131 esefle k\u0131nar ve reddederiz. Her \u015feyden \u00f6nce K\u0131br\u0131s [&hellip;]\" \/>\n<meta property=\"og:url\" content=\"https:\/\/netbakis.net\/tr\/7917\/\" \/>\n<meta property=\"og:site_name\" content=\"NETBAKIS\" \/>\n<meta property=\"article:published_time\" content=\"2022-08-13T06:21:20+00:00\" \/>\n<meta property=\"article:modified_time\" content=\"2022-08-13T06:21:25+00:00\" \/>\n<meta property=\"og:image\" content=\"https:\/\/netbakis.net\/wp-content\/uploads\/2021\/07\/kuzey-kibris-ta-11-adayli-cumhurbaskanligi-yarisi-788328-5.jpg\" \/>\n\t<meta property=\"og:image:width\" content=\"720\" \/>\n\t<meta property=\"og:image:height\" content=\"400\" \/>\n\t<meta property=\"og:image:type\" content=\"image\/jpeg\" \/>\n<meta name=\"author\" content=\"netbakis.net\" \/>\n<meta name=\"twitter:card\" content=\"summary_large_image\" \/>\n<meta name=\"twitter:label1\" content=\"Yazan:\" \/>\n\t<meta name=\"twitter:data1\" content=\"netbakis.net\" \/>\n\t<meta name=\"twitter:label2\" content=\"Tahmini okuma s\u00fcresi\" \/>\n\t<meta name=\"twitter:data2\" content=\"2 dakika\" \/>\n<script type=\"application\/ld+json\" class=\"yoast-schema-graph\">{\"@context\":\"https:\/\/schema.org\",\"@graph\":[{\"@type\":\"WebPage\",\"@id\":\"https:\/\/netbakis.net\/7917\/\",\"url\":\"https:\/\/netbakis.net\/7917\/\",\"name\":\"Cumhurba\u015fkanl\u0131\u011f\u0131: K\u0131br\u0131s'ta fiili olarak iki egemen Devlet mevcuttur - NETBAKIS\",\"isPartOf\":{\"@id\":\"https:\/\/netbakis.net\/#website\"},\"primaryImageOfPage\":{\"@id\":\"https:\/\/netbakis.net\/7917\/#primaryimage\"},\"image\":{\"@id\":\"https:\/\/netbakis.net\/7917\/#primaryimage\"},\"thumbnailUrl\":\"https:\/\/netbakis.net\/wp-content\/uploads\/2021\/07\/kuzey-kibris-ta-11-adayli-cumhurbaskanligi-yarisi-788328-5.jpg\",\"datePublished\":\"2022-08-13T06:21:20+00:00\",\"dateModified\":\"2022-08-13T06:21:25+00:00\",\"author\":{\"@id\":\"https:\/\/netbakis.net\/#\/schema\/person\/5d9b5c3f48ca4a3c69967d619fc8c7f4\"},\"breadcrumb\":{\"@id\":\"https:\/\/netbakis.net\/7917\/#breadcrumb\"},\"inLanguage\":\"tr\",\"potentialAction\":[{\"@type\":\"ReadAction\",\"target\":[\"https:\/\/netbakis.net\/7917\/\"]}]},{\"@type\":\"ImageObject\",\"inLanguage\":\"tr\",\"@id\":\"https:\/\/netbakis.net\/7917\/#primaryimage\",\"url\":\"https:\/\/netbakis.net\/wp-content\/uploads\/2021\/07\/kuzey-kibris-ta-11-adayli-cumhurbaskanligi-yarisi-788328-5.jpg\",\"contentUrl\":\"https:\/\/netbakis.net\/wp-content\/uploads\/2021\/07\/kuzey-kibris-ta-11-adayli-cumhurbaskanligi-yarisi-788328-5.jpg\",\"width\":720,\"height\":400,\"caption\":\"Cumhurba\u015fkanl\u0131\u011f\u0131\"},{\"@type\":\"BreadcrumbList\",\"@id\":\"https:\/\/netbakis.net\/7917\/#breadcrumb\",\"itemListElement\":[{\"@type\":\"ListItem\",\"position\":1,\"name\":\"Home\",\"item\":\"https:\/\/netbakis.net\/\"},{\"@type\":\"ListItem\",\"position\":2,\"name\":\"Cumhurba\u015fkanl\u0131\u011f\u0131: K\u0131br\u0131s&#8217;ta fiili olarak iki egemen Devlet mevcuttur\"}]},{\"@type\":\"WebSite\",\"@id\":\"https:\/\/netbakis.net\/#website\",\"url\":\"https:\/\/netbakis.net\/\",\"name\":\"NETBAKIS\",\"description\":\"SON DAKIKA\",\"potentialAction\":[{\"@type\":\"SearchAction\",\"target\":{\"@type\":\"EntryPoint\",\"urlTemplate\":\"https:\/\/netbakis.net\/?s={search_term_string}\"},\"query-input\":{\"@type\":\"PropertyValueSpecification\",\"valueRequired\":true,\"valueName\":\"search_term_string\"}}],\"inLanguage\":\"tr\"},{\"@type\":\"Person\",\"@id\":\"https:\/\/netbakis.net\/#\/schema\/person\/5d9b5c3f48ca4a3c69967d619fc8c7f4\",\"name\":\"netbakis.net\",\"image\":{\"@type\":\"ImageObject\",\"inLanguage\":\"tr\",\"@id\":\"https:\/\/netbakis.net\/#\/schema\/person\/image\/\",\"url\":\"https:\/\/secure.gravatar.com\/avatar\/4ddeae49d2d3e3568a8d5b0937642efdf0b72468dbe3f213bc1978faa47af0d1?s=96&d=wp_user_avatar&r=g\",\"contentUrl\":\"https:\/\/secure.gravatar.com\/avatar\/4ddeae49d2d3e3568a8d5b0937642efdf0b72468dbe3f213bc1978faa47af0d1?s=96&d=wp_user_avatar&r=g\",\"caption\":\"netbakis.net\"},\"sameAs\":[\"https:\/\/netbakis.net\"],\"url\":\"https:\/\/netbakis.net\/tr\/author\/netbakis-net\/\"}]}<\/script>\n<!-- \/ Yoast SEO plugin. -->","yoast_head_json":{"title":"Cumhurba\u015fkanl\u0131\u011f\u0131: K\u0131br\u0131s'ta fiili olarak iki egemen Devlet mevcuttur - NETBAKIS","robots":{"index":"index","follow":"follow","max-snippet":"max-snippet:-1","max-image-preview":"max-image-preview:large","max-video-preview":"max-video-preview:-1"},"canonical":"https:\/\/netbakis.net\/tr\/7917\/","og_locale":"tr_TR","og_type":"article","og_title":"Cumhurba\u015fkanl\u0131\u011f\u0131: K\u0131br\u0131s'ta fiili olarak iki egemen Devlet mevcuttur - NETBAKIS","og_description":"Avrupa Komisyonu S\u00f6zc\u00fcs\u00fc Peter Stano\u2019ya Cumhurba\u015fkal\u0131\u011f\u0131 yan\u0131t verdi. Cumhurba\u015fkal\u0131\u011f\u0131\u2019ndan yap\u0131lan a\u00e7\u0131klama \u015f\u00f6yle: Avrupa Komisyonu S\u00f6zc\u00fcs\u00fc Peter Stano&#8217;nun Cumhurba\u015fkan\u0131m\u0131z Ersin Tatar&#8217;\u0131n s\u00f6zde &#8220;K\u0131br\u0131s h\u00fck\u00fcmetinin&#8221; kontrol\u00fc d\u0131\u015f\u0131ndaki topraklar\u0131ndaki bir &#8220;Toplumun&#8221; lideri olarak g\u00f6r\u00fc\u015fmeler yapma hakk\u0131 oldu\u011funa, ancak &#8220;K\u0131br\u0131s&#8221;\u0131n uluslararas\u0131 ili\u015fkilerini s\u00f6zde &#8220;K\u0131br\u0131s Cumhuriyeti D\u0131\u015fi\u015fleri Bakanl\u0131\u011f\u0131n\u0131n&#8221; y\u00fcr\u00fctt\u00fc\u011f\u00fcne dair as\u0131ls\u0131z iddias\u0131n\u0131 esefle k\u0131nar ve reddederiz. Her \u015feyden \u00f6nce K\u0131br\u0131s [&hellip;]","og_url":"https:\/\/netbakis.net\/tr\/7917\/","og_site_name":"NETBAKIS","article_published_time":"2022-08-13T06:21:20+00:00","article_modified_time":"2022-08-13T06:21:25+00:00","og_image":[{"width":720,"height":400,"url":"https:\/\/netbakis.net\/wp-content\/uploads\/2021\/07\/kuzey-kibris-ta-11-adayli-cumhurbaskanligi-yarisi-788328-5.jpg","type":"image\/jpeg"}],"author":"netbakis.net","twitter_card":"summary_large_image","twitter_misc":{"Yazan:":"netbakis.net","Tahmini okuma s\u00fcresi":"2 dakika"},"schema":{"@context":"https:\/\/schema.org","@graph":[{"@type":"WebPage","@id":"https:\/\/netbakis.net\/7917\/","url":"https:\/\/netbakis.net\/7917\/","name":"Cumhurba\u015fkanl\u0131\u011f\u0131: K\u0131br\u0131s'ta fiili olarak iki egemen Devlet mevcuttur - NETBAKIS","isPartOf":{"@id":"https:\/\/netbakis.net\/#website"},"primaryImageOfPage":{"@id":"https:\/\/netbakis.net\/7917\/#primaryimage"},"image":{"@id":"https:\/\/netbakis.net\/7917\/#primaryimage"},"thumbnailUrl":"https:\/\/netbakis.net\/wp-content\/uploads\/2021\/07\/kuzey-kibris-ta-11-adayli-cumhurbaskanligi-yarisi-788328-5.jpg","datePublished":"2022-08-13T06:21:20+00:00","dateModified":"2022-08-13T06:21:25+00:00","author":{"@id":"https:\/\/netbakis.net\/#\/schema\/person\/5d9b5c3f48ca4a3c69967d619fc8c7f4"},"breadcrumb":{"@id":"https:\/\/netbakis.net\/7917\/#breadcrumb"},"inLanguage":"tr","potentialAction":[{"@type":"ReadAction","target":["https:\/\/netbakis.net\/7917\/"]}]},{"@type":"ImageObject","inLanguage":"tr","@id":"https:\/\/netbakis.net\/7917\/#primaryimage","url":"https:\/\/netbakis.net\/wp-content\/uploads\/2021\/07\/kuzey-kibris-ta-11-adayli-cumhurbaskanligi-yarisi-788328-5.jpg","contentUrl":"https:\/\/netbakis.net\/wp-content\/uploads\/2021\/07\/kuzey-kibris-ta-11-adayli-cumhurbaskanligi-yarisi-788328-5.jpg","width":720,"height":400,"caption":"Cumhurba\u015fkanl\u0131\u011f\u0131"},{"@type":"BreadcrumbList","@id":"https:\/\/netbakis.net\/7917\/#breadcrumb","itemListElement":[{"@type":"ListItem","position":1,"name":"Home","item":"https:\/\/netbakis.net\/"},{"@type":"ListItem","position":2,"name":"Cumhurba\u015fkanl\u0131\u011f\u0131: K\u0131br\u0131s&#8217;ta fiili olarak iki egemen Devlet mevcuttur"}]},{"@type":"WebSite","@id":"https:\/\/netbakis.net\/#website","url":"https:\/\/netbakis.net\/","name":"NETBAKIS","description":"SON DAKIKA","potentialAction":[{"@type":"SearchAction","target":{"@type":"EntryPoint","urlTemplate":"https:\/\/netbakis.net\/?s={search_term_string}"},"query-input":{"@type":"PropertyValueSpecification","valueRequired":true,"valueName":"search_term_string"}}],"inLanguage":"tr"},{"@type":"Person","@id":"https:\/\/netbakis.net\/#\/schema\/person\/5d9b5c3f48ca4a3c69967d619fc8c7f4","name":"netbakis.net","image":{"@type":"ImageObject","inLanguage":"tr","@id":"https:\/\/netbakis.net\/#\/schema\/person\/image\/","url":"https:\/\/secure.gravatar.com\/avatar\/4ddeae49d2d3e3568a8d5b0937642efdf0b72468dbe3f213bc1978faa47af0d1?s=96&d=wp_user_avatar&r=g","contentUrl":"https:\/\/secure.gravatar.com\/avatar\/4ddeae49d2d3e3568a8d5b0937642efdf0b72468dbe3f213bc1978faa47af0d1?s=96&d=wp_user_avatar&r=g","caption":"netbakis.net"},"sameAs":["https:\/\/netbakis.net"],"url":"https:\/\/netbakis.net\/tr\/author\/netbakis-net\/"}]}},"jetpack_publicize_connections":[],"_links":{"self":[{"href":"https:\/\/netbakis.net\/tr\/wp-json\/wp\/v2\/posts\/7917","targetHints":{"allow":["GET"]}}],"collection":[{"href":"https:\/\/netbakis.net\/tr\/wp-json\/wp\/v2\/posts"}],"about":[{"href":"https:\/\/netbakis.net\/tr\/wp-json\/wp\/v2\/types\/post"}],"author":[{"embeddable":true,"href":"https:\/\/netbakis.net\/tr\/wp-json\/wp\/v2\/users\/1"}],"replies":[{"embeddable":true,"href":"https:\/\/netbakis.net\/tr\/wp-json\/wp\/v2\/comments?post=7917"}],"version-history":[{"count":1,"href":"https:\/\/netbakis.net\/tr\/wp-json\/wp\/v2\/posts\/7917\/revisions"}],"predecessor-version":[{"id":7918,"href":"https:\/\/netbakis.net\/tr\/wp-json\/wp\/v2\/posts\/7917\/revisions\/7918"}],"wp:featuredmedia":[{"embeddable":true,"href":"https:\/\/netbakis.net\/tr\/wp-json\/wp\/v2\/media\/6639"}],"wp:attachment":[{"href":"https:\/\/netbakis.net\/tr\/wp-json\/wp\/v2\/media?parent=7917"}],"wp:term":[{"taxonomy":"category","embeddable":true,"href":"https:\/\/netbakis.net\/tr\/wp-json\/wp\/v2\/categories?post=7917"},{"taxonomy":"post_tag","embeddable":true,"href":"https:\/\/netbakis.net\/tr\/wp-json\/wp\/v2\/tags?post=7917"}],"curies":[{"name":"wp","href":"https:\/\/api.w.org\/{rel}","templated":true}]}}