{"id":7888,"date":"2022-08-12T09:08:46","date_gmt":"2022-08-12T09:08:46","guid":{"rendered":"https:\/\/netbakis.net\/?p=7888"},"modified":"2022-08-12T09:08:48","modified_gmt":"2022-08-12T09:08:48","slug":"tacoy-olumlu-is-kazasi-ile-ilgili-gerekli-inceleme-baslatildi","status":"publish","type":"post","link":"https:\/\/netbakis.net\/tr\/7888\/","title":{"rendered":"Ta\u00e7oy: \u00d6l\u00fcml\u00fc i\u015f kazas\u0131 ile ilgili gerekli inceleme ba\u015flat\u0131ld\u0131"},"content":{"rendered":"<p>Ta\u00e7oy, \u0130skele\u2019de meydana gelen \u00f6l\u00fcml\u00fc i\u015f kazas\u0131 ile ilgili a\u00e7\u0131klama yapt\u0131.<\/p>\n\n\n\n<p>\u00c7al\u0131\u015fma ve Sosyal G\u00fcvenlik Bakan\u0131 Hasan Ta\u00e7oy, \u0130skele\u2019de d\u00fcn meydana gelen \u00f6l\u00fcml\u00fc i\u015f kazas\u0131 ile ilgili gerekli inceleme ve ara\u015ft\u0131rman\u0131n ba\u015flat\u0131ld\u0131\u011f\u0131n\u0131 belirterek, hayat\u0131n\u0131 kaybeden D\u00fcndar Arda\u2019ya Allah\u2019tan rahmet, yasl\u0131 ailesine ba\u015f sa\u011fl\u0131\u011f\u0131 ve sab\u0131r diledi.<\/p>\n\n\n\n<p>\u00c7al\u0131\u015fma ve Sosyal G\u00fcvenlik Bakan\u0131 Hasan Ta\u00e7oy \u0130skele\u2019de meydana gelen \u00f6l\u00fcml\u00fc i\u015f kazas\u0131 ile ilgili a\u00e7\u0131klama yapt\u0131.<\/p>\n\n\n\n<p>Bakan Ta\u00e7oy\u2019un a\u00e7\u0131klamas\u0131 \u015f\u00f6yle:<\/p>\n\n\n\n<p>\u201c\u0130skele&#8217;de 49 ya\u015f\u0131ndaki D\u00fcndar Arda\u2019n\u0131n in\u015faattan d\u00fc\u015ferek hayat\u0131n\u0131 kaybetmesini b\u00fcy\u00fck bir \u00fcz\u00fcnt\u00fc ile \u00f6\u011frendik. Kaza ile ilgili \u00c7al\u0131\u015fma ve Sosyal G\u00fcvenlik Bakanl\u0131\u011f\u0131 da gerekli inceleme ve ara\u015ft\u0131rmalar\u0131 ba\u015flatm\u0131\u015ft\u0131r. \u00c7al\u0131\u015fma ve Sosyal G\u00fcvenlik Bakanl\u0131\u011f\u0131\u2019n\u0131n son derece hassasiyet g\u00f6sterdi\u011fi i\u015f sa\u011fl\u0131\u011f\u0131 ve g\u00fcvenli\u011fi noktas\u0131nda denetimlerini daha da art\u0131rd\u0131\u011f\u0131 bug\u00fcnlerde b\u00f6ylesi bir kazan\u0131n ya\u015fanmas\u0131 bizleri derinden \u00fczm\u00fc\u015ft\u00fcr. D\u00fcndar Arda\u2019ya Allah\u2019tan rahmet yasl\u0131 ailesine ba\u015fsa\u011fl\u0131\u011f\u0131 ve sab\u0131rlar dilerim.\u201d<\/p>","protected":false},"excerpt":{"rendered":"<p>Ta\u00e7oy, \u0130skele\u2019de meydana gelen \u00f6l\u00fcml\u00fc i\u015f kazas\u0131 ile ilgili a\u00e7\u0131klama yapt\u0131. \u00c7al\u0131\u015fma ve Sosyal G\u00fcvenlik Bakan\u0131 Hasan Ta\u00e7oy, \u0130skele\u2019de d\u00fcn meydana gelen \u00f6l\u00fcml\u00fc i\u015f kazas\u0131 ile ilgili gerekli inceleme ve ara\u015ft\u0131rman\u0131n ba\u015flat\u0131ld\u0131\u011f\u0131n\u0131 belirterek, hayat\u0131n\u0131 kaybeden D\u00fcndar Arda\u2019ya Allah\u2019tan rahmet, yasl\u0131 ailesine ba\u015f sa\u011fl\u0131\u011f\u0131 ve sab\u0131r diledi. \u00c7al\u0131\u015fma ve Sosyal G\u00fcvenlik Bakan\u0131 Hasan Ta\u00e7oy \u0130skele\u2019de meydana [&hellip;]<\/p>","protected":false},"author":1,"featured_media":7252,"comment_status":"open","ping_status":"open","sticky":false,"template":"","format":"standard","meta":{"om_disable_all_campaigns":false,"_monsterinsights_skip_tracking":false,"_monsterinsights_sitenote_active":false,"_monsterinsights_sitenote_note":"","_monsterinsights_sitenote_category":0,"_uf_show_specific_survey":0,"_uf_disable_surveys":false,"footnotes":"","jetpack_publicize_message":"","jetpack_publicize_feature_enabled":true,"jetpack_social_post_already_shared":false,"jetpack_social_options":{"image_generator_settings":{"template":"highway","default_image_id":0,"font":"","enabled":false},"version":2}},"categories":[81],"tags":[791],"class_list":{"0":"post-7888","1":"post","2":"type-post","3":"status-publish","4":"format-standard","5":"has-post-thumbnail","7":"category-gundem","8":"tag-tacoy"},"yoast_head":"<!-- This site is optimized with the Yoast SEO plugin v23.8 - https:\/\/yoast.com\/wordpress\/plugins\/seo\/ -->\n<title>Ta\u00e7oy: \u00d6l\u00fcml\u00fc i\u015f kazas\u0131 ile ilgili gerekli inceleme ba\u015flat\u0131ld\u0131 - NETBAKIS<\/title>\n<meta name=\"robots\" content=\"index, follow, max-snippet:-1, max-image-preview:large, max-video-preview:-1\" \/>\n<link rel=\"canonical\" href=\"https:\/\/netbakis.net\/tr\/7888\/\" \/>\n<meta property=\"og:locale\" content=\"tr_TR\" \/>\n<meta property=\"og:type\" content=\"article\" \/>\n<meta property=\"og:title\" content=\"Ta\u00e7oy: \u00d6l\u00fcml\u00fc i\u015f kazas\u0131 ile ilgili gerekli inceleme ba\u015flat\u0131ld\u0131 - NETBAKIS\" \/>\n<meta property=\"og:description\" content=\"Ta\u00e7oy, \u0130skele\u2019de meydana gelen \u00f6l\u00fcml\u00fc i\u015f kazas\u0131 ile ilgili a\u00e7\u0131klama yapt\u0131. \u00c7al\u0131\u015fma ve Sosyal G\u00fcvenlik Bakan\u0131 Hasan Ta\u00e7oy, \u0130skele\u2019de d\u00fcn meydana gelen \u00f6l\u00fcml\u00fc i\u015f kazas\u0131 ile ilgili gerekli inceleme ve ara\u015ft\u0131rman\u0131n ba\u015flat\u0131ld\u0131\u011f\u0131n\u0131 belirterek, hayat\u0131n\u0131 kaybeden D\u00fcndar Arda\u2019ya Allah\u2019tan rahmet, yasl\u0131 ailesine ba\u015f sa\u011fl\u0131\u011f\u0131 ve sab\u0131r diledi. \u00c7al\u0131\u015fma ve Sosyal G\u00fcvenlik Bakan\u0131 Hasan Ta\u00e7oy \u0130skele\u2019de meydana [&hellip;]\" \/>\n<meta property=\"og:url\" content=\"https:\/\/netbakis.net\/tr\/7888\/\" \/>\n<meta property=\"og:site_name\" content=\"NETBAKIS\" \/>\n<meta property=\"article:published_time\" content=\"2022-08-12T09:08:46+00:00\" \/>\n<meta property=\"article:modified_time\" content=\"2022-08-12T09:08:48+00:00\" \/>\n<meta property=\"og:image\" content=\"https:\/\/netbakis.net\/wp-content\/uploads\/2022\/07\/nnasdbhge-1.webp\" \/>\n\t<meta property=\"og:image:width\" content=\"630\" \/>\n\t<meta property=\"og:image:height\" content=\"315\" \/>\n\t<meta property=\"og:image:type\" content=\"image\/webp\" \/>\n<meta name=\"author\" content=\"netbakis.net\" \/>\n<meta name=\"twitter:card\" content=\"summary_large_image\" \/>\n<meta name=\"twitter:label1\" content=\"Yazan:\" \/>\n\t<meta name=\"twitter:data1\" content=\"netbakis.net\" \/>\n\t<meta name=\"twitter:label2\" content=\"Tahmini okuma s\u00fcresi\" \/>\n\t<meta name=\"twitter:data2\" content=\"1 dakika\" \/>\n<script type=\"application\/ld+json\" class=\"yoast-schema-graph\">{\"@context\":\"https:\/\/schema.org\",\"@graph\":[{\"@type\":\"WebPage\",\"@id\":\"https:\/\/netbakis.net\/7888\/\",\"url\":\"https:\/\/netbakis.net\/7888\/\",\"name\":\"Ta\u00e7oy: \u00d6l\u00fcml\u00fc i\u015f kazas\u0131 ile ilgili gerekli inceleme ba\u015flat\u0131ld\u0131 - NETBAKIS\",\"isPartOf\":{\"@id\":\"https:\/\/netbakis.net\/#website\"},\"primaryImageOfPage\":{\"@id\":\"https:\/\/netbakis.net\/7888\/#primaryimage\"},\"image\":{\"@id\":\"https:\/\/netbakis.net\/7888\/#primaryimage\"},\"thumbnailUrl\":\"https:\/\/netbakis.net\/wp-content\/uploads\/2022\/07\/nnasdbhge-1.webp\",\"datePublished\":\"2022-08-12T09:08:46+00:00\",\"dateModified\":\"2022-08-12T09:08:48+00:00\",\"author\":{\"@id\":\"https:\/\/netbakis.net\/#\/schema\/person\/5d9b5c3f48ca4a3c69967d619fc8c7f4\"},\"breadcrumb\":{\"@id\":\"https:\/\/netbakis.net\/7888\/#breadcrumb\"},\"inLanguage\":\"tr\",\"potentialAction\":[{\"@type\":\"ReadAction\",\"target\":[\"https:\/\/netbakis.net\/7888\/\"]}]},{\"@type\":\"ImageObject\",\"inLanguage\":\"tr\",\"@id\":\"https:\/\/netbakis.net\/7888\/#primaryimage\",\"url\":\"https:\/\/netbakis.net\/wp-content\/uploads\/2022\/07\/nnasdbhge-1.webp\",\"contentUrl\":\"https:\/\/netbakis.net\/wp-content\/uploads\/2022\/07\/nnasdbhge-1.webp\",\"width\":630,\"height\":315,\"caption\":\"Hasan Ta\u00e7oy\"},{\"@type\":\"BreadcrumbList\",\"@id\":\"https:\/\/netbakis.net\/7888\/#breadcrumb\",\"itemListElement\":[{\"@type\":\"ListItem\",\"position\":1,\"name\":\"Home\",\"item\":\"https:\/\/netbakis.net\/\"},{\"@type\":\"ListItem\",\"position\":2,\"name\":\"Ta\u00e7oy: \u00d6l\u00fcml\u00fc i\u015f kazas\u0131 ile ilgili gerekli inceleme ba\u015flat\u0131ld\u0131\"}]},{\"@type\":\"WebSite\",\"@id\":\"https:\/\/netbakis.net\/#website\",\"url\":\"https:\/\/netbakis.net\/\",\"name\":\"NETBAKIS\",\"description\":\"SON DAKIKA\",\"potentialAction\":[{\"@type\":\"SearchAction\",\"target\":{\"@type\":\"EntryPoint\",\"urlTemplate\":\"https:\/\/netbakis.net\/?s={search_term_string}\"},\"query-input\":{\"@type\":\"PropertyValueSpecification\",\"valueRequired\":true,\"valueName\":\"search_term_string\"}}],\"inLanguage\":\"tr\"},{\"@type\":\"Person\",\"@id\":\"https:\/\/netbakis.net\/#\/schema\/person\/5d9b5c3f48ca4a3c69967d619fc8c7f4\",\"name\":\"netbakis.net\",\"image\":{\"@type\":\"ImageObject\",\"inLanguage\":\"tr\",\"@id\":\"https:\/\/netbakis.net\/#\/schema\/person\/image\/\",\"url\":\"https:\/\/secure.gravatar.com\/avatar\/4ddeae49d2d3e3568a8d5b0937642efdf0b72468dbe3f213bc1978faa47af0d1?s=96&d=wp_user_avatar&r=g\",\"contentUrl\":\"https:\/\/secure.gravatar.com\/avatar\/4ddeae49d2d3e3568a8d5b0937642efdf0b72468dbe3f213bc1978faa47af0d1?s=96&d=wp_user_avatar&r=g\",\"caption\":\"netbakis.net\"},\"sameAs\":[\"https:\/\/netbakis.net\"],\"url\":\"https:\/\/netbakis.net\/tr\/author\/netbakis-net\/\"}]}<\/script>\n<!-- \/ Yoast SEO plugin. -->","yoast_head_json":{"title":"Ta\u00e7oy: \u00d6l\u00fcml\u00fc i\u015f kazas\u0131 ile ilgili gerekli inceleme ba\u015flat\u0131ld\u0131 - NETBAKIS","robots":{"index":"index","follow":"follow","max-snippet":"max-snippet:-1","max-image-preview":"max-image-preview:large","max-video-preview":"max-video-preview:-1"},"canonical":"https:\/\/netbakis.net\/tr\/7888\/","og_locale":"tr_TR","og_type":"article","og_title":"Ta\u00e7oy: \u00d6l\u00fcml\u00fc i\u015f kazas\u0131 ile ilgili gerekli inceleme ba\u015flat\u0131ld\u0131 - NETBAKIS","og_description":"Ta\u00e7oy, \u0130skele\u2019de meydana gelen \u00f6l\u00fcml\u00fc i\u015f kazas\u0131 ile ilgili a\u00e7\u0131klama yapt\u0131. \u00c7al\u0131\u015fma ve Sosyal G\u00fcvenlik Bakan\u0131 Hasan Ta\u00e7oy, \u0130skele\u2019de d\u00fcn meydana gelen \u00f6l\u00fcml\u00fc i\u015f kazas\u0131 ile ilgili gerekli inceleme ve ara\u015ft\u0131rman\u0131n ba\u015flat\u0131ld\u0131\u011f\u0131n\u0131 belirterek, hayat\u0131n\u0131 kaybeden D\u00fcndar Arda\u2019ya Allah\u2019tan rahmet, yasl\u0131 ailesine ba\u015f sa\u011fl\u0131\u011f\u0131 ve sab\u0131r diledi. \u00c7al\u0131\u015fma ve Sosyal G\u00fcvenlik Bakan\u0131 Hasan Ta\u00e7oy \u0130skele\u2019de meydana [&hellip;]","og_url":"https:\/\/netbakis.net\/tr\/7888\/","og_site_name":"NETBAKIS","article_published_time":"2022-08-12T09:08:46+00:00","article_modified_time":"2022-08-12T09:08:48+00:00","og_image":[{"width":630,"height":315,"url":"https:\/\/netbakis.net\/wp-content\/uploads\/2022\/07\/nnasdbhge-1.webp","type":"image\/webp"}],"author":"netbakis.net","twitter_card":"summary_large_image","twitter_misc":{"Yazan:":"netbakis.net","Tahmini okuma s\u00fcresi":"1 dakika"},"schema":{"@context":"https:\/\/schema.org","@graph":[{"@type":"WebPage","@id":"https:\/\/netbakis.net\/7888\/","url":"https:\/\/netbakis.net\/7888\/","name":"Ta\u00e7oy: \u00d6l\u00fcml\u00fc i\u015f kazas\u0131 ile ilgili gerekli inceleme ba\u015flat\u0131ld\u0131 - NETBAKIS","isPartOf":{"@id":"https:\/\/netbakis.net\/#website"},"primaryImageOfPage":{"@id":"https:\/\/netbakis.net\/7888\/#primaryimage"},"image":{"@id":"https:\/\/netbakis.net\/7888\/#primaryimage"},"thumbnailUrl":"https:\/\/netbakis.net\/wp-content\/uploads\/2022\/07\/nnasdbhge-1.webp","datePublished":"2022-08-12T09:08:46+00:00","dateModified":"2022-08-12T09:08:48+00:00","author":{"@id":"https:\/\/netbakis.net\/#\/schema\/person\/5d9b5c3f48ca4a3c69967d619fc8c7f4"},"breadcrumb":{"@id":"https:\/\/netbakis.net\/7888\/#breadcrumb"},"inLanguage":"tr","potentialAction":[{"@type":"ReadAction","target":["https:\/\/netbakis.net\/7888\/"]}]},{"@type":"ImageObject","inLanguage":"tr","@id":"https:\/\/netbakis.net\/7888\/#primaryimage","url":"https:\/\/netbakis.net\/wp-content\/uploads\/2022\/07\/nnasdbhge-1.webp","contentUrl":"https:\/\/netbakis.net\/wp-content\/uploads\/2022\/07\/nnasdbhge-1.webp","width":630,"height":315,"caption":"Hasan Ta\u00e7oy"},{"@type":"BreadcrumbList","@id":"https:\/\/netbakis.net\/7888\/#breadcrumb","itemListElement":[{"@type":"ListItem","position":1,"name":"Home","item":"https:\/\/netbakis.net\/"},{"@type":"ListItem","position":2,"name":"Ta\u00e7oy: \u00d6l\u00fcml\u00fc i\u015f kazas\u0131 ile ilgili gerekli inceleme ba\u015flat\u0131ld\u0131"}]},{"@type":"WebSite","@id":"https:\/\/netbakis.net\/#website","url":"https:\/\/netbakis.net\/","name":"NETBAKIS","description":"SON DAKIKA","potentialAction":[{"@type":"SearchAction","target":{"@type":"EntryPoint","urlTemplate":"https:\/\/netbakis.net\/?s={search_term_string}"},"query-input":{"@type":"PropertyValueSpecification","valueRequired":true,"valueName":"search_term_string"}}],"inLanguage":"tr"},{"@type":"Person","@id":"https:\/\/netbakis.net\/#\/schema\/person\/5d9b5c3f48ca4a3c69967d619fc8c7f4","name":"netbakis.net","image":{"@type":"ImageObject","inLanguage":"tr","@id":"https:\/\/netbakis.net\/#\/schema\/person\/image\/","url":"https:\/\/secure.gravatar.com\/avatar\/4ddeae49d2d3e3568a8d5b0937642efdf0b72468dbe3f213bc1978faa47af0d1?s=96&d=wp_user_avatar&r=g","contentUrl":"https:\/\/secure.gravatar.com\/avatar\/4ddeae49d2d3e3568a8d5b0937642efdf0b72468dbe3f213bc1978faa47af0d1?s=96&d=wp_user_avatar&r=g","caption":"netbakis.net"},"sameAs":["https:\/\/netbakis.net"],"url":"https:\/\/netbakis.net\/tr\/author\/netbakis-net\/"}]}},"jetpack_publicize_connections":[],"_links":{"self":[{"href":"https:\/\/netbakis.net\/tr\/wp-json\/wp\/v2\/posts\/7888","targetHints":{"allow":["GET"]}}],"collection":[{"href":"https:\/\/netbakis.net\/tr\/wp-json\/wp\/v2\/posts"}],"about":[{"href":"https:\/\/netbakis.net\/tr\/wp-json\/wp\/v2\/types\/post"}],"author":[{"embeddable":true,"href":"https:\/\/netbakis.net\/tr\/wp-json\/wp\/v2\/users\/1"}],"replies":[{"embeddable":true,"href":"https:\/\/netbakis.net\/tr\/wp-json\/wp\/v2\/comments?post=7888"}],"version-history":[{"count":1,"href":"https:\/\/netbakis.net\/tr\/wp-json\/wp\/v2\/posts\/7888\/revisions"}],"predecessor-version":[{"id":7889,"href":"https:\/\/netbakis.net\/tr\/wp-json\/wp\/v2\/posts\/7888\/revisions\/7889"}],"wp:featuredmedia":[{"embeddable":true,"href":"https:\/\/netbakis.net\/tr\/wp-json\/wp\/v2\/media\/7252"}],"wp:attachment":[{"href":"https:\/\/netbakis.net\/tr\/wp-json\/wp\/v2\/media?parent=7888"}],"wp:term":[{"taxonomy":"category","embeddable":true,"href":"https:\/\/netbakis.net\/tr\/wp-json\/wp\/v2\/categories?post=7888"},{"taxonomy":"post_tag","embeddable":true,"href":"https:\/\/netbakis.net\/tr\/wp-json\/wp\/v2\/tags?post=7888"}],"curies":[{"name":"wp","href":"https:\/\/api.w.org\/{rel}","templated":true}]}}