{"id":7811,"date":"2022-08-09T07:03:18","date_gmt":"2022-08-09T07:03:18","guid":{"rendered":"https:\/\/netbakis.net\/?p=7811"},"modified":"2022-08-09T07:03:19","modified_gmt":"2022-08-09T07:03:19","slug":"kubada-petrol-tesislerindeki-patlamalarda-yarali-sayisi-125e-yukseldi","status":"publish","type":"post","link":"https:\/\/netbakis.net\/tr\/7811\/","title":{"rendered":"K\u00fcba&#8217;da petrol tesislerindeki patlamalarda yaral\u0131 say\u0131s\u0131 125&#8217;e y\u00fckseldi"},"content":{"rendered":"<p>K\u00fcba&#8217;n\u0131n Matanzas Liman\u0131&#8217;ndaki tanker \u00fcss\u00fcnde 5 A\u011fustos&#8217;ta meydana gelen ve 1 ki\u015finin \u00f6ld\u00fc\u011f\u00fc patlamalarda yaral\u0131lar\u0131n say\u0131s\u0131 4 ki\u015fi artarak 125&#8217;e y\u00fckseldi.<\/p>\n\n\n\n<p>\u00dclkenin kuzeyindeki &#8220;Matanzas S\u00fcper Tanker \u00dcss\u00fc&#8221; olarak bilinen ham petrol depolama tesislerinde ya\u015fan\u0131lan patlamalar\u0131n ard\u0131ndan yang\u0131n halen kontrol alt\u0131na al\u0131namad\u0131.<br><br>\u015eu ana kadar patlama ve yang\u0131nlarda, 1 ki\u015fi \u00f6ld\u00fc, yaral\u0131lar\u0131n say\u0131s\u0131 da 4 ki\u015fi artarak 125&#8217;e \u00e7\u0131kt\u0131.<br>Yetkililer, 17 olarak a\u00e7\u0131klad\u0131\u011f\u0131 kay\u0131p itfaiyeci say\u0131s\u0131n\u0131 ise 14 olarak g\u00fcncelledi.<br><br><strong>&#8221;Y\u00dcKSEK SICAKLIKLAR \u00c7ALI\u015eMAYI \u00c7OK ZORLA\u015eTIRIYOR&#8221;<\/strong><br><br>\u00dclkede en b\u00fcy\u00fck end\u00fcstriyel felaket olarak kabul edilen patlamalarda, b\u00f6lgeden tahliye edilenlerin say\u0131s\u0131n\u0131n 4 bini ge\u00e7ti\u011fi belirtildi.<\/p>\n\n\n\n<p>K\u00fcba Ulusal \u0130tfaiye Daire Ba\u015fkan\u0131 Avalos Jorge, d\u00fczenledi\u011fi bas\u0131n toplant\u0131s\u0131nda, yang\u0131n\u0131n g\u00fcnlerce s\u00fcrebilece\u011fini belirterek, &#8220;Y\u00fcksek s\u0131cakl\u0131klar \u00e7al\u0131\u015fmay\u0131 \u00e7ok zorla\u015ft\u0131r\u0131yor, patlamalar zincirleme bir reaksiyona d\u00f6n\u00fc\u015ft\u00fc ve telafisi imkans\u0131z hale geldi&#8221; ifadesini kulland\u0131.<br><br>B\u00f6lgede toplamda 8 tank\u0131n oldu\u011funu kaydeden Jorge, 4 tank\u0131n halen yand\u0131\u011f\u0131n\u0131 ve yang\u0131n\u0131n di\u011fer tanklara s\u0131\u00e7rama tehlikesinin ise devam etti\u011fini s\u00f6yledi.<br><br><strong>VENEZUELA VE MEKS\u0130KA EK\u0130P DESTE\u011e\u0130<\/strong><br><br>Meksika ve Venezuela uzman ekiplerini, yang\u0131n\u0131n kontrol alt\u0131na al\u0131nmas\u0131 i\u00e7in uluslararas\u0131 i\u015f birli\u011fi \u00e7a\u011fr\u0131s\u0131nda bulunan K\u00fcba&#8217;ya g\u00f6nderdi.<br><br>K\u00fcba&#8217;da elektri\u011fin kar\u015f\u0131lanmas\u0131nda b\u00fcy\u00fck \u00f6nemi olan Matanza Liman\u0131&#8217;n\u0131n devre d\u0131\u015f\u0131 kalmas\u0131 nedeniyle \u00fclkenin y\u00fczde 60&#8217;\u0131na ancak elektrik verilebiliyor.<\/p>\n\n\n\n<p>Yetkililer, y\u0131ld\u0131r\u0131m isabet etmesi nedeniyle limanda bulunan yak\u0131t depolama tanklar\u0131nda yang\u0131n \u00e7\u0131kt\u0131\u011f\u0131n\u0131 belirtmi\u015f, ilk belirlemelere g\u00f6re 77 ki\u015finin yaraland\u0131\u011f\u0131n\u0131, 17 itfaiyecinin ise kay\u0131p oldu\u011funu bildirmi\u015fti.<br><br><strong>DEVLET BA\u015eKANI B\u00d6LGEYE G\u0130TM\u0130\u015eT\u0130<\/strong><br><br>K\u00fcba Devlet Ba\u015fkan\u0131 Miguel Diaz Canel ile Ba\u015fbakan Manuel Marrero&#8217;nun, Matanzas Liman\u0131&#8217;na giderek yang\u0131na ili\u015fkin bilgi ald\u0131\u011f\u0131 ve hastanedeki yaral\u0131lar\u0131 ziyaret etti\u011fi bildirilmi\u015fti.<\/p>\n\n\n\n<p><br>Liman&#8217;daki patlaman\u0131n, 5 A\u011fustos gece 23.00&#8217;te bir tankerde meydana geldi\u011fi ve alevlerin saatler sonra 3 tankere daha s\u0131\u00e7rad\u0131\u011f\u0131 iddia ediliyor.<br><br>Matanzas Liman\u0131; petrol kuyular\u0131, rafinerileri, dev tanker ekipmanlar\u0131 ve termik santralleriyle \u00fclkenin en b\u00fcy\u00fck sanayi ve ticaret liman\u0131 olarak biliniyor.<\/p>","protected":false},"excerpt":{"rendered":"<p>K\u00fcba&#8217;n\u0131n Matanzas Liman\u0131&#8217;ndaki tanker \u00fcss\u00fcnde 5 A\u011fustos&#8217;ta meydana gelen ve 1 ki\u015finin \u00f6ld\u00fc\u011f\u00fc patlamalarda yaral\u0131lar\u0131n say\u0131s\u0131 4 ki\u015fi artarak 125&#8217;e y\u00fckseldi. \u00dclkenin kuzeyindeki &#8220;Matanzas S\u00fcper Tanker \u00dcss\u00fc&#8221; olarak bilinen ham petrol depolama tesislerinde ya\u015fan\u0131lan patlamalar\u0131n ard\u0131ndan yang\u0131n halen kontrol alt\u0131na al\u0131namad\u0131. \u015eu ana kadar patlama ve yang\u0131nlarda, 1 ki\u015fi \u00f6ld\u00fc, yaral\u0131lar\u0131n say\u0131s\u0131 da 4 ki\u015fi [&hellip;]<\/p>","protected":false},"author":1,"featured_media":7812,"comment_status":"open","ping_status":"open","sticky":false,"template":"","format":"standard","meta":{"om_disable_all_campaigns":false,"_monsterinsights_skip_tracking":false,"_monsterinsights_sitenote_active":false,"_monsterinsights_sitenote_note":"","_monsterinsights_sitenote_category":0,"_uf_show_specific_survey":0,"_uf_disable_surveys":false,"footnotes":"","jetpack_publicize_message":"","jetpack_publicize_feature_enabled":true,"jetpack_social_post_already_shared":false,"jetpack_social_options":{"image_generator_settings":{"template":"highway","default_image_id":0,"font":"","enabled":false},"version":2}},"categories":[85],"tags":[787],"class_list":{"0":"post-7811","1":"post","2":"type-post","3":"status-publish","4":"format-standard","5":"has-post-thumbnail","7":"category-dunya","8":"tag-kubada-petrol-tesislerindeki-patlamalarda-yarali-sayisi-125e-yukseldi"},"yoast_head":"<!-- This site is optimized with the Yoast SEO plugin v23.8 - https:\/\/yoast.com\/wordpress\/plugins\/seo\/ -->\n<title>K\u00fcba&#039;da petrol tesislerindeki patlamalarda yaral\u0131 say\u0131s\u0131 125&#039;e y\u00fckseldi - NETBAKIS<\/title>\n<meta name=\"robots\" content=\"index, follow, max-snippet:-1, max-image-preview:large, max-video-preview:-1\" \/>\n<link rel=\"canonical\" href=\"https:\/\/netbakis.net\/tr\/7811\/\" \/>\n<meta property=\"og:locale\" content=\"tr_TR\" \/>\n<meta property=\"og:type\" content=\"article\" \/>\n<meta property=\"og:title\" content=\"K\u00fcba&#039;da petrol tesislerindeki patlamalarda yaral\u0131 say\u0131s\u0131 125&#039;e y\u00fckseldi - NETBAKIS\" \/>\n<meta property=\"og:description\" content=\"K\u00fcba&#8217;n\u0131n Matanzas Liman\u0131&#8217;ndaki tanker \u00fcss\u00fcnde 5 A\u011fustos&#8217;ta meydana gelen ve 1 ki\u015finin \u00f6ld\u00fc\u011f\u00fc patlamalarda yaral\u0131lar\u0131n say\u0131s\u0131 4 ki\u015fi artarak 125&#8217;e y\u00fckseldi. \u00dclkenin kuzeyindeki &#8220;Matanzas S\u00fcper Tanker \u00dcss\u00fc&#8221; olarak bilinen ham petrol depolama tesislerinde ya\u015fan\u0131lan patlamalar\u0131n ard\u0131ndan yang\u0131n halen kontrol alt\u0131na al\u0131namad\u0131. \u015eu ana kadar patlama ve yang\u0131nlarda, 1 ki\u015fi \u00f6ld\u00fc, yaral\u0131lar\u0131n say\u0131s\u0131 da 4 ki\u015fi [&hellip;]\" \/>\n<meta property=\"og:url\" content=\"https:\/\/netbakis.net\/tr\/7811\/\" \/>\n<meta property=\"og:site_name\" content=\"NETBAKIS\" \/>\n<meta property=\"article:published_time\" content=\"2022-08-09T07:03:18+00:00\" \/>\n<meta property=\"article:modified_time\" content=\"2022-08-09T07:03:19+00:00\" \/>\n<meta property=\"og:image\" content=\"https:\/\/netbakis.net\/wp-content\/uploads\/2022\/08\/kuba-matanzas-explosion-reu-1892887_2.jpg\" \/>\n\t<meta property=\"og:image:width\" content=\"640\" \/>\n\t<meta property=\"og:image:height\" content=\"360\" \/>\n\t<meta property=\"og:image:type\" content=\"image\/jpeg\" \/>\n<meta name=\"author\" content=\"netbakis.net\" \/>\n<meta name=\"twitter:card\" content=\"summary_large_image\" \/>\n<meta name=\"twitter:label1\" content=\"Yazan:\" \/>\n\t<meta name=\"twitter:data1\" content=\"netbakis.net\" \/>\n\t<meta name=\"twitter:label2\" content=\"Tahmini okuma s\u00fcresi\" \/>\n\t<meta name=\"twitter:data2\" content=\"2 dakika\" \/>\n<script type=\"application\/ld+json\" class=\"yoast-schema-graph\">{\"@context\":\"https:\/\/schema.org\",\"@graph\":[{\"@type\":\"WebPage\",\"@id\":\"https:\/\/netbakis.net\/7811\/\",\"url\":\"https:\/\/netbakis.net\/7811\/\",\"name\":\"K\u00fcba'da petrol tesislerindeki patlamalarda yaral\u0131 say\u0131s\u0131 125'e y\u00fckseldi - NETBAKIS\",\"isPartOf\":{\"@id\":\"https:\/\/netbakis.net\/#website\"},\"primaryImageOfPage\":{\"@id\":\"https:\/\/netbakis.net\/7811\/#primaryimage\"},\"image\":{\"@id\":\"https:\/\/netbakis.net\/7811\/#primaryimage\"},\"thumbnailUrl\":\"https:\/\/netbakis.net\/wp-content\/uploads\/2022\/08\/kuba-matanzas-explosion-reu-1892887_2.jpg\",\"datePublished\":\"2022-08-09T07:03:18+00:00\",\"dateModified\":\"2022-08-09T07:03:19+00:00\",\"author\":{\"@id\":\"https:\/\/netbakis.net\/#\/schema\/person\/5d9b5c3f48ca4a3c69967d619fc8c7f4\"},\"breadcrumb\":{\"@id\":\"https:\/\/netbakis.net\/7811\/#breadcrumb\"},\"inLanguage\":\"tr\",\"potentialAction\":[{\"@type\":\"ReadAction\",\"target\":[\"https:\/\/netbakis.net\/7811\/\"]}]},{\"@type\":\"ImageObject\",\"inLanguage\":\"tr\",\"@id\":\"https:\/\/netbakis.net\/7811\/#primaryimage\",\"url\":\"https:\/\/netbakis.net\/wp-content\/uploads\/2022\/08\/kuba-matanzas-explosion-reu-1892887_2.jpg\",\"contentUrl\":\"https:\/\/netbakis.net\/wp-content\/uploads\/2022\/08\/kuba-matanzas-explosion-reu-1892887_2.jpg\",\"width\":640,\"height\":360,\"caption\":\"K\u00fcba'da petrol tesislerindeki patlamalarda yaral\u0131 say\u0131s\u0131 125'e y\u00fckseldi\"},{\"@type\":\"BreadcrumbList\",\"@id\":\"https:\/\/netbakis.net\/7811\/#breadcrumb\",\"itemListElement\":[{\"@type\":\"ListItem\",\"position\":1,\"name\":\"Home\",\"item\":\"https:\/\/netbakis.net\/\"},{\"@type\":\"ListItem\",\"position\":2,\"name\":\"K\u00fcba&#8217;da petrol tesislerindeki patlamalarda yaral\u0131 say\u0131s\u0131 125&#8217;e y\u00fckseldi\"}]},{\"@type\":\"WebSite\",\"@id\":\"https:\/\/netbakis.net\/#website\",\"url\":\"https:\/\/netbakis.net\/\",\"name\":\"NETBAKIS\",\"description\":\"SON DAKIKA\",\"potentialAction\":[{\"@type\":\"SearchAction\",\"target\":{\"@type\":\"EntryPoint\",\"urlTemplate\":\"https:\/\/netbakis.net\/?s={search_term_string}\"},\"query-input\":{\"@type\":\"PropertyValueSpecification\",\"valueRequired\":true,\"valueName\":\"search_term_string\"}}],\"inLanguage\":\"tr\"},{\"@type\":\"Person\",\"@id\":\"https:\/\/netbakis.net\/#\/schema\/person\/5d9b5c3f48ca4a3c69967d619fc8c7f4\",\"name\":\"netbakis.net\",\"image\":{\"@type\":\"ImageObject\",\"inLanguage\":\"tr\",\"@id\":\"https:\/\/netbakis.net\/#\/schema\/person\/image\/\",\"url\":\"https:\/\/secure.gravatar.com\/avatar\/4ddeae49d2d3e3568a8d5b0937642efdf0b72468dbe3f213bc1978faa47af0d1?s=96&d=wp_user_avatar&r=g\",\"contentUrl\":\"https:\/\/secure.gravatar.com\/avatar\/4ddeae49d2d3e3568a8d5b0937642efdf0b72468dbe3f213bc1978faa47af0d1?s=96&d=wp_user_avatar&r=g\",\"caption\":\"netbakis.net\"},\"sameAs\":[\"https:\/\/netbakis.net\"],\"url\":\"https:\/\/netbakis.net\/tr\/author\/netbakis-net\/\"}]}<\/script>\n<!-- \/ Yoast SEO plugin. -->","yoast_head_json":{"title":"K\u00fcba'da petrol tesislerindeki patlamalarda yaral\u0131 say\u0131s\u0131 125'e y\u00fckseldi - NETBAKIS","robots":{"index":"index","follow":"follow","max-snippet":"max-snippet:-1","max-image-preview":"max-image-preview:large","max-video-preview":"max-video-preview:-1"},"canonical":"https:\/\/netbakis.net\/tr\/7811\/","og_locale":"tr_TR","og_type":"article","og_title":"K\u00fcba'da petrol tesislerindeki patlamalarda yaral\u0131 say\u0131s\u0131 125'e y\u00fckseldi - NETBAKIS","og_description":"K\u00fcba&#8217;n\u0131n Matanzas Liman\u0131&#8217;ndaki tanker \u00fcss\u00fcnde 5 A\u011fustos&#8217;ta meydana gelen ve 1 ki\u015finin \u00f6ld\u00fc\u011f\u00fc patlamalarda yaral\u0131lar\u0131n say\u0131s\u0131 4 ki\u015fi artarak 125&#8217;e y\u00fckseldi. \u00dclkenin kuzeyindeki &#8220;Matanzas S\u00fcper Tanker \u00dcss\u00fc&#8221; olarak bilinen ham petrol depolama tesislerinde ya\u015fan\u0131lan patlamalar\u0131n ard\u0131ndan yang\u0131n halen kontrol alt\u0131na al\u0131namad\u0131. \u015eu ana kadar patlama ve yang\u0131nlarda, 1 ki\u015fi \u00f6ld\u00fc, yaral\u0131lar\u0131n say\u0131s\u0131 da 4 ki\u015fi [&hellip;]","og_url":"https:\/\/netbakis.net\/tr\/7811\/","og_site_name":"NETBAKIS","article_published_time":"2022-08-09T07:03:18+00:00","article_modified_time":"2022-08-09T07:03:19+00:00","og_image":[{"width":640,"height":360,"url":"https:\/\/netbakis.net\/wp-content\/uploads\/2022\/08\/kuba-matanzas-explosion-reu-1892887_2.jpg","type":"image\/jpeg"}],"author":"netbakis.net","twitter_card":"summary_large_image","twitter_misc":{"Yazan:":"netbakis.net","Tahmini okuma s\u00fcresi":"2 dakika"},"schema":{"@context":"https:\/\/schema.org","@graph":[{"@type":"WebPage","@id":"https:\/\/netbakis.net\/7811\/","url":"https:\/\/netbakis.net\/7811\/","name":"K\u00fcba'da petrol tesislerindeki patlamalarda yaral\u0131 say\u0131s\u0131 125'e y\u00fckseldi - NETBAKIS","isPartOf":{"@id":"https:\/\/netbakis.net\/#website"},"primaryImageOfPage":{"@id":"https:\/\/netbakis.net\/7811\/#primaryimage"},"image":{"@id":"https:\/\/netbakis.net\/7811\/#primaryimage"},"thumbnailUrl":"https:\/\/netbakis.net\/wp-content\/uploads\/2022\/08\/kuba-matanzas-explosion-reu-1892887_2.jpg","datePublished":"2022-08-09T07:03:18+00:00","dateModified":"2022-08-09T07:03:19+00:00","author":{"@id":"https:\/\/netbakis.net\/#\/schema\/person\/5d9b5c3f48ca4a3c69967d619fc8c7f4"},"breadcrumb":{"@id":"https:\/\/netbakis.net\/7811\/#breadcrumb"},"inLanguage":"tr","potentialAction":[{"@type":"ReadAction","target":["https:\/\/netbakis.net\/7811\/"]}]},{"@type":"ImageObject","inLanguage":"tr","@id":"https:\/\/netbakis.net\/7811\/#primaryimage","url":"https:\/\/netbakis.net\/wp-content\/uploads\/2022\/08\/kuba-matanzas-explosion-reu-1892887_2.jpg","contentUrl":"https:\/\/netbakis.net\/wp-content\/uploads\/2022\/08\/kuba-matanzas-explosion-reu-1892887_2.jpg","width":640,"height":360,"caption":"K\u00fcba'da petrol tesislerindeki patlamalarda yaral\u0131 say\u0131s\u0131 125'e y\u00fckseldi"},{"@type":"BreadcrumbList","@id":"https:\/\/netbakis.net\/7811\/#breadcrumb","itemListElement":[{"@type":"ListItem","position":1,"name":"Home","item":"https:\/\/netbakis.net\/"},{"@type":"ListItem","position":2,"name":"K\u00fcba&#8217;da petrol tesislerindeki patlamalarda yaral\u0131 say\u0131s\u0131 125&#8217;e y\u00fckseldi"}]},{"@type":"WebSite","@id":"https:\/\/netbakis.net\/#website","url":"https:\/\/netbakis.net\/","name":"NETBAKIS","description":"SON DAKIKA","potentialAction":[{"@type":"SearchAction","target":{"@type":"EntryPoint","urlTemplate":"https:\/\/netbakis.net\/?s={search_term_string}"},"query-input":{"@type":"PropertyValueSpecification","valueRequired":true,"valueName":"search_term_string"}}],"inLanguage":"tr"},{"@type":"Person","@id":"https:\/\/netbakis.net\/#\/schema\/person\/5d9b5c3f48ca4a3c69967d619fc8c7f4","name":"netbakis.net","image":{"@type":"ImageObject","inLanguage":"tr","@id":"https:\/\/netbakis.net\/#\/schema\/person\/image\/","url":"https:\/\/secure.gravatar.com\/avatar\/4ddeae49d2d3e3568a8d5b0937642efdf0b72468dbe3f213bc1978faa47af0d1?s=96&d=wp_user_avatar&r=g","contentUrl":"https:\/\/secure.gravatar.com\/avatar\/4ddeae49d2d3e3568a8d5b0937642efdf0b72468dbe3f213bc1978faa47af0d1?s=96&d=wp_user_avatar&r=g","caption":"netbakis.net"},"sameAs":["https:\/\/netbakis.net"],"url":"https:\/\/netbakis.net\/tr\/author\/netbakis-net\/"}]}},"jetpack_publicize_connections":[],"_links":{"self":[{"href":"https:\/\/netbakis.net\/tr\/wp-json\/wp\/v2\/posts\/7811","targetHints":{"allow":["GET"]}}],"collection":[{"href":"https:\/\/netbakis.net\/tr\/wp-json\/wp\/v2\/posts"}],"about":[{"href":"https:\/\/netbakis.net\/tr\/wp-json\/wp\/v2\/types\/post"}],"author":[{"embeddable":true,"href":"https:\/\/netbakis.net\/tr\/wp-json\/wp\/v2\/users\/1"}],"replies":[{"embeddable":true,"href":"https:\/\/netbakis.net\/tr\/wp-json\/wp\/v2\/comments?post=7811"}],"version-history":[{"count":1,"href":"https:\/\/netbakis.net\/tr\/wp-json\/wp\/v2\/posts\/7811\/revisions"}],"predecessor-version":[{"id":7813,"href":"https:\/\/netbakis.net\/tr\/wp-json\/wp\/v2\/posts\/7811\/revisions\/7813"}],"wp:featuredmedia":[{"embeddable":true,"href":"https:\/\/netbakis.net\/tr\/wp-json\/wp\/v2\/media\/7812"}],"wp:attachment":[{"href":"https:\/\/netbakis.net\/tr\/wp-json\/wp\/v2\/media?parent=7811"}],"wp:term":[{"taxonomy":"category","embeddable":true,"href":"https:\/\/netbakis.net\/tr\/wp-json\/wp\/v2\/categories?post=7811"},{"taxonomy":"post_tag","embeddable":true,"href":"https:\/\/netbakis.net\/tr\/wp-json\/wp\/v2\/tags?post=7811"}],"curies":[{"name":"wp","href":"https:\/\/api.w.org\/{rel}","templated":true}]}}