{"id":7766,"date":"2022-08-08T06:23:47","date_gmt":"2022-08-08T06:23:47","guid":{"rendered":"https:\/\/netbakis.net\/?p=7766"},"modified":"2022-08-08T06:23:49","modified_gmt":"2022-08-08T06:23:49","slug":"zelenski-durum-agir-silah-gonderin","status":"publish","type":"post","link":"https:\/\/netbakis.net\/tr\/7766\/","title":{"rendered":"Zelenski: Durum a\u011f\u0131r, silah g\u00f6nderin"},"content":{"rendered":"<p>Ukrayna Devlet Ba\u015fkan\u0131 Volodimir Zelenski, Donetsk b\u00f6lgesinde cephe hatt\u0131ndaki durumun hala a\u011f\u0131r oldu\u011funu s\u00f6yledi.<\/p>\n\n\n\n<p>Ukrayna Devlet Ba\u015fkan\u0131 Volodimir Zelenski, Rusya&#8217;ya kar\u015f\u0131 sava\u015fan \u00fclkesinin Donetsk b\u00f6lgesinde cephe hatt\u0131ndaki durumun hala a\u011f\u0131r oldu\u011funu s\u00f6yledi.<br>Telegram hesab\u0131ndan g\u00f6r\u00fcnt\u00fcl\u00fc payla\u015ft\u0131\u011f\u0131 mesaj\u0131nda, Avrupa Birli\u011fi (AB) Konseyi Ba\u015fkan\u0131 Charles Michel ile telefon g\u00f6r\u00fc\u015fmesi yapt\u0131\u011f\u0131n\u0131 aktaran Zelenski, kendisiyle sava\u015fla ilgili geli\u015fmeleri de\u011ferlendirdikleri bilgisini payla\u015ft\u0131.<\/p>\n\n\n\n<p>Michel ile Avrupa&#8217;n\u0131n en b\u00fcy\u00fck n\u00fckleer santrali Zaporijya ile ilgili son geli\u015fmeleri ele ald\u0131klar\u0131n\u0131 belirten Zelenski, Rusya&#8217;y\u0131 bu santrale y\u00f6nelik sald\u0131r\u0131lar d\u00fczenlemekle su\u00e7lad\u0131.<br>Zelenski, Zaporijya N\u00fckleer Santrali&#8217;ne yap\u0131lan sald\u0131r\u0131lar\u0131n sadece Ukrayna de\u011fil, d\u00fcnya i\u00e7in son derece b\u00fcy\u00fck tehlike ta\u015f\u0131d\u0131\u011f\u0131na dikkati \u00e7ekerek, &#8220;Bu nedenle Rusya&#8217;n\u0131n, Avrupa&#8217;n\u0131n en b\u00fcy\u00fc\u011f\u00fc olan Zaporijya N\u00fckleer Santrali&#8217;ne y\u00f6nelik bu sald\u0131r\u0131lar\u0131na uluslararas\u0131 toplumun g\u00fc\u00e7l\u00fc bir tepki vermesi gerekiyor.&#8221; dedi.<\/p>\n\n\n\n<p>CEPHEDEK\u0130 GEL\u0130\u015eMELER<\/p>\n\n\n\n<p>Konu\u015fmas\u0131nda, \u00fclkesinin do\u011fusundaki cephelerde ya\u015fanan son geli\u015fmelere de de\u011finen Zelenski, \u00f6zelikle Donetsk ile Harkiv y\u00f6n\u00fcnde durumun a\u011f\u0131r oldu\u011funu ifade etti.<\/p>\n\n\n\n<p>Zelenski, Donetsk b\u00f6lgesindeki durumun \u015fimdiye kadar a\u011f\u0131r oldu\u011funa dikkati \u00e7ekerek, Ukrayna ordusunun buradaki Rus sald\u0131r\u0131lar\u0131n\u0131 &#8220;bir\u00e7ok can&#8221; pahas\u0131na durdurmaya devam etti\u011fini dile getirdi.<\/p>\n\n\n\n<p>Ukrayna Devlet Ba\u015fkan\u0131, &#8220;Donbas&#8217;taki durum hala \u00e7ok a\u011f\u0131r. Ordumuz, Rus ter\u00f6r\u00fcn\u00fc durdurmak ve i\u015fgalcilere m\u00fcmk\u00fcn olan en b\u00fcy\u00fck kay\u0131plar\u0131 vermek i\u00e7in m\u00fcmk\u00fcn olan her \u015feyi yap\u0131yor.&#8221; dedi.<\/p>\n\n\n\n<p>Rus g\u00fc\u00e7lerinin, Harkiv&#8217;e y\u00f6nelik de sald\u0131r\u0131lar\u0131 art\u0131rmak i\u00e7in yo\u011funla\u015ft\u0131\u011f\u0131n\u0131 belirten Zelenski, burada da \u015fiddetli \u00e7at\u0131\u015fmalar\u0131n ya\u015fand\u0131\u011f\u0131n\u0131 ifade etti.<\/p>\n\n\n\n<p>&#8220;KEND\u0130M\u0130Z\u0130 SAVUNMAK \u0130\u00c7\u0130N S\u0130LAHA \u0130HT\u0130YACIMIZ VAR&#8221;<\/p>\n\n\n\n<p>Zelenski, Rusya&#8217;ya kar\u015f\u0131 \u00fclkesinde devam eden sava\u015fta Ukrayna ordusunun daha \u00e7ok silaha ihtiya\u00e7 duydu\u011funu vurgulayarak, &#8220;Her g\u00fcn ve ara vermeden daha g\u00fc\u00e7l\u00fc ve uzun menzilli sistemleri cepheye g\u00f6ndermek i\u00e7in, silah ikmalini art\u0131rmak i\u00e7in \u00e7al\u0131\u015f\u0131yoruz. Ve \u00f6n\u00fcm\u00fczdeki hafta ortaklar\u0131m\u0131zdan destek paketleriyle ilgili haberler bekliyoruz. G\u00fczel haberler.&#8221; diye konu\u015ftu.<\/p>\n\n\n\n<p>Rusya&#8217;n\u0131n kontrol sa\u011flad\u0131\u011f\u0131 Ukrayna topraklar\u0131nda s\u00f6zde referandumlar\u0131n d\u00fczenlenmesi i\u00e7in yasa d\u0131\u015f\u0131 haz\u0131rl\u0131klar\u0131n s\u00fcrd\u00fc\u011f\u00fcne i\u015faret eden Zelenski, &#8220;\u00c7ok basit bir \u015fey s\u00f6ylemek istiyorum: \u0130\u015fgalcilere herhangi bir \u015fekilde yard\u0131m eden herkes cezas\u0131n\u0131 \u00e7ekecek. Ukrayna&#8217;ya hesap verecekler.&#8221; dedi.<\/p>\n\n\n\n<p>Zelenski, Rusya&#8217;n\u0131n, Ukrayna topraklar\u0131nda yasa d\u0131\u015f\u0131 s\u00f6zde referandumlar d\u00fczenleyerek gerek Kiev y\u00f6netimiyle gerek d\u00fcnyan\u0131n di\u011fer \u00fclkeleriyle olas\u0131 m\u00fczakere \u015fans\u0131n\u0131 da kaybedece\u011fini savunarak, &#8220;Rus taraf\u0131n\u0131n belli bir s\u00fcreden sonra kesinlikle (m\u00fczakerelere) ihtiyac\u0131 olacak.&#8221; ifadesini kulland\u0131.<\/p>\n\n\n\n<p>HOLLYWOOD OYUNCUSU JESS\u0130CA CHASTA\u0130N, K\u0130EV&#8217;DE<\/p>\n\n\n\n<p>Zelenski, bug\u00fcn Hollywood oyuncusu, ABD&#8217;li aktris Jessica Chastain ile Kiev&#8217;de bir araya geldi\u011fini belirterek, Chastain&#8217;in Ukrayna ziyareti kapsam\u0131nda \u0130rpin ve Kiev b\u00f6lgesinde sava\u015ftan etkilenen di\u011fer kentleri ziyaret etti\u011fini s\u00f6yledi.<\/p>","protected":false},"excerpt":{"rendered":"<p>Ukrayna Devlet Ba\u015fkan\u0131 Volodimir Zelenski, Donetsk b\u00f6lgesinde cephe hatt\u0131ndaki durumun hala a\u011f\u0131r oldu\u011funu s\u00f6yledi. Ukrayna Devlet Ba\u015fkan\u0131 Volodimir Zelenski, Rusya&#8217;ya kar\u015f\u0131 sava\u015fan \u00fclkesinin Donetsk b\u00f6lgesinde cephe hatt\u0131ndaki durumun hala a\u011f\u0131r oldu\u011funu s\u00f6yledi.Telegram hesab\u0131ndan g\u00f6r\u00fcnt\u00fcl\u00fc payla\u015ft\u0131\u011f\u0131 mesaj\u0131nda, Avrupa Birli\u011fi (AB) Konseyi Ba\u015fkan\u0131 Charles Michel ile telefon g\u00f6r\u00fc\u015fmesi yapt\u0131\u011f\u0131n\u0131 aktaran Zelenski, kendisiyle sava\u015fla ilgili geli\u015fmeleri de\u011ferlendirdikleri bilgisini [&hellip;]<\/p>","protected":false},"author":1,"featured_media":5142,"comment_status":"open","ping_status":"open","sticky":false,"template":"","format":"standard","meta":{"om_disable_all_campaigns":false,"_monsterinsights_skip_tracking":false,"_monsterinsights_sitenote_active":false,"_monsterinsights_sitenote_note":"","_monsterinsights_sitenote_category":0,"_uf_show_specific_survey":0,"_uf_disable_surveys":false,"footnotes":"","jetpack_publicize_message":"","jetpack_publicize_feature_enabled":true,"jetpack_social_post_already_shared":false,"jetpack_social_options":{"image_generator_settings":{"template":"highway","default_image_id":0,"font":"","enabled":false},"version":2}},"categories":[85],"tags":[775],"class_list":{"0":"post-7766","1":"post","2":"type-post","3":"status-publish","4":"format-standard","5":"has-post-thumbnail","7":"category-dunya","8":"tag-zelenski"},"yoast_head":"<!-- This site is optimized with the Yoast SEO plugin v23.8 - https:\/\/yoast.com\/wordpress\/plugins\/seo\/ -->\n<title>Zelenski: Durum a\u011f\u0131r, silah g\u00f6nderin - NETBAKIS<\/title>\n<meta name=\"robots\" content=\"index, follow, max-snippet:-1, max-image-preview:large, max-video-preview:-1\" \/>\n<link rel=\"canonical\" href=\"https:\/\/netbakis.net\/tr\/7766\/\" \/>\n<meta property=\"og:locale\" content=\"tr_TR\" \/>\n<meta property=\"og:type\" content=\"article\" \/>\n<meta property=\"og:title\" content=\"Zelenski: Durum a\u011f\u0131r, silah g\u00f6nderin - NETBAKIS\" \/>\n<meta property=\"og:description\" content=\"Ukrayna Devlet Ba\u015fkan\u0131 Volodimir Zelenski, Donetsk b\u00f6lgesinde cephe hatt\u0131ndaki durumun hala a\u011f\u0131r oldu\u011funu s\u00f6yledi. Ukrayna Devlet Ba\u015fkan\u0131 Volodimir Zelenski, Rusya&#8217;ya kar\u015f\u0131 sava\u015fan \u00fclkesinin Donetsk b\u00f6lgesinde cephe hatt\u0131ndaki durumun hala a\u011f\u0131r oldu\u011funu s\u00f6yledi.Telegram hesab\u0131ndan g\u00f6r\u00fcnt\u00fcl\u00fc payla\u015ft\u0131\u011f\u0131 mesaj\u0131nda, Avrupa Birli\u011fi (AB) Konseyi Ba\u015fkan\u0131 Charles Michel ile telefon g\u00f6r\u00fc\u015fmesi yapt\u0131\u011f\u0131n\u0131 aktaran Zelenski, kendisiyle sava\u015fla ilgili geli\u015fmeleri de\u011ferlendirdikleri bilgisini [&hellip;]\" \/>\n<meta property=\"og:url\" content=\"https:\/\/netbakis.net\/tr\/7766\/\" \/>\n<meta property=\"og:site_name\" content=\"NETBAKIS\" \/>\n<meta property=\"article:published_time\" content=\"2022-08-08T06:23:47+00:00\" \/>\n<meta property=\"article:modified_time\" content=\"2022-08-08T06:23:49+00:00\" \/>\n<meta property=\"og:image\" content=\"https:\/\/netbakis.net\/wp-content\/uploads\/2021\/04\/thumbs_b_c_5fbc33eb2dd1875d25b59bf2fd92a5a6.jpg\" \/>\n\t<meta property=\"og:image:width\" content=\"864\" \/>\n\t<meta property=\"og:image:height\" content=\"486\" \/>\n\t<meta property=\"og:image:type\" content=\"image\/jpeg\" \/>\n<meta name=\"author\" content=\"netbakis.net\" \/>\n<meta name=\"twitter:card\" content=\"summary_large_image\" \/>\n<meta name=\"twitter:label1\" content=\"Yazan:\" \/>\n\t<meta name=\"twitter:data1\" content=\"netbakis.net\" \/>\n\t<meta name=\"twitter:label2\" content=\"Tahmini okuma s\u00fcresi\" \/>\n\t<meta name=\"twitter:data2\" content=\"2 dakika\" \/>\n<script type=\"application\/ld+json\" class=\"yoast-schema-graph\">{\"@context\":\"https:\/\/schema.org\",\"@graph\":[{\"@type\":\"WebPage\",\"@id\":\"https:\/\/netbakis.net\/7766\/\",\"url\":\"https:\/\/netbakis.net\/7766\/\",\"name\":\"Zelenski: Durum a\u011f\u0131r, silah g\u00f6nderin - NETBAKIS\",\"isPartOf\":{\"@id\":\"https:\/\/netbakis.net\/#website\"},\"primaryImageOfPage\":{\"@id\":\"https:\/\/netbakis.net\/7766\/#primaryimage\"},\"image\":{\"@id\":\"https:\/\/netbakis.net\/7766\/#primaryimage\"},\"thumbnailUrl\":\"https:\/\/netbakis.net\/wp-content\/uploads\/2021\/04\/thumbs_b_c_5fbc33eb2dd1875d25b59bf2fd92a5a6.jpg\",\"datePublished\":\"2022-08-08T06:23:47+00:00\",\"dateModified\":\"2022-08-08T06:23:49+00:00\",\"author\":{\"@id\":\"https:\/\/netbakis.net\/#\/schema\/person\/5d9b5c3f48ca4a3c69967d619fc8c7f4\"},\"breadcrumb\":{\"@id\":\"https:\/\/netbakis.net\/7766\/#breadcrumb\"},\"inLanguage\":\"tr\",\"potentialAction\":[{\"@type\":\"ReadAction\",\"target\":[\"https:\/\/netbakis.net\/7766\/\"]}]},{\"@type\":\"ImageObject\",\"inLanguage\":\"tr\",\"@id\":\"https:\/\/netbakis.net\/7766\/#primaryimage\",\"url\":\"https:\/\/netbakis.net\/wp-content\/uploads\/2021\/04\/thumbs_b_c_5fbc33eb2dd1875d25b59bf2fd92a5a6.jpg\",\"contentUrl\":\"https:\/\/netbakis.net\/wp-content\/uploads\/2021\/04\/thumbs_b_c_5fbc33eb2dd1875d25b59bf2fd92a5a6.jpg\",\"width\":864,\"height\":486,\"caption\":\"Ukrayna Devlet Ba\u015fkan\u0131 Zelenskiy\"},{\"@type\":\"BreadcrumbList\",\"@id\":\"https:\/\/netbakis.net\/7766\/#breadcrumb\",\"itemListElement\":[{\"@type\":\"ListItem\",\"position\":1,\"name\":\"Home\",\"item\":\"https:\/\/netbakis.net\/\"},{\"@type\":\"ListItem\",\"position\":2,\"name\":\"Zelenski: Durum a\u011f\u0131r, silah g\u00f6nderin\"}]},{\"@type\":\"WebSite\",\"@id\":\"https:\/\/netbakis.net\/#website\",\"url\":\"https:\/\/netbakis.net\/\",\"name\":\"NETBAKIS\",\"description\":\"SON DAKIKA\",\"potentialAction\":[{\"@type\":\"SearchAction\",\"target\":{\"@type\":\"EntryPoint\",\"urlTemplate\":\"https:\/\/netbakis.net\/?s={search_term_string}\"},\"query-input\":{\"@type\":\"PropertyValueSpecification\",\"valueRequired\":true,\"valueName\":\"search_term_string\"}}],\"inLanguage\":\"tr\"},{\"@type\":\"Person\",\"@id\":\"https:\/\/netbakis.net\/#\/schema\/person\/5d9b5c3f48ca4a3c69967d619fc8c7f4\",\"name\":\"netbakis.net\",\"image\":{\"@type\":\"ImageObject\",\"inLanguage\":\"tr\",\"@id\":\"https:\/\/netbakis.net\/#\/schema\/person\/image\/\",\"url\":\"https:\/\/secure.gravatar.com\/avatar\/4ddeae49d2d3e3568a8d5b0937642efdf0b72468dbe3f213bc1978faa47af0d1?s=96&d=wp_user_avatar&r=g\",\"contentUrl\":\"https:\/\/secure.gravatar.com\/avatar\/4ddeae49d2d3e3568a8d5b0937642efdf0b72468dbe3f213bc1978faa47af0d1?s=96&d=wp_user_avatar&r=g\",\"caption\":\"netbakis.net\"},\"sameAs\":[\"https:\/\/netbakis.net\"],\"url\":\"https:\/\/netbakis.net\/tr\/author\/netbakis-net\/\"}]}<\/script>\n<!-- \/ Yoast SEO plugin. -->","yoast_head_json":{"title":"Zelenski: Durum a\u011f\u0131r, silah g\u00f6nderin - NETBAKIS","robots":{"index":"index","follow":"follow","max-snippet":"max-snippet:-1","max-image-preview":"max-image-preview:large","max-video-preview":"max-video-preview:-1"},"canonical":"https:\/\/netbakis.net\/tr\/7766\/","og_locale":"tr_TR","og_type":"article","og_title":"Zelenski: Durum a\u011f\u0131r, silah g\u00f6nderin - NETBAKIS","og_description":"Ukrayna Devlet Ba\u015fkan\u0131 Volodimir Zelenski, Donetsk b\u00f6lgesinde cephe hatt\u0131ndaki durumun hala a\u011f\u0131r oldu\u011funu s\u00f6yledi. Ukrayna Devlet Ba\u015fkan\u0131 Volodimir Zelenski, Rusya&#8217;ya kar\u015f\u0131 sava\u015fan \u00fclkesinin Donetsk b\u00f6lgesinde cephe hatt\u0131ndaki durumun hala a\u011f\u0131r oldu\u011funu s\u00f6yledi.Telegram hesab\u0131ndan g\u00f6r\u00fcnt\u00fcl\u00fc payla\u015ft\u0131\u011f\u0131 mesaj\u0131nda, Avrupa Birli\u011fi (AB) Konseyi Ba\u015fkan\u0131 Charles Michel ile telefon g\u00f6r\u00fc\u015fmesi yapt\u0131\u011f\u0131n\u0131 aktaran Zelenski, kendisiyle sava\u015fla ilgili geli\u015fmeleri de\u011ferlendirdikleri bilgisini [&hellip;]","og_url":"https:\/\/netbakis.net\/tr\/7766\/","og_site_name":"NETBAKIS","article_published_time":"2022-08-08T06:23:47+00:00","article_modified_time":"2022-08-08T06:23:49+00:00","og_image":[{"width":864,"height":486,"url":"https:\/\/netbakis.net\/wp-content\/uploads\/2021\/04\/thumbs_b_c_5fbc33eb2dd1875d25b59bf2fd92a5a6.jpg","type":"image\/jpeg"}],"author":"netbakis.net","twitter_card":"summary_large_image","twitter_misc":{"Yazan:":"netbakis.net","Tahmini okuma s\u00fcresi":"2 dakika"},"schema":{"@context":"https:\/\/schema.org","@graph":[{"@type":"WebPage","@id":"https:\/\/netbakis.net\/7766\/","url":"https:\/\/netbakis.net\/7766\/","name":"Zelenski: Durum a\u011f\u0131r, silah g\u00f6nderin - NETBAKIS","isPartOf":{"@id":"https:\/\/netbakis.net\/#website"},"primaryImageOfPage":{"@id":"https:\/\/netbakis.net\/7766\/#primaryimage"},"image":{"@id":"https:\/\/netbakis.net\/7766\/#primaryimage"},"thumbnailUrl":"https:\/\/netbakis.net\/wp-content\/uploads\/2021\/04\/thumbs_b_c_5fbc33eb2dd1875d25b59bf2fd92a5a6.jpg","datePublished":"2022-08-08T06:23:47+00:00","dateModified":"2022-08-08T06:23:49+00:00","author":{"@id":"https:\/\/netbakis.net\/#\/schema\/person\/5d9b5c3f48ca4a3c69967d619fc8c7f4"},"breadcrumb":{"@id":"https:\/\/netbakis.net\/7766\/#breadcrumb"},"inLanguage":"tr","potentialAction":[{"@type":"ReadAction","target":["https:\/\/netbakis.net\/7766\/"]}]},{"@type":"ImageObject","inLanguage":"tr","@id":"https:\/\/netbakis.net\/7766\/#primaryimage","url":"https:\/\/netbakis.net\/wp-content\/uploads\/2021\/04\/thumbs_b_c_5fbc33eb2dd1875d25b59bf2fd92a5a6.jpg","contentUrl":"https:\/\/netbakis.net\/wp-content\/uploads\/2021\/04\/thumbs_b_c_5fbc33eb2dd1875d25b59bf2fd92a5a6.jpg","width":864,"height":486,"caption":"Ukrayna Devlet Ba\u015fkan\u0131 Zelenskiy"},{"@type":"BreadcrumbList","@id":"https:\/\/netbakis.net\/7766\/#breadcrumb","itemListElement":[{"@type":"ListItem","position":1,"name":"Home","item":"https:\/\/netbakis.net\/"},{"@type":"ListItem","position":2,"name":"Zelenski: Durum a\u011f\u0131r, silah g\u00f6nderin"}]},{"@type":"WebSite","@id":"https:\/\/netbakis.net\/#website","url":"https:\/\/netbakis.net\/","name":"NETBAKIS","description":"SON DAKIKA","potentialAction":[{"@type":"SearchAction","target":{"@type":"EntryPoint","urlTemplate":"https:\/\/netbakis.net\/?s={search_term_string}"},"query-input":{"@type":"PropertyValueSpecification","valueRequired":true,"valueName":"search_term_string"}}],"inLanguage":"tr"},{"@type":"Person","@id":"https:\/\/netbakis.net\/#\/schema\/person\/5d9b5c3f48ca4a3c69967d619fc8c7f4","name":"netbakis.net","image":{"@type":"ImageObject","inLanguage":"tr","@id":"https:\/\/netbakis.net\/#\/schema\/person\/image\/","url":"https:\/\/secure.gravatar.com\/avatar\/4ddeae49d2d3e3568a8d5b0937642efdf0b72468dbe3f213bc1978faa47af0d1?s=96&d=wp_user_avatar&r=g","contentUrl":"https:\/\/secure.gravatar.com\/avatar\/4ddeae49d2d3e3568a8d5b0937642efdf0b72468dbe3f213bc1978faa47af0d1?s=96&d=wp_user_avatar&r=g","caption":"netbakis.net"},"sameAs":["https:\/\/netbakis.net"],"url":"https:\/\/netbakis.net\/tr\/author\/netbakis-net\/"}]}},"jetpack_publicize_connections":[],"_links":{"self":[{"href":"https:\/\/netbakis.net\/tr\/wp-json\/wp\/v2\/posts\/7766","targetHints":{"allow":["GET"]}}],"collection":[{"href":"https:\/\/netbakis.net\/tr\/wp-json\/wp\/v2\/posts"}],"about":[{"href":"https:\/\/netbakis.net\/tr\/wp-json\/wp\/v2\/types\/post"}],"author":[{"embeddable":true,"href":"https:\/\/netbakis.net\/tr\/wp-json\/wp\/v2\/users\/1"}],"replies":[{"embeddable":true,"href":"https:\/\/netbakis.net\/tr\/wp-json\/wp\/v2\/comments?post=7766"}],"version-history":[{"count":1,"href":"https:\/\/netbakis.net\/tr\/wp-json\/wp\/v2\/posts\/7766\/revisions"}],"predecessor-version":[{"id":7767,"href":"https:\/\/netbakis.net\/tr\/wp-json\/wp\/v2\/posts\/7766\/revisions\/7767"}],"wp:featuredmedia":[{"embeddable":true,"href":"https:\/\/netbakis.net\/tr\/wp-json\/wp\/v2\/media\/5142"}],"wp:attachment":[{"href":"https:\/\/netbakis.net\/tr\/wp-json\/wp\/v2\/media?parent=7766"}],"wp:term":[{"taxonomy":"category","embeddable":true,"href":"https:\/\/netbakis.net\/tr\/wp-json\/wp\/v2\/categories?post=7766"},{"taxonomy":"post_tag","embeddable":true,"href":"https:\/\/netbakis.net\/tr\/wp-json\/wp\/v2\/tags?post=7766"}],"curies":[{"name":"wp","href":"https:\/\/api.w.org\/{rel}","templated":true}]}}