{"id":7752,"date":"2022-08-07T05:59:52","date_gmt":"2022-08-07T05:59:52","guid":{"rendered":"https:\/\/netbakis.net\/?p=7752"},"modified":"2022-08-07T05:59:56","modified_gmt":"2022-08-07T05:59:56","slug":"lecce-mert-cetini-kiraladi","status":"publish","type":"post","link":"https:\/\/netbakis.net\/tr\/7752\/","title":{"rendered":"Lecce, Mert \u00c7etin&#8217;i kiralad\u0131"},"content":{"rendered":"<p>\u0130talya Birinci Futbol Ligi (Serie A) tak\u0131mlar\u0131ndan Lecce, milli oyuncu Mert \u00c7etin&#8217;i kiral\u0131k olarak kadrosuna katt\u0131.<\/p>\n\n\n\n<p>Lecce kul\u00fcb\u00fcnden yap\u0131lan a\u00e7\u0131klamada, 25 ya\u015f\u0131ndaki \u00c7etin\u2019in Hellas Verona tak\u0131m\u0131ndan kiraland\u0131\u011f\u0131 bildirildi.<\/p>\n\n\n\n<p>Milli savunmac\u0131n\u0131n, bug\u00fcn Lecce kentine gelece\u011fi ve sa\u011fl\u0131k kontrollerinden ge\u00e7ece\u011fi belirtildi.<\/p>\n\n\n\n<p>Mert \u00c7etin&#8217;in, \u0130talya Serie A maceras\u0131 2019-2020 sezonun ba\u015f\u0131nda Roma\u2019ya transfer olmas\u0131yla ba\u015flam\u0131\u015ft\u0131. Roma&#8217;da fazla forma \u015fans\u0131 bulamayan \u00c7etin, 2020-2021 sezonunun ba\u015f\u0131nda Hellas Verona&#8217;ya transfer olmu\u015ftu. \u00c7etin, 2021-2022 sezonuna Hellas Verona&#8217;da ba\u015flam\u0131\u015f, sezonunun kalan k\u0131sm\u0131n\u0131 ise devre aras\u0131nda kiraland\u0131\u011f\u0131 Yukatel Kayserispor&#8217;da ge\u00e7irmi\u015fti.<\/p>\n\n\n\n<p>Lecce, ge\u00e7en sezon ikinci lig Serie B&#8217;de \u015fampiyon olarak Serie A&#8217;ya y\u00fckselmi\u015fti.<\/p>","protected":false},"excerpt":{"rendered":"<p>\u0130talya Birinci Futbol Ligi (Serie A) tak\u0131mlar\u0131ndan Lecce, milli oyuncu Mert \u00c7etin&#8217;i kiral\u0131k olarak kadrosuna katt\u0131. Lecce kul\u00fcb\u00fcnden yap\u0131lan a\u00e7\u0131klamada, 25 ya\u015f\u0131ndaki \u00c7etin\u2019in Hellas Verona tak\u0131m\u0131ndan kiraland\u0131\u011f\u0131 bildirildi. Milli savunmac\u0131n\u0131n, bug\u00fcn Lecce kentine gelece\u011fi ve sa\u011fl\u0131k kontrollerinden ge\u00e7ece\u011fi belirtildi. Mert \u00c7etin&#8217;in, \u0130talya Serie A maceras\u0131 2019-2020 sezonun ba\u015f\u0131nda Roma\u2019ya transfer olmas\u0131yla ba\u015flam\u0131\u015ft\u0131. Roma&#8217;da fazla forma [&hellip;]<\/p>","protected":false},"author":1,"featured_media":7753,"comment_status":"open","ping_status":"open","sticky":false,"template":"","format":"standard","meta":{"om_disable_all_campaigns":false,"_monsterinsights_skip_tracking":false,"_monsterinsights_sitenote_active":false,"_monsterinsights_sitenote_note":"","_monsterinsights_sitenote_category":0,"_uf_show_specific_survey":0,"_uf_disable_surveys":false,"footnotes":"","jetpack_publicize_message":"","jetpack_publicize_feature_enabled":true,"jetpack_social_post_already_shared":false,"jetpack_social_options":{"image_generator_settings":{"template":"highway","default_image_id":0,"font":"","enabled":false},"version":2}},"categories":[94],"tags":[771,772],"class_list":{"0":"post-7752","1":"post","2":"type-post","3":"status-publish","4":"format-standard","5":"has-post-thumbnail","7":"category-spor","8":"tag-italya-birinci-futbol-ligi-serie-a-takimlarindan-lecce","9":"tag-milli-oyuncu-mert-cetini-kiralik-olarak-kadrosuna-katti"},"yoast_head":"<!-- This site is optimized with the Yoast SEO plugin v23.8 - https:\/\/yoast.com\/wordpress\/plugins\/seo\/ -->\n<title>Lecce, Mert \u00c7etin&#039;i kiralad\u0131 - NETBAKIS<\/title>\n<meta name=\"robots\" content=\"index, follow, max-snippet:-1, max-image-preview:large, max-video-preview:-1\" \/>\n<link rel=\"canonical\" href=\"https:\/\/netbakis.net\/tr\/7752\/\" \/>\n<meta property=\"og:locale\" content=\"tr_TR\" \/>\n<meta property=\"og:type\" content=\"article\" \/>\n<meta property=\"og:title\" content=\"Lecce, Mert \u00c7etin&#039;i kiralad\u0131 - NETBAKIS\" \/>\n<meta property=\"og:description\" content=\"\u0130talya Birinci Futbol Ligi (Serie A) tak\u0131mlar\u0131ndan Lecce, milli oyuncu Mert \u00c7etin&#8217;i kiral\u0131k olarak kadrosuna katt\u0131. Lecce kul\u00fcb\u00fcnden yap\u0131lan a\u00e7\u0131klamada, 25 ya\u015f\u0131ndaki \u00c7etin\u2019in Hellas Verona tak\u0131m\u0131ndan kiraland\u0131\u011f\u0131 bildirildi. Milli savunmac\u0131n\u0131n, bug\u00fcn Lecce kentine gelece\u011fi ve sa\u011fl\u0131k kontrollerinden ge\u00e7ece\u011fi belirtildi. Mert \u00c7etin&#8217;in, \u0130talya Serie A maceras\u0131 2019-2020 sezonun ba\u015f\u0131nda Roma\u2019ya transfer olmas\u0131yla ba\u015flam\u0131\u015ft\u0131. Roma&#8217;da fazla forma [&hellip;]\" \/>\n<meta property=\"og:url\" content=\"https:\/\/netbakis.net\/tr\/7752\/\" \/>\n<meta property=\"og:site_name\" content=\"NETBAKIS\" \/>\n<meta property=\"article:published_time\" content=\"2022-08-07T05:59:52+00:00\" \/>\n<meta property=\"article:modified_time\" content=\"2022-08-07T05:59:56+00:00\" \/>\n<meta property=\"og:image\" content=\"https:\/\/netbakis.net\/wp-content\/uploads\/2022\/08\/thumbs_b_c_d3a9ef0d32abf887a31b809e2b81d5da.jpg\" \/>\n\t<meta property=\"og:image:width\" content=\"864\" \/>\n\t<meta property=\"og:image:height\" content=\"486\" \/>\n\t<meta property=\"og:image:type\" content=\"image\/jpeg\" \/>\n<meta name=\"author\" content=\"netbakis.net\" \/>\n<meta name=\"twitter:card\" content=\"summary_large_image\" \/>\n<meta name=\"twitter:label1\" content=\"Yazan:\" \/>\n\t<meta name=\"twitter:data1\" content=\"netbakis.net\" \/>\n\t<meta name=\"twitter:label2\" content=\"Tahmini okuma s\u00fcresi\" \/>\n\t<meta name=\"twitter:data2\" content=\"1 dakika\" \/>\n<script type=\"application\/ld+json\" class=\"yoast-schema-graph\">{\"@context\":\"https:\/\/schema.org\",\"@graph\":[{\"@type\":\"WebPage\",\"@id\":\"https:\/\/netbakis.net\/7752\/\",\"url\":\"https:\/\/netbakis.net\/7752\/\",\"name\":\"Lecce, Mert \u00c7etin'i kiralad\u0131 - NETBAKIS\",\"isPartOf\":{\"@id\":\"https:\/\/netbakis.net\/#website\"},\"primaryImageOfPage\":{\"@id\":\"https:\/\/netbakis.net\/7752\/#primaryimage\"},\"image\":{\"@id\":\"https:\/\/netbakis.net\/7752\/#primaryimage\"},\"thumbnailUrl\":\"https:\/\/netbakis.net\/wp-content\/uploads\/2022\/08\/thumbs_b_c_d3a9ef0d32abf887a31b809e2b81d5da.jpg\",\"datePublished\":\"2022-08-07T05:59:52+00:00\",\"dateModified\":\"2022-08-07T05:59:56+00:00\",\"author\":{\"@id\":\"https:\/\/netbakis.net\/#\/schema\/person\/5d9b5c3f48ca4a3c69967d619fc8c7f4\"},\"breadcrumb\":{\"@id\":\"https:\/\/netbakis.net\/7752\/#breadcrumb\"},\"inLanguage\":\"tr\",\"potentialAction\":[{\"@type\":\"ReadAction\",\"target\":[\"https:\/\/netbakis.net\/7752\/\"]}]},{\"@type\":\"ImageObject\",\"inLanguage\":\"tr\",\"@id\":\"https:\/\/netbakis.net\/7752\/#primaryimage\",\"url\":\"https:\/\/netbakis.net\/wp-content\/uploads\/2022\/08\/thumbs_b_c_d3a9ef0d32abf887a31b809e2b81d5da.jpg\",\"contentUrl\":\"https:\/\/netbakis.net\/wp-content\/uploads\/2022\/08\/thumbs_b_c_d3a9ef0d32abf887a31b809e2b81d5da.jpg\",\"width\":864,\"height\":486,\"caption\":\"\u0130talya Birinci Futbol Ligi (Serie A) tak\u0131mlar\u0131ndan Lecce, milli oyuncu Mert \u00c7etin'i kiral\u0131k olarak kadrosuna katt\u0131.\"},{\"@type\":\"BreadcrumbList\",\"@id\":\"https:\/\/netbakis.net\/7752\/#breadcrumb\",\"itemListElement\":[{\"@type\":\"ListItem\",\"position\":1,\"name\":\"Home\",\"item\":\"https:\/\/netbakis.net\/\"},{\"@type\":\"ListItem\",\"position\":2,\"name\":\"Lecce, Mert \u00c7etin&#8217;i kiralad\u0131\"}]},{\"@type\":\"WebSite\",\"@id\":\"https:\/\/netbakis.net\/#website\",\"url\":\"https:\/\/netbakis.net\/\",\"name\":\"NETBAKIS\",\"description\":\"SON DAKIKA\",\"potentialAction\":[{\"@type\":\"SearchAction\",\"target\":{\"@type\":\"EntryPoint\",\"urlTemplate\":\"https:\/\/netbakis.net\/?s={search_term_string}\"},\"query-input\":{\"@type\":\"PropertyValueSpecification\",\"valueRequired\":true,\"valueName\":\"search_term_string\"}}],\"inLanguage\":\"tr\"},{\"@type\":\"Person\",\"@id\":\"https:\/\/netbakis.net\/#\/schema\/person\/5d9b5c3f48ca4a3c69967d619fc8c7f4\",\"name\":\"netbakis.net\",\"image\":{\"@type\":\"ImageObject\",\"inLanguage\":\"tr\",\"@id\":\"https:\/\/netbakis.net\/#\/schema\/person\/image\/\",\"url\":\"https:\/\/secure.gravatar.com\/avatar\/4ddeae49d2d3e3568a8d5b0937642efdf0b72468dbe3f213bc1978faa47af0d1?s=96&d=wp_user_avatar&r=g\",\"contentUrl\":\"https:\/\/secure.gravatar.com\/avatar\/4ddeae49d2d3e3568a8d5b0937642efdf0b72468dbe3f213bc1978faa47af0d1?s=96&d=wp_user_avatar&r=g\",\"caption\":\"netbakis.net\"},\"sameAs\":[\"https:\/\/netbakis.net\"],\"url\":\"https:\/\/netbakis.net\/tr\/author\/netbakis-net\/\"}]}<\/script>\n<!-- \/ Yoast SEO plugin. -->","yoast_head_json":{"title":"Lecce, Mert \u00c7etin'i kiralad\u0131 - NETBAKIS","robots":{"index":"index","follow":"follow","max-snippet":"max-snippet:-1","max-image-preview":"max-image-preview:large","max-video-preview":"max-video-preview:-1"},"canonical":"https:\/\/netbakis.net\/tr\/7752\/","og_locale":"tr_TR","og_type":"article","og_title":"Lecce, Mert \u00c7etin'i kiralad\u0131 - NETBAKIS","og_description":"\u0130talya Birinci Futbol Ligi (Serie A) tak\u0131mlar\u0131ndan Lecce, milli oyuncu Mert \u00c7etin&#8217;i kiral\u0131k olarak kadrosuna katt\u0131. Lecce kul\u00fcb\u00fcnden yap\u0131lan a\u00e7\u0131klamada, 25 ya\u015f\u0131ndaki \u00c7etin\u2019in Hellas Verona tak\u0131m\u0131ndan kiraland\u0131\u011f\u0131 bildirildi. Milli savunmac\u0131n\u0131n, bug\u00fcn Lecce kentine gelece\u011fi ve sa\u011fl\u0131k kontrollerinden ge\u00e7ece\u011fi belirtildi. Mert \u00c7etin&#8217;in, \u0130talya Serie A maceras\u0131 2019-2020 sezonun ba\u015f\u0131nda Roma\u2019ya transfer olmas\u0131yla ba\u015flam\u0131\u015ft\u0131. Roma&#8217;da fazla forma [&hellip;]","og_url":"https:\/\/netbakis.net\/tr\/7752\/","og_site_name":"NETBAKIS","article_published_time":"2022-08-07T05:59:52+00:00","article_modified_time":"2022-08-07T05:59:56+00:00","og_image":[{"width":864,"height":486,"url":"https:\/\/netbakis.net\/wp-content\/uploads\/2022\/08\/thumbs_b_c_d3a9ef0d32abf887a31b809e2b81d5da.jpg","type":"image\/jpeg"}],"author":"netbakis.net","twitter_card":"summary_large_image","twitter_misc":{"Yazan:":"netbakis.net","Tahmini okuma s\u00fcresi":"1 dakika"},"schema":{"@context":"https:\/\/schema.org","@graph":[{"@type":"WebPage","@id":"https:\/\/netbakis.net\/7752\/","url":"https:\/\/netbakis.net\/7752\/","name":"Lecce, Mert \u00c7etin'i kiralad\u0131 - NETBAKIS","isPartOf":{"@id":"https:\/\/netbakis.net\/#website"},"primaryImageOfPage":{"@id":"https:\/\/netbakis.net\/7752\/#primaryimage"},"image":{"@id":"https:\/\/netbakis.net\/7752\/#primaryimage"},"thumbnailUrl":"https:\/\/netbakis.net\/wp-content\/uploads\/2022\/08\/thumbs_b_c_d3a9ef0d32abf887a31b809e2b81d5da.jpg","datePublished":"2022-08-07T05:59:52+00:00","dateModified":"2022-08-07T05:59:56+00:00","author":{"@id":"https:\/\/netbakis.net\/#\/schema\/person\/5d9b5c3f48ca4a3c69967d619fc8c7f4"},"breadcrumb":{"@id":"https:\/\/netbakis.net\/7752\/#breadcrumb"},"inLanguage":"tr","potentialAction":[{"@type":"ReadAction","target":["https:\/\/netbakis.net\/7752\/"]}]},{"@type":"ImageObject","inLanguage":"tr","@id":"https:\/\/netbakis.net\/7752\/#primaryimage","url":"https:\/\/netbakis.net\/wp-content\/uploads\/2022\/08\/thumbs_b_c_d3a9ef0d32abf887a31b809e2b81d5da.jpg","contentUrl":"https:\/\/netbakis.net\/wp-content\/uploads\/2022\/08\/thumbs_b_c_d3a9ef0d32abf887a31b809e2b81d5da.jpg","width":864,"height":486,"caption":"\u0130talya Birinci Futbol Ligi (Serie A) tak\u0131mlar\u0131ndan Lecce, milli oyuncu Mert \u00c7etin'i kiral\u0131k olarak kadrosuna katt\u0131."},{"@type":"BreadcrumbList","@id":"https:\/\/netbakis.net\/7752\/#breadcrumb","itemListElement":[{"@type":"ListItem","position":1,"name":"Home","item":"https:\/\/netbakis.net\/"},{"@type":"ListItem","position":2,"name":"Lecce, Mert \u00c7etin&#8217;i kiralad\u0131"}]},{"@type":"WebSite","@id":"https:\/\/netbakis.net\/#website","url":"https:\/\/netbakis.net\/","name":"NETBAKIS","description":"SON DAKIKA","potentialAction":[{"@type":"SearchAction","target":{"@type":"EntryPoint","urlTemplate":"https:\/\/netbakis.net\/?s={search_term_string}"},"query-input":{"@type":"PropertyValueSpecification","valueRequired":true,"valueName":"search_term_string"}}],"inLanguage":"tr"},{"@type":"Person","@id":"https:\/\/netbakis.net\/#\/schema\/person\/5d9b5c3f48ca4a3c69967d619fc8c7f4","name":"netbakis.net","image":{"@type":"ImageObject","inLanguage":"tr","@id":"https:\/\/netbakis.net\/#\/schema\/person\/image\/","url":"https:\/\/secure.gravatar.com\/avatar\/4ddeae49d2d3e3568a8d5b0937642efdf0b72468dbe3f213bc1978faa47af0d1?s=96&d=wp_user_avatar&r=g","contentUrl":"https:\/\/secure.gravatar.com\/avatar\/4ddeae49d2d3e3568a8d5b0937642efdf0b72468dbe3f213bc1978faa47af0d1?s=96&d=wp_user_avatar&r=g","caption":"netbakis.net"},"sameAs":["https:\/\/netbakis.net"],"url":"https:\/\/netbakis.net\/tr\/author\/netbakis-net\/"}]}},"jetpack_publicize_connections":[],"_links":{"self":[{"href":"https:\/\/netbakis.net\/tr\/wp-json\/wp\/v2\/posts\/7752","targetHints":{"allow":["GET"]}}],"collection":[{"href":"https:\/\/netbakis.net\/tr\/wp-json\/wp\/v2\/posts"}],"about":[{"href":"https:\/\/netbakis.net\/tr\/wp-json\/wp\/v2\/types\/post"}],"author":[{"embeddable":true,"href":"https:\/\/netbakis.net\/tr\/wp-json\/wp\/v2\/users\/1"}],"replies":[{"embeddable":true,"href":"https:\/\/netbakis.net\/tr\/wp-json\/wp\/v2\/comments?post=7752"}],"version-history":[{"count":1,"href":"https:\/\/netbakis.net\/tr\/wp-json\/wp\/v2\/posts\/7752\/revisions"}],"predecessor-version":[{"id":7754,"href":"https:\/\/netbakis.net\/tr\/wp-json\/wp\/v2\/posts\/7752\/revisions\/7754"}],"wp:featuredmedia":[{"embeddable":true,"href":"https:\/\/netbakis.net\/tr\/wp-json\/wp\/v2\/media\/7753"}],"wp:attachment":[{"href":"https:\/\/netbakis.net\/tr\/wp-json\/wp\/v2\/media?parent=7752"}],"wp:term":[{"taxonomy":"category","embeddable":true,"href":"https:\/\/netbakis.net\/tr\/wp-json\/wp\/v2\/categories?post=7752"},{"taxonomy":"post_tag","embeddable":true,"href":"https:\/\/netbakis.net\/tr\/wp-json\/wp\/v2\/tags?post=7752"}],"curies":[{"name":"wp","href":"https:\/\/api.w.org\/{rel}","templated":true}]}}