{"id":7744,"date":"2022-08-07T05:54:56","date_gmt":"2022-08-07T05:54:56","guid":{"rendered":"https:\/\/netbakis.net\/?p=7744"},"modified":"2022-08-07T05:55:02","modified_gmt":"2022-08-07T05:55:02","slug":"ab-israilin-gazzeye-saldirisi-sonrasinda-itidal-cagrisi-yapti","status":"publish","type":"post","link":"https:\/\/netbakis.net\/tr\/7744\/","title":{"rendered":"AB, \u0130srail&#8217;in Gazze&#8217;ye sald\u0131r\u0131s\u0131 sonras\u0131nda itidal \u00e7a\u011fr\u0131s\u0131 yapt\u0131"},"content":{"rendered":"<p>Avrupa Birli\u011fi (AB), \u0130srail&#8217;in abluka alt\u0131nda tuttu\u011fu Gazze&#8217;ye y\u00f6nelik sald\u0131r\u0131lar\u0131n\u0131n ard\u0131ndan &#8220;t\u00fcm taraflara&#8221; azami itidal \u00e7a\u011fr\u0131s\u0131nda bulundu.<\/p>\n\n\n\n<p>AB D\u0131\u015f \u0130li\u015fkiler ve G\u00fcvenlik Politikas\u0131 Y\u00fcksek Temsilcisi Josep Borrell&#8217;in ofisinden yap\u0131lan a\u00e7\u0131klamada, AB&#8217;nin Gazze&#8217;deki geli\u015fmeleri &#8220;b\u00fcy\u00fck endi\u015feyle izledi\u011fi&#8221; belirtildi.<\/p>\n\n\n\n<p>A\u00e7\u0131klamada, &#8220;AB, gerginli\u011fin daha fazla y\u00fckselmemesi ve daha fazla can kayb\u0131n\u0131n \u00f6nlenmesi i\u00e7in t\u00fcm taraflara azami itidal \u00e7a\u011fr\u0131s\u0131 yapmaktad\u0131r. \u0130srail, sivil halk\u0131n\u0131 koruma hakk\u0131na sahipken \u00f6ncelikle her iki tarafta da sivil halklar\u0131 etkileyecek, daha fazla can kayb\u0131 ve ac\u0131ya sebep olacak daha geni\u015f bir \u00e7at\u0131\u015fman\u0131n \u00f6nlenmesi i\u00e7in her \u015fey yap\u0131lmal\u0131d\u0131r.&#8221; ifadelerine yer verildi.<\/p>\n\n\n\n<p>AB&#8217;nin a\u00e7\u0131klamas\u0131nda, son olaylar\u0131n siyasi bir ufkun yeniden tesis edilmesi ve Gazze&#8217;de s\u00fcrd\u00fcr\u00fclebilir bir durumun sa\u011flanmas\u0131na duyulan ihtiyac\u0131 bir kez daha g\u00f6sterdi\u011fi kaydedildi.<\/p>\n\n\n\n<p>\u0130srail ordusu d\u00fcn abluka alt\u0131ndaki Gazze \u015eeridi&#8217;nde \u0130slami Cihad Hareketine ait merkezlere sald\u0131r\u0131 ba\u015flatm\u0131\u015ft\u0131. Sald\u0131r\u0131larda biri 5 ya\u015f\u0131ndaki \u00e7ocuk ve ikisi kad\u0131n olmak \u00fczere 15 Filistinli hayat\u0131n\u0131 kaybetmi\u015f, 125 sivil yaralanm\u0131\u015ft\u0131.<\/p>","protected":false},"excerpt":{"rendered":"<p>Avrupa Birli\u011fi (AB), \u0130srail&#8217;in abluka alt\u0131nda tuttu\u011fu Gazze&#8217;ye y\u00f6nelik sald\u0131r\u0131lar\u0131n\u0131n ard\u0131ndan &#8220;t\u00fcm taraflara&#8221; azami itidal \u00e7a\u011fr\u0131s\u0131nda bulundu. AB D\u0131\u015f \u0130li\u015fkiler ve G\u00fcvenlik Politikas\u0131 Y\u00fcksek Temsilcisi Josep Borrell&#8217;in ofisinden yap\u0131lan a\u00e7\u0131klamada, AB&#8217;nin Gazze&#8217;deki geli\u015fmeleri &#8220;b\u00fcy\u00fck endi\u015feyle izledi\u011fi&#8221; belirtildi. A\u00e7\u0131klamada, &#8220;AB, gerginli\u011fin daha fazla y\u00fckselmemesi ve daha fazla can kayb\u0131n\u0131n \u00f6nlenmesi i\u00e7in t\u00fcm taraflara azami itidal \u00e7a\u011fr\u0131s\u0131 [&hellip;]<\/p>","protected":false},"author":1,"featured_media":6680,"comment_status":"open","ping_status":"open","sticky":false,"template":"","format":"standard","meta":{"om_disable_all_campaigns":false,"_monsterinsights_skip_tracking":false,"_monsterinsights_sitenote_active":false,"_monsterinsights_sitenote_note":"","_monsterinsights_sitenote_category":0,"_uf_show_specific_survey":0,"_uf_disable_surveys":false,"footnotes":"","jetpack_publicize_message":"","jetpack_publicize_feature_enabled":true,"jetpack_social_post_already_shared":false,"jetpack_social_options":{"image_generator_settings":{"template":"highway","default_image_id":0,"font":"","enabled":false},"version":2}},"categories":[85],"tags":[764],"class_list":{"0":"post-7744","1":"post","2":"type-post","3":"status-publish","4":"format-standard","5":"has-post-thumbnail","7":"category-dunya","8":"tag-ab"},"yoast_head":"<!-- This site is optimized with the Yoast SEO plugin v23.8 - https:\/\/yoast.com\/wordpress\/plugins\/seo\/ -->\n<title>AB, \u0130srail&#039;in Gazze&#039;ye sald\u0131r\u0131s\u0131 sonras\u0131nda itidal \u00e7a\u011fr\u0131s\u0131 yapt\u0131 - NETBAKIS<\/title>\n<meta name=\"robots\" content=\"index, follow, max-snippet:-1, max-image-preview:large, max-video-preview:-1\" \/>\n<link rel=\"canonical\" href=\"https:\/\/netbakis.net\/tr\/7744\/\" \/>\n<meta property=\"og:locale\" content=\"tr_TR\" \/>\n<meta property=\"og:type\" content=\"article\" \/>\n<meta property=\"og:title\" content=\"AB, \u0130srail&#039;in Gazze&#039;ye sald\u0131r\u0131s\u0131 sonras\u0131nda itidal \u00e7a\u011fr\u0131s\u0131 yapt\u0131 - NETBAKIS\" \/>\n<meta property=\"og:description\" content=\"Avrupa Birli\u011fi (AB), \u0130srail&#8217;in abluka alt\u0131nda tuttu\u011fu Gazze&#8217;ye y\u00f6nelik sald\u0131r\u0131lar\u0131n\u0131n ard\u0131ndan &#8220;t\u00fcm taraflara&#8221; azami itidal \u00e7a\u011fr\u0131s\u0131nda bulundu. AB D\u0131\u015f \u0130li\u015fkiler ve G\u00fcvenlik Politikas\u0131 Y\u00fcksek Temsilcisi Josep Borrell&#8217;in ofisinden yap\u0131lan a\u00e7\u0131klamada, AB&#8217;nin Gazze&#8217;deki geli\u015fmeleri &#8220;b\u00fcy\u00fck endi\u015feyle izledi\u011fi&#8221; belirtildi. A\u00e7\u0131klamada, &#8220;AB, gerginli\u011fin daha fazla y\u00fckselmemesi ve daha fazla can kayb\u0131n\u0131n \u00f6nlenmesi i\u00e7in t\u00fcm taraflara azami itidal \u00e7a\u011fr\u0131s\u0131 [&hellip;]\" \/>\n<meta property=\"og:url\" content=\"https:\/\/netbakis.net\/tr\/7744\/\" \/>\n<meta property=\"og:site_name\" content=\"NETBAKIS\" \/>\n<meta property=\"article:published_time\" content=\"2022-08-07T05:54:56+00:00\" \/>\n<meta property=\"article:modified_time\" content=\"2022-08-07T05:55:02+00:00\" \/>\n<meta property=\"og:image\" content=\"https:\/\/netbakis.net\/wp-content\/uploads\/2022\/02\/ab_lubnan_da_yeni_hukumetin_hizlica_kurulmasi_hayati_onemde_1601299078.jpg\" \/>\n\t<meta property=\"og:image:width\" content=\"731\" \/>\n\t<meta property=\"og:image:height\" content=\"410\" \/>\n\t<meta property=\"og:image:type\" content=\"image\/jpeg\" \/>\n<meta name=\"author\" content=\"netbakis.net\" \/>\n<meta name=\"twitter:card\" content=\"summary_large_image\" \/>\n<meta name=\"twitter:label1\" content=\"Yazan:\" \/>\n\t<meta name=\"twitter:data1\" content=\"netbakis.net\" \/>\n\t<meta name=\"twitter:label2\" content=\"Tahmini okuma s\u00fcresi\" \/>\n\t<meta name=\"twitter:data2\" content=\"1 dakika\" \/>\n<script type=\"application\/ld+json\" class=\"yoast-schema-graph\">{\"@context\":\"https:\/\/schema.org\",\"@graph\":[{\"@type\":\"WebPage\",\"@id\":\"https:\/\/netbakis.net\/7744\/\",\"url\":\"https:\/\/netbakis.net\/7744\/\",\"name\":\"AB, \u0130srail'in Gazze'ye sald\u0131r\u0131s\u0131 sonras\u0131nda itidal \u00e7a\u011fr\u0131s\u0131 yapt\u0131 - NETBAKIS\",\"isPartOf\":{\"@id\":\"https:\/\/netbakis.net\/#website\"},\"primaryImageOfPage\":{\"@id\":\"https:\/\/netbakis.net\/7744\/#primaryimage\"},\"image\":{\"@id\":\"https:\/\/netbakis.net\/7744\/#primaryimage\"},\"thumbnailUrl\":\"https:\/\/netbakis.net\/wp-content\/uploads\/2022\/02\/ab_lubnan_da_yeni_hukumetin_hizlica_kurulmasi_hayati_onemde_1601299078.jpg\",\"datePublished\":\"2022-08-07T05:54:56+00:00\",\"dateModified\":\"2022-08-07T05:55:02+00:00\",\"author\":{\"@id\":\"https:\/\/netbakis.net\/#\/schema\/person\/5d9b5c3f48ca4a3c69967d619fc8c7f4\"},\"breadcrumb\":{\"@id\":\"https:\/\/netbakis.net\/7744\/#breadcrumb\"},\"inLanguage\":\"tr\",\"potentialAction\":[{\"@type\":\"ReadAction\",\"target\":[\"https:\/\/netbakis.net\/7744\/\"]}]},{\"@type\":\"ImageObject\",\"inLanguage\":\"tr\",\"@id\":\"https:\/\/netbakis.net\/7744\/#primaryimage\",\"url\":\"https:\/\/netbakis.net\/wp-content\/uploads\/2022\/02\/ab_lubnan_da_yeni_hukumetin_hizlica_kurulmasi_hayati_onemde_1601299078.jpg\",\"contentUrl\":\"https:\/\/netbakis.net\/wp-content\/uploads\/2022\/02\/ab_lubnan_da_yeni_hukumetin_hizlica_kurulmasi_hayati_onemde_1601299078.jpg\",\"width\":731,\"height\":410,\"caption\":\"Avrupa Birli\u011fi ab\"},{\"@type\":\"BreadcrumbList\",\"@id\":\"https:\/\/netbakis.net\/7744\/#breadcrumb\",\"itemListElement\":[{\"@type\":\"ListItem\",\"position\":1,\"name\":\"Home\",\"item\":\"https:\/\/netbakis.net\/\"},{\"@type\":\"ListItem\",\"position\":2,\"name\":\"AB, \u0130srail&#8217;in Gazze&#8217;ye sald\u0131r\u0131s\u0131 sonras\u0131nda itidal \u00e7a\u011fr\u0131s\u0131 yapt\u0131\"}]},{\"@type\":\"WebSite\",\"@id\":\"https:\/\/netbakis.net\/#website\",\"url\":\"https:\/\/netbakis.net\/\",\"name\":\"NETBAKIS\",\"description\":\"SON DAKIKA\",\"potentialAction\":[{\"@type\":\"SearchAction\",\"target\":{\"@type\":\"EntryPoint\",\"urlTemplate\":\"https:\/\/netbakis.net\/?s={search_term_string}\"},\"query-input\":{\"@type\":\"PropertyValueSpecification\",\"valueRequired\":true,\"valueName\":\"search_term_string\"}}],\"inLanguage\":\"tr\"},{\"@type\":\"Person\",\"@id\":\"https:\/\/netbakis.net\/#\/schema\/person\/5d9b5c3f48ca4a3c69967d619fc8c7f4\",\"name\":\"netbakis.net\",\"image\":{\"@type\":\"ImageObject\",\"inLanguage\":\"tr\",\"@id\":\"https:\/\/netbakis.net\/#\/schema\/person\/image\/\",\"url\":\"https:\/\/secure.gravatar.com\/avatar\/4ddeae49d2d3e3568a8d5b0937642efdf0b72468dbe3f213bc1978faa47af0d1?s=96&d=wp_user_avatar&r=g\",\"contentUrl\":\"https:\/\/secure.gravatar.com\/avatar\/4ddeae49d2d3e3568a8d5b0937642efdf0b72468dbe3f213bc1978faa47af0d1?s=96&d=wp_user_avatar&r=g\",\"caption\":\"netbakis.net\"},\"sameAs\":[\"https:\/\/netbakis.net\"],\"url\":\"https:\/\/netbakis.net\/tr\/author\/netbakis-net\/\"}]}<\/script>\n<!-- \/ Yoast SEO plugin. -->","yoast_head_json":{"title":"AB, \u0130srail'in Gazze'ye sald\u0131r\u0131s\u0131 sonras\u0131nda itidal \u00e7a\u011fr\u0131s\u0131 yapt\u0131 - NETBAKIS","robots":{"index":"index","follow":"follow","max-snippet":"max-snippet:-1","max-image-preview":"max-image-preview:large","max-video-preview":"max-video-preview:-1"},"canonical":"https:\/\/netbakis.net\/tr\/7744\/","og_locale":"tr_TR","og_type":"article","og_title":"AB, \u0130srail'in Gazze'ye sald\u0131r\u0131s\u0131 sonras\u0131nda itidal \u00e7a\u011fr\u0131s\u0131 yapt\u0131 - NETBAKIS","og_description":"Avrupa Birli\u011fi (AB), \u0130srail&#8217;in abluka alt\u0131nda tuttu\u011fu Gazze&#8217;ye y\u00f6nelik sald\u0131r\u0131lar\u0131n\u0131n ard\u0131ndan &#8220;t\u00fcm taraflara&#8221; azami itidal \u00e7a\u011fr\u0131s\u0131nda bulundu. AB D\u0131\u015f \u0130li\u015fkiler ve G\u00fcvenlik Politikas\u0131 Y\u00fcksek Temsilcisi Josep Borrell&#8217;in ofisinden yap\u0131lan a\u00e7\u0131klamada, AB&#8217;nin Gazze&#8217;deki geli\u015fmeleri &#8220;b\u00fcy\u00fck endi\u015feyle izledi\u011fi&#8221; belirtildi. A\u00e7\u0131klamada, &#8220;AB, gerginli\u011fin daha fazla y\u00fckselmemesi ve daha fazla can kayb\u0131n\u0131n \u00f6nlenmesi i\u00e7in t\u00fcm taraflara azami itidal \u00e7a\u011fr\u0131s\u0131 [&hellip;]","og_url":"https:\/\/netbakis.net\/tr\/7744\/","og_site_name":"NETBAKIS","article_published_time":"2022-08-07T05:54:56+00:00","article_modified_time":"2022-08-07T05:55:02+00:00","og_image":[{"width":731,"height":410,"url":"https:\/\/netbakis.net\/wp-content\/uploads\/2022\/02\/ab_lubnan_da_yeni_hukumetin_hizlica_kurulmasi_hayati_onemde_1601299078.jpg","type":"image\/jpeg"}],"author":"netbakis.net","twitter_card":"summary_large_image","twitter_misc":{"Yazan:":"netbakis.net","Tahmini okuma s\u00fcresi":"1 dakika"},"schema":{"@context":"https:\/\/schema.org","@graph":[{"@type":"WebPage","@id":"https:\/\/netbakis.net\/7744\/","url":"https:\/\/netbakis.net\/7744\/","name":"AB, \u0130srail'in Gazze'ye sald\u0131r\u0131s\u0131 sonras\u0131nda itidal \u00e7a\u011fr\u0131s\u0131 yapt\u0131 - NETBAKIS","isPartOf":{"@id":"https:\/\/netbakis.net\/#website"},"primaryImageOfPage":{"@id":"https:\/\/netbakis.net\/7744\/#primaryimage"},"image":{"@id":"https:\/\/netbakis.net\/7744\/#primaryimage"},"thumbnailUrl":"https:\/\/netbakis.net\/wp-content\/uploads\/2022\/02\/ab_lubnan_da_yeni_hukumetin_hizlica_kurulmasi_hayati_onemde_1601299078.jpg","datePublished":"2022-08-07T05:54:56+00:00","dateModified":"2022-08-07T05:55:02+00:00","author":{"@id":"https:\/\/netbakis.net\/#\/schema\/person\/5d9b5c3f48ca4a3c69967d619fc8c7f4"},"breadcrumb":{"@id":"https:\/\/netbakis.net\/7744\/#breadcrumb"},"inLanguage":"tr","potentialAction":[{"@type":"ReadAction","target":["https:\/\/netbakis.net\/7744\/"]}]},{"@type":"ImageObject","inLanguage":"tr","@id":"https:\/\/netbakis.net\/7744\/#primaryimage","url":"https:\/\/netbakis.net\/wp-content\/uploads\/2022\/02\/ab_lubnan_da_yeni_hukumetin_hizlica_kurulmasi_hayati_onemde_1601299078.jpg","contentUrl":"https:\/\/netbakis.net\/wp-content\/uploads\/2022\/02\/ab_lubnan_da_yeni_hukumetin_hizlica_kurulmasi_hayati_onemde_1601299078.jpg","width":731,"height":410,"caption":"Avrupa Birli\u011fi ab"},{"@type":"BreadcrumbList","@id":"https:\/\/netbakis.net\/7744\/#breadcrumb","itemListElement":[{"@type":"ListItem","position":1,"name":"Home","item":"https:\/\/netbakis.net\/"},{"@type":"ListItem","position":2,"name":"AB, \u0130srail&#8217;in Gazze&#8217;ye sald\u0131r\u0131s\u0131 sonras\u0131nda itidal \u00e7a\u011fr\u0131s\u0131 yapt\u0131"}]},{"@type":"WebSite","@id":"https:\/\/netbakis.net\/#website","url":"https:\/\/netbakis.net\/","name":"NETBAKIS","description":"SON DAKIKA","potentialAction":[{"@type":"SearchAction","target":{"@type":"EntryPoint","urlTemplate":"https:\/\/netbakis.net\/?s={search_term_string}"},"query-input":{"@type":"PropertyValueSpecification","valueRequired":true,"valueName":"search_term_string"}}],"inLanguage":"tr"},{"@type":"Person","@id":"https:\/\/netbakis.net\/#\/schema\/person\/5d9b5c3f48ca4a3c69967d619fc8c7f4","name":"netbakis.net","image":{"@type":"ImageObject","inLanguage":"tr","@id":"https:\/\/netbakis.net\/#\/schema\/person\/image\/","url":"https:\/\/secure.gravatar.com\/avatar\/4ddeae49d2d3e3568a8d5b0937642efdf0b72468dbe3f213bc1978faa47af0d1?s=96&d=wp_user_avatar&r=g","contentUrl":"https:\/\/secure.gravatar.com\/avatar\/4ddeae49d2d3e3568a8d5b0937642efdf0b72468dbe3f213bc1978faa47af0d1?s=96&d=wp_user_avatar&r=g","caption":"netbakis.net"},"sameAs":["https:\/\/netbakis.net"],"url":"https:\/\/netbakis.net\/tr\/author\/netbakis-net\/"}]}},"jetpack_publicize_connections":[],"_links":{"self":[{"href":"https:\/\/netbakis.net\/tr\/wp-json\/wp\/v2\/posts\/7744","targetHints":{"allow":["GET"]}}],"collection":[{"href":"https:\/\/netbakis.net\/tr\/wp-json\/wp\/v2\/posts"}],"about":[{"href":"https:\/\/netbakis.net\/tr\/wp-json\/wp\/v2\/types\/post"}],"author":[{"embeddable":true,"href":"https:\/\/netbakis.net\/tr\/wp-json\/wp\/v2\/users\/1"}],"replies":[{"embeddable":true,"href":"https:\/\/netbakis.net\/tr\/wp-json\/wp\/v2\/comments?post=7744"}],"version-history":[{"count":1,"href":"https:\/\/netbakis.net\/tr\/wp-json\/wp\/v2\/posts\/7744\/revisions"}],"predecessor-version":[{"id":7745,"href":"https:\/\/netbakis.net\/tr\/wp-json\/wp\/v2\/posts\/7744\/revisions\/7745"}],"wp:featuredmedia":[{"embeddable":true,"href":"https:\/\/netbakis.net\/tr\/wp-json\/wp\/v2\/media\/6680"}],"wp:attachment":[{"href":"https:\/\/netbakis.net\/tr\/wp-json\/wp\/v2\/media?parent=7744"}],"wp:term":[{"taxonomy":"category","embeddable":true,"href":"https:\/\/netbakis.net\/tr\/wp-json\/wp\/v2\/categories?post=7744"},{"taxonomy":"post_tag","embeddable":true,"href":"https:\/\/netbakis.net\/tr\/wp-json\/wp\/v2\/tags?post=7744"}],"curies":[{"name":"wp","href":"https:\/\/api.w.org\/{rel}","templated":true}]}}