{"id":7720,"date":"2022-08-06T10:49:42","date_gmt":"2022-08-06T10:49:42","guid":{"rendered":"https:\/\/netbakis.net\/?p=7720"},"modified":"2022-08-06T10:49:46","modified_gmt":"2022-08-06T10:49:46","slug":"denizlerde-iklim-degisikligi-yuzunden-istilaci-baliklar-geldi","status":"publish","type":"post","link":"https:\/\/netbakis.net\/tr\/7720\/","title":{"rendered":"Denizlerde iklim de\u011fi\u015fikli\u011fi y\u00fcz\u00fcnden \u201cistilac\u0131 bal\u0131klar\u201d geldi"},"content":{"rendered":"<p>Ada etraf\u0131ndaki denizlere, iklim de\u011fi\u015fikli\u011fi nedeniyle su s\u0131cakl\u0131\u011f\u0131n\u0131n artmas\u0131yla istilac\u0131 bal\u0131k t\u00fcrleri geldi\u011fi bildirildi.<\/p>\n\n\n\n<p>Ada etraf\u0131ndaki denizlere, iklim de\u011fi\u015fikli\u011fi nedeniyle su s\u0131cakl\u0131\u011f\u0131n\u0131n artmas\u0131yla istilac\u0131 bal\u0131k t\u00fcrleri geldi\u011fi bildirildi.<\/p>\n\n\n\n<p>Fileleftheros gazetesi, \u201cCyprus Marine and Maritime Institute\u201d yetkilisi, biyolog ve ara\u015ft\u0131rmac\u0131 Luis Hac\u0131yoannu\u2019nun a\u00e7\u0131klamas\u0131na g\u00f6re, deniz \u0131s\u0131s\u0131nda normalin \u00fczerinde art\u0131\u015f ya\u015fand\u0131\u011f\u0131n\u0131 ve bu durumun, istilac\u0131 bal\u0131k t\u00fcrlerinin \u00e7o\u011falmas\u0131na neden oldu\u011funu kaydederek, mercan bal\u0131klar\u0131n\u0131n \u00f6lmeye ba\u015flad\u0131\u011f\u0131n\u0131 ve genel olarak \u00e7evrenin tehdit alt\u0131nda oldu\u011funu s\u00f6yledi\u011fini yazd\u0131.<\/p>\n\n\n\n<p>Habere g\u00f6re Hac\u0131yoannu, do\u011fru bilgilendirme ve radikal eylemler yap\u0131lmas\u0131 gereklili\u011finin alt\u0131n\u0131 \u00e7izerken, aslan bal\u0131\u011f\u0131 \u00f6rne\u011fini verdi ve 10 sene \u00f6nce ilk aslan bal\u0131\u011f\u0131 tespit edildi\u011finde, bu bal\u0131klar\u0131 denizden yok etmek i\u00e7in izin istediklerini, ancak mekanizma devreye girene kadar 2 sene ge\u00e7ti\u011fini ve \u015fimdi n\u00fcfusu \u00e7o\u011falan bu bal\u0131klar\u0131n denizden uzakla\u015ft\u0131r\u0131lmas\u0131n\u0131n imkans\u0131z oldu\u011funu belirtti.<\/p>","protected":false},"excerpt":{"rendered":"<p>Ada etraf\u0131ndaki denizlere, iklim de\u011fi\u015fikli\u011fi nedeniyle su s\u0131cakl\u0131\u011f\u0131n\u0131n artmas\u0131yla istilac\u0131 bal\u0131k t\u00fcrleri geldi\u011fi bildirildi. Ada etraf\u0131ndaki denizlere, iklim de\u011fi\u015fikli\u011fi nedeniyle su s\u0131cakl\u0131\u011f\u0131n\u0131n artmas\u0131yla istilac\u0131 bal\u0131k t\u00fcrleri geldi\u011fi bildirildi. Fileleftheros gazetesi, \u201cCyprus Marine and Maritime Institute\u201d yetkilisi, biyolog ve ara\u015ft\u0131rmac\u0131 Luis Hac\u0131yoannu\u2019nun a\u00e7\u0131klamas\u0131na g\u00f6re, deniz \u0131s\u0131s\u0131nda normalin \u00fczerinde art\u0131\u015f ya\u015fand\u0131\u011f\u0131n\u0131 ve bu durumun, istilac\u0131 bal\u0131k t\u00fcrlerinin [&hellip;]<\/p>","protected":false},"author":1,"featured_media":7721,"comment_status":"open","ping_status":"open","sticky":false,"template":"","format":"standard","meta":{"om_disable_all_campaigns":false,"_monsterinsights_skip_tracking":false,"_monsterinsights_sitenote_active":false,"_monsterinsights_sitenote_note":"","_monsterinsights_sitenote_category":0,"_uf_show_specific_survey":0,"_uf_disable_surveys":false,"footnotes":"","jetpack_publicize_message":"","jetpack_publicize_feature_enabled":true,"jetpack_social_post_already_shared":false,"jetpack_social_options":{"image_generator_settings":{"template":"highway","default_image_id":0,"font":"","enabled":false},"version":2}},"categories":[81],"tags":[759],"class_list":{"0":"post-7720","1":"post","2":"type-post","3":"status-publish","4":"format-standard","5":"has-post-thumbnail","7":"category-gundem","8":"tag-denizlerde-iklim-degisikligi-yuzunden-istilaci-baliklar-geldi"},"yoast_head":"<!-- This site is optimized with the Yoast SEO plugin v23.8 - https:\/\/yoast.com\/wordpress\/plugins\/seo\/ -->\n<title>Denizlerde iklim de\u011fi\u015fikli\u011fi y\u00fcz\u00fcnden \u201cistilac\u0131 bal\u0131klar\u201d geldi - NETBAKIS<\/title>\n<meta name=\"robots\" content=\"index, follow, max-snippet:-1, max-image-preview:large, max-video-preview:-1\" \/>\n<link rel=\"canonical\" href=\"https:\/\/netbakis.net\/tr\/7720\/\" \/>\n<meta property=\"og:locale\" content=\"tr_TR\" \/>\n<meta property=\"og:type\" content=\"article\" \/>\n<meta property=\"og:title\" content=\"Denizlerde iklim de\u011fi\u015fikli\u011fi y\u00fcz\u00fcnden \u201cistilac\u0131 bal\u0131klar\u201d geldi - NETBAKIS\" \/>\n<meta property=\"og:description\" content=\"Ada etraf\u0131ndaki denizlere, iklim de\u011fi\u015fikli\u011fi nedeniyle su s\u0131cakl\u0131\u011f\u0131n\u0131n artmas\u0131yla istilac\u0131 bal\u0131k t\u00fcrleri geldi\u011fi bildirildi. Ada etraf\u0131ndaki denizlere, iklim de\u011fi\u015fikli\u011fi nedeniyle su s\u0131cakl\u0131\u011f\u0131n\u0131n artmas\u0131yla istilac\u0131 bal\u0131k t\u00fcrleri geldi\u011fi bildirildi. Fileleftheros gazetesi, \u201cCyprus Marine and Maritime Institute\u201d yetkilisi, biyolog ve ara\u015ft\u0131rmac\u0131 Luis Hac\u0131yoannu\u2019nun a\u00e7\u0131klamas\u0131na g\u00f6re, deniz \u0131s\u0131s\u0131nda normalin \u00fczerinde art\u0131\u015f ya\u015fand\u0131\u011f\u0131n\u0131 ve bu durumun, istilac\u0131 bal\u0131k t\u00fcrlerinin [&hellip;]\" \/>\n<meta property=\"og:url\" content=\"https:\/\/netbakis.net\/tr\/7720\/\" \/>\n<meta property=\"og:site_name\" content=\"NETBAKIS\" \/>\n<meta property=\"article:published_time\" content=\"2022-08-06T10:49:42+00:00\" \/>\n<meta property=\"article:modified_time\" content=\"2022-08-06T10:49:46+00:00\" \/>\n<meta property=\"og:image\" content=\"https:\/\/netbakis.net\/wp-content\/uploads\/2022\/08\/pexels-photo-8856049.webp\" \/>\n\t<meta property=\"og:image:width\" content=\"1125\" \/>\n\t<meta property=\"og:image:height\" content=\"750\" \/>\n\t<meta property=\"og:image:type\" content=\"image\/webp\" \/>\n<meta name=\"author\" content=\"netbakis.net\" \/>\n<meta name=\"twitter:card\" content=\"summary_large_image\" \/>\n<meta name=\"twitter:label1\" content=\"Yazan:\" \/>\n\t<meta name=\"twitter:data1\" content=\"netbakis.net\" \/>\n\t<meta name=\"twitter:label2\" content=\"Tahmini okuma s\u00fcresi\" \/>\n\t<meta name=\"twitter:data2\" content=\"1 dakika\" \/>\n<script type=\"application\/ld+json\" class=\"yoast-schema-graph\">{\"@context\":\"https:\/\/schema.org\",\"@graph\":[{\"@type\":\"WebPage\",\"@id\":\"https:\/\/netbakis.net\/7720\/\",\"url\":\"https:\/\/netbakis.net\/7720\/\",\"name\":\"Denizlerde iklim de\u011fi\u015fikli\u011fi y\u00fcz\u00fcnden \u201cistilac\u0131 bal\u0131klar\u201d geldi - NETBAKIS\",\"isPartOf\":{\"@id\":\"https:\/\/netbakis.net\/#website\"},\"primaryImageOfPage\":{\"@id\":\"https:\/\/netbakis.net\/7720\/#primaryimage\"},\"image\":{\"@id\":\"https:\/\/netbakis.net\/7720\/#primaryimage\"},\"thumbnailUrl\":\"https:\/\/netbakis.net\/wp-content\/uploads\/2022\/08\/pexels-photo-8856049.webp\",\"datePublished\":\"2022-08-06T10:49:42+00:00\",\"dateModified\":\"2022-08-06T10:49:46+00:00\",\"author\":{\"@id\":\"https:\/\/netbakis.net\/#\/schema\/person\/5d9b5c3f48ca4a3c69967d619fc8c7f4\"},\"breadcrumb\":{\"@id\":\"https:\/\/netbakis.net\/7720\/#breadcrumb\"},\"inLanguage\":\"tr\",\"potentialAction\":[{\"@type\":\"ReadAction\",\"target\":[\"https:\/\/netbakis.net\/7720\/\"]}]},{\"@type\":\"ImageObject\",\"inLanguage\":\"tr\",\"@id\":\"https:\/\/netbakis.net\/7720\/#primaryimage\",\"url\":\"https:\/\/netbakis.net\/wp-content\/uploads\/2022\/08\/pexels-photo-8856049.webp\",\"contentUrl\":\"https:\/\/netbakis.net\/wp-content\/uploads\/2022\/08\/pexels-photo-8856049.webp\",\"width\":1125,\"height\":750,\"caption\":\"istilac\u0131 bal\u0131klar\"},{\"@type\":\"BreadcrumbList\",\"@id\":\"https:\/\/netbakis.net\/7720\/#breadcrumb\",\"itemListElement\":[{\"@type\":\"ListItem\",\"position\":1,\"name\":\"Home\",\"item\":\"https:\/\/netbakis.net\/\"},{\"@type\":\"ListItem\",\"position\":2,\"name\":\"Denizlerde iklim de\u011fi\u015fikli\u011fi y\u00fcz\u00fcnden \u201cistilac\u0131 bal\u0131klar\u201d geldi\"}]},{\"@type\":\"WebSite\",\"@id\":\"https:\/\/netbakis.net\/#website\",\"url\":\"https:\/\/netbakis.net\/\",\"name\":\"NETBAKIS\",\"description\":\"SON DAKIKA\",\"potentialAction\":[{\"@type\":\"SearchAction\",\"target\":{\"@type\":\"EntryPoint\",\"urlTemplate\":\"https:\/\/netbakis.net\/?s={search_term_string}\"},\"query-input\":{\"@type\":\"PropertyValueSpecification\",\"valueRequired\":true,\"valueName\":\"search_term_string\"}}],\"inLanguage\":\"tr\"},{\"@type\":\"Person\",\"@id\":\"https:\/\/netbakis.net\/#\/schema\/person\/5d9b5c3f48ca4a3c69967d619fc8c7f4\",\"name\":\"netbakis.net\",\"image\":{\"@type\":\"ImageObject\",\"inLanguage\":\"tr\",\"@id\":\"https:\/\/netbakis.net\/#\/schema\/person\/image\/\",\"url\":\"https:\/\/secure.gravatar.com\/avatar\/4ddeae49d2d3e3568a8d5b0937642efdf0b72468dbe3f213bc1978faa47af0d1?s=96&d=wp_user_avatar&r=g\",\"contentUrl\":\"https:\/\/secure.gravatar.com\/avatar\/4ddeae49d2d3e3568a8d5b0937642efdf0b72468dbe3f213bc1978faa47af0d1?s=96&d=wp_user_avatar&r=g\",\"caption\":\"netbakis.net\"},\"sameAs\":[\"https:\/\/netbakis.net\"],\"url\":\"https:\/\/netbakis.net\/tr\/author\/netbakis-net\/\"}]}<\/script>\n<!-- \/ Yoast SEO plugin. -->","yoast_head_json":{"title":"Denizlerde iklim de\u011fi\u015fikli\u011fi y\u00fcz\u00fcnden \u201cistilac\u0131 bal\u0131klar\u201d geldi - NETBAKIS","robots":{"index":"index","follow":"follow","max-snippet":"max-snippet:-1","max-image-preview":"max-image-preview:large","max-video-preview":"max-video-preview:-1"},"canonical":"https:\/\/netbakis.net\/tr\/7720\/","og_locale":"tr_TR","og_type":"article","og_title":"Denizlerde iklim de\u011fi\u015fikli\u011fi y\u00fcz\u00fcnden \u201cistilac\u0131 bal\u0131klar\u201d geldi - NETBAKIS","og_description":"Ada etraf\u0131ndaki denizlere, iklim de\u011fi\u015fikli\u011fi nedeniyle su s\u0131cakl\u0131\u011f\u0131n\u0131n artmas\u0131yla istilac\u0131 bal\u0131k t\u00fcrleri geldi\u011fi bildirildi. Ada etraf\u0131ndaki denizlere, iklim de\u011fi\u015fikli\u011fi nedeniyle su s\u0131cakl\u0131\u011f\u0131n\u0131n artmas\u0131yla istilac\u0131 bal\u0131k t\u00fcrleri geldi\u011fi bildirildi. Fileleftheros gazetesi, \u201cCyprus Marine and Maritime Institute\u201d yetkilisi, biyolog ve ara\u015ft\u0131rmac\u0131 Luis Hac\u0131yoannu\u2019nun a\u00e7\u0131klamas\u0131na g\u00f6re, deniz \u0131s\u0131s\u0131nda normalin \u00fczerinde art\u0131\u015f ya\u015fand\u0131\u011f\u0131n\u0131 ve bu durumun, istilac\u0131 bal\u0131k t\u00fcrlerinin [&hellip;]","og_url":"https:\/\/netbakis.net\/tr\/7720\/","og_site_name":"NETBAKIS","article_published_time":"2022-08-06T10:49:42+00:00","article_modified_time":"2022-08-06T10:49:46+00:00","og_image":[{"width":1125,"height":750,"url":"https:\/\/netbakis.net\/wp-content\/uploads\/2022\/08\/pexels-photo-8856049.webp","type":"image\/webp"}],"author":"netbakis.net","twitter_card":"summary_large_image","twitter_misc":{"Yazan:":"netbakis.net","Tahmini okuma s\u00fcresi":"1 dakika"},"schema":{"@context":"https:\/\/schema.org","@graph":[{"@type":"WebPage","@id":"https:\/\/netbakis.net\/7720\/","url":"https:\/\/netbakis.net\/7720\/","name":"Denizlerde iklim de\u011fi\u015fikli\u011fi y\u00fcz\u00fcnden \u201cistilac\u0131 bal\u0131klar\u201d geldi - NETBAKIS","isPartOf":{"@id":"https:\/\/netbakis.net\/#website"},"primaryImageOfPage":{"@id":"https:\/\/netbakis.net\/7720\/#primaryimage"},"image":{"@id":"https:\/\/netbakis.net\/7720\/#primaryimage"},"thumbnailUrl":"https:\/\/netbakis.net\/wp-content\/uploads\/2022\/08\/pexels-photo-8856049.webp","datePublished":"2022-08-06T10:49:42+00:00","dateModified":"2022-08-06T10:49:46+00:00","author":{"@id":"https:\/\/netbakis.net\/#\/schema\/person\/5d9b5c3f48ca4a3c69967d619fc8c7f4"},"breadcrumb":{"@id":"https:\/\/netbakis.net\/7720\/#breadcrumb"},"inLanguage":"tr","potentialAction":[{"@type":"ReadAction","target":["https:\/\/netbakis.net\/7720\/"]}]},{"@type":"ImageObject","inLanguage":"tr","@id":"https:\/\/netbakis.net\/7720\/#primaryimage","url":"https:\/\/netbakis.net\/wp-content\/uploads\/2022\/08\/pexels-photo-8856049.webp","contentUrl":"https:\/\/netbakis.net\/wp-content\/uploads\/2022\/08\/pexels-photo-8856049.webp","width":1125,"height":750,"caption":"istilac\u0131 bal\u0131klar"},{"@type":"BreadcrumbList","@id":"https:\/\/netbakis.net\/7720\/#breadcrumb","itemListElement":[{"@type":"ListItem","position":1,"name":"Home","item":"https:\/\/netbakis.net\/"},{"@type":"ListItem","position":2,"name":"Denizlerde iklim de\u011fi\u015fikli\u011fi y\u00fcz\u00fcnden \u201cistilac\u0131 bal\u0131klar\u201d geldi"}]},{"@type":"WebSite","@id":"https:\/\/netbakis.net\/#website","url":"https:\/\/netbakis.net\/","name":"NETBAKIS","description":"SON DAKIKA","potentialAction":[{"@type":"SearchAction","target":{"@type":"EntryPoint","urlTemplate":"https:\/\/netbakis.net\/?s={search_term_string}"},"query-input":{"@type":"PropertyValueSpecification","valueRequired":true,"valueName":"search_term_string"}}],"inLanguage":"tr"},{"@type":"Person","@id":"https:\/\/netbakis.net\/#\/schema\/person\/5d9b5c3f48ca4a3c69967d619fc8c7f4","name":"netbakis.net","image":{"@type":"ImageObject","inLanguage":"tr","@id":"https:\/\/netbakis.net\/#\/schema\/person\/image\/","url":"https:\/\/secure.gravatar.com\/avatar\/4ddeae49d2d3e3568a8d5b0937642efdf0b72468dbe3f213bc1978faa47af0d1?s=96&d=wp_user_avatar&r=g","contentUrl":"https:\/\/secure.gravatar.com\/avatar\/4ddeae49d2d3e3568a8d5b0937642efdf0b72468dbe3f213bc1978faa47af0d1?s=96&d=wp_user_avatar&r=g","caption":"netbakis.net"},"sameAs":["https:\/\/netbakis.net"],"url":"https:\/\/netbakis.net\/tr\/author\/netbakis-net\/"}]}},"jetpack_publicize_connections":[],"_links":{"self":[{"href":"https:\/\/netbakis.net\/tr\/wp-json\/wp\/v2\/posts\/7720","targetHints":{"allow":["GET"]}}],"collection":[{"href":"https:\/\/netbakis.net\/tr\/wp-json\/wp\/v2\/posts"}],"about":[{"href":"https:\/\/netbakis.net\/tr\/wp-json\/wp\/v2\/types\/post"}],"author":[{"embeddable":true,"href":"https:\/\/netbakis.net\/tr\/wp-json\/wp\/v2\/users\/1"}],"replies":[{"embeddable":true,"href":"https:\/\/netbakis.net\/tr\/wp-json\/wp\/v2\/comments?post=7720"}],"version-history":[{"count":1,"href":"https:\/\/netbakis.net\/tr\/wp-json\/wp\/v2\/posts\/7720\/revisions"}],"predecessor-version":[{"id":7722,"href":"https:\/\/netbakis.net\/tr\/wp-json\/wp\/v2\/posts\/7720\/revisions\/7722"}],"wp:featuredmedia":[{"embeddable":true,"href":"https:\/\/netbakis.net\/tr\/wp-json\/wp\/v2\/media\/7721"}],"wp:attachment":[{"href":"https:\/\/netbakis.net\/tr\/wp-json\/wp\/v2\/media?parent=7720"}],"wp:term":[{"taxonomy":"category","embeddable":true,"href":"https:\/\/netbakis.net\/tr\/wp-json\/wp\/v2\/categories?post=7720"},{"taxonomy":"post_tag","embeddable":true,"href":"https:\/\/netbakis.net\/tr\/wp-json\/wp\/v2\/tags?post=7720"}],"curies":[{"name":"wp","href":"https:\/\/api.w.org\/{rel}","templated":true}]}}