{"id":7704,"date":"2022-08-06T06:55:26","date_gmt":"2022-08-06T06:55:26","guid":{"rendered":"https:\/\/netbakis.net\/?p=7704"},"modified":"2022-08-06T06:55:29","modified_gmt":"2022-08-06T06:55:29","slug":"hava-durumu-raporu-10","status":"publish","type":"post","link":"https:\/\/netbakis.net\/tr\/7704\/","title":{"rendered":"Hava durumu raporu!"},"content":{"rendered":"<p>\u00dclke hafta boyunca s\u0131cak ve nemli hava k\u00fctlesinin etkisi alt\u0131nda kalacak, sabah saatleri yer yer sisli olacak.<\/p>\n\n\n\n<p>\u00dclke hafta boyunca s\u0131cak ve nemli hava k\u00fctlesinin etkisi alt\u0131nda kalacak, sabah saatleri yer yer sisli olacak.<\/p>\n\n\n\n<p>Meteoroloji Dairesi\u2019nden verilen bilgiye g\u00f6re, 7&nbsp;&#8211; 12 A\u011fustos tarihleri aras\u0131nda b\u00f6lge, al\u00e7ak bas\u0131n\u00e7 sistemi ile s\u0131cak ve nemli hava k\u00fctlesinin etkisi alt\u0131nda kalacak. Hava hafta boyunca a\u00e7\u0131k ve az bulutlu, baz\u0131 g\u00fcnler sabah saatleri yer yer sisli olacak.<\/p>\n\n\n\n<p>En y\u00fcksek hava s\u0131cakl\u0131\u011f\u0131 genellikle i\u00e7 kesimlerde 36 \u2013 39 \u00baC, sahillerde 31 \u2013 34 \u00baC dolaylar\u0131nda seyredecek. R\u00fczgar genellikle G\u00fcney ve Bat\u0131 y\u00f6nlerden orta kuvvette zaman zaman kuvvetli olarak esecek.<\/p>","protected":false},"excerpt":{"rendered":"<p>\u00dclke hafta boyunca s\u0131cak ve nemli hava k\u00fctlesinin etkisi alt\u0131nda kalacak, sabah saatleri yer yer sisli olacak. \u00dclke hafta boyunca s\u0131cak ve nemli hava k\u00fctlesinin etkisi alt\u0131nda kalacak, sabah saatleri yer yer sisli olacak. Meteoroloji Dairesi\u2019nden verilen bilgiye g\u00f6re, 7&nbsp;&#8211; 12 A\u011fustos tarihleri aras\u0131nda b\u00f6lge, al\u00e7ak bas\u0131n\u00e7 sistemi ile s\u0131cak ve nemli hava k\u00fctlesinin etkisi [&hellip;]<\/p>","protected":false},"author":1,"featured_media":7603,"comment_status":"open","ping_status":"open","sticky":false,"template":"","format":"standard","meta":{"om_disable_all_campaigns":false,"_monsterinsights_skip_tracking":false,"_monsterinsights_sitenote_active":false,"_monsterinsights_sitenote_note":"","_monsterinsights_sitenote_category":0,"_uf_show_specific_survey":0,"_uf_disable_surveys":false,"footnotes":"","jetpack_publicize_message":"","jetpack_publicize_feature_enabled":true,"jetpack_social_post_already_shared":false,"jetpack_social_options":{"image_generator_settings":{"template":"highway","default_image_id":0,"font":"","enabled":false},"version":2}},"categories":[81],"tags":[542],"class_list":{"0":"post-7704","1":"post","2":"type-post","3":"status-publish","4":"format-standard","5":"has-post-thumbnail","7":"category-gundem","8":"tag-hava"},"yoast_head":"<!-- This site is optimized with the Yoast SEO plugin v23.8 - https:\/\/yoast.com\/wordpress\/plugins\/seo\/ -->\n<title>Hava durumu raporu! - NETBAKIS<\/title>\n<meta name=\"robots\" content=\"index, follow, max-snippet:-1, max-image-preview:large, max-video-preview:-1\" \/>\n<link rel=\"canonical\" href=\"https:\/\/netbakis.net\/tr\/7704\/\" \/>\n<meta property=\"og:locale\" content=\"tr_TR\" \/>\n<meta property=\"og:type\" content=\"article\" \/>\n<meta property=\"og:title\" content=\"Hava durumu raporu! - NETBAKIS\" \/>\n<meta property=\"og:description\" content=\"\u00dclke hafta boyunca s\u0131cak ve nemli hava k\u00fctlesinin etkisi alt\u0131nda kalacak, sabah saatleri yer yer sisli olacak. \u00dclke hafta boyunca s\u0131cak ve nemli hava k\u00fctlesinin etkisi alt\u0131nda kalacak, sabah saatleri yer yer sisli olacak. Meteoroloji Dairesi\u2019nden verilen bilgiye g\u00f6re, 7&nbsp;&#8211; 12 A\u011fustos tarihleri aras\u0131nda b\u00f6lge, al\u00e7ak bas\u0131n\u00e7 sistemi ile s\u0131cak ve nemli hava k\u00fctlesinin etkisi [&hellip;]\" \/>\n<meta property=\"og:url\" content=\"https:\/\/netbakis.net\/tr\/7704\/\" \/>\n<meta property=\"og:site_name\" content=\"NETBAKIS\" \/>\n<meta property=\"article:published_time\" content=\"2022-08-06T06:55:26+00:00\" \/>\n<meta property=\"article:modified_time\" content=\"2022-08-06T06:55:29+00:00\" \/>\n<meta property=\"og:image\" content=\"https:\/\/netbakis.net\/wp-content\/uploads\/2022\/08\/Avusturya-asiri-sicak-3.jpeg\" \/>\n\t<meta property=\"og:image:width\" content=\"1000\" \/>\n\t<meta property=\"og:image:height\" content=\"664\" \/>\n\t<meta property=\"og:image:type\" content=\"image\/jpeg\" \/>\n<meta name=\"author\" content=\"netbakis.net\" \/>\n<meta name=\"twitter:card\" content=\"summary_large_image\" \/>\n<meta name=\"twitter:label1\" content=\"Yazan:\" \/>\n\t<meta name=\"twitter:data1\" content=\"netbakis.net\" \/>\n\t<meta name=\"twitter:label2\" content=\"Tahmini okuma s\u00fcresi\" \/>\n\t<meta name=\"twitter:data2\" content=\"1 dakika\" \/>\n<script type=\"application\/ld+json\" class=\"yoast-schema-graph\">{\"@context\":\"https:\/\/schema.org\",\"@graph\":[{\"@type\":\"WebPage\",\"@id\":\"https:\/\/netbakis.net\/7704\/\",\"url\":\"https:\/\/netbakis.net\/7704\/\",\"name\":\"Hava durumu raporu! - NETBAKIS\",\"isPartOf\":{\"@id\":\"https:\/\/netbakis.net\/#website\"},\"primaryImageOfPage\":{\"@id\":\"https:\/\/netbakis.net\/7704\/#primaryimage\"},\"image\":{\"@id\":\"https:\/\/netbakis.net\/7704\/#primaryimage\"},\"thumbnailUrl\":\"https:\/\/netbakis.net\/wp-content\/uploads\/2022\/08\/Avusturya-asiri-sicak-3.jpeg\",\"datePublished\":\"2022-08-06T06:55:26+00:00\",\"dateModified\":\"2022-08-06T06:55:29+00:00\",\"author\":{\"@id\":\"https:\/\/netbakis.net\/#\/schema\/person\/5d9b5c3f48ca4a3c69967d619fc8c7f4\"},\"breadcrumb\":{\"@id\":\"https:\/\/netbakis.net\/7704\/#breadcrumb\"},\"inLanguage\":\"tr\",\"potentialAction\":[{\"@type\":\"ReadAction\",\"target\":[\"https:\/\/netbakis.net\/7704\/\"]}]},{\"@type\":\"ImageObject\",\"inLanguage\":\"tr\",\"@id\":\"https:\/\/netbakis.net\/7704\/#primaryimage\",\"url\":\"https:\/\/netbakis.net\/wp-content\/uploads\/2022\/08\/Avusturya-asiri-sicak-3.jpeg\",\"contentUrl\":\"https:\/\/netbakis.net\/wp-content\/uploads\/2022\/08\/Avusturya-asiri-sicak-3.jpeg\",\"width\":1000,\"height\":664,\"caption\":\"A\u015f\u0131r\u0131 s\u0131cak\"},{\"@type\":\"BreadcrumbList\",\"@id\":\"https:\/\/netbakis.net\/7704\/#breadcrumb\",\"itemListElement\":[{\"@type\":\"ListItem\",\"position\":1,\"name\":\"Home\",\"item\":\"https:\/\/netbakis.net\/\"},{\"@type\":\"ListItem\",\"position\":2,\"name\":\"Hava durumu raporu!\"}]},{\"@type\":\"WebSite\",\"@id\":\"https:\/\/netbakis.net\/#website\",\"url\":\"https:\/\/netbakis.net\/\",\"name\":\"NETBAKIS\",\"description\":\"SON DAKIKA\",\"potentialAction\":[{\"@type\":\"SearchAction\",\"target\":{\"@type\":\"EntryPoint\",\"urlTemplate\":\"https:\/\/netbakis.net\/?s={search_term_string}\"},\"query-input\":{\"@type\":\"PropertyValueSpecification\",\"valueRequired\":true,\"valueName\":\"search_term_string\"}}],\"inLanguage\":\"tr\"},{\"@type\":\"Person\",\"@id\":\"https:\/\/netbakis.net\/#\/schema\/person\/5d9b5c3f48ca4a3c69967d619fc8c7f4\",\"name\":\"netbakis.net\",\"image\":{\"@type\":\"ImageObject\",\"inLanguage\":\"tr\",\"@id\":\"https:\/\/netbakis.net\/#\/schema\/person\/image\/\",\"url\":\"https:\/\/secure.gravatar.com\/avatar\/4ddeae49d2d3e3568a8d5b0937642efdf0b72468dbe3f213bc1978faa47af0d1?s=96&d=wp_user_avatar&r=g\",\"contentUrl\":\"https:\/\/secure.gravatar.com\/avatar\/4ddeae49d2d3e3568a8d5b0937642efdf0b72468dbe3f213bc1978faa47af0d1?s=96&d=wp_user_avatar&r=g\",\"caption\":\"netbakis.net\"},\"sameAs\":[\"https:\/\/netbakis.net\"],\"url\":\"https:\/\/netbakis.net\/tr\/author\/netbakis-net\/\"}]}<\/script>\n<!-- \/ Yoast SEO plugin. -->","yoast_head_json":{"title":"Hava durumu raporu! - NETBAKIS","robots":{"index":"index","follow":"follow","max-snippet":"max-snippet:-1","max-image-preview":"max-image-preview:large","max-video-preview":"max-video-preview:-1"},"canonical":"https:\/\/netbakis.net\/tr\/7704\/","og_locale":"tr_TR","og_type":"article","og_title":"Hava durumu raporu! - NETBAKIS","og_description":"\u00dclke hafta boyunca s\u0131cak ve nemli hava k\u00fctlesinin etkisi alt\u0131nda kalacak, sabah saatleri yer yer sisli olacak. \u00dclke hafta boyunca s\u0131cak ve nemli hava k\u00fctlesinin etkisi alt\u0131nda kalacak, sabah saatleri yer yer sisli olacak. Meteoroloji Dairesi\u2019nden verilen bilgiye g\u00f6re, 7&nbsp;&#8211; 12 A\u011fustos tarihleri aras\u0131nda b\u00f6lge, al\u00e7ak bas\u0131n\u00e7 sistemi ile s\u0131cak ve nemli hava k\u00fctlesinin etkisi [&hellip;]","og_url":"https:\/\/netbakis.net\/tr\/7704\/","og_site_name":"NETBAKIS","article_published_time":"2022-08-06T06:55:26+00:00","article_modified_time":"2022-08-06T06:55:29+00:00","og_image":[{"width":1000,"height":664,"url":"https:\/\/netbakis.net\/wp-content\/uploads\/2022\/08\/Avusturya-asiri-sicak-3.jpeg","type":"image\/jpeg"}],"author":"netbakis.net","twitter_card":"summary_large_image","twitter_misc":{"Yazan:":"netbakis.net","Tahmini okuma s\u00fcresi":"1 dakika"},"schema":{"@context":"https:\/\/schema.org","@graph":[{"@type":"WebPage","@id":"https:\/\/netbakis.net\/7704\/","url":"https:\/\/netbakis.net\/7704\/","name":"Hava durumu raporu! - NETBAKIS","isPartOf":{"@id":"https:\/\/netbakis.net\/#website"},"primaryImageOfPage":{"@id":"https:\/\/netbakis.net\/7704\/#primaryimage"},"image":{"@id":"https:\/\/netbakis.net\/7704\/#primaryimage"},"thumbnailUrl":"https:\/\/netbakis.net\/wp-content\/uploads\/2022\/08\/Avusturya-asiri-sicak-3.jpeg","datePublished":"2022-08-06T06:55:26+00:00","dateModified":"2022-08-06T06:55:29+00:00","author":{"@id":"https:\/\/netbakis.net\/#\/schema\/person\/5d9b5c3f48ca4a3c69967d619fc8c7f4"},"breadcrumb":{"@id":"https:\/\/netbakis.net\/7704\/#breadcrumb"},"inLanguage":"tr","potentialAction":[{"@type":"ReadAction","target":["https:\/\/netbakis.net\/7704\/"]}]},{"@type":"ImageObject","inLanguage":"tr","@id":"https:\/\/netbakis.net\/7704\/#primaryimage","url":"https:\/\/netbakis.net\/wp-content\/uploads\/2022\/08\/Avusturya-asiri-sicak-3.jpeg","contentUrl":"https:\/\/netbakis.net\/wp-content\/uploads\/2022\/08\/Avusturya-asiri-sicak-3.jpeg","width":1000,"height":664,"caption":"A\u015f\u0131r\u0131 s\u0131cak"},{"@type":"BreadcrumbList","@id":"https:\/\/netbakis.net\/7704\/#breadcrumb","itemListElement":[{"@type":"ListItem","position":1,"name":"Home","item":"https:\/\/netbakis.net\/"},{"@type":"ListItem","position":2,"name":"Hava durumu raporu!"}]},{"@type":"WebSite","@id":"https:\/\/netbakis.net\/#website","url":"https:\/\/netbakis.net\/","name":"NETBAKIS","description":"SON DAKIKA","potentialAction":[{"@type":"SearchAction","target":{"@type":"EntryPoint","urlTemplate":"https:\/\/netbakis.net\/?s={search_term_string}"},"query-input":{"@type":"PropertyValueSpecification","valueRequired":true,"valueName":"search_term_string"}}],"inLanguage":"tr"},{"@type":"Person","@id":"https:\/\/netbakis.net\/#\/schema\/person\/5d9b5c3f48ca4a3c69967d619fc8c7f4","name":"netbakis.net","image":{"@type":"ImageObject","inLanguage":"tr","@id":"https:\/\/netbakis.net\/#\/schema\/person\/image\/","url":"https:\/\/secure.gravatar.com\/avatar\/4ddeae49d2d3e3568a8d5b0937642efdf0b72468dbe3f213bc1978faa47af0d1?s=96&d=wp_user_avatar&r=g","contentUrl":"https:\/\/secure.gravatar.com\/avatar\/4ddeae49d2d3e3568a8d5b0937642efdf0b72468dbe3f213bc1978faa47af0d1?s=96&d=wp_user_avatar&r=g","caption":"netbakis.net"},"sameAs":["https:\/\/netbakis.net"],"url":"https:\/\/netbakis.net\/tr\/author\/netbakis-net\/"}]}},"jetpack_publicize_connections":[],"_links":{"self":[{"href":"https:\/\/netbakis.net\/tr\/wp-json\/wp\/v2\/posts\/7704","targetHints":{"allow":["GET"]}}],"collection":[{"href":"https:\/\/netbakis.net\/tr\/wp-json\/wp\/v2\/posts"}],"about":[{"href":"https:\/\/netbakis.net\/tr\/wp-json\/wp\/v2\/types\/post"}],"author":[{"embeddable":true,"href":"https:\/\/netbakis.net\/tr\/wp-json\/wp\/v2\/users\/1"}],"replies":[{"embeddable":true,"href":"https:\/\/netbakis.net\/tr\/wp-json\/wp\/v2\/comments?post=7704"}],"version-history":[{"count":1,"href":"https:\/\/netbakis.net\/tr\/wp-json\/wp\/v2\/posts\/7704\/revisions"}],"predecessor-version":[{"id":7705,"href":"https:\/\/netbakis.net\/tr\/wp-json\/wp\/v2\/posts\/7704\/revisions\/7705"}],"wp:featuredmedia":[{"embeddable":true,"href":"https:\/\/netbakis.net\/tr\/wp-json\/wp\/v2\/media\/7603"}],"wp:attachment":[{"href":"https:\/\/netbakis.net\/tr\/wp-json\/wp\/v2\/media?parent=7704"}],"wp:term":[{"taxonomy":"category","embeddable":true,"href":"https:\/\/netbakis.net\/tr\/wp-json\/wp\/v2\/categories?post=7704"},{"taxonomy":"post_tag","embeddable":true,"href":"https:\/\/netbakis.net\/tr\/wp-json\/wp\/v2\/tags?post=7704"}],"curies":[{"name":"wp","href":"https:\/\/api.w.org\/{rel}","templated":true}]}}