{"id":7691,"date":"2022-08-05T09:30:07","date_gmt":"2022-08-05T09:30:07","guid":{"rendered":"https:\/\/netbakis.net\/?p=7691"},"modified":"2022-08-05T09:30:09","modified_gmt":"2022-08-05T09:30:09","slug":"falyali-cinayetiyle-ilgili-dava-12-agustosa-ertelendi","status":"publish","type":"post","link":"https:\/\/netbakis.net\/tr\/7691\/","title":{"rendered":"Falyal\u0131 cinayetiyle ilgili dava 12 A\u011fustos\u2019a ertelendi"},"content":{"rendered":"<p>Halil Falyal\u0131 ve \u015fof\u00f6r\u00fc Murat Demirta\u015f\u2019\u0131n cinayetiyle ilgili mahkeme s\u00fcreci devam ediyor.<\/p>\n\n\n\n<p>\u00c7atalk\u00f6y\u2019de 6 ay \u00f6nce u\u011frad\u0131\u011f\u0131 silahl\u0131 sald\u0131r\u0131da hayat\u0131n\u0131 kaybeden i\u015f insan\u0131 Halil Falyal\u0131 ve \u015fof\u00f6r\u00fc Murat Demirta\u015f\u2019\u0131n cinayetiyle ilgili mahkeme s\u00fcreci devam ediyor.<\/p>\n\n\n\n<p>Falyal\u0131 ve Demirta\u015f\u2019\u0131n \u00f6ld\u00fcr\u00fclmesiyle ba\u011flant\u0131l\u0131 olarak tutuklanan zanl\u0131lar \u00d6.T. , M.\u00c7., ve V.S. bu sabah Girne Mahkemesi\u2019ne \u00e7\u0131kar\u0131ld\u0131. Dava 12 A\u011fustos\u2019a ertelendi.<\/p>\n\n\n\n<p>8 \u015eubat ak\u015fam\u0131 \u00c7atalk\u00f6y&#8217;de Halil Falyal\u0131&#8217;n\u0131n arac\u0131na ate\u015f a\u00e7\u0131lm\u0131\u015f, \u015fof\u00f6r\u00fc Murat Demirta\u015f olay yerinde; sald\u0131r\u0131da a\u011f\u0131r yaralanan Falyal\u0131 ise Yak\u0131n Do\u011fu \u00dcniversitesi (YD\u00dc) Hastanesi\u2019nde hayat\u0131n\u0131 kaybetmi\u015fti.<\/p>\n\n\n\n<p>Olay sonras\u0131nda Falyal\u0131\u2019n\u0131n korumalar\u0131 kanunsuz ate\u015fli silah ta\u015f\u0131mak ve kullanmaktan yarg\u0131lanm\u0131\u015f, T.G\u2019ye 4 y\u0131l, H.I\u2019ya 3 y\u0131l hapis cezas\u0131 verilmi\u015fti.<\/p>","protected":false},"excerpt":{"rendered":"<p>Halil Falyal\u0131 ve \u015fof\u00f6r\u00fc Murat Demirta\u015f\u2019\u0131n cinayetiyle ilgili mahkeme s\u00fcreci devam ediyor. \u00c7atalk\u00f6y\u2019de 6 ay \u00f6nce u\u011frad\u0131\u011f\u0131 silahl\u0131 sald\u0131r\u0131da hayat\u0131n\u0131 kaybeden i\u015f insan\u0131 Halil Falyal\u0131 ve \u015fof\u00f6r\u00fc Murat Demirta\u015f\u2019\u0131n cinayetiyle ilgili mahkeme s\u00fcreci devam ediyor. Falyal\u0131 ve Demirta\u015f\u2019\u0131n \u00f6ld\u00fcr\u00fclmesiyle ba\u011flant\u0131l\u0131 olarak tutuklanan zanl\u0131lar \u00d6.T. , M.\u00c7., ve V.S. bu sabah Girne Mahkemesi\u2019ne \u00e7\u0131kar\u0131ld\u0131. Dava 12 [&hellip;]<\/p>","protected":false},"author":1,"featured_media":7692,"comment_status":"open","ping_status":"open","sticky":false,"template":"","format":"standard","meta":{"om_disable_all_campaigns":false,"_monsterinsights_skip_tracking":false,"_monsterinsights_sitenote_active":false,"_monsterinsights_sitenote_note":"","_monsterinsights_sitenote_category":0,"_uf_show_specific_survey":0,"_uf_disable_surveys":false,"footnotes":"","jetpack_publicize_message":"","jetpack_publicize_feature_enabled":true,"jetpack_social_post_already_shared":false,"jetpack_social_options":{"image_generator_settings":{"template":"highway","default_image_id":0,"font":"","enabled":false},"version":2}},"categories":[81],"tags":[750],"class_list":{"0":"post-7691","1":"post","2":"type-post","3":"status-publish","4":"format-standard","5":"has-post-thumbnail","7":"category-gundem","8":"tag-falyali-cinayetiyle-ilgili-dava-12-agustosa-ertelendi"},"yoast_head":"<!-- This site is optimized with the Yoast SEO plugin v23.8 - https:\/\/yoast.com\/wordpress\/plugins\/seo\/ -->\n<title>Falyal\u0131 cinayetiyle ilgili dava 12 A\u011fustos\u2019a ertelendi - NETBAKIS<\/title>\n<meta name=\"robots\" content=\"index, follow, max-snippet:-1, max-image-preview:large, max-video-preview:-1\" \/>\n<link rel=\"canonical\" href=\"https:\/\/netbakis.net\/tr\/7691\/\" \/>\n<meta property=\"og:locale\" content=\"tr_TR\" \/>\n<meta property=\"og:type\" content=\"article\" \/>\n<meta property=\"og:title\" content=\"Falyal\u0131 cinayetiyle ilgili dava 12 A\u011fustos\u2019a ertelendi - NETBAKIS\" \/>\n<meta property=\"og:description\" content=\"Halil Falyal\u0131 ve \u015fof\u00f6r\u00fc Murat Demirta\u015f\u2019\u0131n cinayetiyle ilgili mahkeme s\u00fcreci devam ediyor. \u00c7atalk\u00f6y\u2019de 6 ay \u00f6nce u\u011frad\u0131\u011f\u0131 silahl\u0131 sald\u0131r\u0131da hayat\u0131n\u0131 kaybeden i\u015f insan\u0131 Halil Falyal\u0131 ve \u015fof\u00f6r\u00fc Murat Demirta\u015f\u2019\u0131n cinayetiyle ilgili mahkeme s\u00fcreci devam ediyor. Falyal\u0131 ve Demirta\u015f\u2019\u0131n \u00f6ld\u00fcr\u00fclmesiyle ba\u011flant\u0131l\u0131 olarak tutuklanan zanl\u0131lar \u00d6.T. , M.\u00c7., ve V.S. bu sabah Girne Mahkemesi\u2019ne \u00e7\u0131kar\u0131ld\u0131. Dava 12 [&hellip;]\" \/>\n<meta property=\"og:url\" content=\"https:\/\/netbakis.net\/tr\/7691\/\" \/>\n<meta property=\"og:site_name\" content=\"NETBAKIS\" \/>\n<meta property=\"article:published_time\" content=\"2022-08-05T09:30:07+00:00\" \/>\n<meta property=\"article:modified_time\" content=\"2022-08-05T09:30:09+00:00\" \/>\n<meta property=\"og:image\" content=\"https:\/\/netbakis.net\/wp-content\/uploads\/2022\/08\/halil_falyali_cinayetinde_flas_gelisme_ercan_da_2_kisi_gozaltina_alindi_h35038_b09b0.jpg\" \/>\n\t<meta property=\"og:image:width\" content=\"656\" \/>\n\t<meta property=\"og:image:height\" content=\"400\" \/>\n\t<meta property=\"og:image:type\" content=\"image\/jpeg\" \/>\n<meta name=\"author\" content=\"netbakis.net\" \/>\n<meta name=\"twitter:card\" content=\"summary_large_image\" \/>\n<meta name=\"twitter:label1\" content=\"Yazan:\" \/>\n\t<meta name=\"twitter:data1\" content=\"netbakis.net\" \/>\n\t<meta name=\"twitter:label2\" content=\"Tahmini okuma s\u00fcresi\" \/>\n\t<meta name=\"twitter:data2\" content=\"1 dakika\" \/>\n<script type=\"application\/ld+json\" class=\"yoast-schema-graph\">{\"@context\":\"https:\/\/schema.org\",\"@graph\":[{\"@type\":\"WebPage\",\"@id\":\"https:\/\/netbakis.net\/7691\/\",\"url\":\"https:\/\/netbakis.net\/7691\/\",\"name\":\"Falyal\u0131 cinayetiyle ilgili dava 12 A\u011fustos\u2019a ertelendi - NETBAKIS\",\"isPartOf\":{\"@id\":\"https:\/\/netbakis.net\/#website\"},\"primaryImageOfPage\":{\"@id\":\"https:\/\/netbakis.net\/7691\/#primaryimage\"},\"image\":{\"@id\":\"https:\/\/netbakis.net\/7691\/#primaryimage\"},\"thumbnailUrl\":\"https:\/\/netbakis.net\/wp-content\/uploads\/2022\/08\/halil_falyali_cinayetinde_flas_gelisme_ercan_da_2_kisi_gozaltina_alindi_h35038_b09b0.jpg\",\"datePublished\":\"2022-08-05T09:30:07+00:00\",\"dateModified\":\"2022-08-05T09:30:09+00:00\",\"author\":{\"@id\":\"https:\/\/netbakis.net\/#\/schema\/person\/5d9b5c3f48ca4a3c69967d619fc8c7f4\"},\"breadcrumb\":{\"@id\":\"https:\/\/netbakis.net\/7691\/#breadcrumb\"},\"inLanguage\":\"tr\",\"potentialAction\":[{\"@type\":\"ReadAction\",\"target\":[\"https:\/\/netbakis.net\/7691\/\"]}]},{\"@type\":\"ImageObject\",\"inLanguage\":\"tr\",\"@id\":\"https:\/\/netbakis.net\/7691\/#primaryimage\",\"url\":\"https:\/\/netbakis.net\/wp-content\/uploads\/2022\/08\/halil_falyali_cinayetinde_flas_gelisme_ercan_da_2_kisi_gozaltina_alindi_h35038_b09b0.jpg\",\"contentUrl\":\"https:\/\/netbakis.net\/wp-content\/uploads\/2022\/08\/halil_falyali_cinayetinde_flas_gelisme_ercan_da_2_kisi_gozaltina_alindi_h35038_b09b0.jpg\",\"width\":656,\"height\":400,\"caption\":\"Demirta\u015f\"},{\"@type\":\"BreadcrumbList\",\"@id\":\"https:\/\/netbakis.net\/7691\/#breadcrumb\",\"itemListElement\":[{\"@type\":\"ListItem\",\"position\":1,\"name\":\"Home\",\"item\":\"https:\/\/netbakis.net\/\"},{\"@type\":\"ListItem\",\"position\":2,\"name\":\"Falyal\u0131 cinayetiyle ilgili dava 12 A\u011fustos\u2019a ertelendi\"}]},{\"@type\":\"WebSite\",\"@id\":\"https:\/\/netbakis.net\/#website\",\"url\":\"https:\/\/netbakis.net\/\",\"name\":\"NETBAKIS\",\"description\":\"SON DAKIKA\",\"potentialAction\":[{\"@type\":\"SearchAction\",\"target\":{\"@type\":\"EntryPoint\",\"urlTemplate\":\"https:\/\/netbakis.net\/?s={search_term_string}\"},\"query-input\":{\"@type\":\"PropertyValueSpecification\",\"valueRequired\":true,\"valueName\":\"search_term_string\"}}],\"inLanguage\":\"tr\"},{\"@type\":\"Person\",\"@id\":\"https:\/\/netbakis.net\/#\/schema\/person\/5d9b5c3f48ca4a3c69967d619fc8c7f4\",\"name\":\"netbakis.net\",\"image\":{\"@type\":\"ImageObject\",\"inLanguage\":\"tr\",\"@id\":\"https:\/\/netbakis.net\/#\/schema\/person\/image\/\",\"url\":\"https:\/\/secure.gravatar.com\/avatar\/4ddeae49d2d3e3568a8d5b0937642efdf0b72468dbe3f213bc1978faa47af0d1?s=96&d=wp_user_avatar&r=g\",\"contentUrl\":\"https:\/\/secure.gravatar.com\/avatar\/4ddeae49d2d3e3568a8d5b0937642efdf0b72468dbe3f213bc1978faa47af0d1?s=96&d=wp_user_avatar&r=g\",\"caption\":\"netbakis.net\"},\"sameAs\":[\"https:\/\/netbakis.net\"],\"url\":\"https:\/\/netbakis.net\/tr\/author\/netbakis-net\/\"}]}<\/script>\n<!-- \/ Yoast SEO plugin. -->","yoast_head_json":{"title":"Falyal\u0131 cinayetiyle ilgili dava 12 A\u011fustos\u2019a ertelendi - NETBAKIS","robots":{"index":"index","follow":"follow","max-snippet":"max-snippet:-1","max-image-preview":"max-image-preview:large","max-video-preview":"max-video-preview:-1"},"canonical":"https:\/\/netbakis.net\/tr\/7691\/","og_locale":"tr_TR","og_type":"article","og_title":"Falyal\u0131 cinayetiyle ilgili dava 12 A\u011fustos\u2019a ertelendi - NETBAKIS","og_description":"Halil Falyal\u0131 ve \u015fof\u00f6r\u00fc Murat Demirta\u015f\u2019\u0131n cinayetiyle ilgili mahkeme s\u00fcreci devam ediyor. \u00c7atalk\u00f6y\u2019de 6 ay \u00f6nce u\u011frad\u0131\u011f\u0131 silahl\u0131 sald\u0131r\u0131da hayat\u0131n\u0131 kaybeden i\u015f insan\u0131 Halil Falyal\u0131 ve \u015fof\u00f6r\u00fc Murat Demirta\u015f\u2019\u0131n cinayetiyle ilgili mahkeme s\u00fcreci devam ediyor. Falyal\u0131 ve Demirta\u015f\u2019\u0131n \u00f6ld\u00fcr\u00fclmesiyle ba\u011flant\u0131l\u0131 olarak tutuklanan zanl\u0131lar \u00d6.T. , M.\u00c7., ve V.S. bu sabah Girne Mahkemesi\u2019ne \u00e7\u0131kar\u0131ld\u0131. Dava 12 [&hellip;]","og_url":"https:\/\/netbakis.net\/tr\/7691\/","og_site_name":"NETBAKIS","article_published_time":"2022-08-05T09:30:07+00:00","article_modified_time":"2022-08-05T09:30:09+00:00","og_image":[{"width":656,"height":400,"url":"https:\/\/netbakis.net\/wp-content\/uploads\/2022\/08\/halil_falyali_cinayetinde_flas_gelisme_ercan_da_2_kisi_gozaltina_alindi_h35038_b09b0.jpg","type":"image\/jpeg"}],"author":"netbakis.net","twitter_card":"summary_large_image","twitter_misc":{"Yazan:":"netbakis.net","Tahmini okuma s\u00fcresi":"1 dakika"},"schema":{"@context":"https:\/\/schema.org","@graph":[{"@type":"WebPage","@id":"https:\/\/netbakis.net\/7691\/","url":"https:\/\/netbakis.net\/7691\/","name":"Falyal\u0131 cinayetiyle ilgili dava 12 A\u011fustos\u2019a ertelendi - NETBAKIS","isPartOf":{"@id":"https:\/\/netbakis.net\/#website"},"primaryImageOfPage":{"@id":"https:\/\/netbakis.net\/7691\/#primaryimage"},"image":{"@id":"https:\/\/netbakis.net\/7691\/#primaryimage"},"thumbnailUrl":"https:\/\/netbakis.net\/wp-content\/uploads\/2022\/08\/halil_falyali_cinayetinde_flas_gelisme_ercan_da_2_kisi_gozaltina_alindi_h35038_b09b0.jpg","datePublished":"2022-08-05T09:30:07+00:00","dateModified":"2022-08-05T09:30:09+00:00","author":{"@id":"https:\/\/netbakis.net\/#\/schema\/person\/5d9b5c3f48ca4a3c69967d619fc8c7f4"},"breadcrumb":{"@id":"https:\/\/netbakis.net\/7691\/#breadcrumb"},"inLanguage":"tr","potentialAction":[{"@type":"ReadAction","target":["https:\/\/netbakis.net\/7691\/"]}]},{"@type":"ImageObject","inLanguage":"tr","@id":"https:\/\/netbakis.net\/7691\/#primaryimage","url":"https:\/\/netbakis.net\/wp-content\/uploads\/2022\/08\/halil_falyali_cinayetinde_flas_gelisme_ercan_da_2_kisi_gozaltina_alindi_h35038_b09b0.jpg","contentUrl":"https:\/\/netbakis.net\/wp-content\/uploads\/2022\/08\/halil_falyali_cinayetinde_flas_gelisme_ercan_da_2_kisi_gozaltina_alindi_h35038_b09b0.jpg","width":656,"height":400,"caption":"Demirta\u015f"},{"@type":"BreadcrumbList","@id":"https:\/\/netbakis.net\/7691\/#breadcrumb","itemListElement":[{"@type":"ListItem","position":1,"name":"Home","item":"https:\/\/netbakis.net\/"},{"@type":"ListItem","position":2,"name":"Falyal\u0131 cinayetiyle ilgili dava 12 A\u011fustos\u2019a ertelendi"}]},{"@type":"WebSite","@id":"https:\/\/netbakis.net\/#website","url":"https:\/\/netbakis.net\/","name":"NETBAKIS","description":"SON DAKIKA","potentialAction":[{"@type":"SearchAction","target":{"@type":"EntryPoint","urlTemplate":"https:\/\/netbakis.net\/?s={search_term_string}"},"query-input":{"@type":"PropertyValueSpecification","valueRequired":true,"valueName":"search_term_string"}}],"inLanguage":"tr"},{"@type":"Person","@id":"https:\/\/netbakis.net\/#\/schema\/person\/5d9b5c3f48ca4a3c69967d619fc8c7f4","name":"netbakis.net","image":{"@type":"ImageObject","inLanguage":"tr","@id":"https:\/\/netbakis.net\/#\/schema\/person\/image\/","url":"https:\/\/secure.gravatar.com\/avatar\/4ddeae49d2d3e3568a8d5b0937642efdf0b72468dbe3f213bc1978faa47af0d1?s=96&d=wp_user_avatar&r=g","contentUrl":"https:\/\/secure.gravatar.com\/avatar\/4ddeae49d2d3e3568a8d5b0937642efdf0b72468dbe3f213bc1978faa47af0d1?s=96&d=wp_user_avatar&r=g","caption":"netbakis.net"},"sameAs":["https:\/\/netbakis.net"],"url":"https:\/\/netbakis.net\/tr\/author\/netbakis-net\/"}]}},"jetpack_publicize_connections":[],"_links":{"self":[{"href":"https:\/\/netbakis.net\/tr\/wp-json\/wp\/v2\/posts\/7691","targetHints":{"allow":["GET"]}}],"collection":[{"href":"https:\/\/netbakis.net\/tr\/wp-json\/wp\/v2\/posts"}],"about":[{"href":"https:\/\/netbakis.net\/tr\/wp-json\/wp\/v2\/types\/post"}],"author":[{"embeddable":true,"href":"https:\/\/netbakis.net\/tr\/wp-json\/wp\/v2\/users\/1"}],"replies":[{"embeddable":true,"href":"https:\/\/netbakis.net\/tr\/wp-json\/wp\/v2\/comments?post=7691"}],"version-history":[{"count":1,"href":"https:\/\/netbakis.net\/tr\/wp-json\/wp\/v2\/posts\/7691\/revisions"}],"predecessor-version":[{"id":7693,"href":"https:\/\/netbakis.net\/tr\/wp-json\/wp\/v2\/posts\/7691\/revisions\/7693"}],"wp:featuredmedia":[{"embeddable":true,"href":"https:\/\/netbakis.net\/tr\/wp-json\/wp\/v2\/media\/7692"}],"wp:attachment":[{"href":"https:\/\/netbakis.net\/tr\/wp-json\/wp\/v2\/media?parent=7691"}],"wp:term":[{"taxonomy":"category","embeddable":true,"href":"https:\/\/netbakis.net\/tr\/wp-json\/wp\/v2\/categories?post=7691"},{"taxonomy":"post_tag","embeddable":true,"href":"https:\/\/netbakis.net\/tr\/wp-json\/wp\/v2\/tags?post=7691"}],"curies":[{"name":"wp","href":"https:\/\/api.w.org\/{rel}","templated":true}]}}