{"id":7631,"date":"2022-08-02T11:55:04","date_gmt":"2022-08-02T11:55:04","guid":{"rendered":"https:\/\/netbakis.net\/?p=7631"},"modified":"2022-08-02T11:55:08","modified_gmt":"2022-08-02T11:55:08","slug":"guterres-nukleer-yok-olus-tek-bir-hataya-bakar","status":"publish","type":"post","link":"https:\/\/netbakis.net\/tr\/7631\/","title":{"rendered":"Guterres: N\u00fckleer yok olu\u015f tek bir hataya bakar"},"content":{"rendered":"<p>Guterres, \u201c\u015eimdiye dek ola\u011fan d\u0131\u015f\u0131 bir \u015fekilde \u015fansl\u0131yd\u0131k\u201d dedi.<\/p>\n\n\n\n<p>Birle\u015fmi\u015f Milletler (BM) Genel Sekreteri Antonio Guterres, d\u00fcnyan\u0131n korkun\u00e7 bir n\u00fckleer sava\u015f\u0131n ve So\u011fuk Sava\u015f d\u00f6neminden beri g\u00f6r\u00fclmemi\u015f bir felaketin e\u015fi\u011finde oldu\u011fu uyar\u0131s\u0131nda bulundu. Guterres, \u201c\u015eimdiye dek ola\u011fan d\u0131\u015f\u0131 bir \u015fekilde \u015fansl\u0131yd\u0131k\u201d dedi.<\/p>\n\n\n\n<p>BM&#8217;de N\u00fckleer Silahs\u0131zlanma Anla\u015fmas\u0131\u2019na taraf \u00fclkelerin kat\u0131ld\u0131\u011f\u0131 konferans\u0131n a\u00e7\u0131l\u0131\u015f\u0131nda konu\u015fan Guterres, t\u0131rmanan k\u00fcresel gerilimlerin \u0131\u015f\u0131\u011f\u0131nda \u201cinsanl\u0131\u011f\u0131n n\u00fckleer yok olu\u015fu yaln\u0131zca bir yanl\u0131\u015f anlamaya, bir hesap hatas\u0131na bakar\u201d dedi.<\/p>\n\n\n\n<p>N\u00fckleer Silahs\u0131zlanma Anla\u015fmas\u0131 1968 y\u0131l\u0131nda, d\u00fcnyan\u0131n n\u00fckleer sava\u015f tehdidine en yak\u0131n oldu\u011fu olay olarak g\u00f6r\u00fclen K\u00fcba f\u00fcze krizinin ard\u0131ndan imzalanm\u0131\u015ft\u0131.<\/p>\n\n\n\n<p>Anla\u015fma daha fazla \u00fclkenin n\u00fckleer silaha sahip olmas\u0131n\u0131n \u00f6n\u00fcne ge\u00e7iyor ve kademeli olarak n\u00fckleer silahs\u0131zlanmaya ge\u00e7i\u015fi hedefliyordu.<\/p>\n\n\n\n<p>Birle\u015fmi\u015f Milletler (BM) Genel Sekreteri Antonio Guterres, d\u00fcnyan\u0131n korkun\u00e7 bir n\u00fckleer sava\u015f\u0131n ve So\u011fuk Sava\u015f d\u00f6neminden beri g\u00f6r\u00fclmemi\u015f bir felaketin e\u015fi\u011finde oldu\u011fu uyar\u0131s\u0131nda bulundu. Guterres,&nbsp;<strong>\u201c\u015eimdiye dek ola\u011fan d\u0131\u015f\u0131 bir \u015fekilde \u015fansl\u0131yd\u0131k\u201d<\/strong>&nbsp;dedi.<\/p>\n\n\n\n<p>BM&#8217;de N\u00fckleer Silahs\u0131zlanma Anla\u015fmas\u0131\u2019na taraf \u00fclkelerin kat\u0131ld\u0131\u011f\u0131 konferans\u0131n a\u00e7\u0131l\u0131\u015f\u0131nda konu\u015fan Guterres, t\u0131rmanan k\u00fcresel gerilimlerin \u0131\u015f\u0131\u011f\u0131nda \u201cinsanl\u0131\u011f\u0131n n\u00fckleer yok olu\u015fu yaln\u0131zca bir yanl\u0131\u015f anlamaya, bir hesap hatas\u0131na bakar\u201d dedi.<\/p>\n\n\n\n<p>BBC T\u00fcrk\u00e7e&#8217;de yer alan habere g\u00f6re ;N\u00fckleer Silahs\u0131zlanma Anla\u015fmas\u0131 1968 y\u0131l\u0131nda, d\u00fcnyan\u0131n n\u00fckleer sava\u015f tehdidine en yak\u0131n oldu\u011fu olay olarak g\u00f6r\u00fclen K\u00fcba f\u00fcze krizinin ard\u0131ndan imzalanm\u0131\u015ft\u0131.<\/p>\n\n\n\n<p>Anla\u015fma daha fazla \u00fclkenin n\u00fckleer silaha sahip olmas\u0131n\u0131n \u00f6n\u00fcne ge\u00e7iyor ve kademeli olarak n\u00fckleer silahs\u0131zlanmaya ge\u00e7i\u015fi hedefliyordu.<\/p>\n\n\n\n<p>Rusya\u2019n\u0131n Ukrayna\u2019y\u0131 i\u015fgal etmesinden birka\u00e7 g\u00fcn sonra, Rusya lideri Vladimir Putin\u2019in n\u00fckleer g\u00fc\u00e7leri alarm durumuna ge\u00e7irmesi endi\u015felere yol a\u00e7m\u0131\u015ft\u0131.<\/p>\n\n\n\n<p>Putin, Rusya\u2019n\u0131n kar\u015f\u0131s\u0131nda duracak olanlar\u0131 da bunun \u201cdaha \u00f6nce e\u015fi benzeri g\u00f6r\u00fclmemi\u015f\u201d sonu\u00e7lar\u0131na katlanmak zorunda kalacaklar\u0131 y\u00f6n\u00fcnde tehdit etmi\u015fti.<\/p>\n\n\n\n<p>Rusya\u2019n\u0131n n\u00fckleer stratejisi, \u00fclkenin varl\u0131\u011f\u0131n\u0131n tehdit alt\u0131nda olmas\u0131 halinde n\u00fckleer silahlar\u0131n kullan\u0131lmas\u0131n\u0131 \u00f6ng\u00f6r\u00fcyor.<\/p>","protected":false},"excerpt":{"rendered":"<p>Guterres, \u201c\u015eimdiye dek ola\u011fan d\u0131\u015f\u0131 bir \u015fekilde \u015fansl\u0131yd\u0131k\u201d dedi. Birle\u015fmi\u015f Milletler (BM) Genel Sekreteri Antonio Guterres, d\u00fcnyan\u0131n korkun\u00e7 bir n\u00fckleer sava\u015f\u0131n ve So\u011fuk Sava\u015f d\u00f6neminden beri g\u00f6r\u00fclmemi\u015f bir felaketin e\u015fi\u011finde oldu\u011fu uyar\u0131s\u0131nda bulundu. Guterres, \u201c\u015eimdiye dek ola\u011fan d\u0131\u015f\u0131 bir \u015fekilde \u015fansl\u0131yd\u0131k\u201d dedi. BM&#8217;de N\u00fckleer Silahs\u0131zlanma Anla\u015fmas\u0131\u2019na taraf \u00fclkelerin kat\u0131ld\u0131\u011f\u0131 konferans\u0131n a\u00e7\u0131l\u0131\u015f\u0131nda konu\u015fan Guterres, t\u0131rmanan k\u00fcresel [&hellip;]<\/p>","protected":false},"author":1,"featured_media":7632,"comment_status":"open","ping_status":"open","sticky":false,"template":"","format":"standard","meta":{"om_disable_all_campaigns":false,"_monsterinsights_skip_tracking":false,"_monsterinsights_sitenote_active":false,"_monsterinsights_sitenote_note":"","_monsterinsights_sitenote_category":0,"_uf_show_specific_survey":0,"_uf_disable_surveys":false,"footnotes":"","jetpack_publicize_message":"","jetpack_publicize_feature_enabled":true,"jetpack_social_post_already_shared":false,"jetpack_social_options":{"image_generator_settings":{"template":"highway","default_image_id":0,"font":"","enabled":false},"version":2}},"categories":[85],"tags":[726],"class_list":{"0":"post-7631","1":"post","2":"type-post","3":"status-publish","4":"format-standard","5":"has-post-thumbnail","7":"category-dunya","8":"tag-guterres"},"yoast_head":"<!-- This site is optimized with the Yoast SEO plugin v23.8 - https:\/\/yoast.com\/wordpress\/plugins\/seo\/ -->\n<title>Guterres: N\u00fckleer yok olu\u015f tek bir hataya bakar - NETBAKIS<\/title>\n<meta name=\"robots\" content=\"index, follow, max-snippet:-1, max-image-preview:large, max-video-preview:-1\" \/>\n<link rel=\"canonical\" href=\"https:\/\/netbakis.net\/tr\/7631\/\" \/>\n<meta property=\"og:locale\" content=\"tr_TR\" \/>\n<meta property=\"og:type\" content=\"article\" \/>\n<meta property=\"og:title\" content=\"Guterres: N\u00fckleer yok olu\u015f tek bir hataya bakar - NETBAKIS\" \/>\n<meta property=\"og:description\" content=\"Guterres, \u201c\u015eimdiye dek ola\u011fan d\u0131\u015f\u0131 bir \u015fekilde \u015fansl\u0131yd\u0131k\u201d dedi. Birle\u015fmi\u015f Milletler (BM) Genel Sekreteri Antonio Guterres, d\u00fcnyan\u0131n korkun\u00e7 bir n\u00fckleer sava\u015f\u0131n ve So\u011fuk Sava\u015f d\u00f6neminden beri g\u00f6r\u00fclmemi\u015f bir felaketin e\u015fi\u011finde oldu\u011fu uyar\u0131s\u0131nda bulundu. Guterres, \u201c\u015eimdiye dek ola\u011fan d\u0131\u015f\u0131 bir \u015fekilde \u015fansl\u0131yd\u0131k\u201d dedi. BM&#8217;de N\u00fckleer Silahs\u0131zlanma Anla\u015fmas\u0131\u2019na taraf \u00fclkelerin kat\u0131ld\u0131\u011f\u0131 konferans\u0131n a\u00e7\u0131l\u0131\u015f\u0131nda konu\u015fan Guterres, t\u0131rmanan k\u00fcresel [&hellip;]\" \/>\n<meta property=\"og:url\" content=\"https:\/\/netbakis.net\/tr\/7631\/\" \/>\n<meta property=\"og:site_name\" content=\"NETBAKIS\" \/>\n<meta property=\"article:published_time\" content=\"2022-08-02T11:55:04+00:00\" \/>\n<meta property=\"article:modified_time\" content=\"2022-08-02T11:55:08+00:00\" \/>\n<meta property=\"og:image\" content=\"https:\/\/netbakis.net\/wp-content\/uploads\/2022\/08\/000_328Z28M-e1651082093215.jpg\" \/>\n\t<meta property=\"og:image:width\" content=\"1011\" \/>\n\t<meta property=\"og:image:height\" content=\"632\" \/>\n\t<meta property=\"og:image:type\" content=\"image\/jpeg\" \/>\n<meta name=\"author\" content=\"netbakis.net\" \/>\n<meta name=\"twitter:card\" content=\"summary_large_image\" \/>\n<meta name=\"twitter:label1\" content=\"Yazan:\" \/>\n\t<meta name=\"twitter:data1\" content=\"netbakis.net\" \/>\n\t<meta name=\"twitter:label2\" content=\"Tahmini okuma s\u00fcresi\" \/>\n\t<meta name=\"twitter:data2\" content=\"2 dakika\" \/>\n<script type=\"application\/ld+json\" class=\"yoast-schema-graph\">{\"@context\":\"https:\/\/schema.org\",\"@graph\":[{\"@type\":\"WebPage\",\"@id\":\"https:\/\/netbakis.net\/7631\/\",\"url\":\"https:\/\/netbakis.net\/7631\/\",\"name\":\"Guterres: N\u00fckleer yok olu\u015f tek bir hataya bakar - NETBAKIS\",\"isPartOf\":{\"@id\":\"https:\/\/netbakis.net\/#website\"},\"primaryImageOfPage\":{\"@id\":\"https:\/\/netbakis.net\/7631\/#primaryimage\"},\"image\":{\"@id\":\"https:\/\/netbakis.net\/7631\/#primaryimage\"},\"thumbnailUrl\":\"https:\/\/netbakis.net\/wp-content\/uploads\/2022\/08\/000_328Z28M-e1651082093215.jpg\",\"datePublished\":\"2022-08-02T11:55:04+00:00\",\"dateModified\":\"2022-08-02T11:55:08+00:00\",\"author\":{\"@id\":\"https:\/\/netbakis.net\/#\/schema\/person\/5d9b5c3f48ca4a3c69967d619fc8c7f4\"},\"breadcrumb\":{\"@id\":\"https:\/\/netbakis.net\/7631\/#breadcrumb\"},\"inLanguage\":\"tr\",\"potentialAction\":[{\"@type\":\"ReadAction\",\"target\":[\"https:\/\/netbakis.net\/7631\/\"]}]},{\"@type\":\"ImageObject\",\"inLanguage\":\"tr\",\"@id\":\"https:\/\/netbakis.net\/7631\/#primaryimage\",\"url\":\"https:\/\/netbakis.net\/wp-content\/uploads\/2022\/08\/000_328Z28M-e1651082093215.jpg\",\"contentUrl\":\"https:\/\/netbakis.net\/wp-content\/uploads\/2022\/08\/000_328Z28M-e1651082093215.jpg\",\"width\":1011,\"height\":632,\"caption\":\"Guterres\"},{\"@type\":\"BreadcrumbList\",\"@id\":\"https:\/\/netbakis.net\/7631\/#breadcrumb\",\"itemListElement\":[{\"@type\":\"ListItem\",\"position\":1,\"name\":\"Home\",\"item\":\"https:\/\/netbakis.net\/\"},{\"@type\":\"ListItem\",\"position\":2,\"name\":\"Guterres: N\u00fckleer yok olu\u015f tek bir hataya bakar\"}]},{\"@type\":\"WebSite\",\"@id\":\"https:\/\/netbakis.net\/#website\",\"url\":\"https:\/\/netbakis.net\/\",\"name\":\"NETBAKIS\",\"description\":\"SON DAKIKA\",\"potentialAction\":[{\"@type\":\"SearchAction\",\"target\":{\"@type\":\"EntryPoint\",\"urlTemplate\":\"https:\/\/netbakis.net\/?s={search_term_string}\"},\"query-input\":{\"@type\":\"PropertyValueSpecification\",\"valueRequired\":true,\"valueName\":\"search_term_string\"}}],\"inLanguage\":\"tr\"},{\"@type\":\"Person\",\"@id\":\"https:\/\/netbakis.net\/#\/schema\/person\/5d9b5c3f48ca4a3c69967d619fc8c7f4\",\"name\":\"netbakis.net\",\"image\":{\"@type\":\"ImageObject\",\"inLanguage\":\"tr\",\"@id\":\"https:\/\/netbakis.net\/#\/schema\/person\/image\/\",\"url\":\"https:\/\/secure.gravatar.com\/avatar\/4ddeae49d2d3e3568a8d5b0937642efdf0b72468dbe3f213bc1978faa47af0d1?s=96&d=wp_user_avatar&r=g\",\"contentUrl\":\"https:\/\/secure.gravatar.com\/avatar\/4ddeae49d2d3e3568a8d5b0937642efdf0b72468dbe3f213bc1978faa47af0d1?s=96&d=wp_user_avatar&r=g\",\"caption\":\"netbakis.net\"},\"sameAs\":[\"https:\/\/netbakis.net\"],\"url\":\"https:\/\/netbakis.net\/tr\/author\/netbakis-net\/\"}]}<\/script>\n<!-- \/ Yoast SEO plugin. -->","yoast_head_json":{"title":"Guterres: N\u00fckleer yok olu\u015f tek bir hataya bakar - NETBAKIS","robots":{"index":"index","follow":"follow","max-snippet":"max-snippet:-1","max-image-preview":"max-image-preview:large","max-video-preview":"max-video-preview:-1"},"canonical":"https:\/\/netbakis.net\/tr\/7631\/","og_locale":"tr_TR","og_type":"article","og_title":"Guterres: N\u00fckleer yok olu\u015f tek bir hataya bakar - NETBAKIS","og_description":"Guterres, \u201c\u015eimdiye dek ola\u011fan d\u0131\u015f\u0131 bir \u015fekilde \u015fansl\u0131yd\u0131k\u201d dedi. Birle\u015fmi\u015f Milletler (BM) Genel Sekreteri Antonio Guterres, d\u00fcnyan\u0131n korkun\u00e7 bir n\u00fckleer sava\u015f\u0131n ve So\u011fuk Sava\u015f d\u00f6neminden beri g\u00f6r\u00fclmemi\u015f bir felaketin e\u015fi\u011finde oldu\u011fu uyar\u0131s\u0131nda bulundu. Guterres, \u201c\u015eimdiye dek ola\u011fan d\u0131\u015f\u0131 bir \u015fekilde \u015fansl\u0131yd\u0131k\u201d dedi. BM&#8217;de N\u00fckleer Silahs\u0131zlanma Anla\u015fmas\u0131\u2019na taraf \u00fclkelerin kat\u0131ld\u0131\u011f\u0131 konferans\u0131n a\u00e7\u0131l\u0131\u015f\u0131nda konu\u015fan Guterres, t\u0131rmanan k\u00fcresel [&hellip;]","og_url":"https:\/\/netbakis.net\/tr\/7631\/","og_site_name":"NETBAKIS","article_published_time":"2022-08-02T11:55:04+00:00","article_modified_time":"2022-08-02T11:55:08+00:00","og_image":[{"width":1011,"height":632,"url":"https:\/\/netbakis.net\/wp-content\/uploads\/2022\/08\/000_328Z28M-e1651082093215.jpg","type":"image\/jpeg"}],"author":"netbakis.net","twitter_card":"summary_large_image","twitter_misc":{"Yazan:":"netbakis.net","Tahmini okuma s\u00fcresi":"2 dakika"},"schema":{"@context":"https:\/\/schema.org","@graph":[{"@type":"WebPage","@id":"https:\/\/netbakis.net\/7631\/","url":"https:\/\/netbakis.net\/7631\/","name":"Guterres: N\u00fckleer yok olu\u015f tek bir hataya bakar - NETBAKIS","isPartOf":{"@id":"https:\/\/netbakis.net\/#website"},"primaryImageOfPage":{"@id":"https:\/\/netbakis.net\/7631\/#primaryimage"},"image":{"@id":"https:\/\/netbakis.net\/7631\/#primaryimage"},"thumbnailUrl":"https:\/\/netbakis.net\/wp-content\/uploads\/2022\/08\/000_328Z28M-e1651082093215.jpg","datePublished":"2022-08-02T11:55:04+00:00","dateModified":"2022-08-02T11:55:08+00:00","author":{"@id":"https:\/\/netbakis.net\/#\/schema\/person\/5d9b5c3f48ca4a3c69967d619fc8c7f4"},"breadcrumb":{"@id":"https:\/\/netbakis.net\/7631\/#breadcrumb"},"inLanguage":"tr","potentialAction":[{"@type":"ReadAction","target":["https:\/\/netbakis.net\/7631\/"]}]},{"@type":"ImageObject","inLanguage":"tr","@id":"https:\/\/netbakis.net\/7631\/#primaryimage","url":"https:\/\/netbakis.net\/wp-content\/uploads\/2022\/08\/000_328Z28M-e1651082093215.jpg","contentUrl":"https:\/\/netbakis.net\/wp-content\/uploads\/2022\/08\/000_328Z28M-e1651082093215.jpg","width":1011,"height":632,"caption":"Guterres"},{"@type":"BreadcrumbList","@id":"https:\/\/netbakis.net\/7631\/#breadcrumb","itemListElement":[{"@type":"ListItem","position":1,"name":"Home","item":"https:\/\/netbakis.net\/"},{"@type":"ListItem","position":2,"name":"Guterres: N\u00fckleer yok olu\u015f tek bir hataya bakar"}]},{"@type":"WebSite","@id":"https:\/\/netbakis.net\/#website","url":"https:\/\/netbakis.net\/","name":"NETBAKIS","description":"SON DAKIKA","potentialAction":[{"@type":"SearchAction","target":{"@type":"EntryPoint","urlTemplate":"https:\/\/netbakis.net\/?s={search_term_string}"},"query-input":{"@type":"PropertyValueSpecification","valueRequired":true,"valueName":"search_term_string"}}],"inLanguage":"tr"},{"@type":"Person","@id":"https:\/\/netbakis.net\/#\/schema\/person\/5d9b5c3f48ca4a3c69967d619fc8c7f4","name":"netbakis.net","image":{"@type":"ImageObject","inLanguage":"tr","@id":"https:\/\/netbakis.net\/#\/schema\/person\/image\/","url":"https:\/\/secure.gravatar.com\/avatar\/4ddeae49d2d3e3568a8d5b0937642efdf0b72468dbe3f213bc1978faa47af0d1?s=96&d=wp_user_avatar&r=g","contentUrl":"https:\/\/secure.gravatar.com\/avatar\/4ddeae49d2d3e3568a8d5b0937642efdf0b72468dbe3f213bc1978faa47af0d1?s=96&d=wp_user_avatar&r=g","caption":"netbakis.net"},"sameAs":["https:\/\/netbakis.net"],"url":"https:\/\/netbakis.net\/tr\/author\/netbakis-net\/"}]}},"jetpack_publicize_connections":[],"_links":{"self":[{"href":"https:\/\/netbakis.net\/tr\/wp-json\/wp\/v2\/posts\/7631","targetHints":{"allow":["GET"]}}],"collection":[{"href":"https:\/\/netbakis.net\/tr\/wp-json\/wp\/v2\/posts"}],"about":[{"href":"https:\/\/netbakis.net\/tr\/wp-json\/wp\/v2\/types\/post"}],"author":[{"embeddable":true,"href":"https:\/\/netbakis.net\/tr\/wp-json\/wp\/v2\/users\/1"}],"replies":[{"embeddable":true,"href":"https:\/\/netbakis.net\/tr\/wp-json\/wp\/v2\/comments?post=7631"}],"version-history":[{"count":1,"href":"https:\/\/netbakis.net\/tr\/wp-json\/wp\/v2\/posts\/7631\/revisions"}],"predecessor-version":[{"id":7633,"href":"https:\/\/netbakis.net\/tr\/wp-json\/wp\/v2\/posts\/7631\/revisions\/7633"}],"wp:featuredmedia":[{"embeddable":true,"href":"https:\/\/netbakis.net\/tr\/wp-json\/wp\/v2\/media\/7632"}],"wp:attachment":[{"href":"https:\/\/netbakis.net\/tr\/wp-json\/wp\/v2\/media?parent=7631"}],"wp:term":[{"taxonomy":"category","embeddable":true,"href":"https:\/\/netbakis.net\/tr\/wp-json\/wp\/v2\/categories?post=7631"},{"taxonomy":"post_tag","embeddable":true,"href":"https:\/\/netbakis.net\/tr\/wp-json\/wp\/v2\/tags?post=7631"}],"curies":[{"name":"wp","href":"https:\/\/api.w.org\/{rel}","templated":true}]}}