{"id":7595,"date":"2022-08-01T11:36:52","date_gmt":"2022-08-01T11:36:52","guid":{"rendered":"https:\/\/netbakis.net\/?p=7595"},"modified":"2022-08-01T11:36:57","modified_gmt":"2022-08-01T11:36:57","slug":"odessa-limanindan-tahil-yuklu-ilk-gemi-yola-cikti","status":"publish","type":"post","link":"https:\/\/netbakis.net\/tr\/7595\/","title":{"rendered":"Odessa Liman\u0131&#8217;ndan tah\u0131l y\u00fckl\u00fc ilk gemi yola \u00e7\u0131kt\u0131"},"content":{"rendered":"<p>MSB, tah\u0131l sevkiyat\u0131 anla\u015fmas\u0131 kapsam\u0131nda Odessa Liman\u0131&#8217;ndan hareket eden m\u0131s\u0131r y\u00fckl\u00fc ilk geminin yar\u0131n \u0130stanbul&#8217;da olaca\u011f\u0131n\u0131 bildirdi.<\/p>\n\n\n\n<p>Milli Savunma Bakanl\u0131\u011f\u0131ndan (MSB) yap\u0131lan a\u00e7\u0131klamada, Milli Savunma Bakan\u0131 Hulusi Akar&#8217;\u0131n Bakanlar ve ilgili taraflarla yapt\u0131\u011f\u0131 g\u00f6r\u00fc\u015fmeler ve \u0130stanbul\u2019daki M\u00fc\u015fterek Koordinasyon Merkezi\u2019nin yo\u011fun \u00e7al\u0131\u015fmalar\u0131 sonucunda tah\u0131l y\u00fckl\u00fc ilk geminin saat 08.30\u2019da Odessa Liman\u0131&#8217;ndan hareket etmesi konusunda mutab\u0131k kal\u0131nd\u0131\u011f\u0131 belirtildi.<\/p>\n\n\n\n<p>Yar\u0131n \u0130stanbul&#8217;da olacak<br>A\u00e7\u0131klamada, &#8220;Razoni isimli gemi L\u00fcbnan&#8217;n Tripoli Liman\u0131&#8217;na gitmek \u00fczere Odessa&#8217;dan hareket etmi\u015ftir. Geminin 2 A\u011fustos&#8217;ta \u0130stanbul&#8217;da olmas\u0131 beklenmektedir. Gemi, \u0130stanbul&#8217;da yap\u0131lacak denetimi m\u00fcteakip var\u0131\u015f liman\u0131na intikaline devam edecektir.&#8221; bilgisi payla\u015f\u0131ld\u0131.<\/p>\n\n\n\n<p>22 Temmuz 2022\u2019de T\u00fcrkiye, Rusya Federasyonu, Ukrayna ve Birle\u015fmi\u015f Milletler aras\u0131nda imzalanan &#8216;Tah\u0131l ve Yiyecek Maddelerinin Ukrayna Limanlar\u0131ndan Emniyetli Sevki Giri\u015fimi&#8217; belgesi kapsam\u0131nda sevkiyat yapacak ilk gemiyi takiben di\u011fer gemilerin de belirlenen koridor ve usuller \u00e7er\u00e7evesinde intikallerinin planland\u0131\u011f\u0131 bildirildi.<\/p>","protected":false},"excerpt":{"rendered":"<p>MSB, tah\u0131l sevkiyat\u0131 anla\u015fmas\u0131 kapsam\u0131nda Odessa Liman\u0131&#8217;ndan hareket eden m\u0131s\u0131r y\u00fckl\u00fc ilk geminin yar\u0131n \u0130stanbul&#8217;da olaca\u011f\u0131n\u0131 bildirdi. Milli Savunma Bakanl\u0131\u011f\u0131ndan (MSB) yap\u0131lan a\u00e7\u0131klamada, Milli Savunma Bakan\u0131 Hulusi Akar&#8217;\u0131n Bakanlar ve ilgili taraflarla yapt\u0131\u011f\u0131 g\u00f6r\u00fc\u015fmeler ve \u0130stanbul\u2019daki M\u00fc\u015fterek Koordinasyon Merkezi\u2019nin yo\u011fun \u00e7al\u0131\u015fmalar\u0131 sonucunda tah\u0131l y\u00fckl\u00fc ilk geminin saat 08.30\u2019da Odessa Liman\u0131&#8217;ndan hareket etmesi konusunda mutab\u0131k kal\u0131nd\u0131\u011f\u0131 [&hellip;]<\/p>","protected":false},"author":1,"featured_media":7596,"comment_status":"open","ping_status":"open","sticky":false,"template":"","format":"standard","meta":{"om_disable_all_campaigns":false,"_monsterinsights_skip_tracking":false,"_monsterinsights_sitenote_active":false,"_monsterinsights_sitenote_note":"","_monsterinsights_sitenote_category":0,"_uf_show_specific_survey":0,"_uf_disable_surveys":false,"footnotes":"","jetpack_publicize_message":"","jetpack_publicize_feature_enabled":true,"jetpack_social_post_already_shared":false,"jetpack_social_options":{"image_generator_settings":{"template":"highway","default_image_id":0,"font":"","enabled":false},"version":2}},"categories":[81],"tags":[716],"class_list":{"0":"post-7595","1":"post","2":"type-post","3":"status-publish","4":"format-standard","5":"has-post-thumbnail","7":"category-gundem","8":"tag-odessa-limanindan-tahil-yuklu-ilk-gemi-yola-cikti"},"yoast_head":"<!-- This site is optimized with the Yoast SEO plugin v23.8 - https:\/\/yoast.com\/wordpress\/plugins\/seo\/ -->\n<title>Odessa Liman\u0131&#039;ndan tah\u0131l y\u00fckl\u00fc ilk gemi yola \u00e7\u0131kt\u0131 - NETBAKIS<\/title>\n<meta name=\"robots\" content=\"index, follow, max-snippet:-1, max-image-preview:large, max-video-preview:-1\" \/>\n<link rel=\"canonical\" href=\"https:\/\/netbakis.net\/tr\/7595\/\" \/>\n<meta property=\"og:locale\" content=\"tr_TR\" \/>\n<meta property=\"og:type\" content=\"article\" \/>\n<meta property=\"og:title\" content=\"Odessa Liman\u0131&#039;ndan tah\u0131l y\u00fckl\u00fc ilk gemi yola \u00e7\u0131kt\u0131 - NETBAKIS\" \/>\n<meta property=\"og:description\" content=\"MSB, tah\u0131l sevkiyat\u0131 anla\u015fmas\u0131 kapsam\u0131nda Odessa Liman\u0131&#8217;ndan hareket eden m\u0131s\u0131r y\u00fckl\u00fc ilk geminin yar\u0131n \u0130stanbul&#8217;da olaca\u011f\u0131n\u0131 bildirdi. Milli Savunma Bakanl\u0131\u011f\u0131ndan (MSB) yap\u0131lan a\u00e7\u0131klamada, Milli Savunma Bakan\u0131 Hulusi Akar&#8217;\u0131n Bakanlar ve ilgili taraflarla yapt\u0131\u011f\u0131 g\u00f6r\u00fc\u015fmeler ve \u0130stanbul\u2019daki M\u00fc\u015fterek Koordinasyon Merkezi\u2019nin yo\u011fun \u00e7al\u0131\u015fmalar\u0131 sonucunda tah\u0131l y\u00fckl\u00fc ilk geminin saat 08.30\u2019da Odessa Liman\u0131&#8217;ndan hareket etmesi konusunda mutab\u0131k kal\u0131nd\u0131\u011f\u0131 [&hellip;]\" \/>\n<meta property=\"og:url\" content=\"https:\/\/netbakis.net\/tr\/7595\/\" \/>\n<meta property=\"og:site_name\" content=\"NETBAKIS\" \/>\n<meta property=\"article:published_time\" content=\"2022-08-01T11:36:52+00:00\" \/>\n<meta property=\"article:modified_time\" content=\"2022-08-01T11:36:57+00:00\" \/>\n<meta property=\"og:image\" content=\"https:\/\/netbakis.net\/wp-content\/uploads\/2022\/08\/thumbs_b_c_f894cf8adf7fa3e88aca1f56058f001a.jpg\" \/>\n\t<meta property=\"og:image:width\" content=\"864\" \/>\n\t<meta property=\"og:image:height\" content=\"486\" \/>\n\t<meta property=\"og:image:type\" content=\"image\/jpeg\" \/>\n<meta name=\"author\" content=\"netbakis.net\" \/>\n<meta name=\"twitter:card\" content=\"summary_large_image\" \/>\n<meta name=\"twitter:label1\" content=\"Yazan:\" \/>\n\t<meta name=\"twitter:data1\" content=\"netbakis.net\" \/>\n\t<meta name=\"twitter:label2\" content=\"Tahmini okuma s\u00fcresi\" \/>\n\t<meta name=\"twitter:data2\" content=\"1 dakika\" \/>\n<script type=\"application\/ld+json\" class=\"yoast-schema-graph\">{\"@context\":\"https:\/\/schema.org\",\"@graph\":[{\"@type\":\"WebPage\",\"@id\":\"https:\/\/netbakis.net\/7595\/\",\"url\":\"https:\/\/netbakis.net\/7595\/\",\"name\":\"Odessa Liman\u0131'ndan tah\u0131l y\u00fckl\u00fc ilk gemi yola \u00e7\u0131kt\u0131 - NETBAKIS\",\"isPartOf\":{\"@id\":\"https:\/\/netbakis.net\/#website\"},\"primaryImageOfPage\":{\"@id\":\"https:\/\/netbakis.net\/7595\/#primaryimage\"},\"image\":{\"@id\":\"https:\/\/netbakis.net\/7595\/#primaryimage\"},\"thumbnailUrl\":\"https:\/\/netbakis.net\/wp-content\/uploads\/2022\/08\/thumbs_b_c_f894cf8adf7fa3e88aca1f56058f001a.jpg\",\"datePublished\":\"2022-08-01T11:36:52+00:00\",\"dateModified\":\"2022-08-01T11:36:57+00:00\",\"author\":{\"@id\":\"https:\/\/netbakis.net\/#\/schema\/person\/5d9b5c3f48ca4a3c69967d619fc8c7f4\"},\"breadcrumb\":{\"@id\":\"https:\/\/netbakis.net\/7595\/#breadcrumb\"},\"inLanguage\":\"tr\",\"potentialAction\":[{\"@type\":\"ReadAction\",\"target\":[\"https:\/\/netbakis.net\/7595\/\"]}]},{\"@type\":\"ImageObject\",\"inLanguage\":\"tr\",\"@id\":\"https:\/\/netbakis.net\/7595\/#primaryimage\",\"url\":\"https:\/\/netbakis.net\/wp-content\/uploads\/2022\/08\/thumbs_b_c_f894cf8adf7fa3e88aca1f56058f001a.jpg\",\"contentUrl\":\"https:\/\/netbakis.net\/wp-content\/uploads\/2022\/08\/thumbs_b_c_f894cf8adf7fa3e88aca1f56058f001a.jpg\",\"width\":864,\"height\":486,\"caption\":\"Odessa Liman\u0131'ndan tah\u0131l y\u00fckl\u00fc ilk gemi yola \u00e7\u0131kt\u0131\"},{\"@type\":\"BreadcrumbList\",\"@id\":\"https:\/\/netbakis.net\/7595\/#breadcrumb\",\"itemListElement\":[{\"@type\":\"ListItem\",\"position\":1,\"name\":\"Home\",\"item\":\"https:\/\/netbakis.net\/\"},{\"@type\":\"ListItem\",\"position\":2,\"name\":\"Odessa Liman\u0131&#8217;ndan tah\u0131l y\u00fckl\u00fc ilk gemi yola \u00e7\u0131kt\u0131\"}]},{\"@type\":\"WebSite\",\"@id\":\"https:\/\/netbakis.net\/#website\",\"url\":\"https:\/\/netbakis.net\/\",\"name\":\"NETBAKIS\",\"description\":\"SON DAKIKA\",\"potentialAction\":[{\"@type\":\"SearchAction\",\"target\":{\"@type\":\"EntryPoint\",\"urlTemplate\":\"https:\/\/netbakis.net\/?s={search_term_string}\"},\"query-input\":{\"@type\":\"PropertyValueSpecification\",\"valueRequired\":true,\"valueName\":\"search_term_string\"}}],\"inLanguage\":\"tr\"},{\"@type\":\"Person\",\"@id\":\"https:\/\/netbakis.net\/#\/schema\/person\/5d9b5c3f48ca4a3c69967d619fc8c7f4\",\"name\":\"netbakis.net\",\"image\":{\"@type\":\"ImageObject\",\"inLanguage\":\"tr\",\"@id\":\"https:\/\/netbakis.net\/#\/schema\/person\/image\/\",\"url\":\"https:\/\/secure.gravatar.com\/avatar\/4ddeae49d2d3e3568a8d5b0937642efdf0b72468dbe3f213bc1978faa47af0d1?s=96&d=wp_user_avatar&r=g\",\"contentUrl\":\"https:\/\/secure.gravatar.com\/avatar\/4ddeae49d2d3e3568a8d5b0937642efdf0b72468dbe3f213bc1978faa47af0d1?s=96&d=wp_user_avatar&r=g\",\"caption\":\"netbakis.net\"},\"sameAs\":[\"https:\/\/netbakis.net\"],\"url\":\"https:\/\/netbakis.net\/tr\/author\/netbakis-net\/\"}]}<\/script>\n<!-- \/ Yoast SEO plugin. -->","yoast_head_json":{"title":"Odessa Liman\u0131'ndan tah\u0131l y\u00fckl\u00fc ilk gemi yola \u00e7\u0131kt\u0131 - NETBAKIS","robots":{"index":"index","follow":"follow","max-snippet":"max-snippet:-1","max-image-preview":"max-image-preview:large","max-video-preview":"max-video-preview:-1"},"canonical":"https:\/\/netbakis.net\/tr\/7595\/","og_locale":"tr_TR","og_type":"article","og_title":"Odessa Liman\u0131'ndan tah\u0131l y\u00fckl\u00fc ilk gemi yola \u00e7\u0131kt\u0131 - NETBAKIS","og_description":"MSB, tah\u0131l sevkiyat\u0131 anla\u015fmas\u0131 kapsam\u0131nda Odessa Liman\u0131&#8217;ndan hareket eden m\u0131s\u0131r y\u00fckl\u00fc ilk geminin yar\u0131n \u0130stanbul&#8217;da olaca\u011f\u0131n\u0131 bildirdi. Milli Savunma Bakanl\u0131\u011f\u0131ndan (MSB) yap\u0131lan a\u00e7\u0131klamada, Milli Savunma Bakan\u0131 Hulusi Akar&#8217;\u0131n Bakanlar ve ilgili taraflarla yapt\u0131\u011f\u0131 g\u00f6r\u00fc\u015fmeler ve \u0130stanbul\u2019daki M\u00fc\u015fterek Koordinasyon Merkezi\u2019nin yo\u011fun \u00e7al\u0131\u015fmalar\u0131 sonucunda tah\u0131l y\u00fckl\u00fc ilk geminin saat 08.30\u2019da Odessa Liman\u0131&#8217;ndan hareket etmesi konusunda mutab\u0131k kal\u0131nd\u0131\u011f\u0131 [&hellip;]","og_url":"https:\/\/netbakis.net\/tr\/7595\/","og_site_name":"NETBAKIS","article_published_time":"2022-08-01T11:36:52+00:00","article_modified_time":"2022-08-01T11:36:57+00:00","og_image":[{"width":864,"height":486,"url":"https:\/\/netbakis.net\/wp-content\/uploads\/2022\/08\/thumbs_b_c_f894cf8adf7fa3e88aca1f56058f001a.jpg","type":"image\/jpeg"}],"author":"netbakis.net","twitter_card":"summary_large_image","twitter_misc":{"Yazan:":"netbakis.net","Tahmini okuma s\u00fcresi":"1 dakika"},"schema":{"@context":"https:\/\/schema.org","@graph":[{"@type":"WebPage","@id":"https:\/\/netbakis.net\/7595\/","url":"https:\/\/netbakis.net\/7595\/","name":"Odessa Liman\u0131'ndan tah\u0131l y\u00fckl\u00fc ilk gemi yola \u00e7\u0131kt\u0131 - NETBAKIS","isPartOf":{"@id":"https:\/\/netbakis.net\/#website"},"primaryImageOfPage":{"@id":"https:\/\/netbakis.net\/7595\/#primaryimage"},"image":{"@id":"https:\/\/netbakis.net\/7595\/#primaryimage"},"thumbnailUrl":"https:\/\/netbakis.net\/wp-content\/uploads\/2022\/08\/thumbs_b_c_f894cf8adf7fa3e88aca1f56058f001a.jpg","datePublished":"2022-08-01T11:36:52+00:00","dateModified":"2022-08-01T11:36:57+00:00","author":{"@id":"https:\/\/netbakis.net\/#\/schema\/person\/5d9b5c3f48ca4a3c69967d619fc8c7f4"},"breadcrumb":{"@id":"https:\/\/netbakis.net\/7595\/#breadcrumb"},"inLanguage":"tr","potentialAction":[{"@type":"ReadAction","target":["https:\/\/netbakis.net\/7595\/"]}]},{"@type":"ImageObject","inLanguage":"tr","@id":"https:\/\/netbakis.net\/7595\/#primaryimage","url":"https:\/\/netbakis.net\/wp-content\/uploads\/2022\/08\/thumbs_b_c_f894cf8adf7fa3e88aca1f56058f001a.jpg","contentUrl":"https:\/\/netbakis.net\/wp-content\/uploads\/2022\/08\/thumbs_b_c_f894cf8adf7fa3e88aca1f56058f001a.jpg","width":864,"height":486,"caption":"Odessa Liman\u0131'ndan tah\u0131l y\u00fckl\u00fc ilk gemi yola \u00e7\u0131kt\u0131"},{"@type":"BreadcrumbList","@id":"https:\/\/netbakis.net\/7595\/#breadcrumb","itemListElement":[{"@type":"ListItem","position":1,"name":"Home","item":"https:\/\/netbakis.net\/"},{"@type":"ListItem","position":2,"name":"Odessa Liman\u0131&#8217;ndan tah\u0131l y\u00fckl\u00fc ilk gemi yola \u00e7\u0131kt\u0131"}]},{"@type":"WebSite","@id":"https:\/\/netbakis.net\/#website","url":"https:\/\/netbakis.net\/","name":"NETBAKIS","description":"SON DAKIKA","potentialAction":[{"@type":"SearchAction","target":{"@type":"EntryPoint","urlTemplate":"https:\/\/netbakis.net\/?s={search_term_string}"},"query-input":{"@type":"PropertyValueSpecification","valueRequired":true,"valueName":"search_term_string"}}],"inLanguage":"tr"},{"@type":"Person","@id":"https:\/\/netbakis.net\/#\/schema\/person\/5d9b5c3f48ca4a3c69967d619fc8c7f4","name":"netbakis.net","image":{"@type":"ImageObject","inLanguage":"tr","@id":"https:\/\/netbakis.net\/#\/schema\/person\/image\/","url":"https:\/\/secure.gravatar.com\/avatar\/4ddeae49d2d3e3568a8d5b0937642efdf0b72468dbe3f213bc1978faa47af0d1?s=96&d=wp_user_avatar&r=g","contentUrl":"https:\/\/secure.gravatar.com\/avatar\/4ddeae49d2d3e3568a8d5b0937642efdf0b72468dbe3f213bc1978faa47af0d1?s=96&d=wp_user_avatar&r=g","caption":"netbakis.net"},"sameAs":["https:\/\/netbakis.net"],"url":"https:\/\/netbakis.net\/tr\/author\/netbakis-net\/"}]}},"jetpack_publicize_connections":[],"_links":{"self":[{"href":"https:\/\/netbakis.net\/tr\/wp-json\/wp\/v2\/posts\/7595","targetHints":{"allow":["GET"]}}],"collection":[{"href":"https:\/\/netbakis.net\/tr\/wp-json\/wp\/v2\/posts"}],"about":[{"href":"https:\/\/netbakis.net\/tr\/wp-json\/wp\/v2\/types\/post"}],"author":[{"embeddable":true,"href":"https:\/\/netbakis.net\/tr\/wp-json\/wp\/v2\/users\/1"}],"replies":[{"embeddable":true,"href":"https:\/\/netbakis.net\/tr\/wp-json\/wp\/v2\/comments?post=7595"}],"version-history":[{"count":1,"href":"https:\/\/netbakis.net\/tr\/wp-json\/wp\/v2\/posts\/7595\/revisions"}],"predecessor-version":[{"id":7597,"href":"https:\/\/netbakis.net\/tr\/wp-json\/wp\/v2\/posts\/7595\/revisions\/7597"}],"wp:featuredmedia":[{"embeddable":true,"href":"https:\/\/netbakis.net\/tr\/wp-json\/wp\/v2\/media\/7596"}],"wp:attachment":[{"href":"https:\/\/netbakis.net\/tr\/wp-json\/wp\/v2\/media?parent=7595"}],"wp:term":[{"taxonomy":"category","embeddable":true,"href":"https:\/\/netbakis.net\/tr\/wp-json\/wp\/v2\/categories?post=7595"},{"taxonomy":"post_tag","embeddable":true,"href":"https:\/\/netbakis.net\/tr\/wp-json\/wp\/v2\/tags?post=7595"}],"curies":[{"name":"wp","href":"https:\/\/api.w.org\/{rel}","templated":true}]}}