{"id":7481,"date":"2022-07-28T16:34:51","date_gmt":"2022-07-28T16:34:51","guid":{"rendered":"https:\/\/netbakis.net\/?p=7481"},"modified":"2022-07-28T16:34:56","modified_gmt":"2022-07-28T16:34:56","slug":"bulasici-hastaliklar-ust-komitesi-tarafindan-yeni-kararlar-aciklandi","status":"publish","type":"post","link":"https:\/\/netbakis.net\/tr\/7481\/","title":{"rendered":"Bula\u015f\u0131c\u0131 Hastal\u0131klar \u00dcst Komitesi taraf\u0131ndan yeni kararlar a\u00e7\u0131kland\u0131"},"content":{"rendered":"<p>Bula\u015f\u0131c\u0131 Hastal\u0131klar \u00dcst Komitesi\u2019nin koronavir\u00fcs tedbirleri \u00e7er\u00e7evesinde yeni kararlar\u0131 a\u00e7\u0131kland\u0131.<\/p>\n\n\n\n<p>Sa\u011fl\u0131k Bakanl\u0131\u011f\u0131\u2019ndan yap\u0131lan a\u00e7\u0131klamada, kapal\u0131 alanlarda ve toplu ta\u015f\u0131mac\u0131l\u0131kta maske kullan\u0131m\u0131n\u0131n zorunlu oldu\u011fu belirtildi.<\/p>\n\n\n\n<p>45\/2018 Bula\u015f\u0131c\u0131 Hastal\u0131klar Yasas\u0131 Kapsam\u0131nda Toplanan Bula\u015f\u0131c\u0131 Hastal\u0131klar \u00dcst Komitesi Taraf\u0131ndan Al\u0131nan Kararlar \u015f\u00f6yle:<\/p>\n\n\n\n<p><strong>MASKE \u0130LE \u0130LG\u0130L\u0130 KURALLAR<\/strong><\/p>\n\n\n\n<p>Kapal\u0131 alanlarda ve toplu ta\u015f\u0131mac\u0131l\u0131kta maske kullan\u0131lmas\u0131 zorunludur.<\/p>\n\n\n\n<p>A\u00e7\u0131k ve kapal\u0131 alanlarda sosyal mesafe ve hijyen kurallar\u0131na dikkat edilmesi gerekmektedir.<\/p>\n\n\n\n<p><strong>\u00dcLKEYE G\u0130R\u0130\u015e \u0130LE \u0130LG\u0130L\u0130 KARARLAR&nbsp;<\/strong><\/p>\n\n\n\n<p>Komitemiz taraf\u0131ndan yeni bir karar al\u0131n\u0131ncaya kadar ki\u015filer, a\u015f\u0131l\u0131 veya a\u015f\u0131s\u0131z olmalar\u0131na bak\u0131lmaks\u0131z\u0131n, Covid-19 test yapma zorunlulu\u011fu olmadan \u00fclkeye giri\u015f yapabileceklerdir.<\/p>\n\n\n\n<p><strong>ADA \u0130\u00c7\u0130 SINIR GE\u00c7\u0130\u015eLER\u0130 \u0130LE \u0130LG\u0130L\u0130 KARARLAR<\/strong><\/p>\n\n\n\n<p>Ada i\u00e7i ge\u00e7i\u015flerde, ki\u015filer Covid-19 test yapma zorunlulu\u011fu olmaks\u0131z\u0131n ge\u00e7i\u015f yapmaya devam edecektir.<\/p>\n\n\n\n<p><strong>MASKE \u0130LE \u0130LG\u0130L\u0130 KURALLAR<\/strong><\/p>\n\n\n\n<p>Kapal\u0131 alanlarda ve toplu ta\u015f\u0131mac\u0131l\u0131kta maske kullan\u0131lmas\u0131 zorunludur.<\/p>\n\n\n\n<p>A\u00e7\u0131k ve kapal\u0131 alanlarda sosyal mesafe ve hijyen kurallar\u0131na dikkat edilmesi gerekmektedir.<\/p>\n\n\n\n<p>\u00dcst solunum yolu \u015fikayetleri olan ki\u015filer t\u00fcm alanlarda (a\u00e7\u0131k, kapal\u0131) maske kullanacaklard\u0131r.<\/p>\n\n\n\n<p>Kapal\u0131 alanlar\u0131n s\u0131kl\u0131kla havaland\u0131r\u0131lmas\u0131 (s\u0131n\u0131f, restoran, spor salonlar\u0131 vb. yerler) gerekmektedir.&nbsp;<\/p>\n\n\n\n<p><strong>TESTLER \u0130LE \u0130LG\u0130L\u0130 GENEL KURALLAR<\/strong><\/p>\n\n\n\n<p>Laboratuvar komitesinin \u00f6nerisi ile \u00fclkemizde kullan\u0131lan Covid-19 testlerinin&nbsp; (PCR\/antijen&nbsp; testleri)CE-IVD sertifikas\u0131 olmas\u0131 zorunludur.<\/p>\n\n\n\n<p>Ya\u015fl\u0131 bak\u0131m evi ve cezaevi \u00e7al\u0131\u015fanlar\u0131 haftada bir Covid-19 testlerini yapt\u0131racaklard\u0131r.<\/p>\n\n\n\n<p>Ya\u015fl\u0131 bak\u0131m evlerini ve cezaevlerini ziyaret edecek ki\u015filer haftada bir Covid-19 testlerini ibraz etmek zorundad\u0131rlar. Semptom g\u00f6steren ki\u015filer testleri negatif olsa dahi belirtilen yerleri ziyaret edemeyeceklerdir.&nbsp;&nbsp;<\/p>\n\n\n\n<p>Semptom g\u00f6steren ki\u015filer maske takacak ve antijen testini yapt\u0131racakt\u0131r. Antijen testinin pozitif \u00e7\u0131kmas\u0131 halinde PCR testi yap\u0131lacakt\u0131r. Antijen testlerinin negatif \u00e7\u0131kmas\u0131na ra\u011fmen ciddi semptom g\u00f6steren ki\u015filer doktor istemi ile PCR testi yapt\u0131rabileceklerdir.<\/p>\n\n\n\n<p><strong>TEMASLI&nbsp; K\u0130\u015e\u0130LERLE \u0130LG\u0130L\u0130 KARARLAR<\/strong><\/p>\n\n\n\n<p>Covid 19 pozitif ki\u015fi ile temas eden ki\u015filer semptom takibi yaparak maskeli olarak g\u00fcncel hayatlar\u0131na devam edecektir. Bu ki\u015filer semptomlar\u0131 olmamas\u0131 halinde 5. g\u00fcn antijen testlerini yapt\u0131racaklard\u0131r.<\/p>\n\n\n\n<p>Ancak belirtilen s\u00fcreden \u00f6nce temasl\u0131 ki\u015filerin semptom g\u00f6stermeleri halinde daha erken antijen testlerini yapt\u0131racaklard\u0131r. Antijen testlerinin pozitif \u00e7\u0131kmas\u0131 durumunda PCR testi yapt\u0131racaklard\u0131r.<\/p>\n\n\n\n<p><strong>COV\u0130D-19 POZ\u0130T\u0130F K\u0130\u015e\u0130LERLE \u0130LG\u0130L\u0130 KARARLAR<\/strong><\/p>\n\n\n\n<p>Ki\u015filerin, Covid 19 PCR test sonucunun pozitif oldu\u011fu ile ilgili gelen mesaj akabinde izolasyon s\u00fcreci ba\u015flar (0. G\u00fcn)<\/p>\n\n\n\n<p>Ba\u015fka bir test merkezine giderek ikinci kez test yap\u0131lmas\u0131 durumunda ikinci testin sonucu dikkate al\u0131nmayacakt\u0131r.<\/p>\n\n\n\n<p>\u0130zolasyon s\u00fcresi 7 g\u00fcnd\u00fcr. 7. g\u00fcn\u00fcn sonunda ki\u015filer test yapt\u0131rmalar\u0131na gerek olmaks\u0131z\u0131n g\u00fcncel hayatlar\u0131na devam edebilecektir.&nbsp;&nbsp;&nbsp;<\/p>\n\n\n\n<p>Pozitif ki\u015filerin evde nefes darl\u0131\u011f\u0131 g\u00f6\u011f\u00fcs a\u011fr\u0131s\u0131 ve bulgular\u0131nda (ate\u015f, \u00f6ks\u00fcr\u00fck halsizlik, ba\u015f a\u011fr\u0131s\u0131 vb.) art\u0131\u015f olmas\u0131 halinde 0533 842 8358 veya 1102 numaralar\u0131n\u0131 arayarak yard\u0131m alabilirler.&nbsp;<\/p>\n\n\n\n<p>Covid-19 pozitif ki\u015filere ev karantinas\u0131 uygulamas\u0131n\u0131n yap\u0131labilmesi i\u00e7in, evdeki (konut, yurt, lojman vb.) di\u011fer bireylerle temas olmayacak \u015fekilde ki\u015fiye ait ayr\u0131 bir oda olmas\u0131 zorunludur. Ev i\u00e7erisinde ayn\u0131 banyo ve tuvaletin kullan\u0131lmas\u0131 halinde bu yerler her kullan\u0131m sonras\u0131 dezenfekte edilir. Dezenfeksiyon %1 oran\u0131nda suland\u0131r\u0131lm\u0131\u015f \u00e7ama\u015f\u0131r suyuyla yap\u0131l\u0131r. (10 litre su i\u00e7ine 1 k\u00fc\u00e7\u00fck \u00e7ay barda\u011f\u0131 \u00e7ama\u015f\u0131r suyu konulur.)<\/p>\n\n\n\n<p>Ev karantinas\u0131na al\u0131nan Covid-19 pozitif ki\u015fi, karantina s\u00fcresince evden \u00e7\u0131kamaz&nbsp; (sadece acil durumlarda karantina merkezinin bilgisi do\u011frultusunda \u00e7\u0131kabilir) ve karantinaya al\u0131nd\u0131\u011f\u0131 eve ziyaret\u00e7i kesinlikle kabul edemez.<\/p>\n\n\n\n<p>Pandemi Bilgi Sisteminde herhangi bir kayd\u0131 bulunmayan Covid-19 pozitif ki\u015filere Sa\u011fl\u0131k Bakanl\u0131\u011f\u0131\u2019nca resmi evrak d\u00fczenlenmeyecektir.<\/p>\n\n\n\n<p><strong>HAFTALIK COV\u0130D-19 VER\u0130 TABLOLARI (27.07.2022)<\/strong><\/p>\n\n\n\n<figure class=\"wp-block-table is-style-stripes\"><table><tbody><tr><td>KAR\u015eILA\u015eTIRMA TABLOSU<\/td><\/tr><tr><td>&nbsp;<\/td><td>19.07.2022<\/td><td>26.07.2022<\/td><td>De\u011fi\u015fim<\/td><\/tr><tr><td>Toplam vaka say\u0131s\u0131<\/td><td>3.231<\/td><td>2.363<\/td><td>-26,86%<\/td><\/tr><tr><td>Yerel vaka say\u0131s\u0131<\/td><td>3.231<\/td><td>2.363<\/td><td>-26,86%<\/td><\/tr><tr><td>Yurtd\u0131\u015f\u0131 vaka<\/td><td>0<\/td><td>&nbsp;<\/td><td>0,00%<\/td><\/tr><tr><td>100.000 de vaka say\u0131s\u0131<\/td><td>845,81<\/td><td>618,59<\/td><td>-26,86%<\/td><\/tr><tr><td>100.000 de yerel vaka say\u0131s\u0131<\/td><td>845,81<\/td><td>618,59<\/td><td>-26,86%<\/td><\/tr><tr><td>Test say\u0131s\u0131<\/td><td>23.434<\/td><td>18.667<\/td><td>-20,34%<\/td><\/tr><tr><td>Test pozitiflik oran\u0131<\/td><td>13,79%<\/td><td>12,66%<\/td><td>-8,19%<\/td><\/tr><tr><td>Hastanede tedavi g\u00f6ren<\/td><td>43<\/td><td>25<\/td><td>-41,86%<\/td><\/tr><tr><td>Yo\u011fun bak\u0131mda tedavi g\u00f6ren<\/td><td>3<\/td><td>3<\/td><td>0,00%<\/td><\/tr><tr><td>Yo\u011fun bak\u0131m oran\u0131<\/td><td>0,10%<\/td><td>0,13%<\/td><td>30,00%<\/td><\/tr><tr><td>Aktif vaka say\u0131s\u0131<\/td><td>3078<\/td><td>2159<\/td><td>-29,86%<\/td><\/tr><tr><td>Kaybedilen vaka say\u0131s\u0131<\/td><td>2<\/td><td>2<\/td><td>0,00%<\/td><\/tr><tr><td>&nbsp;<\/td><\/tr><tr><td>\u0130L\u00c7ELER\u0130N ORTALAMA G\u00dcNL\u00dcK 100.000 DE VAKA SAYISI<\/td><\/tr><tr><td>&nbsp;<\/td><td>19.07.2022<\/td><td>26.07.2022<\/td><td>De\u011fi\u015fim<\/td><\/tr><tr><td>KKTC GENEL\u0130<\/td><td>120,6<\/td><td>88,2<\/td><td>-26,87%<\/td><\/tr><tr><td>LEFKO\u015eA<\/td><td>170,6<\/td><td>131,8<\/td><td>-22,74%<\/td><\/tr><tr><td>GAZ\u0130MA\u011eUSA<\/td><td>109,1<\/td><td>76,6<\/td><td>-29,79%<\/td><\/tr><tr><td>G\u0130RNE<\/td><td>98,3<\/td><td>66,3<\/td><td>-32,55%<\/td><\/tr><tr><td>\u0130SKELE<\/td><td>54,2<\/td><td>40,4<\/td><td>-25,46%<\/td><\/tr><tr><td>G\u00dcZELYURT<\/td><td>95,9<\/td><td>60,2<\/td><td>-37,23%<\/td><\/tr><tr><td>LEFKE<\/td><td>72,1<\/td><td>64,0<\/td><td>-11,23%<\/td><\/tr><\/tbody><\/table><\/figure>\n\n\n\n<p><strong>A\u015eILARLA \u0130LG\u0130L\u0130 KARARLAR<\/strong><\/p>\n\n\n\n<p>18 Ya\u015f ve \u00dczeri Ki\u015filer \u0130\u00e7in \u00d6nerilen A\u015f\u0131 Tablosu<\/p>\n\n\n\n<figure class=\"wp-block-table is-style-stripes\"><table><tbody><tr><td>A\u015f\u0131 Ad\u0131<\/td><td>Ya\u015f Grubu<\/td><td>Sa\u011fl\u0131kl\u0131 veya hafif derecede ba\u011f\u0131\u015f\u0131kl\u0131k sistemi bask\u0131l\u0131 olan ki\u015filer<\/td><td>Orta veya a\u011f\u0131r derecede ba\u011f\u0131\u015f\u0131kl\u0131k sistemi bask\u0131l\u0131 olan ki\u015filer<sup>**<\/sup><\/td><\/tr><tr><td>\u00d6nerilen A\u015f\u0131 Dozu ve Dozlar Aras\u0131 Zamanlar<\/td><td>\u00d6nerilen A\u015f\u0131 Dozu ve Dozlar Aras\u0131 Zamanlar<\/td><\/tr><tr><td>Pfizer Biontech<\/td><td>18 ya\u015f ve \u00fczeri<\/td><td>Total doz: 3-4 *doz<\/td><td>Total doz 5**<\/td><\/tr><tr><td>1. doz ile 2.doz aras\u0131<\/td><td>En az 4-8 hafta<\/td><td>1. doz ile 2.doz aras\u0131<\/td><td>En az 3 hafta<\/td><\/tr><tr><td>2. doz ile 3. doz aras\u0131<\/td><td>En az 5 hafta<\/td><td>2. doz ile 3. doz aras\u0131<\/td><td>En az 8 hafta<\/td><\/tr><tr><td>3.doz ile 4. doz aras\u0131<\/td><td>En az 4 ay<\/td><td>3.doz ile 4.doz aras\u0131<\/td><td>En az 3 ay<\/td><\/tr><tr><td>4. doz ile 5. Doz aras\u0131<\/td><td>En az 4 ay<\/td><\/tr><tr><td>Johnson &amp;Johnsson<\/td><td>18 ya\u015f ve \u00fczeri<\/td><td>Total doz: 2-3 doz***<\/td><td>Total doz: 4<\/td><\/tr><tr><td>1. doz ile 2. doz aras\u0131<\/td><td>En az 8 hafta<\/td><td>1. doz ile 2.doz aras\u0131<\/td><td>En az 4 hafta<\/td><\/tr><tr><td>2. doz ile 3. doz aras\u0131<\/td><td>En az 4 ay<\/td><td>2. doz ile 3. doz aras\u0131<\/td><td>En az 8 hafta<\/td><\/tr><tr><td>3. doz ile 4. doz aras\u0131<\/td><td>En az 4 ay<\/td><\/tr><tr><td>AstraZeneca<\/td><td>18 ya\u015f ve \u00fczeri<\/td><td>Total doz: 3-4****<\/td><td>Total doz: 4-5**<\/td><\/tr><tr><td>1. doz ile 2.doz aras\u0131<\/td><td>En az 3 -8 hafta<\/td><td>1. doz ile 2.doz aras\u0131<\/td><td>En az 4 hafta<\/td><\/tr><tr><td>2. doz ile 3. doz aras\u0131<\/td><td>En az 3 ay<\/td><td>2. doz ile 3. doz aras\u0131<\/td><td>En az 8 hafta<\/td><\/tr><tr><td>3.doz ile 4. doz aras\u0131<\/td><td>En az 4 ay<\/td><td>3. doz ile 4. doz aras\u0131<\/td><td>En az 3 ay<\/td><\/tr><tr><td>4. doz ile 5. Doz aras\u0131<\/td><td>En az 4 ay<\/td><\/tr><tr><td>Sinovac&nbsp;&nbsp;&nbsp;&nbsp;&nbsp;<\/td><td>18 ya\u015f ve \u00fczeri<\/td><td>Total doz: 3-4*****<\/td><td>&#8211;<\/td><\/tr><tr><td>1. doz ile 2.doz aras\u0131<\/td><td>4 hafta<\/td><td>&#8211;<\/td><td>&#8211;<\/td><\/tr><tr><td>2. doz ile 3. doz aras\u0131<\/td><td>3 ay<\/td><td>&#8211;<\/td><td>&#8211;<\/td><\/tr><tr><td>3.doz ile 4. doz aras\u0131***<\/td><td>En az 4 ay<\/td><td>&#8211;<\/td><td>&#8211;<\/td><\/tr><\/tbody><\/table><\/figure>\n\n\n\n<p>&nbsp;&nbsp;&nbsp; 4. doz Pfizer BioNTech a\u015f\u0131s\u0131 sa\u011fl\u0131kl\u0131 veya ba\u011f\u0131\u015f\u0131kl\u0131k sistemi haf\u0131if derecede bask\u0131l\u0131 olan 50 ya\u015f ve \u00fczeri ki\u015filere \u00f6nerilmektedir.<\/p>\n\n\n\n<p>5. doz Pfizer BioNTech a\u015f\u0131s\u0131 ba\u011f\u0131\u015f\u0131kl\u0131k sistemi orta veya a\u011f\u0131r bask\u0131l\u0131 olan 18 ya\u015f ve \u00fczerine \u00f6nerilmektedir.<\/p>\n\n\n\n<p>Johnson &amp;Johnsson a\u015f\u0131s\u0131 ile a\u015f\u0131lanan ki\u015filerin 2. dozlar\u0131n\u0131 Pfizer BioNTech a\u015f\u0131s\u0131 ile yapt\u0131rmalar\u0131 \u00f6nerilmektedir. 3. doz a\u015f\u0131 (Pfizer Biontech) 50 ya\u015f ve \u00fczeri ki\u015filerle ba\u011f\u0131\u015f\u0131kl\u0131k sistemi orta veya a\u011f\u0131r bask\u0131l\u0131 olan 18 ya\u015f ve \u00fczeri ki\u015filere \u00f6nerilmektedir.<\/p>\n\n\n\n<p>AstraZeneca a\u015f\u0131s\u0131 ile a\u015f\u0131lanan ki\u015filerin 3. dozlar\u0131n\u0131 Pfizer BioNTech a\u015f\u0131s\u0131 ile yapt\u0131rmalar\u0131 \u00f6nerilmektedir. 4. doz a\u015f\u0131 (Pfizer BioNTech) 50 ya\u015f ve \u00fczeri ki\u015filerle ba\u011f\u0131\u015f\u0131kl\u0131k sistemi orta veya a\u011f\u0131r bask\u0131l\u0131 olan 18 ya\u015f ve \u00fczeri ki\u015filere \u00f6nerilmektedir.<\/p>\n\n\n\n<p>\u00d6nceden Sinovac ile 3 doz veya 2 Sinovac+ 1 BioNTech ile a\u015f\u0131lanan 50 ya\u015f ve \u00fczeri ki\u015filerle, ba\u011f\u0131\u015f\u0131kl\u0131k sistemi orta veya a\u011f\u0131r bask\u0131l\u0131 olan 18 ya\u015f ve \u00fczeri ki\u015filere 4. doz a\u015f\u0131 (Pfizer BioNTech) yap\u0131lmas\u0131 \u00f6nerilmektedir.<\/p>\n\n\n\n<p>5 Ya\u015f ve 17 Ya\u015f \u0130\u00e7in \u00d6nerilen A\u015f\u0131 Tablosu<\/p>\n\n\n\n<figure class=\"wp-block-table is-style-stripes\"><table><tbody><tr><td>A\u015f\u0131 Ad\u0131<\/td><td>Ya\u015f Grubu<\/td><td>Sa\u011fl\u0131kl\u0131 veya hafif derecede ba\u011f\u0131\u015f\u0131kl\u0131k sistemi bask\u0131l\u0131 olan \u00e7ocuklar<\/td><td>Orta veya a\u011f\u0131r derecede ba\u011f\u0131\u015f\u0131kl\u0131k sistemi bask\u0131l\u0131 olan \u00e7ocuklar<\/td><\/tr><tr><td>\u00d6nerilen A\u015f\u0131 Dozu ve Dozlar Aras\u0131 Zamanlar<\/td><td>\u00d6nerilen A\u015f\u0131 Dozu ve Dozlar Aras\u0131 Zamanlar<\/td><\/tr><tr><td>Pfizer Biontech<\/td><td>5 ya\u015f-11 ya\u015f<\/td><td>Total doz: 3<\/td><td>Total doz: 4<\/td><\/tr><tr><td>1. doz ile 2. doz aras\u0131<\/td><td>En az 3 -8 hafta<\/td><td>1. doz ile 2.doz aras\u0131<\/td><td>En az 3 hafta<\/td><\/tr><tr><td>2. doz ile 3. doz aras\u0131<\/td><td>En az 5 ay<\/td><td>2. doz ile 3. doz aras\u0131<\/td><td>En az 8 hafta<\/td><\/tr><tr><td>3. doz ile 4. doz aras\u0131<\/td><td>En az 3 ay<\/td><\/tr><tr><td>Pfizer Biontech&nbsp;&nbsp;<\/td><td>12 ya\u015f -17 ya\u015f<\/td><td>Total doz: 3<\/td><td>Total doz: 5<\/td><\/tr><tr><td>1. doz ile 2.doz aras\u0131<\/td><td>En az 3 -8 hafta<\/td><td>1. doz ile 2.doz aras\u0131<\/td><td>En az 3 hafta<\/td><\/tr><tr><td>2. doz ile 3. doz aras\u0131<\/td><td>En az 5 ay<\/td><td>2. doz ile 3. doz aras\u0131<\/td><td>En az 8 hafta<\/td><\/tr><tr><td>3. doz ile 4. doz aras\u0131<\/td><td>En az 3 ay<\/td><\/tr><tr><td>4. doz ile 5. Doz aras\u0131<\/td><td>En az 4 ay<\/td><\/tr><\/tbody><\/table><\/figure>","protected":false},"excerpt":{"rendered":"<p>Bula\u015f\u0131c\u0131 Hastal\u0131klar \u00dcst Komitesi\u2019nin koronavir\u00fcs tedbirleri \u00e7er\u00e7evesinde yeni kararlar\u0131 a\u00e7\u0131kland\u0131. Sa\u011fl\u0131k Bakanl\u0131\u011f\u0131\u2019ndan yap\u0131lan a\u00e7\u0131klamada, kapal\u0131 alanlarda ve toplu ta\u015f\u0131mac\u0131l\u0131kta maske kullan\u0131m\u0131n\u0131n zorunlu oldu\u011fu belirtildi. 45\/2018 Bula\u015f\u0131c\u0131 Hastal\u0131klar Yasas\u0131 Kapsam\u0131nda Toplanan Bula\u015f\u0131c\u0131 Hastal\u0131klar \u00dcst Komitesi Taraf\u0131ndan Al\u0131nan Kararlar \u015f\u00f6yle: MASKE \u0130LE \u0130LG\u0130L\u0130 KURALLAR Kapal\u0131 alanlarda ve toplu ta\u015f\u0131mac\u0131l\u0131kta maske kullan\u0131lmas\u0131 zorunludur. A\u00e7\u0131k ve kapal\u0131 alanlarda sosyal [&hellip;]<\/p>","protected":false},"author":1,"featured_media":7482,"comment_status":"open","ping_status":"open","sticky":false,"template":"","format":"standard","meta":{"om_disable_all_campaigns":false,"_monsterinsights_skip_tracking":false,"_monsterinsights_sitenote_active":false,"_monsterinsights_sitenote_note":"","_monsterinsights_sitenote_category":0,"_uf_show_specific_survey":0,"_uf_disable_surveys":false,"footnotes":"","jetpack_publicize_message":"","jetpack_publicize_feature_enabled":true,"jetpack_social_post_already_shared":false,"jetpack_social_options":{"image_generator_settings":{"template":"highway","default_image_id":0,"font":"","enabled":false},"version":2}},"categories":[81],"tags":[686],"class_list":{"0":"post-7481","1":"post","2":"type-post","3":"status-publish","4":"format-standard","5":"has-post-thumbnail","7":"category-gundem","8":"tag-ust-komitesi"},"yoast_head":"<!-- This site is optimized with the Yoast SEO plugin v23.8 - https:\/\/yoast.com\/wordpress\/plugins\/seo\/ -->\n<title>Bula\u015f\u0131c\u0131 Hastal\u0131klar \u00dcst Komitesi taraf\u0131ndan yeni kararlar a\u00e7\u0131kland\u0131 - NETBAKIS<\/title>\n<meta name=\"robots\" content=\"index, follow, max-snippet:-1, max-image-preview:large, max-video-preview:-1\" \/>\n<link rel=\"canonical\" href=\"https:\/\/netbakis.net\/tr\/7481\/\" \/>\n<meta property=\"og:locale\" content=\"tr_TR\" \/>\n<meta property=\"og:type\" content=\"article\" \/>\n<meta property=\"og:title\" content=\"Bula\u015f\u0131c\u0131 Hastal\u0131klar \u00dcst Komitesi taraf\u0131ndan yeni kararlar a\u00e7\u0131kland\u0131 - NETBAKIS\" \/>\n<meta property=\"og:description\" content=\"Bula\u015f\u0131c\u0131 Hastal\u0131klar \u00dcst Komitesi\u2019nin koronavir\u00fcs tedbirleri \u00e7er\u00e7evesinde yeni kararlar\u0131 a\u00e7\u0131kland\u0131. Sa\u011fl\u0131k Bakanl\u0131\u011f\u0131\u2019ndan yap\u0131lan a\u00e7\u0131klamada, kapal\u0131 alanlarda ve toplu ta\u015f\u0131mac\u0131l\u0131kta maske kullan\u0131m\u0131n\u0131n zorunlu oldu\u011fu belirtildi. 45\/2018 Bula\u015f\u0131c\u0131 Hastal\u0131klar Yasas\u0131 Kapsam\u0131nda Toplanan Bula\u015f\u0131c\u0131 Hastal\u0131klar \u00dcst Komitesi Taraf\u0131ndan Al\u0131nan Kararlar \u015f\u00f6yle: MASKE \u0130LE \u0130LG\u0130L\u0130 KURALLAR Kapal\u0131 alanlarda ve toplu ta\u015f\u0131mac\u0131l\u0131kta maske kullan\u0131lmas\u0131 zorunludur. A\u00e7\u0131k ve kapal\u0131 alanlarda sosyal [&hellip;]\" \/>\n<meta property=\"og:url\" content=\"https:\/\/netbakis.net\/tr\/7481\/\" \/>\n<meta property=\"og:site_name\" content=\"NETBAKIS\" \/>\n<meta property=\"article:published_time\" content=\"2022-07-28T16:34:51+00:00\" \/>\n<meta property=\"article:modified_time\" content=\"2022-07-28T16:34:56+00:00\" \/>\n<meta property=\"og:image\" content=\"https:\/\/netbakis.net\/wp-content\/uploads\/2022\/07\/saglikbakanligi.jpg\" \/>\n\t<meta property=\"og:image:width\" content=\"930\" \/>\n\t<meta property=\"og:image:height\" content=\"410\" \/>\n\t<meta property=\"og:image:type\" content=\"image\/jpeg\" \/>\n<meta name=\"author\" content=\"netbakis.net\" \/>\n<meta name=\"twitter:card\" content=\"summary_large_image\" \/>\n<meta name=\"twitter:label1\" content=\"Yazan:\" \/>\n\t<meta name=\"twitter:data1\" content=\"netbakis.net\" \/>\n\t<meta name=\"twitter:label2\" content=\"Tahmini okuma s\u00fcresi\" \/>\n\t<meta name=\"twitter:data2\" content=\"6 dakika\" \/>\n<script type=\"application\/ld+json\" class=\"yoast-schema-graph\">{\"@context\":\"https:\/\/schema.org\",\"@graph\":[{\"@type\":\"WebPage\",\"@id\":\"https:\/\/netbakis.net\/7481\/\",\"url\":\"https:\/\/netbakis.net\/7481\/\",\"name\":\"Bula\u015f\u0131c\u0131 Hastal\u0131klar \u00dcst Komitesi taraf\u0131ndan yeni kararlar a\u00e7\u0131kland\u0131 - NETBAKIS\",\"isPartOf\":{\"@id\":\"https:\/\/netbakis.net\/#website\"},\"primaryImageOfPage\":{\"@id\":\"https:\/\/netbakis.net\/7481\/#primaryimage\"},\"image\":{\"@id\":\"https:\/\/netbakis.net\/7481\/#primaryimage\"},\"thumbnailUrl\":\"https:\/\/netbakis.net\/wp-content\/uploads\/2022\/07\/saglikbakanligi.jpg\",\"datePublished\":\"2022-07-28T16:34:51+00:00\",\"dateModified\":\"2022-07-28T16:34:56+00:00\",\"author\":{\"@id\":\"https:\/\/netbakis.net\/#\/schema\/person\/5d9b5c3f48ca4a3c69967d619fc8c7f4\"},\"breadcrumb\":{\"@id\":\"https:\/\/netbakis.net\/7481\/#breadcrumb\"},\"inLanguage\":\"tr\",\"potentialAction\":[{\"@type\":\"ReadAction\",\"target\":[\"https:\/\/netbakis.net\/7481\/\"]}]},{\"@type\":\"ImageObject\",\"inLanguage\":\"tr\",\"@id\":\"https:\/\/netbakis.net\/7481\/#primaryimage\",\"url\":\"https:\/\/netbakis.net\/wp-content\/uploads\/2022\/07\/saglikbakanligi.jpg\",\"contentUrl\":\"https:\/\/netbakis.net\/wp-content\/uploads\/2022\/07\/saglikbakanligi.jpg\",\"width\":930,\"height\":410,\"caption\":\"sa\u011fl\u0131k bakanl\u0131\u011f\u0131 kktc\"},{\"@type\":\"BreadcrumbList\",\"@id\":\"https:\/\/netbakis.net\/7481\/#breadcrumb\",\"itemListElement\":[{\"@type\":\"ListItem\",\"position\":1,\"name\":\"Home\",\"item\":\"https:\/\/netbakis.net\/\"},{\"@type\":\"ListItem\",\"position\":2,\"name\":\"Bula\u015f\u0131c\u0131 Hastal\u0131klar \u00dcst Komitesi taraf\u0131ndan yeni kararlar a\u00e7\u0131kland\u0131\"}]},{\"@type\":\"WebSite\",\"@id\":\"https:\/\/netbakis.net\/#website\",\"url\":\"https:\/\/netbakis.net\/\",\"name\":\"NETBAKIS\",\"description\":\"SON DAKIKA\",\"potentialAction\":[{\"@type\":\"SearchAction\",\"target\":{\"@type\":\"EntryPoint\",\"urlTemplate\":\"https:\/\/netbakis.net\/?s={search_term_string}\"},\"query-input\":{\"@type\":\"PropertyValueSpecification\",\"valueRequired\":true,\"valueName\":\"search_term_string\"}}],\"inLanguage\":\"tr\"},{\"@type\":\"Person\",\"@id\":\"https:\/\/netbakis.net\/#\/schema\/person\/5d9b5c3f48ca4a3c69967d619fc8c7f4\",\"name\":\"netbakis.net\",\"image\":{\"@type\":\"ImageObject\",\"inLanguage\":\"tr\",\"@id\":\"https:\/\/netbakis.net\/#\/schema\/person\/image\/\",\"url\":\"https:\/\/secure.gravatar.com\/avatar\/4ddeae49d2d3e3568a8d5b0937642efdf0b72468dbe3f213bc1978faa47af0d1?s=96&d=wp_user_avatar&r=g\",\"contentUrl\":\"https:\/\/secure.gravatar.com\/avatar\/4ddeae49d2d3e3568a8d5b0937642efdf0b72468dbe3f213bc1978faa47af0d1?s=96&d=wp_user_avatar&r=g\",\"caption\":\"netbakis.net\"},\"sameAs\":[\"https:\/\/netbakis.net\"],\"url\":\"https:\/\/netbakis.net\/tr\/author\/netbakis-net\/\"}]}<\/script>\n<!-- \/ Yoast SEO plugin. -->","yoast_head_json":{"title":"Bula\u015f\u0131c\u0131 Hastal\u0131klar \u00dcst Komitesi taraf\u0131ndan yeni kararlar a\u00e7\u0131kland\u0131 - NETBAKIS","robots":{"index":"index","follow":"follow","max-snippet":"max-snippet:-1","max-image-preview":"max-image-preview:large","max-video-preview":"max-video-preview:-1"},"canonical":"https:\/\/netbakis.net\/tr\/7481\/","og_locale":"tr_TR","og_type":"article","og_title":"Bula\u015f\u0131c\u0131 Hastal\u0131klar \u00dcst Komitesi taraf\u0131ndan yeni kararlar a\u00e7\u0131kland\u0131 - NETBAKIS","og_description":"Bula\u015f\u0131c\u0131 Hastal\u0131klar \u00dcst Komitesi\u2019nin koronavir\u00fcs tedbirleri \u00e7er\u00e7evesinde yeni kararlar\u0131 a\u00e7\u0131kland\u0131. Sa\u011fl\u0131k Bakanl\u0131\u011f\u0131\u2019ndan yap\u0131lan a\u00e7\u0131klamada, kapal\u0131 alanlarda ve toplu ta\u015f\u0131mac\u0131l\u0131kta maske kullan\u0131m\u0131n\u0131n zorunlu oldu\u011fu belirtildi. 45\/2018 Bula\u015f\u0131c\u0131 Hastal\u0131klar Yasas\u0131 Kapsam\u0131nda Toplanan Bula\u015f\u0131c\u0131 Hastal\u0131klar \u00dcst Komitesi Taraf\u0131ndan Al\u0131nan Kararlar \u015f\u00f6yle: MASKE \u0130LE \u0130LG\u0130L\u0130 KURALLAR Kapal\u0131 alanlarda ve toplu ta\u015f\u0131mac\u0131l\u0131kta maske kullan\u0131lmas\u0131 zorunludur. A\u00e7\u0131k ve kapal\u0131 alanlarda sosyal [&hellip;]","og_url":"https:\/\/netbakis.net\/tr\/7481\/","og_site_name":"NETBAKIS","article_published_time":"2022-07-28T16:34:51+00:00","article_modified_time":"2022-07-28T16:34:56+00:00","og_image":[{"width":930,"height":410,"url":"https:\/\/netbakis.net\/wp-content\/uploads\/2022\/07\/saglikbakanligi.jpg","type":"image\/jpeg"}],"author":"netbakis.net","twitter_card":"summary_large_image","twitter_misc":{"Yazan:":"netbakis.net","Tahmini okuma s\u00fcresi":"6 dakika"},"schema":{"@context":"https:\/\/schema.org","@graph":[{"@type":"WebPage","@id":"https:\/\/netbakis.net\/7481\/","url":"https:\/\/netbakis.net\/7481\/","name":"Bula\u015f\u0131c\u0131 Hastal\u0131klar \u00dcst Komitesi taraf\u0131ndan yeni kararlar a\u00e7\u0131kland\u0131 - NETBAKIS","isPartOf":{"@id":"https:\/\/netbakis.net\/#website"},"primaryImageOfPage":{"@id":"https:\/\/netbakis.net\/7481\/#primaryimage"},"image":{"@id":"https:\/\/netbakis.net\/7481\/#primaryimage"},"thumbnailUrl":"https:\/\/netbakis.net\/wp-content\/uploads\/2022\/07\/saglikbakanligi.jpg","datePublished":"2022-07-28T16:34:51+00:00","dateModified":"2022-07-28T16:34:56+00:00","author":{"@id":"https:\/\/netbakis.net\/#\/schema\/person\/5d9b5c3f48ca4a3c69967d619fc8c7f4"},"breadcrumb":{"@id":"https:\/\/netbakis.net\/7481\/#breadcrumb"},"inLanguage":"tr","potentialAction":[{"@type":"ReadAction","target":["https:\/\/netbakis.net\/7481\/"]}]},{"@type":"ImageObject","inLanguage":"tr","@id":"https:\/\/netbakis.net\/7481\/#primaryimage","url":"https:\/\/netbakis.net\/wp-content\/uploads\/2022\/07\/saglikbakanligi.jpg","contentUrl":"https:\/\/netbakis.net\/wp-content\/uploads\/2022\/07\/saglikbakanligi.jpg","width":930,"height":410,"caption":"sa\u011fl\u0131k bakanl\u0131\u011f\u0131 kktc"},{"@type":"BreadcrumbList","@id":"https:\/\/netbakis.net\/7481\/#breadcrumb","itemListElement":[{"@type":"ListItem","position":1,"name":"Home","item":"https:\/\/netbakis.net\/"},{"@type":"ListItem","position":2,"name":"Bula\u015f\u0131c\u0131 Hastal\u0131klar \u00dcst Komitesi taraf\u0131ndan yeni kararlar a\u00e7\u0131kland\u0131"}]},{"@type":"WebSite","@id":"https:\/\/netbakis.net\/#website","url":"https:\/\/netbakis.net\/","name":"NETBAKIS","description":"SON DAKIKA","potentialAction":[{"@type":"SearchAction","target":{"@type":"EntryPoint","urlTemplate":"https:\/\/netbakis.net\/?s={search_term_string}"},"query-input":{"@type":"PropertyValueSpecification","valueRequired":true,"valueName":"search_term_string"}}],"inLanguage":"tr"},{"@type":"Person","@id":"https:\/\/netbakis.net\/#\/schema\/person\/5d9b5c3f48ca4a3c69967d619fc8c7f4","name":"netbakis.net","image":{"@type":"ImageObject","inLanguage":"tr","@id":"https:\/\/netbakis.net\/#\/schema\/person\/image\/","url":"https:\/\/secure.gravatar.com\/avatar\/4ddeae49d2d3e3568a8d5b0937642efdf0b72468dbe3f213bc1978faa47af0d1?s=96&d=wp_user_avatar&r=g","contentUrl":"https:\/\/secure.gravatar.com\/avatar\/4ddeae49d2d3e3568a8d5b0937642efdf0b72468dbe3f213bc1978faa47af0d1?s=96&d=wp_user_avatar&r=g","caption":"netbakis.net"},"sameAs":["https:\/\/netbakis.net"],"url":"https:\/\/netbakis.net\/tr\/author\/netbakis-net\/"}]}},"jetpack_publicize_connections":[],"_links":{"self":[{"href":"https:\/\/netbakis.net\/tr\/wp-json\/wp\/v2\/posts\/7481","targetHints":{"allow":["GET"]}}],"collection":[{"href":"https:\/\/netbakis.net\/tr\/wp-json\/wp\/v2\/posts"}],"about":[{"href":"https:\/\/netbakis.net\/tr\/wp-json\/wp\/v2\/types\/post"}],"author":[{"embeddable":true,"href":"https:\/\/netbakis.net\/tr\/wp-json\/wp\/v2\/users\/1"}],"replies":[{"embeddable":true,"href":"https:\/\/netbakis.net\/tr\/wp-json\/wp\/v2\/comments?post=7481"}],"version-history":[{"count":1,"href":"https:\/\/netbakis.net\/tr\/wp-json\/wp\/v2\/posts\/7481\/revisions"}],"predecessor-version":[{"id":7483,"href":"https:\/\/netbakis.net\/tr\/wp-json\/wp\/v2\/posts\/7481\/revisions\/7483"}],"wp:featuredmedia":[{"embeddable":true,"href":"https:\/\/netbakis.net\/tr\/wp-json\/wp\/v2\/media\/7482"}],"wp:attachment":[{"href":"https:\/\/netbakis.net\/tr\/wp-json\/wp\/v2\/media?parent=7481"}],"wp:term":[{"taxonomy":"category","embeddable":true,"href":"https:\/\/netbakis.net\/tr\/wp-json\/wp\/v2\/categories?post=7481"},{"taxonomy":"post_tag","embeddable":true,"href":"https:\/\/netbakis.net\/tr\/wp-json\/wp\/v2\/tags?post=7481"}],"curies":[{"name":"wp","href":"https:\/\/api.w.org\/{rel}","templated":true}]}}