{"id":7449,"date":"2022-07-27T17:11:09","date_gmt":"2022-07-27T17:11:09","guid":{"rendered":"https:\/\/netbakis.net\/?p=7449"},"modified":"2022-07-27T17:11:11","modified_gmt":"2022-07-27T17:11:11","slug":"ctp-girne-ilce-baskanligina-ongun-talat-secildi","status":"publish","type":"post","link":"https:\/\/netbakis.net\/tr\/7449\/","title":{"rendered":"CTP Girne \u0130l\u00e7e Ba\u015fkanl\u0131\u011f\u0131na Ongun Talat se\u00e7ildi"},"content":{"rendered":"<p>Cumhuriyet\u00e7i T\u00fcrk Partisi (CTP) Girne \u0130l\u00e7esi, 34. Ola\u011fan Kongresi d\u00fcn ak\u015fam ger\u00e7ekle\u015ftirerek, ba\u015fkanl\u0131k g\u00f6revine Girne milletvekili Ongun Talat getirildi.<\/p>\n\n\n\n<p>CTP\u2019den verilen bilgiye g\u00f6re, CTP, \u201cBiz Halk\u0131z, \u0130rade Biziz\u201d slogan\u0131yla y\u00fcr\u00fctt\u00fc\u011f\u00fc kurultay s\u00fcrecini, d\u00fcn ak\u015fam Girne \u0130l\u00e7esi Kongresi\u2019yle devam ettirdi.<\/p>\n\n\n\n<p>Divan\u0131n olu\u015fturulmas\u0131yla ba\u015flayan kongre, konu\u015fmalar, faaliyet ve mali raporlar\u0131n okunmas\u0131 ile devam etti, ard\u0131ndan organlar\u0131n tan\u0131t\u0131m\u0131na ge\u00e7ildi ve kongre sona erdi.<\/p>\n\n\n\n<p>Kongrede Genel Ba\u015fkan Tufan Erh\u00fcrman, Girne \u0130l\u00e7esi eski Ba\u015fkan\u0131 Mehmet Kale Ki\u015fi ve g\u00f6revi devralan Ongun Talat konu\u015fma yapt\u0131.<\/p>\n\n\n\n<p>Dome Hotel\u2019de ger\u00e7ekle\u015ftirilen kongreye 2. Cumhurba\u015fkan\u0131 Mehmet Ali Talat, Genel Sekreter Erdo\u011fan Sorak\u0131n, milletvekilleri, MYK ve PM \u00fcyeleri ile \u00e7ok say\u0131da CTP\u2019li kat\u0131ld\u0131.<\/p>\n\n\n\n<p>Kongrede t\u00fcm konu\u015fmac\u0131lar, ge\u00e7ti\u011fimiz hafta hayat\u0131n\u0131 kaybeden CTP eski milletvekili Bayram Karaman\u2019\u0131 and\u0131.<\/p>\n\n\n\n<p>Erh\u00fcrman<\/p>\n\n\n\n<p>Girne \u0130l\u00e7esi\u2019nin 34. Ola\u011fan Kongresi\u2019ne kat\u0131larak konu\u015fma yapan Genel Ba\u015fkan Tufan Erh\u00fcrman, &#8220;CTP\u2019nin K\u0131br\u0131s T\u00fcrk halk\u0131n\u0131 kurda ku\u015fa yem etmeyece\u011fini&#8221; s\u00f6yledi.<\/p>\n\n\n\n<p>CTP\u2019nin bu \u00fclkenin temel dire\u011fi oldu\u011funu ifade eden Erh\u00fcrman, bunu t\u00fcm toplumun bildi\u011fini s\u00f6yledi.<\/p>\n\n\n\n<p>Erh\u00fcrman, toplumun g\u00f6z\u00fcn\u00fc ve kula\u011f\u0131n\u0131 CTP\u2019ye \u00e7evirdi\u011fini, \u00e7\u00fcnk\u00fc hangi tehlikeyle kar\u015f\u0131 kar\u015f\u0131ya kal\u0131rsa kals\u0131n, 52 y\u0131ld\u0131r CTP\u2019nin bu toplum i\u00e7in dimdik ayakta durdu\u011funu bildi\u011fini ifade etti.<\/p>\n\n\n\n<p>K\u0131br\u0131s T\u00fcrk halk\u0131n\u0131n s\u0131\u011f\u0131nacak tek liman\u0131n\u0131n kendi iradesi oldu\u011funu s\u00f6yleyen Erh\u00fcrman, \u201cCTP\u2019liler umudunu yitirmez. CTP\u2019liler umudu her zaman s\u0131cak tutup, bu halk\u0131n ve bu adan\u0131n umudu olmaya devam edecektir\u201d dedi.<\/p>\n\n\n\n<p>Ge\u00e7ti\u011fimiz d\u00f6nemde g\u00f6rev alan herkese te\u015fekk\u00fcr eden Erh\u00fcrman, yeni d\u00f6nemde de g\u00f6rev alacak olanlara ba\u015far\u0131lar diledi ve \u201cBirlik, M\u00fccadele, Dayan\u0131\u015fma\u201d slogan\u0131yla s\u00f6zlerini tamamlad\u0131.<\/p>\n\n\n\n<p>Talat<\/p>\n\n\n\n<p>G\u00f6revi devralan yeni Ba\u015fkan Ongun Talat, 6 y\u0131l \u00f6nce Girne \u0130l\u00e7esi\u2019ndeki gen\u00e7ler olarak bu i\u015fin d\u00fcmenine ge\u00e7mek i\u00e7in b\u00fcy\u00fck bir cesaret \u00f6rne\u011fi g\u00f6sterdiklerini ve \u00fcstlendikleri sorumlulu\u011fun hala s\u00fcrd\u00fc\u011f\u00fcn\u00fc ifade etti.<\/p>\n\n\n\n<p>Talat, Kendisinden \u00f6nceki Ba\u015fkan Mehmet Kale Ki\u015fi\u2019nin \u00e7al\u0131\u015fmalar\u0131na de\u011finerek, 6 y\u0131l \u00f6nce Girne\u2019de kurduklar\u0131 kadronun bug\u00fcn parti kamuoyunda parmakla g\u00f6sterilen bir kadro olmas\u0131n\u0131n gururunu ya\u015fad\u0131klar\u0131n\u0131 dile getirdi.<\/p>\n\n\n\n<p>Talat, \u00f6nlerinde \u00e7ok \u00f6nemli bir yerel se\u00e7im s\u00fcreci oldu\u011funu, bu se\u00e7imlerde de Girne \u0130l\u00e7esi\u2019ndeki t\u00fcm belediyeleri CTP\u2019nin yerel hizmetleriyle tan\u0131\u015ft\u0131rmak i\u00e7in ellerinden geleni yapacaklar\u0131n\u0131 belirtti.<\/p>\n\n\n\n<p>Partinin yerel se\u00e7imlerde g\u00f6sterece\u011fi ba\u015far\u0131n\u0131n \u00f6nemine i\u015faret eden Talat, bu ba\u015far\u0131n\u0131n CTP\u2019yi genel se\u00e7imlerde tek ba\u015f\u0131na iktidara ta\u015f\u0131yaca\u011f\u0131n\u0131 vurgulayarak s\u00f6zlerini tamamlad\u0131.<\/p>\n\n\n\n<p>Talat, ba\u015fkanl\u0131\u011fa se\u00e7ildi.<\/p>\n\n\n\n<p>Ki\u015fi<\/p>\n\n\n\n<p>Girne \u0130l\u00e7esi\u2019nin kongresinde konu\u015fma yapan eski Ba\u015fkan Mehmet Kale Ki\u015fi de, \u0130l\u00e7e Ba\u015fkanl\u0131\u011f\u0131 g\u00f6revini 6 y\u0131ld\u0131r b\u00fcy\u00fck bir onur ve gururla y\u00fcr\u00fctt\u00fc\u011f\u00fcn\u00fc s\u00f6yledi.<\/p>\n\n\n\n<p>Ki\u015fisel duygu ve d\u00fc\u015f\u00fcncelerini geri planda tutarak \u201cAslolan Partidir\u201d prensibiyle \u00e7al\u0131\u015fmaktan hi\u00e7 vazge\u00e7medi\u011fini vurgulayan Ki\u015fi, \u201cG\u00f6revim s\u00fcresince do\u011frular\u0131m oldu\u011fu kadar elbette yanl\u0131\u015flar\u0131m da olmu\u015ftur. Hi\u00e7bir k\u00fcsk\u00fcnl\u00fc\u011f\u00fcm olmadan b\u00fcy\u00fck bir huzurla bug\u00fcn bu g\u00f6revi devrediyorum. Bayra\u011f\u0131 20 y\u0131l\u0131 a\u015fk\u0131n bir s\u00fcre omuz omuza m\u00fccadele verdi\u011fim karde\u015fim Ongun Talat\u2019a devretmek benim i\u00e7in ayr\u0131ca b\u00fcy\u00fck bir onurdur\u201d dedi.<\/p>\n\n\n\n<p>Mevkilerin en b\u00fcy\u00fc\u011f\u00fcn\u00fcn CTP \u00fcyesi olmak oldu\u011funu ifade eden Ki\u015fi, \u201cyeni se\u00e7ilecek olan y\u00f6netim kurulumuzun verece\u011fi t\u00fcm g\u00f6revleri hayat\u0131m\u0131n m\u00fcmk\u00fcn k\u0131ld\u0131\u011f\u0131 oranla s\u00fcrd\u00fcrece\u011fimi bir kez daha belirtmek isterim\u201d dedi.<\/p>\n\n\n\n<p>CTP Girne \u0130l\u00e7esi\u2019nin y\u00f6netim kurulu \u015fu isimlerden olu\u015ftu:<\/p>\n\n\n\n<p>&#8220;Ongun Talat, Ersan Kaz\u0131n, Dervi\u015f Ayg\u0131n, Pembe Ard\u0131\u00e7, Ak\u0131n Ataker, Mustafa \u0130lgen, Fato\u015f \u015een\u00e7a\u011f, Ha\u015fim Y\u00fccel, Deniz Kim, Zeka F\u0131nd\u0131k ve Ahmet G\u00fcrol Ersun.&#8221;<\/p>\n\n\n\n<p>Disiplin kurulu \u015f\u00f6yle:<\/p>\n\n\n\n<p>&#8220;\u00dcmit Akt\u00fcl, Hatice Ayd\u0131n ve Turgay Mimi.&#8221;<\/p>","protected":false},"excerpt":{"rendered":"<p>Cumhuriyet\u00e7i T\u00fcrk Partisi (CTP) Girne \u0130l\u00e7esi, 34. Ola\u011fan Kongresi d\u00fcn ak\u015fam ger\u00e7ekle\u015ftirerek, ba\u015fkanl\u0131k g\u00f6revine Girne milletvekili Ongun Talat getirildi. CTP\u2019den verilen bilgiye g\u00f6re, CTP, \u201cBiz Halk\u0131z, \u0130rade Biziz\u201d slogan\u0131yla y\u00fcr\u00fctt\u00fc\u011f\u00fc kurultay s\u00fcrecini, d\u00fcn ak\u015fam Girne \u0130l\u00e7esi Kongresi\u2019yle devam ettirdi. Divan\u0131n olu\u015fturulmas\u0131yla ba\u015flayan kongre, konu\u015fmalar, faaliyet ve mali raporlar\u0131n okunmas\u0131 ile devam etti, ard\u0131ndan organlar\u0131n tan\u0131t\u0131m\u0131na [&hellip;]<\/p>","protected":false},"author":1,"featured_media":7450,"comment_status":"open","ping_status":"open","sticky":false,"template":"","format":"standard","meta":{"om_disable_all_campaigns":false,"_monsterinsights_skip_tracking":false,"_monsterinsights_sitenote_active":false,"_monsterinsights_sitenote_note":"","_monsterinsights_sitenote_category":0,"_uf_show_specific_survey":0,"_uf_disable_surveys":false,"footnotes":"","jetpack_publicize_message":"","jetpack_publicize_feature_enabled":true,"jetpack_social_post_already_shared":false,"jetpack_social_options":{"image_generator_settings":{"template":"highway","default_image_id":0,"font":"","enabled":false},"version":2}},"categories":[81],"tags":[676],"class_list":{"0":"post-7449","1":"post","2":"type-post","3":"status-publish","4":"format-standard","5":"has-post-thumbnail","7":"category-gundem","8":"tag-ctp-girne-ilce-baskanligina-ongun-talat-secildi"},"yoast_head":"<!-- This site is optimized with the Yoast SEO plugin v23.8 - https:\/\/yoast.com\/wordpress\/plugins\/seo\/ -->\n<title>CTP Girne \u0130l\u00e7e Ba\u015fkanl\u0131\u011f\u0131na Ongun Talat se\u00e7ildi - NETBAKIS<\/title>\n<meta name=\"robots\" content=\"index, follow, max-snippet:-1, max-image-preview:large, max-video-preview:-1\" \/>\n<link rel=\"canonical\" href=\"https:\/\/netbakis.net\/tr\/7449\/\" \/>\n<meta property=\"og:locale\" content=\"tr_TR\" \/>\n<meta property=\"og:type\" content=\"article\" \/>\n<meta property=\"og:title\" content=\"CTP Girne \u0130l\u00e7e Ba\u015fkanl\u0131\u011f\u0131na Ongun Talat se\u00e7ildi - NETBAKIS\" \/>\n<meta property=\"og:description\" content=\"Cumhuriyet\u00e7i T\u00fcrk Partisi (CTP) Girne \u0130l\u00e7esi, 34. Ola\u011fan Kongresi d\u00fcn ak\u015fam ger\u00e7ekle\u015ftirerek, ba\u015fkanl\u0131k g\u00f6revine Girne milletvekili Ongun Talat getirildi. CTP\u2019den verilen bilgiye g\u00f6re, CTP, \u201cBiz Halk\u0131z, \u0130rade Biziz\u201d slogan\u0131yla y\u00fcr\u00fctt\u00fc\u011f\u00fc kurultay s\u00fcrecini, d\u00fcn ak\u015fam Girne \u0130l\u00e7esi Kongresi\u2019yle devam ettirdi. Divan\u0131n olu\u015fturulmas\u0131yla ba\u015flayan kongre, konu\u015fmalar, faaliyet ve mali raporlar\u0131n okunmas\u0131 ile devam etti, ard\u0131ndan organlar\u0131n tan\u0131t\u0131m\u0131na [&hellip;]\" \/>\n<meta property=\"og:url\" content=\"https:\/\/netbakis.net\/tr\/7449\/\" \/>\n<meta property=\"og:site_name\" content=\"NETBAKIS\" \/>\n<meta property=\"article:published_time\" content=\"2022-07-27T17:11:09+00:00\" \/>\n<meta property=\"article:modified_time\" content=\"2022-07-27T17:11:11+00:00\" \/>\n<meta property=\"og:image\" content=\"https:\/\/netbakis.net\/wp-content\/uploads\/2022\/07\/ctp_girne_ilce_baskanligina_ongun_talat_secildi_h101891_bec88.jpeg\" \/>\n\t<meta property=\"og:image:width\" content=\"656\" \/>\n\t<meta property=\"og:image:height\" content=\"400\" \/>\n\t<meta property=\"og:image:type\" content=\"image\/jpeg\" \/>\n<meta name=\"author\" content=\"netbakis.net\" \/>\n<meta name=\"twitter:card\" content=\"summary_large_image\" \/>\n<meta name=\"twitter:label1\" content=\"Yazan:\" \/>\n\t<meta name=\"twitter:data1\" content=\"netbakis.net\" \/>\n\t<meta name=\"twitter:label2\" content=\"Tahmini okuma s\u00fcresi\" \/>\n\t<meta name=\"twitter:data2\" content=\"3 dakika\" \/>\n<script type=\"application\/ld+json\" class=\"yoast-schema-graph\">{\"@context\":\"https:\/\/schema.org\",\"@graph\":[{\"@type\":\"WebPage\",\"@id\":\"https:\/\/netbakis.net\/7449\/\",\"url\":\"https:\/\/netbakis.net\/7449\/\",\"name\":\"CTP Girne \u0130l\u00e7e Ba\u015fkanl\u0131\u011f\u0131na Ongun Talat se\u00e7ildi - NETBAKIS\",\"isPartOf\":{\"@id\":\"https:\/\/netbakis.net\/#website\"},\"primaryImageOfPage\":{\"@id\":\"https:\/\/netbakis.net\/7449\/#primaryimage\"},\"image\":{\"@id\":\"https:\/\/netbakis.net\/7449\/#primaryimage\"},\"thumbnailUrl\":\"https:\/\/netbakis.net\/wp-content\/uploads\/2022\/07\/ctp_girne_ilce_baskanligina_ongun_talat_secildi_h101891_bec88.jpeg\",\"datePublished\":\"2022-07-27T17:11:09+00:00\",\"dateModified\":\"2022-07-27T17:11:11+00:00\",\"author\":{\"@id\":\"https:\/\/netbakis.net\/#\/schema\/person\/5d9b5c3f48ca4a3c69967d619fc8c7f4\"},\"breadcrumb\":{\"@id\":\"https:\/\/netbakis.net\/7449\/#breadcrumb\"},\"inLanguage\":\"tr\",\"potentialAction\":[{\"@type\":\"ReadAction\",\"target\":[\"https:\/\/netbakis.net\/7449\/\"]}]},{\"@type\":\"ImageObject\",\"inLanguage\":\"tr\",\"@id\":\"https:\/\/netbakis.net\/7449\/#primaryimage\",\"url\":\"https:\/\/netbakis.net\/wp-content\/uploads\/2022\/07\/ctp_girne_ilce_baskanligina_ongun_talat_secildi_h101891_bec88.jpeg\",\"contentUrl\":\"https:\/\/netbakis.net\/wp-content\/uploads\/2022\/07\/ctp_girne_ilce_baskanligina_ongun_talat_secildi_h101891_bec88.jpeg\",\"width\":656,\"height\":400,\"caption\":\"CTP Girne \u0130l\u00e7e Ba\u015fkanl\u0131\u011f\u0131na Ongun Talat se\u00e7ildi\"},{\"@type\":\"BreadcrumbList\",\"@id\":\"https:\/\/netbakis.net\/7449\/#breadcrumb\",\"itemListElement\":[{\"@type\":\"ListItem\",\"position\":1,\"name\":\"Home\",\"item\":\"https:\/\/netbakis.net\/\"},{\"@type\":\"ListItem\",\"position\":2,\"name\":\"CTP Girne \u0130l\u00e7e Ba\u015fkanl\u0131\u011f\u0131na Ongun Talat se\u00e7ildi\"}]},{\"@type\":\"WebSite\",\"@id\":\"https:\/\/netbakis.net\/#website\",\"url\":\"https:\/\/netbakis.net\/\",\"name\":\"NETBAKIS\",\"description\":\"SON DAKIKA\",\"potentialAction\":[{\"@type\":\"SearchAction\",\"target\":{\"@type\":\"EntryPoint\",\"urlTemplate\":\"https:\/\/netbakis.net\/?s={search_term_string}\"},\"query-input\":{\"@type\":\"PropertyValueSpecification\",\"valueRequired\":true,\"valueName\":\"search_term_string\"}}],\"inLanguage\":\"tr\"},{\"@type\":\"Person\",\"@id\":\"https:\/\/netbakis.net\/#\/schema\/person\/5d9b5c3f48ca4a3c69967d619fc8c7f4\",\"name\":\"netbakis.net\",\"image\":{\"@type\":\"ImageObject\",\"inLanguage\":\"tr\",\"@id\":\"https:\/\/netbakis.net\/#\/schema\/person\/image\/\",\"url\":\"https:\/\/secure.gravatar.com\/avatar\/4ddeae49d2d3e3568a8d5b0937642efdf0b72468dbe3f213bc1978faa47af0d1?s=96&d=wp_user_avatar&r=g\",\"contentUrl\":\"https:\/\/secure.gravatar.com\/avatar\/4ddeae49d2d3e3568a8d5b0937642efdf0b72468dbe3f213bc1978faa47af0d1?s=96&d=wp_user_avatar&r=g\",\"caption\":\"netbakis.net\"},\"sameAs\":[\"https:\/\/netbakis.net\"],\"url\":\"https:\/\/netbakis.net\/tr\/author\/netbakis-net\/\"}]}<\/script>\n<!-- \/ Yoast SEO plugin. -->","yoast_head_json":{"title":"CTP Girne \u0130l\u00e7e Ba\u015fkanl\u0131\u011f\u0131na Ongun Talat se\u00e7ildi - NETBAKIS","robots":{"index":"index","follow":"follow","max-snippet":"max-snippet:-1","max-image-preview":"max-image-preview:large","max-video-preview":"max-video-preview:-1"},"canonical":"https:\/\/netbakis.net\/tr\/7449\/","og_locale":"tr_TR","og_type":"article","og_title":"CTP Girne \u0130l\u00e7e Ba\u015fkanl\u0131\u011f\u0131na Ongun Talat se\u00e7ildi - NETBAKIS","og_description":"Cumhuriyet\u00e7i T\u00fcrk Partisi (CTP) Girne \u0130l\u00e7esi, 34. Ola\u011fan Kongresi d\u00fcn ak\u015fam ger\u00e7ekle\u015ftirerek, ba\u015fkanl\u0131k g\u00f6revine Girne milletvekili Ongun Talat getirildi. CTP\u2019den verilen bilgiye g\u00f6re, CTP, \u201cBiz Halk\u0131z, \u0130rade Biziz\u201d slogan\u0131yla y\u00fcr\u00fctt\u00fc\u011f\u00fc kurultay s\u00fcrecini, d\u00fcn ak\u015fam Girne \u0130l\u00e7esi Kongresi\u2019yle devam ettirdi. Divan\u0131n olu\u015fturulmas\u0131yla ba\u015flayan kongre, konu\u015fmalar, faaliyet ve mali raporlar\u0131n okunmas\u0131 ile devam etti, ard\u0131ndan organlar\u0131n tan\u0131t\u0131m\u0131na [&hellip;]","og_url":"https:\/\/netbakis.net\/tr\/7449\/","og_site_name":"NETBAKIS","article_published_time":"2022-07-27T17:11:09+00:00","article_modified_time":"2022-07-27T17:11:11+00:00","og_image":[{"width":656,"height":400,"url":"https:\/\/netbakis.net\/wp-content\/uploads\/2022\/07\/ctp_girne_ilce_baskanligina_ongun_talat_secildi_h101891_bec88.jpeg","type":"image\/jpeg"}],"author":"netbakis.net","twitter_card":"summary_large_image","twitter_misc":{"Yazan:":"netbakis.net","Tahmini okuma s\u00fcresi":"3 dakika"},"schema":{"@context":"https:\/\/schema.org","@graph":[{"@type":"WebPage","@id":"https:\/\/netbakis.net\/7449\/","url":"https:\/\/netbakis.net\/7449\/","name":"CTP Girne \u0130l\u00e7e Ba\u015fkanl\u0131\u011f\u0131na Ongun Talat se\u00e7ildi - NETBAKIS","isPartOf":{"@id":"https:\/\/netbakis.net\/#website"},"primaryImageOfPage":{"@id":"https:\/\/netbakis.net\/7449\/#primaryimage"},"image":{"@id":"https:\/\/netbakis.net\/7449\/#primaryimage"},"thumbnailUrl":"https:\/\/netbakis.net\/wp-content\/uploads\/2022\/07\/ctp_girne_ilce_baskanligina_ongun_talat_secildi_h101891_bec88.jpeg","datePublished":"2022-07-27T17:11:09+00:00","dateModified":"2022-07-27T17:11:11+00:00","author":{"@id":"https:\/\/netbakis.net\/#\/schema\/person\/5d9b5c3f48ca4a3c69967d619fc8c7f4"},"breadcrumb":{"@id":"https:\/\/netbakis.net\/7449\/#breadcrumb"},"inLanguage":"tr","potentialAction":[{"@type":"ReadAction","target":["https:\/\/netbakis.net\/7449\/"]}]},{"@type":"ImageObject","inLanguage":"tr","@id":"https:\/\/netbakis.net\/7449\/#primaryimage","url":"https:\/\/netbakis.net\/wp-content\/uploads\/2022\/07\/ctp_girne_ilce_baskanligina_ongun_talat_secildi_h101891_bec88.jpeg","contentUrl":"https:\/\/netbakis.net\/wp-content\/uploads\/2022\/07\/ctp_girne_ilce_baskanligina_ongun_talat_secildi_h101891_bec88.jpeg","width":656,"height":400,"caption":"CTP Girne \u0130l\u00e7e Ba\u015fkanl\u0131\u011f\u0131na Ongun Talat se\u00e7ildi"},{"@type":"BreadcrumbList","@id":"https:\/\/netbakis.net\/7449\/#breadcrumb","itemListElement":[{"@type":"ListItem","position":1,"name":"Home","item":"https:\/\/netbakis.net\/"},{"@type":"ListItem","position":2,"name":"CTP Girne \u0130l\u00e7e Ba\u015fkanl\u0131\u011f\u0131na Ongun Talat se\u00e7ildi"}]},{"@type":"WebSite","@id":"https:\/\/netbakis.net\/#website","url":"https:\/\/netbakis.net\/","name":"NETBAKIS","description":"SON DAKIKA","potentialAction":[{"@type":"SearchAction","target":{"@type":"EntryPoint","urlTemplate":"https:\/\/netbakis.net\/?s={search_term_string}"},"query-input":{"@type":"PropertyValueSpecification","valueRequired":true,"valueName":"search_term_string"}}],"inLanguage":"tr"},{"@type":"Person","@id":"https:\/\/netbakis.net\/#\/schema\/person\/5d9b5c3f48ca4a3c69967d619fc8c7f4","name":"netbakis.net","image":{"@type":"ImageObject","inLanguage":"tr","@id":"https:\/\/netbakis.net\/#\/schema\/person\/image\/","url":"https:\/\/secure.gravatar.com\/avatar\/4ddeae49d2d3e3568a8d5b0937642efdf0b72468dbe3f213bc1978faa47af0d1?s=96&d=wp_user_avatar&r=g","contentUrl":"https:\/\/secure.gravatar.com\/avatar\/4ddeae49d2d3e3568a8d5b0937642efdf0b72468dbe3f213bc1978faa47af0d1?s=96&d=wp_user_avatar&r=g","caption":"netbakis.net"},"sameAs":["https:\/\/netbakis.net"],"url":"https:\/\/netbakis.net\/tr\/author\/netbakis-net\/"}]}},"jetpack_publicize_connections":[],"_links":{"self":[{"href":"https:\/\/netbakis.net\/tr\/wp-json\/wp\/v2\/posts\/7449","targetHints":{"allow":["GET"]}}],"collection":[{"href":"https:\/\/netbakis.net\/tr\/wp-json\/wp\/v2\/posts"}],"about":[{"href":"https:\/\/netbakis.net\/tr\/wp-json\/wp\/v2\/types\/post"}],"author":[{"embeddable":true,"href":"https:\/\/netbakis.net\/tr\/wp-json\/wp\/v2\/users\/1"}],"replies":[{"embeddable":true,"href":"https:\/\/netbakis.net\/tr\/wp-json\/wp\/v2\/comments?post=7449"}],"version-history":[{"count":1,"href":"https:\/\/netbakis.net\/tr\/wp-json\/wp\/v2\/posts\/7449\/revisions"}],"predecessor-version":[{"id":7451,"href":"https:\/\/netbakis.net\/tr\/wp-json\/wp\/v2\/posts\/7449\/revisions\/7451"}],"wp:featuredmedia":[{"embeddable":true,"href":"https:\/\/netbakis.net\/tr\/wp-json\/wp\/v2\/media\/7450"}],"wp:attachment":[{"href":"https:\/\/netbakis.net\/tr\/wp-json\/wp\/v2\/media?parent=7449"}],"wp:term":[{"taxonomy":"category","embeddable":true,"href":"https:\/\/netbakis.net\/tr\/wp-json\/wp\/v2\/categories?post=7449"},{"taxonomy":"post_tag","embeddable":true,"href":"https:\/\/netbakis.net\/tr\/wp-json\/wp\/v2\/tags?post=7449"}],"curies":[{"name":"wp","href":"https:\/\/api.w.org\/{rel}","templated":true}]}}