{"id":7428,"date":"2022-07-27T07:37:20","date_gmt":"2022-07-27T07:37:20","guid":{"rendered":"https:\/\/netbakis.net\/?p=7428"},"modified":"2022-07-27T07:37:29","modified_gmt":"2022-07-27T07:37:29","slug":"sigorta-emeklileri-kesintisiz-odenecek","status":"publish","type":"post","link":"https:\/\/netbakis.net\/tr\/7428\/","title":{"rendered":"Sigorta emeklileri kesintisiz \u00f6denecek"},"content":{"rendered":"<p>\u00c7al\u0131\u015fma ve Sosyal G\u00fcvenlik Bakanl\u0131\u011f\u0131, sigorta emeklilerinin Temmuz ay\u0131 maa\u015flar\u0131 yeni maa\u015f tablosu \u00fczerinden \u00f6denece\u011fini a\u00e7\u0131klad\u0131.<\/p>\n\n\n\n<p>\u00c7al\u0131\u015fma ve Sosyal G\u00fcvenlik Bakanl\u0131\u011f\u0131, sigorta emeklilerinin Temmuz ay\u0131 maa\u015flar\u0131 yeni maa\u015f tablosu \u00fczerinden \u00f6denece\u011fini a\u00e7\u0131klad\u0131.<\/p>\n\n\n\n<p>A\u00e7\u0131klama \u015f\u00f6yle:<\/p>\n\n\n\n<p>Sigorta emeklilerinin Temmuz ay\u0131 maa\u015flar\u0131&nbsp; yeni maa\u015f tablosu \u00fczerinden \u00f6denecek.<\/p>\n\n\n\n<p>Bakanl\u0131\u011f\u0131m\u0131za ba\u011fl\u0131 Sosyal Sigortalar Dairesi, sigorta emeklilerinin&nbsp; Temmuz&nbsp; ay\u0131 maa\u015flar\u0131n\u0131 bug\u00fcn yeni maa\u015f tablosu \u00fczerinden&nbsp; ve kesintisiz olarak \u00f6deyecektir.<\/p>\n\n\n\n<p>&nbsp;Sosyal Sigortalar Dairesi personeli gece boyunca&nbsp; \u00f6zveri ile&nbsp;&nbsp; \u00e7al\u0131\u015farak sigorta emeklilerimizin yeni maa\u015f tablolar\u0131n\u0131&nbsp; d\u00fczenlemi\u015f ve yeni maa\u015flar\u0131 haz\u0131rlam\u0131\u015ft\u0131r.<\/p>\n\n\n\n<p>Kamuoyunun bilgisine \u00f6nemle duyurulur<\/p>","protected":false},"excerpt":{"rendered":"<p>\u00c7al\u0131\u015fma ve Sosyal G\u00fcvenlik Bakanl\u0131\u011f\u0131, sigorta emeklilerinin Temmuz ay\u0131 maa\u015flar\u0131 yeni maa\u015f tablosu \u00fczerinden \u00f6denece\u011fini a\u00e7\u0131klad\u0131. \u00c7al\u0131\u015fma ve Sosyal G\u00fcvenlik Bakanl\u0131\u011f\u0131, sigorta emeklilerinin Temmuz ay\u0131 maa\u015flar\u0131 yeni maa\u015f tablosu \u00fczerinden \u00f6denece\u011fini a\u00e7\u0131klad\u0131. A\u00e7\u0131klama \u015f\u00f6yle: Sigorta emeklilerinin Temmuz ay\u0131 maa\u015flar\u0131&nbsp; yeni maa\u015f tablosu \u00fczerinden \u00f6denecek. Bakanl\u0131\u011f\u0131m\u0131za ba\u011fl\u0131 Sosyal Sigortalar Dairesi, sigorta emeklilerinin&nbsp; Temmuz&nbsp; ay\u0131 maa\u015flar\u0131n\u0131 bug\u00fcn [&hellip;]<\/p>","protected":false},"author":1,"featured_media":5320,"comment_status":"open","ping_status":"open","sticky":false,"template":"","format":"standard","meta":{"om_disable_all_campaigns":false,"_monsterinsights_skip_tracking":false,"_monsterinsights_sitenote_active":false,"_monsterinsights_sitenote_note":"","_monsterinsights_sitenote_category":0,"_uf_show_specific_survey":0,"_uf_disable_surveys":false,"footnotes":"","jetpack_publicize_message":"","jetpack_publicize_feature_enabled":true,"jetpack_social_post_already_shared":false,"jetpack_social_options":{"image_generator_settings":{"template":"highway","default_image_id":0,"font":"","enabled":false},"version":2}},"categories":[81],"tags":[672],"class_list":{"0":"post-7428","1":"post","2":"type-post","3":"status-publish","4":"format-standard","5":"has-post-thumbnail","7":"category-gundem","8":"tag-sigorta-emeklileri-kesintisiz-odenecek"},"yoast_head":"<!-- This site is optimized with the Yoast SEO plugin v23.8 - https:\/\/yoast.com\/wordpress\/plugins\/seo\/ -->\n<title>Sigorta emeklileri kesintisiz \u00f6denecek - NETBAKIS<\/title>\n<meta name=\"robots\" content=\"index, follow, max-snippet:-1, max-image-preview:large, max-video-preview:-1\" \/>\n<link rel=\"canonical\" href=\"https:\/\/netbakis.net\/tr\/7428\/\" \/>\n<meta property=\"og:locale\" content=\"tr_TR\" \/>\n<meta property=\"og:type\" content=\"article\" \/>\n<meta property=\"og:title\" content=\"Sigorta emeklileri kesintisiz \u00f6denecek - NETBAKIS\" \/>\n<meta property=\"og:description\" content=\"\u00c7al\u0131\u015fma ve Sosyal G\u00fcvenlik Bakanl\u0131\u011f\u0131, sigorta emeklilerinin Temmuz ay\u0131 maa\u015flar\u0131 yeni maa\u015f tablosu \u00fczerinden \u00f6denece\u011fini a\u00e7\u0131klad\u0131. \u00c7al\u0131\u015fma ve Sosyal G\u00fcvenlik Bakanl\u0131\u011f\u0131, sigorta emeklilerinin Temmuz ay\u0131 maa\u015flar\u0131 yeni maa\u015f tablosu \u00fczerinden \u00f6denece\u011fini a\u00e7\u0131klad\u0131. A\u00e7\u0131klama \u015f\u00f6yle: Sigorta emeklilerinin Temmuz ay\u0131 maa\u015flar\u0131&nbsp; yeni maa\u015f tablosu \u00fczerinden \u00f6denecek. Bakanl\u0131\u011f\u0131m\u0131za ba\u011fl\u0131 Sosyal Sigortalar Dairesi, sigorta emeklilerinin&nbsp; Temmuz&nbsp; ay\u0131 maa\u015flar\u0131n\u0131 bug\u00fcn [&hellip;]\" \/>\n<meta property=\"og:url\" content=\"https:\/\/netbakis.net\/tr\/7428\/\" \/>\n<meta property=\"og:site_name\" content=\"NETBAKIS\" \/>\n<meta property=\"article:published_time\" content=\"2022-07-27T07:37:20+00:00\" \/>\n<meta property=\"article:modified_time\" content=\"2022-07-27T07:37:29+00:00\" \/>\n<meta property=\"og:image\" content=\"https:\/\/netbakis.net\/wp-content\/uploads\/2021\/04\/LYNXMPEH2L00C_L.jpg\" \/>\n\t<meta property=\"og:image:width\" content=\"800\" \/>\n\t<meta property=\"og:image:height\" content=\"519\" \/>\n\t<meta property=\"og:image:type\" content=\"image\/jpeg\" \/>\n<meta name=\"author\" content=\"netbakis.net\" \/>\n<meta name=\"twitter:card\" content=\"summary_large_image\" \/>\n<meta name=\"twitter:label1\" content=\"Yazan:\" \/>\n\t<meta name=\"twitter:data1\" content=\"netbakis.net\" \/>\n\t<meta name=\"twitter:label2\" content=\"Tahmini okuma s\u00fcresi\" \/>\n\t<meta name=\"twitter:data2\" content=\"1 dakika\" \/>\n<script type=\"application\/ld+json\" class=\"yoast-schema-graph\">{\"@context\":\"https:\/\/schema.org\",\"@graph\":[{\"@type\":\"WebPage\",\"@id\":\"https:\/\/netbakis.net\/7428\/\",\"url\":\"https:\/\/netbakis.net\/7428\/\",\"name\":\"Sigorta emeklileri kesintisiz \u00f6denecek - NETBAKIS\",\"isPartOf\":{\"@id\":\"https:\/\/netbakis.net\/#website\"},\"primaryImageOfPage\":{\"@id\":\"https:\/\/netbakis.net\/7428\/#primaryimage\"},\"image\":{\"@id\":\"https:\/\/netbakis.net\/7428\/#primaryimage\"},\"thumbnailUrl\":\"https:\/\/netbakis.net\/wp-content\/uploads\/2021\/04\/LYNXMPEH2L00C_L.jpg\",\"datePublished\":\"2022-07-27T07:37:20+00:00\",\"dateModified\":\"2022-07-27T07:37:29+00:00\",\"author\":{\"@id\":\"https:\/\/netbakis.net\/#\/schema\/person\/5d9b5c3f48ca4a3c69967d619fc8c7f4\"},\"breadcrumb\":{\"@id\":\"https:\/\/netbakis.net\/7428\/#breadcrumb\"},\"inLanguage\":\"tr\",\"potentialAction\":[{\"@type\":\"ReadAction\",\"target\":[\"https:\/\/netbakis.net\/7428\/\"]}]},{\"@type\":\"ImageObject\",\"inLanguage\":\"tr\",\"@id\":\"https:\/\/netbakis.net\/7428\/#primaryimage\",\"url\":\"https:\/\/netbakis.net\/wp-content\/uploads\/2021\/04\/LYNXMPEH2L00C_L.jpg\",\"contentUrl\":\"https:\/\/netbakis.net\/wp-content\/uploads\/2021\/04\/LYNXMPEH2L00C_L.jpg\",\"width\":800,\"height\":519,\"caption\":\"TL PARA\"},{\"@type\":\"BreadcrumbList\",\"@id\":\"https:\/\/netbakis.net\/7428\/#breadcrumb\",\"itemListElement\":[{\"@type\":\"ListItem\",\"position\":1,\"name\":\"Home\",\"item\":\"https:\/\/netbakis.net\/\"},{\"@type\":\"ListItem\",\"position\":2,\"name\":\"Sigorta emeklileri kesintisiz \u00f6denecek\"}]},{\"@type\":\"WebSite\",\"@id\":\"https:\/\/netbakis.net\/#website\",\"url\":\"https:\/\/netbakis.net\/\",\"name\":\"NETBAKIS\",\"description\":\"SON DAKIKA\",\"potentialAction\":[{\"@type\":\"SearchAction\",\"target\":{\"@type\":\"EntryPoint\",\"urlTemplate\":\"https:\/\/netbakis.net\/?s={search_term_string}\"},\"query-input\":{\"@type\":\"PropertyValueSpecification\",\"valueRequired\":true,\"valueName\":\"search_term_string\"}}],\"inLanguage\":\"tr\"},{\"@type\":\"Person\",\"@id\":\"https:\/\/netbakis.net\/#\/schema\/person\/5d9b5c3f48ca4a3c69967d619fc8c7f4\",\"name\":\"netbakis.net\",\"image\":{\"@type\":\"ImageObject\",\"inLanguage\":\"tr\",\"@id\":\"https:\/\/netbakis.net\/#\/schema\/person\/image\/\",\"url\":\"https:\/\/secure.gravatar.com\/avatar\/4ddeae49d2d3e3568a8d5b0937642efdf0b72468dbe3f213bc1978faa47af0d1?s=96&d=wp_user_avatar&r=g\",\"contentUrl\":\"https:\/\/secure.gravatar.com\/avatar\/4ddeae49d2d3e3568a8d5b0937642efdf0b72468dbe3f213bc1978faa47af0d1?s=96&d=wp_user_avatar&r=g\",\"caption\":\"netbakis.net\"},\"sameAs\":[\"https:\/\/netbakis.net\"],\"url\":\"https:\/\/netbakis.net\/tr\/author\/netbakis-net\/\"}]}<\/script>\n<!-- \/ Yoast SEO plugin. -->","yoast_head_json":{"title":"Sigorta emeklileri kesintisiz \u00f6denecek - NETBAKIS","robots":{"index":"index","follow":"follow","max-snippet":"max-snippet:-1","max-image-preview":"max-image-preview:large","max-video-preview":"max-video-preview:-1"},"canonical":"https:\/\/netbakis.net\/tr\/7428\/","og_locale":"tr_TR","og_type":"article","og_title":"Sigorta emeklileri kesintisiz \u00f6denecek - NETBAKIS","og_description":"\u00c7al\u0131\u015fma ve Sosyal G\u00fcvenlik Bakanl\u0131\u011f\u0131, sigorta emeklilerinin Temmuz ay\u0131 maa\u015flar\u0131 yeni maa\u015f tablosu \u00fczerinden \u00f6denece\u011fini a\u00e7\u0131klad\u0131. \u00c7al\u0131\u015fma ve Sosyal G\u00fcvenlik Bakanl\u0131\u011f\u0131, sigorta emeklilerinin Temmuz ay\u0131 maa\u015flar\u0131 yeni maa\u015f tablosu \u00fczerinden \u00f6denece\u011fini a\u00e7\u0131klad\u0131. A\u00e7\u0131klama \u015f\u00f6yle: Sigorta emeklilerinin Temmuz ay\u0131 maa\u015flar\u0131&nbsp; yeni maa\u015f tablosu \u00fczerinden \u00f6denecek. Bakanl\u0131\u011f\u0131m\u0131za ba\u011fl\u0131 Sosyal Sigortalar Dairesi, sigorta emeklilerinin&nbsp; Temmuz&nbsp; ay\u0131 maa\u015flar\u0131n\u0131 bug\u00fcn [&hellip;]","og_url":"https:\/\/netbakis.net\/tr\/7428\/","og_site_name":"NETBAKIS","article_published_time":"2022-07-27T07:37:20+00:00","article_modified_time":"2022-07-27T07:37:29+00:00","og_image":[{"width":800,"height":519,"url":"https:\/\/netbakis.net\/wp-content\/uploads\/2021\/04\/LYNXMPEH2L00C_L.jpg","type":"image\/jpeg"}],"author":"netbakis.net","twitter_card":"summary_large_image","twitter_misc":{"Yazan:":"netbakis.net","Tahmini okuma s\u00fcresi":"1 dakika"},"schema":{"@context":"https:\/\/schema.org","@graph":[{"@type":"WebPage","@id":"https:\/\/netbakis.net\/7428\/","url":"https:\/\/netbakis.net\/7428\/","name":"Sigorta emeklileri kesintisiz \u00f6denecek - NETBAKIS","isPartOf":{"@id":"https:\/\/netbakis.net\/#website"},"primaryImageOfPage":{"@id":"https:\/\/netbakis.net\/7428\/#primaryimage"},"image":{"@id":"https:\/\/netbakis.net\/7428\/#primaryimage"},"thumbnailUrl":"https:\/\/netbakis.net\/wp-content\/uploads\/2021\/04\/LYNXMPEH2L00C_L.jpg","datePublished":"2022-07-27T07:37:20+00:00","dateModified":"2022-07-27T07:37:29+00:00","author":{"@id":"https:\/\/netbakis.net\/#\/schema\/person\/5d9b5c3f48ca4a3c69967d619fc8c7f4"},"breadcrumb":{"@id":"https:\/\/netbakis.net\/7428\/#breadcrumb"},"inLanguage":"tr","potentialAction":[{"@type":"ReadAction","target":["https:\/\/netbakis.net\/7428\/"]}]},{"@type":"ImageObject","inLanguage":"tr","@id":"https:\/\/netbakis.net\/7428\/#primaryimage","url":"https:\/\/netbakis.net\/wp-content\/uploads\/2021\/04\/LYNXMPEH2L00C_L.jpg","contentUrl":"https:\/\/netbakis.net\/wp-content\/uploads\/2021\/04\/LYNXMPEH2L00C_L.jpg","width":800,"height":519,"caption":"TL PARA"},{"@type":"BreadcrumbList","@id":"https:\/\/netbakis.net\/7428\/#breadcrumb","itemListElement":[{"@type":"ListItem","position":1,"name":"Home","item":"https:\/\/netbakis.net\/"},{"@type":"ListItem","position":2,"name":"Sigorta emeklileri kesintisiz \u00f6denecek"}]},{"@type":"WebSite","@id":"https:\/\/netbakis.net\/#website","url":"https:\/\/netbakis.net\/","name":"NETBAKIS","description":"SON DAKIKA","potentialAction":[{"@type":"SearchAction","target":{"@type":"EntryPoint","urlTemplate":"https:\/\/netbakis.net\/?s={search_term_string}"},"query-input":{"@type":"PropertyValueSpecification","valueRequired":true,"valueName":"search_term_string"}}],"inLanguage":"tr"},{"@type":"Person","@id":"https:\/\/netbakis.net\/#\/schema\/person\/5d9b5c3f48ca4a3c69967d619fc8c7f4","name":"netbakis.net","image":{"@type":"ImageObject","inLanguage":"tr","@id":"https:\/\/netbakis.net\/#\/schema\/person\/image\/","url":"https:\/\/secure.gravatar.com\/avatar\/4ddeae49d2d3e3568a8d5b0937642efdf0b72468dbe3f213bc1978faa47af0d1?s=96&d=wp_user_avatar&r=g","contentUrl":"https:\/\/secure.gravatar.com\/avatar\/4ddeae49d2d3e3568a8d5b0937642efdf0b72468dbe3f213bc1978faa47af0d1?s=96&d=wp_user_avatar&r=g","caption":"netbakis.net"},"sameAs":["https:\/\/netbakis.net"],"url":"https:\/\/netbakis.net\/tr\/author\/netbakis-net\/"}]}},"jetpack_publicize_connections":[],"_links":{"self":[{"href":"https:\/\/netbakis.net\/tr\/wp-json\/wp\/v2\/posts\/7428","targetHints":{"allow":["GET"]}}],"collection":[{"href":"https:\/\/netbakis.net\/tr\/wp-json\/wp\/v2\/posts"}],"about":[{"href":"https:\/\/netbakis.net\/tr\/wp-json\/wp\/v2\/types\/post"}],"author":[{"embeddable":true,"href":"https:\/\/netbakis.net\/tr\/wp-json\/wp\/v2\/users\/1"}],"replies":[{"embeddable":true,"href":"https:\/\/netbakis.net\/tr\/wp-json\/wp\/v2\/comments?post=7428"}],"version-history":[{"count":1,"href":"https:\/\/netbakis.net\/tr\/wp-json\/wp\/v2\/posts\/7428\/revisions"}],"predecessor-version":[{"id":7429,"href":"https:\/\/netbakis.net\/tr\/wp-json\/wp\/v2\/posts\/7428\/revisions\/7429"}],"wp:featuredmedia":[{"embeddable":true,"href":"https:\/\/netbakis.net\/tr\/wp-json\/wp\/v2\/media\/5320"}],"wp:attachment":[{"href":"https:\/\/netbakis.net\/tr\/wp-json\/wp\/v2\/media?parent=7428"}],"wp:term":[{"taxonomy":"category","embeddable":true,"href":"https:\/\/netbakis.net\/tr\/wp-json\/wp\/v2\/categories?post=7428"},{"taxonomy":"post_tag","embeddable":true,"href":"https:\/\/netbakis.net\/tr\/wp-json\/wp\/v2\/tags?post=7428"}],"curies":[{"name":"wp","href":"https:\/\/api.w.org\/{rel}","templated":true}]}}