{"id":7381,"date":"2022-07-26T06:51:22","date_gmt":"2022-07-26T06:51:22","guid":{"rendered":"https:\/\/netbakis.net\/?p=7381"},"modified":"2022-07-26T06:51:24","modified_gmt":"2022-07-26T06:51:24","slug":"milli-egitim-bakani-cavusoglu-ankaraya-gitti","status":"publish","type":"post","link":"https:\/\/netbakis.net\/tr\/7381\/","title":{"rendered":"Milli E\u011fitim Bakan\u0131 \u00c7avu\u015fo\u011flu Ankara\u2019ya gitti"},"content":{"rendered":"<p>Milli E\u011fitim Bakan\u0131 Naz\u0131m \u00c7avu\u015fo\u011flu, resmi temaslarda bulunmak \u00fczere Ankara\u2019ya gitti.<\/p>\n\n\n\n<p>Milli E\u011fitim Bakan\u0131 Naz\u0131m \u00c7avu\u015fo\u011flu, resmi temaslarda bulunmak \u00fczere Ankara\u2019ya gitti.<\/p>\n\n\n\n<p>Bu sabah saatlerinde Ankara\u2019ya giden \u00c7avu\u015fo\u011flu, y\u00fcksek\u00f6\u011frenimle ilgili GCE ve A-Level konular\u0131nda TC Milli E\u011fitim Bakanl\u0131\u011f\u0131, Y\u00d6K ve \u00d6SYM yetkilileriyle g\u00f6r\u00fc\u015fmelerde bulunup, TC Cumhurba\u015fkan\u0131 Yard\u0131mc\u0131s\u0131 Fuat Oktay\u2019\u0131 ziyaret edecek.<\/p>\n\n\n\n<p>\u00c7avu\u015fo\u011flu, temaslar\u0131n\u0131 tamamlamas\u0131n\u0131n ard\u0131ndan Per\u015fembe g\u00fcn\u00fc \u00fclkeye d\u00f6necek.<\/p>","protected":false},"excerpt":{"rendered":"<p>Milli E\u011fitim Bakan\u0131 Naz\u0131m \u00c7avu\u015fo\u011flu, resmi temaslarda bulunmak \u00fczere Ankara\u2019ya gitti. Milli E\u011fitim Bakan\u0131 Naz\u0131m \u00c7avu\u015fo\u011flu, resmi temaslarda bulunmak \u00fczere Ankara\u2019ya gitti. Bu sabah saatlerinde Ankara\u2019ya giden \u00c7avu\u015fo\u011flu, y\u00fcksek\u00f6\u011frenimle ilgili GCE ve A-Level konular\u0131nda TC Milli E\u011fitim Bakanl\u0131\u011f\u0131, Y\u00d6K ve \u00d6SYM yetkilileriyle g\u00f6r\u00fc\u015fmelerde bulunup, TC Cumhurba\u015fkan\u0131 Yard\u0131mc\u0131s\u0131 Fuat Oktay\u2019\u0131 ziyaret edecek. \u00c7avu\u015fo\u011flu, temaslar\u0131n\u0131 tamamlamas\u0131n\u0131n ard\u0131ndan [&hellip;]<\/p>","protected":false},"author":1,"featured_media":7382,"comment_status":"open","ping_status":"open","sticky":false,"template":"","format":"standard","meta":{"om_disable_all_campaigns":false,"_monsterinsights_skip_tracking":false,"_monsterinsights_sitenote_active":false,"_monsterinsights_sitenote_note":"","_monsterinsights_sitenote_category":0,"_uf_show_specific_survey":0,"_uf_disable_surveys":false,"footnotes":"","jetpack_publicize_message":"","jetpack_publicize_feature_enabled":true,"jetpack_social_post_already_shared":false,"jetpack_social_options":{"image_generator_settings":{"template":"highway","default_image_id":0,"font":"","enabled":false},"version":2}},"categories":[81],"tags":[658],"class_list":{"0":"post-7381","1":"post","2":"type-post","3":"status-publish","4":"format-standard","5":"has-post-thumbnail","7":"category-gundem","8":"tag-milli-egitim-bakani-cavusoglu-ankara"},"yoast_head":"<!-- This site is optimized with the Yoast SEO plugin v23.8 - https:\/\/yoast.com\/wordpress\/plugins\/seo\/ -->\n<title>Milli E\u011fitim Bakan\u0131 \u00c7avu\u015fo\u011flu Ankara\u2019ya gitti - NETBAKIS<\/title>\n<meta name=\"robots\" content=\"index, follow, max-snippet:-1, max-image-preview:large, max-video-preview:-1\" \/>\n<link rel=\"canonical\" href=\"https:\/\/netbakis.net\/tr\/7381\/\" \/>\n<meta property=\"og:locale\" content=\"tr_TR\" \/>\n<meta property=\"og:type\" content=\"article\" \/>\n<meta property=\"og:title\" content=\"Milli E\u011fitim Bakan\u0131 \u00c7avu\u015fo\u011flu Ankara\u2019ya gitti - NETBAKIS\" \/>\n<meta property=\"og:description\" content=\"Milli E\u011fitim Bakan\u0131 Naz\u0131m \u00c7avu\u015fo\u011flu, resmi temaslarda bulunmak \u00fczere Ankara\u2019ya gitti. Milli E\u011fitim Bakan\u0131 Naz\u0131m \u00c7avu\u015fo\u011flu, resmi temaslarda bulunmak \u00fczere Ankara\u2019ya gitti. Bu sabah saatlerinde Ankara\u2019ya giden \u00c7avu\u015fo\u011flu, y\u00fcksek\u00f6\u011frenimle ilgili GCE ve A-Level konular\u0131nda TC Milli E\u011fitim Bakanl\u0131\u011f\u0131, Y\u00d6K ve \u00d6SYM yetkilileriyle g\u00f6r\u00fc\u015fmelerde bulunup, TC Cumhurba\u015fkan\u0131 Yard\u0131mc\u0131s\u0131 Fuat Oktay\u2019\u0131 ziyaret edecek. \u00c7avu\u015fo\u011flu, temaslar\u0131n\u0131 tamamlamas\u0131n\u0131n ard\u0131ndan [&hellip;]\" \/>\n<meta property=\"og:url\" content=\"https:\/\/netbakis.net\/tr\/7381\/\" \/>\n<meta property=\"og:site_name\" content=\"NETBAKIS\" \/>\n<meta property=\"article:published_time\" content=\"2022-07-26T06:51:22+00:00\" \/>\n<meta property=\"article:modified_time\" content=\"2022-07-26T06:51:24+00:00\" \/>\n<meta property=\"og:image\" content=\"https:\/\/netbakis.net\/wp-content\/uploads\/2022\/07\/WhatsApp-Image-2022-07-26-at-07.36.29-1536x864-1.jpeg\" \/>\n\t<meta property=\"og:image:width\" content=\"1536\" \/>\n\t<meta property=\"og:image:height\" content=\"864\" \/>\n\t<meta property=\"og:image:type\" content=\"image\/jpeg\" \/>\n<meta name=\"author\" content=\"netbakis.net\" \/>\n<meta name=\"twitter:card\" content=\"summary_large_image\" \/>\n<meta name=\"twitter:label1\" content=\"Yazan:\" \/>\n\t<meta name=\"twitter:data1\" content=\"netbakis.net\" \/>\n\t<meta name=\"twitter:label2\" content=\"Tahmini okuma s\u00fcresi\" \/>\n\t<meta name=\"twitter:data2\" content=\"1 dakika\" \/>\n<script type=\"application\/ld+json\" class=\"yoast-schema-graph\">{\"@context\":\"https:\/\/schema.org\",\"@graph\":[{\"@type\":\"WebPage\",\"@id\":\"https:\/\/netbakis.net\/7381\/\",\"url\":\"https:\/\/netbakis.net\/7381\/\",\"name\":\"Milli E\u011fitim Bakan\u0131 \u00c7avu\u015fo\u011flu Ankara\u2019ya gitti - NETBAKIS\",\"isPartOf\":{\"@id\":\"https:\/\/netbakis.net\/#website\"},\"primaryImageOfPage\":{\"@id\":\"https:\/\/netbakis.net\/7381\/#primaryimage\"},\"image\":{\"@id\":\"https:\/\/netbakis.net\/7381\/#primaryimage\"},\"thumbnailUrl\":\"https:\/\/netbakis.net\/wp-content\/uploads\/2022\/07\/WhatsApp-Image-2022-07-26-at-07.36.29-1536x864-1.jpeg\",\"datePublished\":\"2022-07-26T06:51:22+00:00\",\"dateModified\":\"2022-07-26T06:51:24+00:00\",\"author\":{\"@id\":\"https:\/\/netbakis.net\/#\/schema\/person\/5d9b5c3f48ca4a3c69967d619fc8c7f4\"},\"breadcrumb\":{\"@id\":\"https:\/\/netbakis.net\/7381\/#breadcrumb\"},\"inLanguage\":\"tr\",\"potentialAction\":[{\"@type\":\"ReadAction\",\"target\":[\"https:\/\/netbakis.net\/7381\/\"]}]},{\"@type\":\"ImageObject\",\"inLanguage\":\"tr\",\"@id\":\"https:\/\/netbakis.net\/7381\/#primaryimage\",\"url\":\"https:\/\/netbakis.net\/wp-content\/uploads\/2022\/07\/WhatsApp-Image-2022-07-26-at-07.36.29-1536x864-1.jpeg\",\"contentUrl\":\"https:\/\/netbakis.net\/wp-content\/uploads\/2022\/07\/WhatsApp-Image-2022-07-26-at-07.36.29-1536x864-1.jpeg\",\"width\":1536,\"height\":864,\"caption\":\"Milli E\u011fitim Bakan\u0131 \u00c7avu\u015fo\u011flu Ankara\"},{\"@type\":\"BreadcrumbList\",\"@id\":\"https:\/\/netbakis.net\/7381\/#breadcrumb\",\"itemListElement\":[{\"@type\":\"ListItem\",\"position\":1,\"name\":\"Home\",\"item\":\"https:\/\/netbakis.net\/\"},{\"@type\":\"ListItem\",\"position\":2,\"name\":\"Milli E\u011fitim Bakan\u0131 \u00c7avu\u015fo\u011flu Ankara\u2019ya gitti\"}]},{\"@type\":\"WebSite\",\"@id\":\"https:\/\/netbakis.net\/#website\",\"url\":\"https:\/\/netbakis.net\/\",\"name\":\"NETBAKIS\",\"description\":\"SON DAKIKA\",\"potentialAction\":[{\"@type\":\"SearchAction\",\"target\":{\"@type\":\"EntryPoint\",\"urlTemplate\":\"https:\/\/netbakis.net\/?s={search_term_string}\"},\"query-input\":{\"@type\":\"PropertyValueSpecification\",\"valueRequired\":true,\"valueName\":\"search_term_string\"}}],\"inLanguage\":\"tr\"},{\"@type\":\"Person\",\"@id\":\"https:\/\/netbakis.net\/#\/schema\/person\/5d9b5c3f48ca4a3c69967d619fc8c7f4\",\"name\":\"netbakis.net\",\"image\":{\"@type\":\"ImageObject\",\"inLanguage\":\"tr\",\"@id\":\"https:\/\/netbakis.net\/#\/schema\/person\/image\/\",\"url\":\"https:\/\/secure.gravatar.com\/avatar\/4ddeae49d2d3e3568a8d5b0937642efdf0b72468dbe3f213bc1978faa47af0d1?s=96&d=wp_user_avatar&r=g\",\"contentUrl\":\"https:\/\/secure.gravatar.com\/avatar\/4ddeae49d2d3e3568a8d5b0937642efdf0b72468dbe3f213bc1978faa47af0d1?s=96&d=wp_user_avatar&r=g\",\"caption\":\"netbakis.net\"},\"sameAs\":[\"https:\/\/netbakis.net\"],\"url\":\"https:\/\/netbakis.net\/tr\/author\/netbakis-net\/\"}]}<\/script>\n<!-- \/ Yoast SEO plugin. -->","yoast_head_json":{"title":"Milli E\u011fitim Bakan\u0131 \u00c7avu\u015fo\u011flu Ankara\u2019ya gitti - NETBAKIS","robots":{"index":"index","follow":"follow","max-snippet":"max-snippet:-1","max-image-preview":"max-image-preview:large","max-video-preview":"max-video-preview:-1"},"canonical":"https:\/\/netbakis.net\/tr\/7381\/","og_locale":"tr_TR","og_type":"article","og_title":"Milli E\u011fitim Bakan\u0131 \u00c7avu\u015fo\u011flu Ankara\u2019ya gitti - NETBAKIS","og_description":"Milli E\u011fitim Bakan\u0131 Naz\u0131m \u00c7avu\u015fo\u011flu, resmi temaslarda bulunmak \u00fczere Ankara\u2019ya gitti. Milli E\u011fitim Bakan\u0131 Naz\u0131m \u00c7avu\u015fo\u011flu, resmi temaslarda bulunmak \u00fczere Ankara\u2019ya gitti. Bu sabah saatlerinde Ankara\u2019ya giden \u00c7avu\u015fo\u011flu, y\u00fcksek\u00f6\u011frenimle ilgili GCE ve A-Level konular\u0131nda TC Milli E\u011fitim Bakanl\u0131\u011f\u0131, Y\u00d6K ve \u00d6SYM yetkilileriyle g\u00f6r\u00fc\u015fmelerde bulunup, TC Cumhurba\u015fkan\u0131 Yard\u0131mc\u0131s\u0131 Fuat Oktay\u2019\u0131 ziyaret edecek. \u00c7avu\u015fo\u011flu, temaslar\u0131n\u0131 tamamlamas\u0131n\u0131n ard\u0131ndan [&hellip;]","og_url":"https:\/\/netbakis.net\/tr\/7381\/","og_site_name":"NETBAKIS","article_published_time":"2022-07-26T06:51:22+00:00","article_modified_time":"2022-07-26T06:51:24+00:00","og_image":[{"width":1536,"height":864,"url":"https:\/\/netbakis.net\/wp-content\/uploads\/2022\/07\/WhatsApp-Image-2022-07-26-at-07.36.29-1536x864-1.jpeg","type":"image\/jpeg"}],"author":"netbakis.net","twitter_card":"summary_large_image","twitter_misc":{"Yazan:":"netbakis.net","Tahmini okuma s\u00fcresi":"1 dakika"},"schema":{"@context":"https:\/\/schema.org","@graph":[{"@type":"WebPage","@id":"https:\/\/netbakis.net\/7381\/","url":"https:\/\/netbakis.net\/7381\/","name":"Milli E\u011fitim Bakan\u0131 \u00c7avu\u015fo\u011flu Ankara\u2019ya gitti - NETBAKIS","isPartOf":{"@id":"https:\/\/netbakis.net\/#website"},"primaryImageOfPage":{"@id":"https:\/\/netbakis.net\/7381\/#primaryimage"},"image":{"@id":"https:\/\/netbakis.net\/7381\/#primaryimage"},"thumbnailUrl":"https:\/\/netbakis.net\/wp-content\/uploads\/2022\/07\/WhatsApp-Image-2022-07-26-at-07.36.29-1536x864-1.jpeg","datePublished":"2022-07-26T06:51:22+00:00","dateModified":"2022-07-26T06:51:24+00:00","author":{"@id":"https:\/\/netbakis.net\/#\/schema\/person\/5d9b5c3f48ca4a3c69967d619fc8c7f4"},"breadcrumb":{"@id":"https:\/\/netbakis.net\/7381\/#breadcrumb"},"inLanguage":"tr","potentialAction":[{"@type":"ReadAction","target":["https:\/\/netbakis.net\/7381\/"]}]},{"@type":"ImageObject","inLanguage":"tr","@id":"https:\/\/netbakis.net\/7381\/#primaryimage","url":"https:\/\/netbakis.net\/wp-content\/uploads\/2022\/07\/WhatsApp-Image-2022-07-26-at-07.36.29-1536x864-1.jpeg","contentUrl":"https:\/\/netbakis.net\/wp-content\/uploads\/2022\/07\/WhatsApp-Image-2022-07-26-at-07.36.29-1536x864-1.jpeg","width":1536,"height":864,"caption":"Milli E\u011fitim Bakan\u0131 \u00c7avu\u015fo\u011flu Ankara"},{"@type":"BreadcrumbList","@id":"https:\/\/netbakis.net\/7381\/#breadcrumb","itemListElement":[{"@type":"ListItem","position":1,"name":"Home","item":"https:\/\/netbakis.net\/"},{"@type":"ListItem","position":2,"name":"Milli E\u011fitim Bakan\u0131 \u00c7avu\u015fo\u011flu Ankara\u2019ya gitti"}]},{"@type":"WebSite","@id":"https:\/\/netbakis.net\/#website","url":"https:\/\/netbakis.net\/","name":"NETBAKIS","description":"SON DAKIKA","potentialAction":[{"@type":"SearchAction","target":{"@type":"EntryPoint","urlTemplate":"https:\/\/netbakis.net\/?s={search_term_string}"},"query-input":{"@type":"PropertyValueSpecification","valueRequired":true,"valueName":"search_term_string"}}],"inLanguage":"tr"},{"@type":"Person","@id":"https:\/\/netbakis.net\/#\/schema\/person\/5d9b5c3f48ca4a3c69967d619fc8c7f4","name":"netbakis.net","image":{"@type":"ImageObject","inLanguage":"tr","@id":"https:\/\/netbakis.net\/#\/schema\/person\/image\/","url":"https:\/\/secure.gravatar.com\/avatar\/4ddeae49d2d3e3568a8d5b0937642efdf0b72468dbe3f213bc1978faa47af0d1?s=96&d=wp_user_avatar&r=g","contentUrl":"https:\/\/secure.gravatar.com\/avatar\/4ddeae49d2d3e3568a8d5b0937642efdf0b72468dbe3f213bc1978faa47af0d1?s=96&d=wp_user_avatar&r=g","caption":"netbakis.net"},"sameAs":["https:\/\/netbakis.net"],"url":"https:\/\/netbakis.net\/tr\/author\/netbakis-net\/"}]}},"jetpack_publicize_connections":[],"_links":{"self":[{"href":"https:\/\/netbakis.net\/tr\/wp-json\/wp\/v2\/posts\/7381","targetHints":{"allow":["GET"]}}],"collection":[{"href":"https:\/\/netbakis.net\/tr\/wp-json\/wp\/v2\/posts"}],"about":[{"href":"https:\/\/netbakis.net\/tr\/wp-json\/wp\/v2\/types\/post"}],"author":[{"embeddable":true,"href":"https:\/\/netbakis.net\/tr\/wp-json\/wp\/v2\/users\/1"}],"replies":[{"embeddable":true,"href":"https:\/\/netbakis.net\/tr\/wp-json\/wp\/v2\/comments?post=7381"}],"version-history":[{"count":1,"href":"https:\/\/netbakis.net\/tr\/wp-json\/wp\/v2\/posts\/7381\/revisions"}],"predecessor-version":[{"id":7383,"href":"https:\/\/netbakis.net\/tr\/wp-json\/wp\/v2\/posts\/7381\/revisions\/7383"}],"wp:featuredmedia":[{"embeddable":true,"href":"https:\/\/netbakis.net\/tr\/wp-json\/wp\/v2\/media\/7382"}],"wp:attachment":[{"href":"https:\/\/netbakis.net\/tr\/wp-json\/wp\/v2\/media?parent=7381"}],"wp:term":[{"taxonomy":"category","embeddable":true,"href":"https:\/\/netbakis.net\/tr\/wp-json\/wp\/v2\/categories?post=7381"},{"taxonomy":"post_tag","embeddable":true,"href":"https:\/\/netbakis.net\/tr\/wp-json\/wp\/v2\/tags?post=7381"}],"curies":[{"name":"wp","href":"https:\/\/api.w.org\/{rel}","templated":true}]}}