{"id":7309,"date":"2022-07-23T07:11:02","date_gmt":"2022-07-23T07:11:02","guid":{"rendered":"https:\/\/netbakis.net\/?p=7309"},"modified":"2022-07-23T07:11:03","modified_gmt":"2022-07-23T07:11:03","slug":"topcukoy-sehitleri-anildi","status":"publish","type":"post","link":"https:\/\/netbakis.net\/tr\/7309\/","title":{"rendered":"Top\u00e7uk\u00f6y \u015fehitleri an\u0131ld\u0131"},"content":{"rendered":"<p>Milli m\u00fccadele y\u0131llar\u0131 ile 1974 Bar\u0131\u015f Harekat\u0131 s\u0131ras\u0131nda \u015fehit olan 9 Top\u00e7uk\u00f6yl\u00fc bug\u00fcn d\u00fczenlenen t\u00f6renle an\u0131ld\u0131.<\/p>\n\n\n\n<p>Top\u00e7uk\u00f6y \u015eehitli\u011fi\u2019nde yer alan t\u00f6rende, protokol s\u0131ras\u0131na g\u00f6re \u015fehitli\u011fe \u00e7elenkler sunuldu, sayg\u0131 duru\u015fu, sayg\u0131 at\u0131\u015f\u0131 yap\u0131ld\u0131, \u0130stiklal Mar\u015f\u0131 e\u015fli\u011finde bayraklar g\u00f6ndere \u00e7ekildi.<\/p>\n\n\n\n<p>T\u00f6ren, konu\u015fmalar ve \u015fehitler i\u00e7in dua okunmas\u0131yla son buldu.<\/p>\n\n\n\n<p>T\u00f6rene, Cumhurba\u015fkan\u0131 Ersin Tatar, G\u00fcvenlik Kuvvetleri Komutan\u0131 T\u00fcmgeneral Zorlu Topalo\u011flu, Milli E\u011fitim Bakan\u0131 Naz\u0131m \u00c7avu\u015fo\u011flu, UBP \u0130skele Milletvekili Yasemin \u00d6zt\u00fcrk, \u0130skele Kaymakam\u0131 Ertu\u011frul Toroslu, \u0130skele Belediye Ba\u015fkan\u0131 Hasan Sad\u0131ko\u011flu, \u015fehit aileleri ve di\u011fer yetkililer kat\u0131ld\u0131. T\u00f6rende, Cumhurba\u015fkan\u0131 Tatar, \u0130skele Belediye Ba\u015fkan\u0131 Sad\u0131ko\u011flu ile Top\u00e7uk\u00f6y \u015eehitleri Ya\u015fatma Derne\u011fi Ba\u015fkan\u0131 Metin Balan konu\u015fma yapt\u0131.<\/p>\n\n\n\n<p>Cumhurba\u015fkan\u0131 Ersin Tatar, t\u00f6rende yapt\u0131\u011f\u0131 konu\u015fmada, K\u0131br\u0131s T\u00fcrk halk\u0131n\u0131n milli m\u00fccadele y\u0131llar\u0131 ve sonras\u0131nda 20 Temmuz Mutlu Bar\u0131\u015f Harekat\u0131yla bug\u00fcnlere geldi\u011fini, varolu\u015f bayram\u0131n\u0131 co\u015fkuyla kutlad\u0131klar\u0131n\u0131 ve Anavatan T\u00fcrkiye\u2019nin deste\u011fiyle hakl\u0131 m\u00fccadelesini s\u00fcrd\u00fcrd\u00fc\u011f\u00fcn\u00fc vurgulad\u0131.<\/p>\n\n\n\n<p>Tatar, T\u00fcrkiye Cumhuriyeti Cumhurba\u015fkan\u0131 Recep Tayyip Erdo\u011fan\u2019\u0131n da KKTC\u2019nin yeni siyasetini destekledi\u011fini, K\u0131br\u0131s\u2019ta bir anla\u015fma olacaksa egemen e\u015fitli\u011fe ve e\u015fit uluslararas\u0131 stat\u00fcye dayal\u0131 bir yakla\u015f\u0131m\u0131n en do\u011frusu olaca\u011f\u0131n\u0131 kaydetti, \u015fehitler huzurunda, K\u0131br\u0131s\u2019ta verilen m\u00fccadelenin ne kadar de\u011ferli oldu\u011funu bir kez daha teyit etti.<\/p>\n\n\n\n<p>K\u0131br\u0131s\u2019\u0131n co\u011frafik olarak ne kadar \u00f6nemli oldu\u011funu, b\u00f6lgedeki zengin kaynaklar\u0131n ve K\u0131br\u0131s T\u00fcrk halk\u0131 ile T\u00fcrkiye\u2019nin b\u00f6lgedeki \u00e7\u0131karlar\u0131n\u0131n \u00f6nemine i\u015faret eden Tatar, KKTC\u2019nin egemen bir devlet olarak bu b\u00f6lgede yer almas\u0131n\u0131n \u00f6nemini vurgulad\u0131.<\/p>\n\n\n\n<p>Tatar, K\u0131br\u0131s T\u00fcrk halk\u0131n\u0131n milli m\u00fccadele y\u0131llar\u0131nda \u00e7ok ac\u0131lar \u00e7ekti\u011fini, sald\u0131r\u0131lara katliamlara maruz kald\u0131klar\u0131n\u0131 ifade ederek, \u015fehitleri sayg\u0131yla and\u0131, ailelerine ba\u015fsa\u011fl\u0131\u011f\u0131 sab\u0131rlar diledi.<\/p>\n\n\n\n<p>M\u00fccadelenin devam etti\u011fini ifade eden Tatar, K\u0131br\u0131s T\u00fcrk halk\u0131na g\u00fcvenli bir gelecek b\u0131rakmak, b\u00f6lgede hak ve \u00e7\u0131karlar\u0131n\u0131 korumak i\u00e7in m\u00fccadeleyi s\u00fcrd\u00fcreceklerini vurgulad\u0131.<\/p>\n\n\n\n<p>Tatar, \u201cKKTC egemen bir devlettir\u201d diyerek, K\u0131br\u0131s T\u00fcrk halk\u0131n\u0131n gelece\u011fi, ba\u011f\u0131ms\u0131zl\u0131\u011f\u0131, egemenli\u011fi i\u00e7in g\u00fcvenli\u011finin \u00f6nemine i\u015faret etti, \u201cBir anla\u015fma olacaksa egemen e\u015fitlik temelinde olmas\u0131 laz\u0131md\u0131r. E\u011fer biz egemenli\u011fimizi kabul ettiremezsek bizi bu co\u011frafyadan silmek i\u00e7in ve aday\u0131 tamamen bir Yunan adas\u0131 yapmak i\u00e7in elden geleni yapacaklar\u0131na hi\u00e7 \u015f\u00fcphemiz yoktur\u201d dedi.<\/p>\n\n\n\n<p>Tatar, T\u00fcrkiye Cumhuriyeti\u2019nin garant\u00f6rl\u00fc\u011f\u00fc ve T\u00fcrk askerinin varl\u0131\u011f\u0131n\u0131 k\u0131rm\u0131z\u0131 \u00e7izgi olarak talep etmeye devam edeceklerini vurgulad\u0131, 1974 \u00f6ncesi K\u0131br\u0131s T\u00fcrk halk\u0131na yap\u0131lan sald\u0131r\u0131lara i\u015faret etti, garant\u00f6rl\u00fc\u011f\u00fcn ya\u015famsal oldu\u011funu vurgulad\u0131.<\/p>\n\n\n\n<p>K\u0131br\u0131s T\u00fcrk halk\u0131n\u0131n 1974\u2019te yazd\u0131\u011f\u0131 destan\u0131 kararl\u0131l\u0131kla s\u00fcrd\u00fcrmekte kararl\u0131 olduklar\u0131n\u0131 belirten Tatar, \u015fehitleri rahmetle and\u0131.<\/p>\n\n\n\n<p>\u0130skele Belediye Ba\u015fkan\u0131 Hasan Sad\u0131ko\u011flu, t\u00f6rende yapt\u0131\u011f\u0131 konu\u015fmada, \u201cac\u0131s\u0131 ilk g\u00fcn kadar taze, y\u0131llar ge\u00e7se de unutulmayacak, eksiklikleri her zaman hissedilecek \u015fehitlerimizi, anmak, onlara olan minnet duygumuzu bir kez daha ifade etmek i\u00e7in topland\u0131\u011f\u0131m\u0131z Top\u00e7uk\u00f6y \u015eehitli\u011fimizdeki anma t\u00f6reninde, \u015fehitlerimizin huzurunda olmaktan b\u00fcy\u00fck gurur duyuyorum\u201d dedi.<\/p>\n\n\n\n<p>Sad\u0131ko\u011flu, \u201cKuzey K\u0131br\u0131s T\u00fcrk Cumhuriyeti ilelebet ya\u015fas\u0131n, bayra\u011f\u0131m\u0131z gururla dalgalans\u0131n\u201d diye can\u0131 pahas\u0131na topraklar\u0131 savunan \u015fehitler Orhan Salih, Mehmet Emin H\u00fcseyin, Bekir Mustafa, Kamil Ahmet, Mahmut Mehmet Ali, Hasan Mustafa ve halen Kay\u0131p \u015eah\u0131slar Komitesi taraf\u0131ndan naa\u015flar\u0131na ula\u015f\u0131lmaya \u00e7al\u0131\u015f\u0131lan, \u0130smail Balc\u0131, Ahmet Ali Osman ve Fuat G\u00fclali\u2019yi rahmetle and\u0131.<\/p>\n\n\n\n<p>K\u0131br\u0131sl\u0131 T\u00fcrklerin, Rumlar\u0131n insanl\u0131k d\u0131\u015f\u0131 zulm\u00fcne kar\u015f\u0131 her zaman ba\u015f\u0131 dik ve onurlu bir m\u00fccadele verdi\u011fini, 20 Temmuz Mutlu Bar\u0131\u015f Harekat\u0131yla birlikte de bunu \u00f6zg\u00fcrl\u00fckle ta\u00e7land\u0131rd\u0131klar\u0131n\u0131 ifade eden Sad\u0131ko\u011flu, \u201cKuzey K\u0131br\u0131s T\u00fcrk Cumhuriyeti sonsuza dek ya\u015fayacakt\u0131r\u201d dedi.<\/p>\n\n\n\n<p>Ergazi k\u00f6y\u00fcm\u00fczde bulunan Arno Tepesi\u2019ndeki ay y\u0131ld\u0131zl\u0131 bayra\u011f\u0131 \u0130skele Belediyesi olarak \u0131\u015f\u0131kland\u0131rd\u0131klar\u0131n\u0131 da ifade eden Sad\u0131ko\u011flu, 1972 y\u0131l\u0131nda Ergazi k\u00f6y\u00fcndeki m\u00fccahitler taraf\u0131ndan kire\u00e7le boyanarak yap\u0131lan ay y\u0131ld\u0131zl\u0131 bayra\u011f\u0131, 50 y\u0131l sonra \u0131\u015f\u0131kland\u0131rman\u0131n hakl\u0131 gururunu ve heyecan\u0131n\u0131 ya\u015fad\u0131klar\u0131n\u0131 s\u00f6yledi.<\/p>\n\n\n\n<p>Rumlar\u0131n bundan rahats\u0131zl\u0131k duydu\u011funu ifade eden Sad\u0131ko\u011flu, \u201cBizim bizden ve Anavatan T\u00fcrkiye\u2019den ba\u015fka dostumuz yoktur\u201d dedi, Anavatan T\u00fcrkiye\u2019ye \u015f\u00fckranlar\u0131n\u0131 sundu, Ulu \u00d6nder Mustafa Kemal Atat\u00fcrk ba\u015fta olmak \u00fczere Top\u00e7uk\u00f6y \u015eehitlerini ve t\u00fcm \u015fehitleri and\u0131.<\/p>","protected":false},"excerpt":{"rendered":"<p>Milli m\u00fccadele y\u0131llar\u0131 ile 1974 Bar\u0131\u015f Harekat\u0131 s\u0131ras\u0131nda \u015fehit olan 9 Top\u00e7uk\u00f6yl\u00fc bug\u00fcn d\u00fczenlenen t\u00f6renle an\u0131ld\u0131. Top\u00e7uk\u00f6y \u015eehitli\u011fi\u2019nde yer alan t\u00f6rende, protokol s\u0131ras\u0131na g\u00f6re \u015fehitli\u011fe \u00e7elenkler sunuldu, sayg\u0131 duru\u015fu, sayg\u0131 at\u0131\u015f\u0131 yap\u0131ld\u0131, \u0130stiklal Mar\u015f\u0131 e\u015fli\u011finde bayraklar g\u00f6ndere \u00e7ekildi. T\u00f6ren, konu\u015fmalar ve \u015fehitler i\u00e7in dua okunmas\u0131yla son buldu. T\u00f6rene, Cumhurba\u015fkan\u0131 Ersin Tatar, G\u00fcvenlik Kuvvetleri Komutan\u0131 T\u00fcmgeneral [&hellip;]<\/p>","protected":false},"author":1,"featured_media":7310,"comment_status":"open","ping_status":"open","sticky":false,"template":"","format":"standard","meta":{"om_disable_all_campaigns":false,"_monsterinsights_skip_tracking":false,"_monsterinsights_sitenote_active":false,"_monsterinsights_sitenote_note":"","_monsterinsights_sitenote_category":0,"_uf_show_specific_survey":0,"_uf_disable_surveys":false,"footnotes":"","jetpack_publicize_message":"","jetpack_publicize_feature_enabled":true,"jetpack_social_post_already_shared":false,"jetpack_social_options":{"image_generator_settings":{"template":"highway","default_image_id":0,"font":"","enabled":false},"version":2}},"categories":[81],"tags":[634],"class_list":{"0":"post-7309","1":"post","2":"type-post","3":"status-publish","4":"format-standard","5":"has-post-thumbnail","7":"category-gundem","8":"tag-milli-mucadele-yillari-ile-1974-baris-harekati-sirasinda-sehit-olan-9-topcukoylu-bugun-duzenlenen-torenle-anildi"},"yoast_head":"<!-- This site is optimized with the Yoast SEO plugin v23.8 - https:\/\/yoast.com\/wordpress\/plugins\/seo\/ -->\n<title>Top\u00e7uk\u00f6y \u015fehitleri an\u0131ld\u0131 - NETBAKIS<\/title>\n<meta name=\"robots\" content=\"index, follow, max-snippet:-1, max-image-preview:large, max-video-preview:-1\" \/>\n<link rel=\"canonical\" href=\"https:\/\/netbakis.net\/tr\/7309\/\" \/>\n<meta property=\"og:locale\" content=\"tr_TR\" \/>\n<meta property=\"og:type\" content=\"article\" \/>\n<meta property=\"og:title\" content=\"Top\u00e7uk\u00f6y \u015fehitleri an\u0131ld\u0131 - NETBAKIS\" \/>\n<meta property=\"og:description\" content=\"Milli m\u00fccadele y\u0131llar\u0131 ile 1974 Bar\u0131\u015f Harekat\u0131 s\u0131ras\u0131nda \u015fehit olan 9 Top\u00e7uk\u00f6yl\u00fc bug\u00fcn d\u00fczenlenen t\u00f6renle an\u0131ld\u0131. Top\u00e7uk\u00f6y \u015eehitli\u011fi\u2019nde yer alan t\u00f6rende, protokol s\u0131ras\u0131na g\u00f6re \u015fehitli\u011fe \u00e7elenkler sunuldu, sayg\u0131 duru\u015fu, sayg\u0131 at\u0131\u015f\u0131 yap\u0131ld\u0131, \u0130stiklal Mar\u015f\u0131 e\u015fli\u011finde bayraklar g\u00f6ndere \u00e7ekildi. T\u00f6ren, konu\u015fmalar ve \u015fehitler i\u00e7in dua okunmas\u0131yla son buldu. T\u00f6rene, Cumhurba\u015fkan\u0131 Ersin Tatar, G\u00fcvenlik Kuvvetleri Komutan\u0131 T\u00fcmgeneral [&hellip;]\" \/>\n<meta property=\"og:url\" content=\"https:\/\/netbakis.net\/tr\/7309\/\" \/>\n<meta property=\"og:site_name\" content=\"NETBAKIS\" \/>\n<meta property=\"article:published_time\" content=\"2022-07-23T07:11:02+00:00\" \/>\n<meta property=\"article:modified_time\" content=\"2022-07-23T07:11:03+00:00\" \/>\n<meta property=\"og:image\" content=\"https:\/\/netbakis.net\/wp-content\/uploads\/2022\/07\/v2topukyehitleri_1658509625.jpg\" \/>\n\t<meta property=\"og:image:width\" content=\"450\" \/>\n\t<meta property=\"og:image:height\" content=\"260\" \/>\n\t<meta property=\"og:image:type\" content=\"image\/jpeg\" \/>\n<meta name=\"author\" content=\"netbakis.net\" \/>\n<meta name=\"twitter:card\" content=\"summary_large_image\" \/>\n<meta name=\"twitter:label1\" content=\"Yazan:\" \/>\n\t<meta name=\"twitter:data1\" content=\"netbakis.net\" \/>\n\t<meta name=\"twitter:label2\" content=\"Tahmini okuma s\u00fcresi\" \/>\n\t<meta name=\"twitter:data2\" content=\"3 dakika\" \/>\n<script type=\"application\/ld+json\" class=\"yoast-schema-graph\">{\"@context\":\"https:\/\/schema.org\",\"@graph\":[{\"@type\":\"WebPage\",\"@id\":\"https:\/\/netbakis.net\/7309\/\",\"url\":\"https:\/\/netbakis.net\/7309\/\",\"name\":\"Top\u00e7uk\u00f6y \u015fehitleri an\u0131ld\u0131 - NETBAKIS\",\"isPartOf\":{\"@id\":\"https:\/\/netbakis.net\/#website\"},\"primaryImageOfPage\":{\"@id\":\"https:\/\/netbakis.net\/7309\/#primaryimage\"},\"image\":{\"@id\":\"https:\/\/netbakis.net\/7309\/#primaryimage\"},\"thumbnailUrl\":\"https:\/\/netbakis.net\/wp-content\/uploads\/2022\/07\/v2topukyehitleri_1658509625.jpg\",\"datePublished\":\"2022-07-23T07:11:02+00:00\",\"dateModified\":\"2022-07-23T07:11:03+00:00\",\"author\":{\"@id\":\"https:\/\/netbakis.net\/#\/schema\/person\/5d9b5c3f48ca4a3c69967d619fc8c7f4\"},\"breadcrumb\":{\"@id\":\"https:\/\/netbakis.net\/7309\/#breadcrumb\"},\"inLanguage\":\"tr\",\"potentialAction\":[{\"@type\":\"ReadAction\",\"target\":[\"https:\/\/netbakis.net\/7309\/\"]}]},{\"@type\":\"ImageObject\",\"inLanguage\":\"tr\",\"@id\":\"https:\/\/netbakis.net\/7309\/#primaryimage\",\"url\":\"https:\/\/netbakis.net\/wp-content\/uploads\/2022\/07\/v2topukyehitleri_1658509625.jpg\",\"contentUrl\":\"https:\/\/netbakis.net\/wp-content\/uploads\/2022\/07\/v2topukyehitleri_1658509625.jpg\",\"width\":450,\"height\":260,\"caption\":\"Milli m\u00fccadele y\u0131llar\u0131 ile 1974 Bar\u0131\u015f Harekat\u0131 s\u0131ras\u0131nda \u015fehit olan 9 Top\u00e7uk\u00f6yl\u00fc bug\u00fcn d\u00fczenlenen t\u00f6renle an\u0131ld\u0131.\"},{\"@type\":\"BreadcrumbList\",\"@id\":\"https:\/\/netbakis.net\/7309\/#breadcrumb\",\"itemListElement\":[{\"@type\":\"ListItem\",\"position\":1,\"name\":\"Home\",\"item\":\"https:\/\/netbakis.net\/\"},{\"@type\":\"ListItem\",\"position\":2,\"name\":\"Top\u00e7uk\u00f6y \u015fehitleri an\u0131ld\u0131\"}]},{\"@type\":\"WebSite\",\"@id\":\"https:\/\/netbakis.net\/#website\",\"url\":\"https:\/\/netbakis.net\/\",\"name\":\"NETBAKIS\",\"description\":\"SON DAKIKA\",\"potentialAction\":[{\"@type\":\"SearchAction\",\"target\":{\"@type\":\"EntryPoint\",\"urlTemplate\":\"https:\/\/netbakis.net\/?s={search_term_string}\"},\"query-input\":{\"@type\":\"PropertyValueSpecification\",\"valueRequired\":true,\"valueName\":\"search_term_string\"}}],\"inLanguage\":\"tr\"},{\"@type\":\"Person\",\"@id\":\"https:\/\/netbakis.net\/#\/schema\/person\/5d9b5c3f48ca4a3c69967d619fc8c7f4\",\"name\":\"netbakis.net\",\"image\":{\"@type\":\"ImageObject\",\"inLanguage\":\"tr\",\"@id\":\"https:\/\/netbakis.net\/#\/schema\/person\/image\/\",\"url\":\"https:\/\/secure.gravatar.com\/avatar\/4ddeae49d2d3e3568a8d5b0937642efdf0b72468dbe3f213bc1978faa47af0d1?s=96&d=wp_user_avatar&r=g\",\"contentUrl\":\"https:\/\/secure.gravatar.com\/avatar\/4ddeae49d2d3e3568a8d5b0937642efdf0b72468dbe3f213bc1978faa47af0d1?s=96&d=wp_user_avatar&r=g\",\"caption\":\"netbakis.net\"},\"sameAs\":[\"https:\/\/netbakis.net\"],\"url\":\"https:\/\/netbakis.net\/tr\/author\/netbakis-net\/\"}]}<\/script>\n<!-- \/ Yoast SEO plugin. -->","yoast_head_json":{"title":"Top\u00e7uk\u00f6y \u015fehitleri an\u0131ld\u0131 - NETBAKIS","robots":{"index":"index","follow":"follow","max-snippet":"max-snippet:-1","max-image-preview":"max-image-preview:large","max-video-preview":"max-video-preview:-1"},"canonical":"https:\/\/netbakis.net\/tr\/7309\/","og_locale":"tr_TR","og_type":"article","og_title":"Top\u00e7uk\u00f6y \u015fehitleri an\u0131ld\u0131 - NETBAKIS","og_description":"Milli m\u00fccadele y\u0131llar\u0131 ile 1974 Bar\u0131\u015f Harekat\u0131 s\u0131ras\u0131nda \u015fehit olan 9 Top\u00e7uk\u00f6yl\u00fc bug\u00fcn d\u00fczenlenen t\u00f6renle an\u0131ld\u0131. Top\u00e7uk\u00f6y \u015eehitli\u011fi\u2019nde yer alan t\u00f6rende, protokol s\u0131ras\u0131na g\u00f6re \u015fehitli\u011fe \u00e7elenkler sunuldu, sayg\u0131 duru\u015fu, sayg\u0131 at\u0131\u015f\u0131 yap\u0131ld\u0131, \u0130stiklal Mar\u015f\u0131 e\u015fli\u011finde bayraklar g\u00f6ndere \u00e7ekildi. T\u00f6ren, konu\u015fmalar ve \u015fehitler i\u00e7in dua okunmas\u0131yla son buldu. T\u00f6rene, Cumhurba\u015fkan\u0131 Ersin Tatar, G\u00fcvenlik Kuvvetleri Komutan\u0131 T\u00fcmgeneral [&hellip;]","og_url":"https:\/\/netbakis.net\/tr\/7309\/","og_site_name":"NETBAKIS","article_published_time":"2022-07-23T07:11:02+00:00","article_modified_time":"2022-07-23T07:11:03+00:00","og_image":[{"width":450,"height":260,"url":"https:\/\/netbakis.net\/wp-content\/uploads\/2022\/07\/v2topukyehitleri_1658509625.jpg","type":"image\/jpeg"}],"author":"netbakis.net","twitter_card":"summary_large_image","twitter_misc":{"Yazan:":"netbakis.net","Tahmini okuma s\u00fcresi":"3 dakika"},"schema":{"@context":"https:\/\/schema.org","@graph":[{"@type":"WebPage","@id":"https:\/\/netbakis.net\/7309\/","url":"https:\/\/netbakis.net\/7309\/","name":"Top\u00e7uk\u00f6y \u015fehitleri an\u0131ld\u0131 - NETBAKIS","isPartOf":{"@id":"https:\/\/netbakis.net\/#website"},"primaryImageOfPage":{"@id":"https:\/\/netbakis.net\/7309\/#primaryimage"},"image":{"@id":"https:\/\/netbakis.net\/7309\/#primaryimage"},"thumbnailUrl":"https:\/\/netbakis.net\/wp-content\/uploads\/2022\/07\/v2topukyehitleri_1658509625.jpg","datePublished":"2022-07-23T07:11:02+00:00","dateModified":"2022-07-23T07:11:03+00:00","author":{"@id":"https:\/\/netbakis.net\/#\/schema\/person\/5d9b5c3f48ca4a3c69967d619fc8c7f4"},"breadcrumb":{"@id":"https:\/\/netbakis.net\/7309\/#breadcrumb"},"inLanguage":"tr","potentialAction":[{"@type":"ReadAction","target":["https:\/\/netbakis.net\/7309\/"]}]},{"@type":"ImageObject","inLanguage":"tr","@id":"https:\/\/netbakis.net\/7309\/#primaryimage","url":"https:\/\/netbakis.net\/wp-content\/uploads\/2022\/07\/v2topukyehitleri_1658509625.jpg","contentUrl":"https:\/\/netbakis.net\/wp-content\/uploads\/2022\/07\/v2topukyehitleri_1658509625.jpg","width":450,"height":260,"caption":"Milli m\u00fccadele y\u0131llar\u0131 ile 1974 Bar\u0131\u015f Harekat\u0131 s\u0131ras\u0131nda \u015fehit olan 9 Top\u00e7uk\u00f6yl\u00fc bug\u00fcn d\u00fczenlenen t\u00f6renle an\u0131ld\u0131."},{"@type":"BreadcrumbList","@id":"https:\/\/netbakis.net\/7309\/#breadcrumb","itemListElement":[{"@type":"ListItem","position":1,"name":"Home","item":"https:\/\/netbakis.net\/"},{"@type":"ListItem","position":2,"name":"Top\u00e7uk\u00f6y \u015fehitleri an\u0131ld\u0131"}]},{"@type":"WebSite","@id":"https:\/\/netbakis.net\/#website","url":"https:\/\/netbakis.net\/","name":"NETBAKIS","description":"SON DAKIKA","potentialAction":[{"@type":"SearchAction","target":{"@type":"EntryPoint","urlTemplate":"https:\/\/netbakis.net\/?s={search_term_string}"},"query-input":{"@type":"PropertyValueSpecification","valueRequired":true,"valueName":"search_term_string"}}],"inLanguage":"tr"},{"@type":"Person","@id":"https:\/\/netbakis.net\/#\/schema\/person\/5d9b5c3f48ca4a3c69967d619fc8c7f4","name":"netbakis.net","image":{"@type":"ImageObject","inLanguage":"tr","@id":"https:\/\/netbakis.net\/#\/schema\/person\/image\/","url":"https:\/\/secure.gravatar.com\/avatar\/4ddeae49d2d3e3568a8d5b0937642efdf0b72468dbe3f213bc1978faa47af0d1?s=96&d=wp_user_avatar&r=g","contentUrl":"https:\/\/secure.gravatar.com\/avatar\/4ddeae49d2d3e3568a8d5b0937642efdf0b72468dbe3f213bc1978faa47af0d1?s=96&d=wp_user_avatar&r=g","caption":"netbakis.net"},"sameAs":["https:\/\/netbakis.net"],"url":"https:\/\/netbakis.net\/tr\/author\/netbakis-net\/"}]}},"jetpack_publicize_connections":[],"_links":{"self":[{"href":"https:\/\/netbakis.net\/tr\/wp-json\/wp\/v2\/posts\/7309","targetHints":{"allow":["GET"]}}],"collection":[{"href":"https:\/\/netbakis.net\/tr\/wp-json\/wp\/v2\/posts"}],"about":[{"href":"https:\/\/netbakis.net\/tr\/wp-json\/wp\/v2\/types\/post"}],"author":[{"embeddable":true,"href":"https:\/\/netbakis.net\/tr\/wp-json\/wp\/v2\/users\/1"}],"replies":[{"embeddable":true,"href":"https:\/\/netbakis.net\/tr\/wp-json\/wp\/v2\/comments?post=7309"}],"version-history":[{"count":1,"href":"https:\/\/netbakis.net\/tr\/wp-json\/wp\/v2\/posts\/7309\/revisions"}],"predecessor-version":[{"id":7311,"href":"https:\/\/netbakis.net\/tr\/wp-json\/wp\/v2\/posts\/7309\/revisions\/7311"}],"wp:featuredmedia":[{"embeddable":true,"href":"https:\/\/netbakis.net\/tr\/wp-json\/wp\/v2\/media\/7310"}],"wp:attachment":[{"href":"https:\/\/netbakis.net\/tr\/wp-json\/wp\/v2\/media?parent=7309"}],"wp:term":[{"taxonomy":"category","embeddable":true,"href":"https:\/\/netbakis.net\/tr\/wp-json\/wp\/v2\/categories?post=7309"},{"taxonomy":"post_tag","embeddable":true,"href":"https:\/\/netbakis.net\/tr\/wp-json\/wp\/v2\/tags?post=7309"}],"curies":[{"name":"wp","href":"https:\/\/api.w.org\/{rel}","templated":true}]}}