{"id":7304,"date":"2022-07-23T07:08:55","date_gmt":"2022-07-23T07:08:55","guid":{"rendered":"https:\/\/netbakis.net\/?p=7304"},"modified":"2022-07-23T07:08:57","modified_gmt":"2022-07-23T07:08:57","slug":"inanc-gocmen-oldu","status":"publish","type":"post","link":"https:\/\/netbakis.net\/tr\/7304\/","title":{"rendered":"\u0130nan\u00e7 G\u00f6\u00e7men oldu"},"content":{"rendered":"<p>G\u00f6\u00e7menk\u00f6y Mustafa Inan\u00e7\u2019\u0131 da kadrosuna katt\u0131.<\/p>\n\n\n\n<p>Yapt\u0131\u011f\u0131 transferlerle iddial\u0131 bir kadro olu\u015fturan ba\u015fkent ekibi G\u00f6\u00e7menk\u00f6y Mustafa Inan\u00e7\u2019\u0131 da kadrosuna katt\u0131.<br>Bonservisi Girne Halk Evin\u2019de olan ancak ge\u00e7en sezonu Mara\u015f\u2019ta kiral\u0131k olarak ge\u00e7iren orta saha oyuncusu \u0130nan\u00e7 yeni sezonda k\u0131rm\u0131z\u0131 lacivertlilerde forma \u015fans\u0131 arayacak.<\/p>","protected":false},"excerpt":{"rendered":"<p>G\u00f6\u00e7menk\u00f6y Mustafa Inan\u00e7\u2019\u0131 da kadrosuna katt\u0131. Yapt\u0131\u011f\u0131 transferlerle iddial\u0131 bir kadro olu\u015fturan ba\u015fkent ekibi G\u00f6\u00e7menk\u00f6y Mustafa Inan\u00e7\u2019\u0131 da kadrosuna katt\u0131.Bonservisi Girne Halk Evin\u2019de olan ancak ge\u00e7en sezonu Mara\u015f\u2019ta kiral\u0131k olarak ge\u00e7iren orta saha oyuncusu \u0130nan\u00e7 yeni sezonda k\u0131rm\u0131z\u0131 lacivertlilerde forma \u015fans\u0131 arayacak.<\/p>","protected":false},"author":1,"featured_media":7305,"comment_status":"open","ping_status":"open","sticky":false,"template":"","format":"standard","meta":{"om_disable_all_campaigns":false,"_monsterinsights_skip_tracking":false,"_monsterinsights_sitenote_active":false,"_monsterinsights_sitenote_note":"","_monsterinsights_sitenote_category":0,"_uf_show_specific_survey":0,"_uf_disable_surveys":false,"footnotes":"","jetpack_publicize_message":"","jetpack_publicize_feature_enabled":true,"jetpack_social_post_already_shared":false,"jetpack_social_options":{"image_generator_settings":{"template":"highway","default_image_id":0,"font":"","enabled":false},"version":2}},"categories":[94],"tags":[633],"class_list":{"0":"post-7304","1":"post","2":"type-post","3":"status-publish","4":"format-standard","5":"has-post-thumbnail","7":"category-spor","8":"tag-gocmenkoy-mustafa-inanci-da-kadrosuna-katti"},"yoast_head":"<!-- This site is optimized with the Yoast SEO plugin v23.8 - https:\/\/yoast.com\/wordpress\/plugins\/seo\/ -->\n<title>\u0130nan\u00e7 G\u00f6\u00e7men oldu - NETBAKIS<\/title>\n<meta name=\"robots\" content=\"index, follow, max-snippet:-1, max-image-preview:large, max-video-preview:-1\" \/>\n<link rel=\"canonical\" href=\"https:\/\/netbakis.net\/tr\/7304\/\" \/>\n<meta property=\"og:locale\" content=\"tr_TR\" \/>\n<meta property=\"og:type\" content=\"article\" \/>\n<meta property=\"og:title\" content=\"\u0130nan\u00e7 G\u00f6\u00e7men oldu - NETBAKIS\" \/>\n<meta property=\"og:description\" content=\"G\u00f6\u00e7menk\u00f6y Mustafa Inan\u00e7\u2019\u0131 da kadrosuna katt\u0131. Yapt\u0131\u011f\u0131 transferlerle iddial\u0131 bir kadro olu\u015fturan ba\u015fkent ekibi G\u00f6\u00e7menk\u00f6y Mustafa Inan\u00e7\u2019\u0131 da kadrosuna katt\u0131.Bonservisi Girne Halk Evin\u2019de olan ancak ge\u00e7en sezonu Mara\u015f\u2019ta kiral\u0131k olarak ge\u00e7iren orta saha oyuncusu \u0130nan\u00e7 yeni sezonda k\u0131rm\u0131z\u0131 lacivertlilerde forma \u015fans\u0131 arayacak.\" \/>\n<meta property=\"og:url\" content=\"https:\/\/netbakis.net\/tr\/7304\/\" \/>\n<meta property=\"og:site_name\" content=\"NETBAKIS\" \/>\n<meta property=\"article:published_time\" content=\"2022-07-23T07:08:55+00:00\" \/>\n<meta property=\"article:modified_time\" content=\"2022-07-23T07:08:57+00:00\" \/>\n<meta property=\"og:image\" content=\"https:\/\/netbakis.net\/wp-content\/uploads\/2022\/07\/besiktasin-ispanya-kampi-kadrosu-belli-oldu-1840-2022-07-20_m.jpg\" \/>\n\t<meta property=\"og:image:width\" content=\"620\" \/>\n\t<meta property=\"og:image:height\" content=\"350\" \/>\n\t<meta property=\"og:image:type\" content=\"image\/jpeg\" \/>\n<meta name=\"author\" content=\"netbakis.net\" \/>\n<meta name=\"twitter:card\" content=\"summary_large_image\" \/>\n<meta name=\"twitter:label1\" content=\"Yazan:\" \/>\n\t<meta name=\"twitter:data1\" content=\"netbakis.net\" \/>\n\t<meta name=\"twitter:label2\" content=\"Tahmini okuma s\u00fcresi\" \/>\n\t<meta name=\"twitter:data2\" content=\"1 dakika\" \/>\n<script type=\"application\/ld+json\" class=\"yoast-schema-graph\">{\"@context\":\"https:\/\/schema.org\",\"@graph\":[{\"@type\":\"WebPage\",\"@id\":\"https:\/\/netbakis.net\/7304\/\",\"url\":\"https:\/\/netbakis.net\/7304\/\",\"name\":\"\u0130nan\u00e7 G\u00f6\u00e7men oldu - NETBAKIS\",\"isPartOf\":{\"@id\":\"https:\/\/netbakis.net\/#website\"},\"primaryImageOfPage\":{\"@id\":\"https:\/\/netbakis.net\/7304\/#primaryimage\"},\"image\":{\"@id\":\"https:\/\/netbakis.net\/7304\/#primaryimage\"},\"thumbnailUrl\":\"https:\/\/netbakis.net\/wp-content\/uploads\/2022\/07\/besiktasin-ispanya-kampi-kadrosu-belli-oldu-1840-2022-07-20_m.jpg\",\"datePublished\":\"2022-07-23T07:08:55+00:00\",\"dateModified\":\"2022-07-23T07:08:57+00:00\",\"author\":{\"@id\":\"https:\/\/netbakis.net\/#\/schema\/person\/5d9b5c3f48ca4a3c69967d619fc8c7f4\"},\"breadcrumb\":{\"@id\":\"https:\/\/netbakis.net\/7304\/#breadcrumb\"},\"inLanguage\":\"tr\",\"potentialAction\":[{\"@type\":\"ReadAction\",\"target\":[\"https:\/\/netbakis.net\/7304\/\"]}]},{\"@type\":\"ImageObject\",\"inLanguage\":\"tr\",\"@id\":\"https:\/\/netbakis.net\/7304\/#primaryimage\",\"url\":\"https:\/\/netbakis.net\/wp-content\/uploads\/2022\/07\/besiktasin-ispanya-kampi-kadrosu-belli-oldu-1840-2022-07-20_m.jpg\",\"contentUrl\":\"https:\/\/netbakis.net\/wp-content\/uploads\/2022\/07\/besiktasin-ispanya-kampi-kadrosu-belli-oldu-1840-2022-07-20_m.jpg\",\"width\":620,\"height\":350,\"caption\":\"G\u00f6\u00e7menk\u00f6y Mustafa Inan\u00e7\u2019\u0131 da kadrosuna katt\u0131.\"},{\"@type\":\"BreadcrumbList\",\"@id\":\"https:\/\/netbakis.net\/7304\/#breadcrumb\",\"itemListElement\":[{\"@type\":\"ListItem\",\"position\":1,\"name\":\"Home\",\"item\":\"https:\/\/netbakis.net\/\"},{\"@type\":\"ListItem\",\"position\":2,\"name\":\"\u0130nan\u00e7 G\u00f6\u00e7men oldu\"}]},{\"@type\":\"WebSite\",\"@id\":\"https:\/\/netbakis.net\/#website\",\"url\":\"https:\/\/netbakis.net\/\",\"name\":\"NETBAKIS\",\"description\":\"SON DAKIKA\",\"potentialAction\":[{\"@type\":\"SearchAction\",\"target\":{\"@type\":\"EntryPoint\",\"urlTemplate\":\"https:\/\/netbakis.net\/?s={search_term_string}\"},\"query-input\":{\"@type\":\"PropertyValueSpecification\",\"valueRequired\":true,\"valueName\":\"search_term_string\"}}],\"inLanguage\":\"tr\"},{\"@type\":\"Person\",\"@id\":\"https:\/\/netbakis.net\/#\/schema\/person\/5d9b5c3f48ca4a3c69967d619fc8c7f4\",\"name\":\"netbakis.net\",\"image\":{\"@type\":\"ImageObject\",\"inLanguage\":\"tr\",\"@id\":\"https:\/\/netbakis.net\/#\/schema\/person\/image\/\",\"url\":\"https:\/\/secure.gravatar.com\/avatar\/4ddeae49d2d3e3568a8d5b0937642efdf0b72468dbe3f213bc1978faa47af0d1?s=96&d=wp_user_avatar&r=g\",\"contentUrl\":\"https:\/\/secure.gravatar.com\/avatar\/4ddeae49d2d3e3568a8d5b0937642efdf0b72468dbe3f213bc1978faa47af0d1?s=96&d=wp_user_avatar&r=g\",\"caption\":\"netbakis.net\"},\"sameAs\":[\"https:\/\/netbakis.net\"],\"url\":\"https:\/\/netbakis.net\/tr\/author\/netbakis-net\/\"}]}<\/script>\n<!-- \/ Yoast SEO plugin. -->","yoast_head_json":{"title":"\u0130nan\u00e7 G\u00f6\u00e7men oldu - NETBAKIS","robots":{"index":"index","follow":"follow","max-snippet":"max-snippet:-1","max-image-preview":"max-image-preview:large","max-video-preview":"max-video-preview:-1"},"canonical":"https:\/\/netbakis.net\/tr\/7304\/","og_locale":"tr_TR","og_type":"article","og_title":"\u0130nan\u00e7 G\u00f6\u00e7men oldu - NETBAKIS","og_description":"G\u00f6\u00e7menk\u00f6y Mustafa Inan\u00e7\u2019\u0131 da kadrosuna katt\u0131. Yapt\u0131\u011f\u0131 transferlerle iddial\u0131 bir kadro olu\u015fturan ba\u015fkent ekibi G\u00f6\u00e7menk\u00f6y Mustafa Inan\u00e7\u2019\u0131 da kadrosuna katt\u0131.Bonservisi Girne Halk Evin\u2019de olan ancak ge\u00e7en sezonu Mara\u015f\u2019ta kiral\u0131k olarak ge\u00e7iren orta saha oyuncusu \u0130nan\u00e7 yeni sezonda k\u0131rm\u0131z\u0131 lacivertlilerde forma \u015fans\u0131 arayacak.","og_url":"https:\/\/netbakis.net\/tr\/7304\/","og_site_name":"NETBAKIS","article_published_time":"2022-07-23T07:08:55+00:00","article_modified_time":"2022-07-23T07:08:57+00:00","og_image":[{"width":620,"height":350,"url":"https:\/\/netbakis.net\/wp-content\/uploads\/2022\/07\/besiktasin-ispanya-kampi-kadrosu-belli-oldu-1840-2022-07-20_m.jpg","type":"image\/jpeg"}],"author":"netbakis.net","twitter_card":"summary_large_image","twitter_misc":{"Yazan:":"netbakis.net","Tahmini okuma s\u00fcresi":"1 dakika"},"schema":{"@context":"https:\/\/schema.org","@graph":[{"@type":"WebPage","@id":"https:\/\/netbakis.net\/7304\/","url":"https:\/\/netbakis.net\/7304\/","name":"\u0130nan\u00e7 G\u00f6\u00e7men oldu - NETBAKIS","isPartOf":{"@id":"https:\/\/netbakis.net\/#website"},"primaryImageOfPage":{"@id":"https:\/\/netbakis.net\/7304\/#primaryimage"},"image":{"@id":"https:\/\/netbakis.net\/7304\/#primaryimage"},"thumbnailUrl":"https:\/\/netbakis.net\/wp-content\/uploads\/2022\/07\/besiktasin-ispanya-kampi-kadrosu-belli-oldu-1840-2022-07-20_m.jpg","datePublished":"2022-07-23T07:08:55+00:00","dateModified":"2022-07-23T07:08:57+00:00","author":{"@id":"https:\/\/netbakis.net\/#\/schema\/person\/5d9b5c3f48ca4a3c69967d619fc8c7f4"},"breadcrumb":{"@id":"https:\/\/netbakis.net\/7304\/#breadcrumb"},"inLanguage":"tr","potentialAction":[{"@type":"ReadAction","target":["https:\/\/netbakis.net\/7304\/"]}]},{"@type":"ImageObject","inLanguage":"tr","@id":"https:\/\/netbakis.net\/7304\/#primaryimage","url":"https:\/\/netbakis.net\/wp-content\/uploads\/2022\/07\/besiktasin-ispanya-kampi-kadrosu-belli-oldu-1840-2022-07-20_m.jpg","contentUrl":"https:\/\/netbakis.net\/wp-content\/uploads\/2022\/07\/besiktasin-ispanya-kampi-kadrosu-belli-oldu-1840-2022-07-20_m.jpg","width":620,"height":350,"caption":"G\u00f6\u00e7menk\u00f6y Mustafa Inan\u00e7\u2019\u0131 da kadrosuna katt\u0131."},{"@type":"BreadcrumbList","@id":"https:\/\/netbakis.net\/7304\/#breadcrumb","itemListElement":[{"@type":"ListItem","position":1,"name":"Home","item":"https:\/\/netbakis.net\/"},{"@type":"ListItem","position":2,"name":"\u0130nan\u00e7 G\u00f6\u00e7men oldu"}]},{"@type":"WebSite","@id":"https:\/\/netbakis.net\/#website","url":"https:\/\/netbakis.net\/","name":"NETBAKIS","description":"SON DAKIKA","potentialAction":[{"@type":"SearchAction","target":{"@type":"EntryPoint","urlTemplate":"https:\/\/netbakis.net\/?s={search_term_string}"},"query-input":{"@type":"PropertyValueSpecification","valueRequired":true,"valueName":"search_term_string"}}],"inLanguage":"tr"},{"@type":"Person","@id":"https:\/\/netbakis.net\/#\/schema\/person\/5d9b5c3f48ca4a3c69967d619fc8c7f4","name":"netbakis.net","image":{"@type":"ImageObject","inLanguage":"tr","@id":"https:\/\/netbakis.net\/#\/schema\/person\/image\/","url":"https:\/\/secure.gravatar.com\/avatar\/4ddeae49d2d3e3568a8d5b0937642efdf0b72468dbe3f213bc1978faa47af0d1?s=96&d=wp_user_avatar&r=g","contentUrl":"https:\/\/secure.gravatar.com\/avatar\/4ddeae49d2d3e3568a8d5b0937642efdf0b72468dbe3f213bc1978faa47af0d1?s=96&d=wp_user_avatar&r=g","caption":"netbakis.net"},"sameAs":["https:\/\/netbakis.net"],"url":"https:\/\/netbakis.net\/tr\/author\/netbakis-net\/"}]}},"jetpack_publicize_connections":[],"_links":{"self":[{"href":"https:\/\/netbakis.net\/tr\/wp-json\/wp\/v2\/posts\/7304","targetHints":{"allow":["GET"]}}],"collection":[{"href":"https:\/\/netbakis.net\/tr\/wp-json\/wp\/v2\/posts"}],"about":[{"href":"https:\/\/netbakis.net\/tr\/wp-json\/wp\/v2\/types\/post"}],"author":[{"embeddable":true,"href":"https:\/\/netbakis.net\/tr\/wp-json\/wp\/v2\/users\/1"}],"replies":[{"embeddable":true,"href":"https:\/\/netbakis.net\/tr\/wp-json\/wp\/v2\/comments?post=7304"}],"version-history":[{"count":1,"href":"https:\/\/netbakis.net\/tr\/wp-json\/wp\/v2\/posts\/7304\/revisions"}],"predecessor-version":[{"id":7306,"href":"https:\/\/netbakis.net\/tr\/wp-json\/wp\/v2\/posts\/7304\/revisions\/7306"}],"wp:featuredmedia":[{"embeddable":true,"href":"https:\/\/netbakis.net\/tr\/wp-json\/wp\/v2\/media\/7305"}],"wp:attachment":[{"href":"https:\/\/netbakis.net\/tr\/wp-json\/wp\/v2\/media?parent=7304"}],"wp:term":[{"taxonomy":"category","embeddable":true,"href":"https:\/\/netbakis.net\/tr\/wp-json\/wp\/v2\/categories?post=7304"},{"taxonomy":"post_tag","embeddable":true,"href":"https:\/\/netbakis.net\/tr\/wp-json\/wp\/v2\/tags?post=7304"}],"curies":[{"name":"wp","href":"https:\/\/api.w.org\/{rel}","templated":true}]}}