{"id":7214,"date":"2022-07-21T12:29:17","date_gmt":"2022-07-21T12:29:17","guid":{"rendered":"https:\/\/netbakis.net\/?p=7214"},"modified":"2022-07-21T12:29:20","modified_gmt":"2022-07-21T12:29:20","slug":"sendikalar-yarin-bakanlik-onunde-eylem-yapacak","status":"publish","type":"post","link":"https:\/\/netbakis.net\/tr\/7214\/","title":{"rendered":"Sendikalar yar\u0131n Bakanl\u0131k \u00f6n\u00fcnde eylem yapacak!"},"content":{"rendered":"<p>H\u00fcr-\u0130\u015f: \u201cAsgari \u00fccret masas\u0131nda hayat pahal\u0131l\u0131\u011f\u0131 g\u00f6z ard\u0131 edilemez\u201d<\/p>\n\n\n\n<p>H\u00fcr \u0130\u015f\u00e7i Sendikalar\u0131 Federasyonu (H\u00fcr-\u0130\u015f), federasyonu ba\u011fl\u0131 sendika temsilcilerinin yar\u0131n yap\u0131lacak asgari \u00fccret toplant\u0131s\u0131 \u00f6ncesinde \u00c7al\u0131\u015fma ve Sosyal G\u00fcvenlik Bakanl\u0131\u011f\u0131 \u00f6n\u00fcnde destek eylemi yapaca\u011f\u0131n\u0131 duyurdu.<\/p>\n\n\n\n<p>H\u00fcr-\u0130\u015f\u2019ten yap\u0131lan a\u00e7\u0131klamaya g\u00f6re, H\u00fcr-\u0130\u015f Ba\u015fkan\u0131 Ahmet Serdaro\u011flu\u2019nun da kat\u0131laca\u011f\u0131, asgari \u00fccrete yap\u0131lan itirazlar\u0131n g\u00f6r\u00fc\u015f\u00fclece\u011fi toplant\u0131 \u00f6ncesinde, saat 10.30\u2019da sendika temsilcileri bir araya gelecek.<\/p>\n\n\n\n<p>\u201cAsgari \u00fccret belirlenirken hayat pahal\u0131l\u0131\u011f\u0131 oran\u0131 g\u00f6z ard\u0131 edilmi\u015ftir. Bu kabul edilemez\u201d diyen Serdaro\u011flu, \u015fu ifadeleri kulland\u0131:<\/p>\n\n\n\n<p>\u201cMasada i\u015f\u00e7i taraf\u0131n\u0131 temsil eden H\u00fcr-\u0130\u015f Federasyonu olarak itiraz\u0131m\u0131z\u0131n ana sebebi asgari \u00fccret belirlenirken yasada hayat pahal\u0131l\u0131\u011f\u0131 oran\u0131 birinci madde olmas\u0131na ra\u011fmen tamamen g\u00f6z ard\u0131 edilmesidir. H\u00fck\u00fcmet edenler ne yaz\u0131k ki olu\u015fan hayat pahal\u0131l\u0131\u011f\u0131n\u0131 g\u00f6rmezden geldi. Hayat pahal\u0131l\u0131\u011f\u0131 oran\u0131ndaki zamla asgari \u00fccret net 9 bin 540 TL olmal\u0131yd\u0131. Bu oranlar\u0131 H\u00fcr-\u0130\u015f de\u011fil, Ba\u015fbakanl\u0131\u011fa ba\u011fl\u0131 istatistik kurumu belirliyor. A\u00e7l\u0131k s\u0131n\u0131r\u0131 ortadad\u0131r. H\u00fck\u00fcmet edenleri ve i\u015fverenleri asgari vicdana davet ediyoruz.\u201d<\/p>\n\n\n\n<ul class=\"wp-block-list\"><li>\u201cTabutu biz de\u011fil onlar ta\u015f\u0131yacak\u201d Serdaro\u011flu, \u201cYar\u0131n ger\u00e7ekle\u015fecek olan toplant\u0131da 8 bin 600 TL onayland\u0131\u011f\u0131 anda asgari \u00fccretliyi \u00f6ld\u00fcrecekler. Tabutu biz de\u011fil, onlar ta\u015f\u0131yacak. Bu \u00fccretle kimse ge\u00e7inemez\u201d ifadelerini de kulland\u0131.<\/li><\/ul>","protected":false},"excerpt":{"rendered":"<p>H\u00fcr-\u0130\u015f: \u201cAsgari \u00fccret masas\u0131nda hayat pahal\u0131l\u0131\u011f\u0131 g\u00f6z ard\u0131 edilemez\u201d H\u00fcr \u0130\u015f\u00e7i Sendikalar\u0131 Federasyonu (H\u00fcr-\u0130\u015f), federasyonu ba\u011fl\u0131 sendika temsilcilerinin yar\u0131n yap\u0131lacak asgari \u00fccret toplant\u0131s\u0131 \u00f6ncesinde \u00c7al\u0131\u015fma ve Sosyal G\u00fcvenlik Bakanl\u0131\u011f\u0131 \u00f6n\u00fcnde destek eylemi yapaca\u011f\u0131n\u0131 duyurdu. H\u00fcr-\u0130\u015f\u2019ten yap\u0131lan a\u00e7\u0131klamaya g\u00f6re, H\u00fcr-\u0130\u015f Ba\u015fkan\u0131 Ahmet Serdaro\u011flu\u2019nun da kat\u0131laca\u011f\u0131, asgari \u00fccrete yap\u0131lan itirazlar\u0131n g\u00f6r\u00fc\u015f\u00fclece\u011fi toplant\u0131 \u00f6ncesinde, saat 10.30\u2019da sendika temsilcileri [&hellip;]<\/p>","protected":false},"author":1,"featured_media":7216,"comment_status":"open","ping_status":"open","sticky":false,"template":"","format":"standard","meta":{"om_disable_all_campaigns":false,"_monsterinsights_skip_tracking":false,"_monsterinsights_sitenote_active":false,"_monsterinsights_sitenote_note":"","_monsterinsights_sitenote_category":0,"_uf_show_specific_survey":0,"_uf_disable_surveys":false,"footnotes":"","jetpack_publicize_message":"","jetpack_publicize_feature_enabled":true,"jetpack_social_post_already_shared":false,"jetpack_social_options":{"image_generator_settings":{"template":"highway","default_image_id":0,"font":"","enabled":false},"version":2}},"categories":[81],"tags":[605],"class_list":{"0":"post-7214","1":"post","2":"type-post","3":"status-publish","4":"format-standard","5":"has-post-thumbnail","7":"category-gundem","8":"tag-sendikalar-yarin-bakanlik-onunde-eylem-yapacak"},"yoast_head":"<!-- This site is optimized with the Yoast SEO plugin v23.8 - https:\/\/yoast.com\/wordpress\/plugins\/seo\/ -->\n<title>Sendikalar yar\u0131n Bakanl\u0131k \u00f6n\u00fcnde eylem yapacak! - NETBAKIS<\/title>\n<meta name=\"robots\" content=\"index, follow, max-snippet:-1, max-image-preview:large, max-video-preview:-1\" \/>\n<link rel=\"canonical\" href=\"https:\/\/netbakis.net\/tr\/7214\/\" \/>\n<meta property=\"og:locale\" content=\"tr_TR\" \/>\n<meta property=\"og:type\" content=\"article\" \/>\n<meta property=\"og:title\" content=\"Sendikalar yar\u0131n Bakanl\u0131k \u00f6n\u00fcnde eylem yapacak! - NETBAKIS\" \/>\n<meta property=\"og:description\" content=\"H\u00fcr-\u0130\u015f: \u201cAsgari \u00fccret masas\u0131nda hayat pahal\u0131l\u0131\u011f\u0131 g\u00f6z ard\u0131 edilemez\u201d H\u00fcr \u0130\u015f\u00e7i Sendikalar\u0131 Federasyonu (H\u00fcr-\u0130\u015f), federasyonu ba\u011fl\u0131 sendika temsilcilerinin yar\u0131n yap\u0131lacak asgari \u00fccret toplant\u0131s\u0131 \u00f6ncesinde \u00c7al\u0131\u015fma ve Sosyal G\u00fcvenlik Bakanl\u0131\u011f\u0131 \u00f6n\u00fcnde destek eylemi yapaca\u011f\u0131n\u0131 duyurdu. H\u00fcr-\u0130\u015f\u2019ten yap\u0131lan a\u00e7\u0131klamaya g\u00f6re, H\u00fcr-\u0130\u015f Ba\u015fkan\u0131 Ahmet Serdaro\u011flu\u2019nun da kat\u0131laca\u011f\u0131, asgari \u00fccrete yap\u0131lan itirazlar\u0131n g\u00f6r\u00fc\u015f\u00fclece\u011fi toplant\u0131 \u00f6ncesinde, saat 10.30\u2019da sendika temsilcileri [&hellip;]\" \/>\n<meta property=\"og:url\" content=\"https:\/\/netbakis.net\/tr\/7214\/\" \/>\n<meta property=\"og:site_name\" content=\"NETBAKIS\" \/>\n<meta property=\"article:published_time\" content=\"2022-07-21T12:29:17+00:00\" \/>\n<meta property=\"article:modified_time\" content=\"2022-07-21T12:29:20+00:00\" \/>\n<meta property=\"og:image\" content=\"https:\/\/netbakis.net\/wp-content\/uploads\/2022\/07\/ahmet_serdaroglu_hur_is_genel_baskani_oldu_h93787_2a4cf.jpg\" \/>\n\t<meta property=\"og:image:width\" content=\"656\" \/>\n\t<meta property=\"og:image:height\" content=\"400\" \/>\n\t<meta property=\"og:image:type\" content=\"image\/jpeg\" \/>\n<meta name=\"author\" content=\"netbakis.net\" \/>\n<meta name=\"twitter:card\" content=\"summary_large_image\" \/>\n<meta name=\"twitter:label1\" content=\"Yazan:\" \/>\n\t<meta name=\"twitter:data1\" content=\"netbakis.net\" \/>\n\t<meta name=\"twitter:label2\" content=\"Tahmini okuma s\u00fcresi\" \/>\n\t<meta name=\"twitter:data2\" content=\"1 dakika\" \/>\n<script type=\"application\/ld+json\" class=\"yoast-schema-graph\">{\"@context\":\"https:\/\/schema.org\",\"@graph\":[{\"@type\":\"WebPage\",\"@id\":\"https:\/\/netbakis.net\/7214\/\",\"url\":\"https:\/\/netbakis.net\/7214\/\",\"name\":\"Sendikalar yar\u0131n Bakanl\u0131k \u00f6n\u00fcnde eylem yapacak! - NETBAKIS\",\"isPartOf\":{\"@id\":\"https:\/\/netbakis.net\/#website\"},\"primaryImageOfPage\":{\"@id\":\"https:\/\/netbakis.net\/7214\/#primaryimage\"},\"image\":{\"@id\":\"https:\/\/netbakis.net\/7214\/#primaryimage\"},\"thumbnailUrl\":\"https:\/\/netbakis.net\/wp-content\/uploads\/2022\/07\/ahmet_serdaroglu_hur_is_genel_baskani_oldu_h93787_2a4cf.jpg\",\"datePublished\":\"2022-07-21T12:29:17+00:00\",\"dateModified\":\"2022-07-21T12:29:20+00:00\",\"author\":{\"@id\":\"https:\/\/netbakis.net\/#\/schema\/person\/5d9b5c3f48ca4a3c69967d619fc8c7f4\"},\"breadcrumb\":{\"@id\":\"https:\/\/netbakis.net\/7214\/#breadcrumb\"},\"inLanguage\":\"tr\",\"potentialAction\":[{\"@type\":\"ReadAction\",\"target\":[\"https:\/\/netbakis.net\/7214\/\"]}]},{\"@type\":\"ImageObject\",\"inLanguage\":\"tr\",\"@id\":\"https:\/\/netbakis.net\/7214\/#primaryimage\",\"url\":\"https:\/\/netbakis.net\/wp-content\/uploads\/2022\/07\/ahmet_serdaroglu_hur_is_genel_baskani_oldu_h93787_2a4cf.jpg\",\"contentUrl\":\"https:\/\/netbakis.net\/wp-content\/uploads\/2022\/07\/ahmet_serdaroglu_hur_is_genel_baskani_oldu_h93787_2a4cf.jpg\",\"width\":656,\"height\":400,\"caption\":\"H\u00fcr-\u0130\u015f Ba\u015fkan\u0131 Ahmet Serdaro\u011flu\"},{\"@type\":\"BreadcrumbList\",\"@id\":\"https:\/\/netbakis.net\/7214\/#breadcrumb\",\"itemListElement\":[{\"@type\":\"ListItem\",\"position\":1,\"name\":\"Home\",\"item\":\"https:\/\/netbakis.net\/\"},{\"@type\":\"ListItem\",\"position\":2,\"name\":\"Sendikalar yar\u0131n Bakanl\u0131k \u00f6n\u00fcnde eylem yapacak!\"}]},{\"@type\":\"WebSite\",\"@id\":\"https:\/\/netbakis.net\/#website\",\"url\":\"https:\/\/netbakis.net\/\",\"name\":\"NETBAKIS\",\"description\":\"SON DAKIKA\",\"potentialAction\":[{\"@type\":\"SearchAction\",\"target\":{\"@type\":\"EntryPoint\",\"urlTemplate\":\"https:\/\/netbakis.net\/?s={search_term_string}\"},\"query-input\":{\"@type\":\"PropertyValueSpecification\",\"valueRequired\":true,\"valueName\":\"search_term_string\"}}],\"inLanguage\":\"tr\"},{\"@type\":\"Person\",\"@id\":\"https:\/\/netbakis.net\/#\/schema\/person\/5d9b5c3f48ca4a3c69967d619fc8c7f4\",\"name\":\"netbakis.net\",\"image\":{\"@type\":\"ImageObject\",\"inLanguage\":\"tr\",\"@id\":\"https:\/\/netbakis.net\/#\/schema\/person\/image\/\",\"url\":\"https:\/\/secure.gravatar.com\/avatar\/4ddeae49d2d3e3568a8d5b0937642efdf0b72468dbe3f213bc1978faa47af0d1?s=96&d=wp_user_avatar&r=g\",\"contentUrl\":\"https:\/\/secure.gravatar.com\/avatar\/4ddeae49d2d3e3568a8d5b0937642efdf0b72468dbe3f213bc1978faa47af0d1?s=96&d=wp_user_avatar&r=g\",\"caption\":\"netbakis.net\"},\"sameAs\":[\"https:\/\/netbakis.net\"],\"url\":\"https:\/\/netbakis.net\/tr\/author\/netbakis-net\/\"}]}<\/script>\n<!-- \/ Yoast SEO plugin. -->","yoast_head_json":{"title":"Sendikalar yar\u0131n Bakanl\u0131k \u00f6n\u00fcnde eylem yapacak! - NETBAKIS","robots":{"index":"index","follow":"follow","max-snippet":"max-snippet:-1","max-image-preview":"max-image-preview:large","max-video-preview":"max-video-preview:-1"},"canonical":"https:\/\/netbakis.net\/tr\/7214\/","og_locale":"tr_TR","og_type":"article","og_title":"Sendikalar yar\u0131n Bakanl\u0131k \u00f6n\u00fcnde eylem yapacak! - NETBAKIS","og_description":"H\u00fcr-\u0130\u015f: \u201cAsgari \u00fccret masas\u0131nda hayat pahal\u0131l\u0131\u011f\u0131 g\u00f6z ard\u0131 edilemez\u201d H\u00fcr \u0130\u015f\u00e7i Sendikalar\u0131 Federasyonu (H\u00fcr-\u0130\u015f), federasyonu ba\u011fl\u0131 sendika temsilcilerinin yar\u0131n yap\u0131lacak asgari \u00fccret toplant\u0131s\u0131 \u00f6ncesinde \u00c7al\u0131\u015fma ve Sosyal G\u00fcvenlik Bakanl\u0131\u011f\u0131 \u00f6n\u00fcnde destek eylemi yapaca\u011f\u0131n\u0131 duyurdu. H\u00fcr-\u0130\u015f\u2019ten yap\u0131lan a\u00e7\u0131klamaya g\u00f6re, H\u00fcr-\u0130\u015f Ba\u015fkan\u0131 Ahmet Serdaro\u011flu\u2019nun da kat\u0131laca\u011f\u0131, asgari \u00fccrete yap\u0131lan itirazlar\u0131n g\u00f6r\u00fc\u015f\u00fclece\u011fi toplant\u0131 \u00f6ncesinde, saat 10.30\u2019da sendika temsilcileri [&hellip;]","og_url":"https:\/\/netbakis.net\/tr\/7214\/","og_site_name":"NETBAKIS","article_published_time":"2022-07-21T12:29:17+00:00","article_modified_time":"2022-07-21T12:29:20+00:00","og_image":[{"width":656,"height":400,"url":"https:\/\/netbakis.net\/wp-content\/uploads\/2022\/07\/ahmet_serdaroglu_hur_is_genel_baskani_oldu_h93787_2a4cf.jpg","type":"image\/jpeg"}],"author":"netbakis.net","twitter_card":"summary_large_image","twitter_misc":{"Yazan:":"netbakis.net","Tahmini okuma s\u00fcresi":"1 dakika"},"schema":{"@context":"https:\/\/schema.org","@graph":[{"@type":"WebPage","@id":"https:\/\/netbakis.net\/7214\/","url":"https:\/\/netbakis.net\/7214\/","name":"Sendikalar yar\u0131n Bakanl\u0131k \u00f6n\u00fcnde eylem yapacak! - NETBAKIS","isPartOf":{"@id":"https:\/\/netbakis.net\/#website"},"primaryImageOfPage":{"@id":"https:\/\/netbakis.net\/7214\/#primaryimage"},"image":{"@id":"https:\/\/netbakis.net\/7214\/#primaryimage"},"thumbnailUrl":"https:\/\/netbakis.net\/wp-content\/uploads\/2022\/07\/ahmet_serdaroglu_hur_is_genel_baskani_oldu_h93787_2a4cf.jpg","datePublished":"2022-07-21T12:29:17+00:00","dateModified":"2022-07-21T12:29:20+00:00","author":{"@id":"https:\/\/netbakis.net\/#\/schema\/person\/5d9b5c3f48ca4a3c69967d619fc8c7f4"},"breadcrumb":{"@id":"https:\/\/netbakis.net\/7214\/#breadcrumb"},"inLanguage":"tr","potentialAction":[{"@type":"ReadAction","target":["https:\/\/netbakis.net\/7214\/"]}]},{"@type":"ImageObject","inLanguage":"tr","@id":"https:\/\/netbakis.net\/7214\/#primaryimage","url":"https:\/\/netbakis.net\/wp-content\/uploads\/2022\/07\/ahmet_serdaroglu_hur_is_genel_baskani_oldu_h93787_2a4cf.jpg","contentUrl":"https:\/\/netbakis.net\/wp-content\/uploads\/2022\/07\/ahmet_serdaroglu_hur_is_genel_baskani_oldu_h93787_2a4cf.jpg","width":656,"height":400,"caption":"H\u00fcr-\u0130\u015f Ba\u015fkan\u0131 Ahmet Serdaro\u011flu"},{"@type":"BreadcrumbList","@id":"https:\/\/netbakis.net\/7214\/#breadcrumb","itemListElement":[{"@type":"ListItem","position":1,"name":"Home","item":"https:\/\/netbakis.net\/"},{"@type":"ListItem","position":2,"name":"Sendikalar yar\u0131n Bakanl\u0131k \u00f6n\u00fcnde eylem yapacak!"}]},{"@type":"WebSite","@id":"https:\/\/netbakis.net\/#website","url":"https:\/\/netbakis.net\/","name":"NETBAKIS","description":"SON DAKIKA","potentialAction":[{"@type":"SearchAction","target":{"@type":"EntryPoint","urlTemplate":"https:\/\/netbakis.net\/?s={search_term_string}"},"query-input":{"@type":"PropertyValueSpecification","valueRequired":true,"valueName":"search_term_string"}}],"inLanguage":"tr"},{"@type":"Person","@id":"https:\/\/netbakis.net\/#\/schema\/person\/5d9b5c3f48ca4a3c69967d619fc8c7f4","name":"netbakis.net","image":{"@type":"ImageObject","inLanguage":"tr","@id":"https:\/\/netbakis.net\/#\/schema\/person\/image\/","url":"https:\/\/secure.gravatar.com\/avatar\/4ddeae49d2d3e3568a8d5b0937642efdf0b72468dbe3f213bc1978faa47af0d1?s=96&d=wp_user_avatar&r=g","contentUrl":"https:\/\/secure.gravatar.com\/avatar\/4ddeae49d2d3e3568a8d5b0937642efdf0b72468dbe3f213bc1978faa47af0d1?s=96&d=wp_user_avatar&r=g","caption":"netbakis.net"},"sameAs":["https:\/\/netbakis.net"],"url":"https:\/\/netbakis.net\/tr\/author\/netbakis-net\/"}]}},"jetpack_publicize_connections":[],"_links":{"self":[{"href":"https:\/\/netbakis.net\/tr\/wp-json\/wp\/v2\/posts\/7214","targetHints":{"allow":["GET"]}}],"collection":[{"href":"https:\/\/netbakis.net\/tr\/wp-json\/wp\/v2\/posts"}],"about":[{"href":"https:\/\/netbakis.net\/tr\/wp-json\/wp\/v2\/types\/post"}],"author":[{"embeddable":true,"href":"https:\/\/netbakis.net\/tr\/wp-json\/wp\/v2\/users\/1"}],"replies":[{"embeddable":true,"href":"https:\/\/netbakis.net\/tr\/wp-json\/wp\/v2\/comments?post=7214"}],"version-history":[{"count":1,"href":"https:\/\/netbakis.net\/tr\/wp-json\/wp\/v2\/posts\/7214\/revisions"}],"predecessor-version":[{"id":7217,"href":"https:\/\/netbakis.net\/tr\/wp-json\/wp\/v2\/posts\/7214\/revisions\/7217"}],"wp:featuredmedia":[{"embeddable":true,"href":"https:\/\/netbakis.net\/tr\/wp-json\/wp\/v2\/media\/7216"}],"wp:attachment":[{"href":"https:\/\/netbakis.net\/tr\/wp-json\/wp\/v2\/media?parent=7214"}],"wp:term":[{"taxonomy":"category","embeddable":true,"href":"https:\/\/netbakis.net\/tr\/wp-json\/wp\/v2\/categories?post=7214"},{"taxonomy":"post_tag","embeddable":true,"href":"https:\/\/netbakis.net\/tr\/wp-json\/wp\/v2\/tags?post=7214"}],"curies":[{"name":"wp","href":"https:\/\/api.w.org\/{rel}","templated":true}]}}