{"id":7208,"date":"2022-07-21T12:24:57","date_gmt":"2022-07-21T12:24:57","guid":{"rendered":"https:\/\/netbakis.net\/?p=7208"},"modified":"2022-07-21T12:25:01","modified_gmt":"2022-07-21T12:25:01","slug":"bayram-karaman-son-yolculuguna-ugurlandi","status":"publish","type":"post","link":"https:\/\/netbakis.net\/tr\/7208\/","title":{"rendered":"Bayram Karaman son yolculu\u011funa u\u011furland\u0131"},"content":{"rendered":"<p>Bayram Karaman, bug\u00fcn \u00c7atalk\u00f6y\u2019de son yolculu\u011funa u\u011furland\u0131.<\/p>\n\n\n\n<p>Hayat\u0131n\u0131 d\u00fcn kaybeden eski milletvekili ve sendikac\u0131 Bayram Karaman, bug\u00fcn \u00c7atalk\u00f6y\u2019de son yolculu\u011funa u\u011furland\u0131.<\/p>\n\n\n\n<p>72 ya\u015f\u0131nda hayat\u0131n\u0131 kaybeden Bayram Karaman \u00c7atalk\u00f6y Camii\u2019nde k\u0131l\u0131nan \u00f6\u011fle namaz\u0131n\u0131n ard\u0131ndan \u00c7atalk\u00f6y Mezarl\u0131\u011f\u0131\u2019nda topra\u011fa verildi.<\/p>\n\n\n\n<p>Cenaze t\u00f6renine 2. Cumhurba\u015fkan\u0131 Mehmet Ali Talat, CTP Genel Ba\u015fkan\u0131 Tufan Erh\u00fcrman, baz\u0131 milletvekilleri, sendikac\u0131lar, Karaman\u2019\u0131n yak\u0131nlar\u0131 ve ailesi kat\u0131ld\u0131.<\/p>\n\n\n\n<p>Uzun y\u0131llar sendikac\u0131l\u0131k ge\u00e7mi\u015fi bulunan ve iki d\u00f6nem CTP milletvekilli\u011fi de yapan Bayram Karaman, bir s\u00fcredir tedavi g\u00f6r\u00fcyordu.<\/p>\n\n\n\n<p>Ad\u0131 Dome Otel\u2019le \u00f6zde\u015fle\u015fen Bayram Karaman, turizmle ilgili sendikalarda ba\u015fkanl\u0131k; 2003-2009 aras\u0131nda da CTP\u2019den milletvekilli\u011fi yapm\u0131\u015ft\u0131.<\/p>\n\n\n\n<p>Karaman, evli ve iki \u00e7ocuk babas\u0131yd\u0131.<\/p>","protected":false},"excerpt":{"rendered":"<p>Bayram Karaman, bug\u00fcn \u00c7atalk\u00f6y\u2019de son yolculu\u011funa u\u011furland\u0131. Hayat\u0131n\u0131 d\u00fcn kaybeden eski milletvekili ve sendikac\u0131 Bayram Karaman, bug\u00fcn \u00c7atalk\u00f6y\u2019de son yolculu\u011funa u\u011furland\u0131. 72 ya\u015f\u0131nda hayat\u0131n\u0131 kaybeden Bayram Karaman \u00c7atalk\u00f6y Camii\u2019nde k\u0131l\u0131nan \u00f6\u011fle namaz\u0131n\u0131n ard\u0131ndan \u00c7atalk\u00f6y Mezarl\u0131\u011f\u0131\u2019nda topra\u011fa verildi. Cenaze t\u00f6renine 2. Cumhurba\u015fkan\u0131 Mehmet Ali Talat, CTP Genel Ba\u015fkan\u0131 Tufan Erh\u00fcrman, baz\u0131 milletvekilleri, sendikac\u0131lar, Karaman\u2019\u0131n yak\u0131nlar\u0131 ve [&hellip;]<\/p>","protected":false},"author":1,"featured_media":7209,"comment_status":"open","ping_status":"open","sticky":false,"template":"","format":"standard","meta":{"om_disable_all_campaigns":false,"_monsterinsights_skip_tracking":false,"_monsterinsights_sitenote_active":false,"_monsterinsights_sitenote_note":"","_monsterinsights_sitenote_category":0,"_uf_show_specific_survey":0,"_uf_disable_surveys":false,"footnotes":"","jetpack_publicize_message":"","jetpack_publicize_feature_enabled":true,"jetpack_social_post_already_shared":false,"jetpack_social_options":{"image_generator_settings":{"template":"highway","default_image_id":0,"font":"","enabled":false},"version":2}},"categories":[81],"tags":[602,601],"class_list":{"0":"post-7208","1":"post","2":"type-post","3":"status-publish","4":"format-standard","5":"has-post-thumbnail","7":"category-gundem","8":"tag-bugun-catalkoyde-son-yolculuguna-ugurlandi","9":"tag-hayatini-dun-kaybeden-eski-milletvekili-ve-sendikaci-bayram-karaman"},"yoast_head":"<!-- This site is optimized with the Yoast SEO plugin v23.8 - https:\/\/yoast.com\/wordpress\/plugins\/seo\/ -->\n<title>Bayram Karaman son yolculu\u011funa u\u011furland\u0131 - NETBAKIS<\/title>\n<meta name=\"robots\" content=\"index, follow, max-snippet:-1, max-image-preview:large, max-video-preview:-1\" \/>\n<link rel=\"canonical\" href=\"https:\/\/netbakis.net\/tr\/7208\/\" \/>\n<meta property=\"og:locale\" content=\"tr_TR\" \/>\n<meta property=\"og:type\" content=\"article\" \/>\n<meta property=\"og:title\" content=\"Bayram Karaman son yolculu\u011funa u\u011furland\u0131 - NETBAKIS\" \/>\n<meta property=\"og:description\" content=\"Bayram Karaman, bug\u00fcn \u00c7atalk\u00f6y\u2019de son yolculu\u011funa u\u011furland\u0131. Hayat\u0131n\u0131 d\u00fcn kaybeden eski milletvekili ve sendikac\u0131 Bayram Karaman, bug\u00fcn \u00c7atalk\u00f6y\u2019de son yolculu\u011funa u\u011furland\u0131. 72 ya\u015f\u0131nda hayat\u0131n\u0131 kaybeden Bayram Karaman \u00c7atalk\u00f6y Camii\u2019nde k\u0131l\u0131nan \u00f6\u011fle namaz\u0131n\u0131n ard\u0131ndan \u00c7atalk\u00f6y Mezarl\u0131\u011f\u0131\u2019nda topra\u011fa verildi. Cenaze t\u00f6renine 2. Cumhurba\u015fkan\u0131 Mehmet Ali Talat, CTP Genel Ba\u015fkan\u0131 Tufan Erh\u00fcrman, baz\u0131 milletvekilleri, sendikac\u0131lar, Karaman\u2019\u0131n yak\u0131nlar\u0131 ve [&hellip;]\" \/>\n<meta property=\"og:url\" content=\"https:\/\/netbakis.net\/tr\/7208\/\" \/>\n<meta property=\"og:site_name\" content=\"NETBAKIS\" \/>\n<meta property=\"article:published_time\" content=\"2022-07-21T12:24:57+00:00\" \/>\n<meta property=\"article:modified_time\" content=\"2022-07-21T12:25:01+00:00\" \/>\n<meta property=\"og:image\" content=\"https:\/\/netbakis.net\/wp-content\/uploads\/2022\/07\/bayram_karaman_son_yolculuguna_ugurlandi_h101679_407de.jpeg\" \/>\n\t<meta property=\"og:image:width\" content=\"656\" \/>\n\t<meta property=\"og:image:height\" content=\"400\" \/>\n\t<meta property=\"og:image:type\" content=\"image\/jpeg\" \/>\n<meta name=\"author\" content=\"netbakis.net\" \/>\n<meta name=\"twitter:card\" content=\"summary_large_image\" \/>\n<meta name=\"twitter:label1\" content=\"Yazan:\" \/>\n\t<meta name=\"twitter:data1\" content=\"netbakis.net\" \/>\n\t<meta name=\"twitter:label2\" content=\"Tahmini okuma s\u00fcresi\" \/>\n\t<meta name=\"twitter:data2\" content=\"1 dakika\" \/>\n<script type=\"application\/ld+json\" class=\"yoast-schema-graph\">{\"@context\":\"https:\/\/schema.org\",\"@graph\":[{\"@type\":\"WebPage\",\"@id\":\"https:\/\/netbakis.net\/7208\/\",\"url\":\"https:\/\/netbakis.net\/7208\/\",\"name\":\"Bayram Karaman son yolculu\u011funa u\u011furland\u0131 - NETBAKIS\",\"isPartOf\":{\"@id\":\"https:\/\/netbakis.net\/#website\"},\"primaryImageOfPage\":{\"@id\":\"https:\/\/netbakis.net\/7208\/#primaryimage\"},\"image\":{\"@id\":\"https:\/\/netbakis.net\/7208\/#primaryimage\"},\"thumbnailUrl\":\"https:\/\/netbakis.net\/wp-content\/uploads\/2022\/07\/bayram_karaman_son_yolculuguna_ugurlandi_h101679_407de.jpeg\",\"datePublished\":\"2022-07-21T12:24:57+00:00\",\"dateModified\":\"2022-07-21T12:25:01+00:00\",\"author\":{\"@id\":\"https:\/\/netbakis.net\/#\/schema\/person\/5d9b5c3f48ca4a3c69967d619fc8c7f4\"},\"breadcrumb\":{\"@id\":\"https:\/\/netbakis.net\/7208\/#breadcrumb\"},\"inLanguage\":\"tr\",\"potentialAction\":[{\"@type\":\"ReadAction\",\"target\":[\"https:\/\/netbakis.net\/7208\/\"]}]},{\"@type\":\"ImageObject\",\"inLanguage\":\"tr\",\"@id\":\"https:\/\/netbakis.net\/7208\/#primaryimage\",\"url\":\"https:\/\/netbakis.net\/wp-content\/uploads\/2022\/07\/bayram_karaman_son_yolculuguna_ugurlandi_h101679_407de.jpeg\",\"contentUrl\":\"https:\/\/netbakis.net\/wp-content\/uploads\/2022\/07\/bayram_karaman_son_yolculuguna_ugurlandi_h101679_407de.jpeg\",\"width\":656,\"height\":400,\"caption\":\"Hayat\u0131n\u0131 d\u00fcn kaybeden eski milletvekili ve sendikac\u0131 Bayram Karaman, bug\u00fcn \u00c7atalk\u00f6y\u2019de son yolculu\u011funa u\u011furland\u0131.\"},{\"@type\":\"BreadcrumbList\",\"@id\":\"https:\/\/netbakis.net\/7208\/#breadcrumb\",\"itemListElement\":[{\"@type\":\"ListItem\",\"position\":1,\"name\":\"Home\",\"item\":\"https:\/\/netbakis.net\/\"},{\"@type\":\"ListItem\",\"position\":2,\"name\":\"Bayram Karaman son yolculu\u011funa u\u011furland\u0131\"}]},{\"@type\":\"WebSite\",\"@id\":\"https:\/\/netbakis.net\/#website\",\"url\":\"https:\/\/netbakis.net\/\",\"name\":\"NETBAKIS\",\"description\":\"SON DAKIKA\",\"potentialAction\":[{\"@type\":\"SearchAction\",\"target\":{\"@type\":\"EntryPoint\",\"urlTemplate\":\"https:\/\/netbakis.net\/?s={search_term_string}\"},\"query-input\":{\"@type\":\"PropertyValueSpecification\",\"valueRequired\":true,\"valueName\":\"search_term_string\"}}],\"inLanguage\":\"tr\"},{\"@type\":\"Person\",\"@id\":\"https:\/\/netbakis.net\/#\/schema\/person\/5d9b5c3f48ca4a3c69967d619fc8c7f4\",\"name\":\"netbakis.net\",\"image\":{\"@type\":\"ImageObject\",\"inLanguage\":\"tr\",\"@id\":\"https:\/\/netbakis.net\/#\/schema\/person\/image\/\",\"url\":\"https:\/\/secure.gravatar.com\/avatar\/4ddeae49d2d3e3568a8d5b0937642efdf0b72468dbe3f213bc1978faa47af0d1?s=96&d=wp_user_avatar&r=g\",\"contentUrl\":\"https:\/\/secure.gravatar.com\/avatar\/4ddeae49d2d3e3568a8d5b0937642efdf0b72468dbe3f213bc1978faa47af0d1?s=96&d=wp_user_avatar&r=g\",\"caption\":\"netbakis.net\"},\"sameAs\":[\"https:\/\/netbakis.net\"],\"url\":\"https:\/\/netbakis.net\/tr\/author\/netbakis-net\/\"}]}<\/script>\n<!-- \/ Yoast SEO plugin. -->","yoast_head_json":{"title":"Bayram Karaman son yolculu\u011funa u\u011furland\u0131 - NETBAKIS","robots":{"index":"index","follow":"follow","max-snippet":"max-snippet:-1","max-image-preview":"max-image-preview:large","max-video-preview":"max-video-preview:-1"},"canonical":"https:\/\/netbakis.net\/tr\/7208\/","og_locale":"tr_TR","og_type":"article","og_title":"Bayram Karaman son yolculu\u011funa u\u011furland\u0131 - NETBAKIS","og_description":"Bayram Karaman, bug\u00fcn \u00c7atalk\u00f6y\u2019de son yolculu\u011funa u\u011furland\u0131. Hayat\u0131n\u0131 d\u00fcn kaybeden eski milletvekili ve sendikac\u0131 Bayram Karaman, bug\u00fcn \u00c7atalk\u00f6y\u2019de son yolculu\u011funa u\u011furland\u0131. 72 ya\u015f\u0131nda hayat\u0131n\u0131 kaybeden Bayram Karaman \u00c7atalk\u00f6y Camii\u2019nde k\u0131l\u0131nan \u00f6\u011fle namaz\u0131n\u0131n ard\u0131ndan \u00c7atalk\u00f6y Mezarl\u0131\u011f\u0131\u2019nda topra\u011fa verildi. Cenaze t\u00f6renine 2. Cumhurba\u015fkan\u0131 Mehmet Ali Talat, CTP Genel Ba\u015fkan\u0131 Tufan Erh\u00fcrman, baz\u0131 milletvekilleri, sendikac\u0131lar, Karaman\u2019\u0131n yak\u0131nlar\u0131 ve [&hellip;]","og_url":"https:\/\/netbakis.net\/tr\/7208\/","og_site_name":"NETBAKIS","article_published_time":"2022-07-21T12:24:57+00:00","article_modified_time":"2022-07-21T12:25:01+00:00","og_image":[{"width":656,"height":400,"url":"https:\/\/netbakis.net\/wp-content\/uploads\/2022\/07\/bayram_karaman_son_yolculuguna_ugurlandi_h101679_407de.jpeg","type":"image\/jpeg"}],"author":"netbakis.net","twitter_card":"summary_large_image","twitter_misc":{"Yazan:":"netbakis.net","Tahmini okuma s\u00fcresi":"1 dakika"},"schema":{"@context":"https:\/\/schema.org","@graph":[{"@type":"WebPage","@id":"https:\/\/netbakis.net\/7208\/","url":"https:\/\/netbakis.net\/7208\/","name":"Bayram Karaman son yolculu\u011funa u\u011furland\u0131 - NETBAKIS","isPartOf":{"@id":"https:\/\/netbakis.net\/#website"},"primaryImageOfPage":{"@id":"https:\/\/netbakis.net\/7208\/#primaryimage"},"image":{"@id":"https:\/\/netbakis.net\/7208\/#primaryimage"},"thumbnailUrl":"https:\/\/netbakis.net\/wp-content\/uploads\/2022\/07\/bayram_karaman_son_yolculuguna_ugurlandi_h101679_407de.jpeg","datePublished":"2022-07-21T12:24:57+00:00","dateModified":"2022-07-21T12:25:01+00:00","author":{"@id":"https:\/\/netbakis.net\/#\/schema\/person\/5d9b5c3f48ca4a3c69967d619fc8c7f4"},"breadcrumb":{"@id":"https:\/\/netbakis.net\/7208\/#breadcrumb"},"inLanguage":"tr","potentialAction":[{"@type":"ReadAction","target":["https:\/\/netbakis.net\/7208\/"]}]},{"@type":"ImageObject","inLanguage":"tr","@id":"https:\/\/netbakis.net\/7208\/#primaryimage","url":"https:\/\/netbakis.net\/wp-content\/uploads\/2022\/07\/bayram_karaman_son_yolculuguna_ugurlandi_h101679_407de.jpeg","contentUrl":"https:\/\/netbakis.net\/wp-content\/uploads\/2022\/07\/bayram_karaman_son_yolculuguna_ugurlandi_h101679_407de.jpeg","width":656,"height":400,"caption":"Hayat\u0131n\u0131 d\u00fcn kaybeden eski milletvekili ve sendikac\u0131 Bayram Karaman, bug\u00fcn \u00c7atalk\u00f6y\u2019de son yolculu\u011funa u\u011furland\u0131."},{"@type":"BreadcrumbList","@id":"https:\/\/netbakis.net\/7208\/#breadcrumb","itemListElement":[{"@type":"ListItem","position":1,"name":"Home","item":"https:\/\/netbakis.net\/"},{"@type":"ListItem","position":2,"name":"Bayram Karaman son yolculu\u011funa u\u011furland\u0131"}]},{"@type":"WebSite","@id":"https:\/\/netbakis.net\/#website","url":"https:\/\/netbakis.net\/","name":"NETBAKIS","description":"SON DAKIKA","potentialAction":[{"@type":"SearchAction","target":{"@type":"EntryPoint","urlTemplate":"https:\/\/netbakis.net\/?s={search_term_string}"},"query-input":{"@type":"PropertyValueSpecification","valueRequired":true,"valueName":"search_term_string"}}],"inLanguage":"tr"},{"@type":"Person","@id":"https:\/\/netbakis.net\/#\/schema\/person\/5d9b5c3f48ca4a3c69967d619fc8c7f4","name":"netbakis.net","image":{"@type":"ImageObject","inLanguage":"tr","@id":"https:\/\/netbakis.net\/#\/schema\/person\/image\/","url":"https:\/\/secure.gravatar.com\/avatar\/4ddeae49d2d3e3568a8d5b0937642efdf0b72468dbe3f213bc1978faa47af0d1?s=96&d=wp_user_avatar&r=g","contentUrl":"https:\/\/secure.gravatar.com\/avatar\/4ddeae49d2d3e3568a8d5b0937642efdf0b72468dbe3f213bc1978faa47af0d1?s=96&d=wp_user_avatar&r=g","caption":"netbakis.net"},"sameAs":["https:\/\/netbakis.net"],"url":"https:\/\/netbakis.net\/tr\/author\/netbakis-net\/"}]}},"jetpack_publicize_connections":[],"_links":{"self":[{"href":"https:\/\/netbakis.net\/tr\/wp-json\/wp\/v2\/posts\/7208","targetHints":{"allow":["GET"]}}],"collection":[{"href":"https:\/\/netbakis.net\/tr\/wp-json\/wp\/v2\/posts"}],"about":[{"href":"https:\/\/netbakis.net\/tr\/wp-json\/wp\/v2\/types\/post"}],"author":[{"embeddable":true,"href":"https:\/\/netbakis.net\/tr\/wp-json\/wp\/v2\/users\/1"}],"replies":[{"embeddable":true,"href":"https:\/\/netbakis.net\/tr\/wp-json\/wp\/v2\/comments?post=7208"}],"version-history":[{"count":1,"href":"https:\/\/netbakis.net\/tr\/wp-json\/wp\/v2\/posts\/7208\/revisions"}],"predecessor-version":[{"id":7210,"href":"https:\/\/netbakis.net\/tr\/wp-json\/wp\/v2\/posts\/7208\/revisions\/7210"}],"wp:featuredmedia":[{"embeddable":true,"href":"https:\/\/netbakis.net\/tr\/wp-json\/wp\/v2\/media\/7209"}],"wp:attachment":[{"href":"https:\/\/netbakis.net\/tr\/wp-json\/wp\/v2\/media?parent=7208"}],"wp:term":[{"taxonomy":"category","embeddable":true,"href":"https:\/\/netbakis.net\/tr\/wp-json\/wp\/v2\/categories?post=7208"},{"taxonomy":"post_tag","embeddable":true,"href":"https:\/\/netbakis.net\/tr\/wp-json\/wp\/v2\/tags?post=7208"}],"curies":[{"name":"wp","href":"https:\/\/api.w.org\/{rel}","templated":true}]}}