{"id":7186,"date":"2022-07-20T09:22:30","date_gmt":"2022-07-20T09:22:30","guid":{"rendered":"https:\/\/netbakis.net\/?p=7186"},"modified":"2022-07-20T09:22:36","modified_gmt":"2022-07-20T09:22:36","slug":"fuat-oktay-akdenizdeki-hidrokarbon-kaynaklari-rumun-oyuncagi-degildir","status":"publish","type":"post","link":"https:\/\/netbakis.net\/tr\/7186\/","title":{"rendered":"Fuat Oktay: Akdeniz\u2019deki hidrokarbon kaynaklar\u0131 Rum&#8217;un oyunca\u011f\u0131 de\u011fildir"},"content":{"rendered":"<p>K\u0131br\u0131s Bar\u0131\u015f Harekat\u0131&#8217;n\u0131n y\u0131ld\u00f6n\u00fcm\u00fcnde konu\u015fan Cumhurba\u015fkan\u0131 Yard\u0131mc\u0131s\u0131 Fuat Oktay, Do\u011fu Akdeniz mesaj\u0131 verdi<\/p>\n\n\n\n<p>20 Temmuz Bar\u0131\u015f ve \u00d6zg\u00fcrl\u00fck Bayram\u0131\u2026 Oktay t\u00f6ren alan\u0131nda konu\u015ftu<\/p>\n\n\n\n<p>\u201cK\u0131br\u0131s T\u00fcrk\u00fc\u2019ne milli, ahdi ve tarihi ba\u011flarla ba\u011fl\u0131y\u0131z ve her zaman Kuzey K\u0131br\u0131s T\u00fcrk Cumhuriyeti\u2019nin yan\u0131nda olaca\u011f\u0131z\u201d<\/p>\n\n\n\n<p>\u201cYeni sondaj gemimizin \u00f6n\u00fcm\u00fczdeki ay Akdeniz\u2019de faaliyetlerine ba\u015flamas\u0131 planlanmaktad\u0131r\u201d<\/p>\n\n\n\n<p>T\u00fcrkiye Cumhuriyeti Cumhurba\u015fkan\u0131 Yard\u0131mc\u0131s\u0131 Fuat Oktay, \u201cK\u0131br\u0131s\u2019ta bir \u00e7\u00f6z\u00fcm olacaksa, bunun; K\u0131br\u0131s T\u00fcrk halk\u0131n\u0131n egemen e\u015fitli\u011finin ve e\u015fit uluslararas\u0131 stat\u00fcs\u00fcn\u00fcn tescil edilmesiyle olaca\u011f\u0131na i\u015faret ederek, \u201cM\u00fczakerelerde iki devlet nas\u0131l i\u015f birli\u011fi yapabileceklerini, e\u015fsiz g\u00fczelliklerle dolu bu k\u0131ymetli Ada\u2019da yan yana nas\u0131l bir gelecek kuracaklar\u0131n\u0131 birlikte belirlemelidir. \u00c7\u00f6z\u00fcm\u00fcn tek yolu budur. \u00c7\u00f6z\u00fcm yolunda da kalk\u0131nma yolculu\u011funda da KKTC\u2019nin yan\u0131nday\u0131z, en g\u00fc\u00e7l\u00fc \u015fekilde K\u0131br\u0131s T\u00fcrk\u00fc\u2019n\u00fc desteklemeye devam edece\u011fiz\u201d dedi.<\/p>\n\n\n\n<p>Oktay, \u201c\u0130n\u015fallah bir sonraki T\u00fcrk Devletleri Te\u015fkilat\u0131 zirvesinde KKTC bayra\u011f\u0131n\u0131 da g\u00f6rece\u011fiz\u201d diyerek, \u201cUluslararas\u0131 alanda bu gibi ad\u0131mlar\u0131n devam\u0131 da gelecek, K\u0131br\u0131s T\u00fcrk\u00fc\u2019n\u00fcn \u00f6n\u00fcnde hi\u00e7bir izolasyon, ambargo duramayacakt\u0131r. Birlik, beraberlik, dayan\u0131\u015fma ve istikrar sa\u011fland\u0131\u011f\u0131 s\u00fcrece KKTC\u2019nin kalk\u0131nmas\u0131 kesintisiz s\u00fcrecektir\u201d ifadelerini kulland\u0131.<\/p>\n\n\n\n<p>Fuat Oktay, 20 Temmuz Bar\u0131\u015f ve \u00d6zg\u00fcrl\u00fck Bayram\u0131 dolay\u0131s\u0131yla Dr. Faz\u0131l K\u00fc\u00e7\u00fck Bulvar\u0131\u2019nda d\u00fczenlenen t\u00f6rende konu\u015fma yapt\u0131.<\/p>\n\n\n\n<p>Oktay, 20 Temmuz Bar\u0131\u015f ve \u00d6zg\u00fcrl\u00fck Bayram\u0131\u2019n\u0131 y\u00fcrekten kutlad\u0131\u011f\u0131n\u0131 belirtti.<\/p>\n\n\n\n<p>Yak\u0131n tarihin en \u015fanl\u0131 dirili\u015f destanlar\u0131ndan birisi olan K\u0131br\u0131s Bar\u0131\u015f Harek\u00e2t\u0131\u2019n\u0131n 48\u2019inci y\u0131l d\u00f6n\u00fcm\u00fcnde, kahraman \u015fehitleri rahmet ve minnetle anan Oktay, \u201cGazilerimizi \u015f\u00fckranla, sayg\u0131yla selaml\u0131yorum\u201d dedi.<\/p>\n\n\n\n<p>\u201c20 Temmuz, \u00f6mr\u00fcm\u00fcn en mutlu g\u00fcn\u00fc\u201d diyen Kurucu Cumhurba\u015fkan\u0131 Rauf Denkta\u015f\u2019a ve egemenlik m\u00fccadelesinin \u00f6nderlerinden merhum Dr. Faz\u0131l K\u00fc\u00e7\u00fc\u011fe Allah\u2019tan rahmet dileyen Oktay, \u201cRuhlar\u0131 \u015fad olsun\u201d ifadelerini kulland\u0131.<\/p>\n\n\n\n<p>-\u201cBayram co\u015fkusunu payla\u015fmak bizim i\u00e7in \u015feref ve bahtiyarl\u0131k\u201d<\/p>\n\n\n\n<p>Oktay, K\u0131br\u0131s T\u00fcrk\u00fc\u2019n\u00fcn istiklali i\u00e7in d\u00f6n\u00fcm noktas\u0131 olan 20 Temmuz g\u00fcn\u00fcnde Kuzey K\u0131br\u0131s T\u00fcrk Cumhuriyeti\u2019nde bayram co\u015fkusunu payla\u015fman\u0131n kendileri i\u00e7in \u015feref ve bahtiyarl\u0131k oldu\u011funu ifade ederek, \u015f\u00f6yle devam etti:<\/p>\n\n\n\n<p>\u201cT\u00fcrkiye\u2019nin d\u00f6rt bir yan\u0131ndan t\u00fcm milletimizin ve Cumhurba\u015fkan\u0131m\u0131z Recep Tayyip Erdo\u011fan\u2019\u0131n sizlere selamlar\u0131n\u0131 ve kutlama dileklerini iletiyorum. Bu vesileyle ge\u00e7ti\u011fimiz g\u00fcnlerde meydana gelen orman yang\u0131nlar\u0131 i\u00e7in bir kez daha ge\u00e7mi\u015f olsun dileklerimi iletiyorum.<\/p>\n\n\n\n<p>-1 milyon fidan<\/p>\n\n\n\n<p>Yang\u0131ndan etkilenen b\u00f6lgelere 1 milyon fidan dikimi deste\u011fi verece\u011fimizi a\u00e7\u0131klam\u0131\u015ft\u0131k; \u00f6n \u00e7al\u0131\u015fmalar\u0131 ba\u015flatt\u0131k, uygun zamanda b\u00f6lgede fidanlar\u0131 toprakla bulu\u015fturaca\u011f\u0131z.\u201d<\/p>\n\n\n\n<p>Fuat Oktay, 48 y\u0131l \u00f6nce bug\u00fcn T\u00fcrkiye\u2019nin K\u0131br\u0131s T\u00fcrk\u00fc\u2019n\u00fcn imdad\u0131na yeti\u015fene kadar adada Rum mezalimi h\u00fck\u00fcm s\u00fcrd\u00fc\u011f\u00fcne i\u015faret ederek, \u015funlar\u0131 kaydetti:<\/p>\n\n\n\n<p>\u201cYok saymalarla ba\u015flayan Rumlar\u0131n K\u0131br\u0131s\u2019ta T\u00fcrk\u00fc silip atma te\u015febb\u00fcsleri; kad\u0131n \u00e7ocuk demeden k\u00f6y k\u00f6y, hane hane katliama d\u00f6n\u00fc\u015fm\u00fc\u015ft\u00fc.<\/p>\n\n\n\n<p>1571\u2019den beri kendi topra\u011f\u0131nda huzur i\u00e7inde ya\u015fayan K\u0131br\u0131s T\u00fcrkleri \u00f6z vatan\u0131nda parya edilmek istenmi\u015fti.<\/p>\n\n\n\n<p>Ama eli kanl\u0131 EOKA\u2019n\u0131n ve onu destekleyen g\u00fc\u00e7lerin hesap edemedi\u011fi bir ger\u00e7ek vard\u0131; K\u0131br\u0131s T\u00fcrk\u00fc\u2019n\u00fcn nabz\u0131 h\u00fcrriyet i\u00e7in at\u0131yor, kan\u0131 \u00f6zg\u00fcrl\u00fck i\u00e7in ak\u0131yordu.<\/p>\n\n\n\n<p>\u2018Onlar bizi yok sayacaklar, biz daha \u00e7ok var olaca\u011f\u0131z\u2019 inanc\u0131yla K\u0131br\u0131sl\u0131 M\u00fccahitler, zulme kar\u015f\u0131 \u00f6rg\u00fctlenip \u015fanl\u0131 m\u00fccadeleyi ba\u015flatt\u0131.<\/p>\n\n\n\n<p>Ancak katliam\u0131n ate\u015fi Yunanistan ba\u015fta olmak \u00fczere d\u0131\u015fardan k\u00f6r\u00fckleniyor, 74 y\u0131l\u0131na gelindi\u011finde K\u0131br\u0131s T\u00fcrk\u00fc var olu\u015f m\u00fccadelesinin zirvesini ya\u015f\u0131yordu.<\/p>\n\n\n\n<p>T\u00fcrkiye\u2019nin d\u00f6rt bir yan\u0131ndan K\u0131br\u0131s T\u00fcrk\u00fc\u2019ne destek sesleri y\u00fckseliyor, milletimiz burada ya\u015fananlara bigane kalam\u0131yordu.<\/p>\n\n\n\n<p>Ve nihayetinde 48 y\u0131l \u00f6nce bug\u00fcn, devletimiz, T\u00fcrk Silahl\u0131 Kuvvetleri ile K\u0131br\u0131s T\u00fcrk\u00fc\u2019n\u00fcn varl\u0131\u011f\u0131na vurulmaya \u00e7al\u0131\u015f\u0131lan han\u00e7eri s\u00f6k\u00fcp atmak \u00fczere harekete ge\u00e7ti.<\/p>\n\n\n\n<p>K\u0131br\u0131s Bar\u0131\u015f Harek\u00e2t\u0131 ile kahraman Mehmet\u00e7i\u011fimiz K\u0131br\u0131sl\u0131 karde\u015flerimizin imdad\u0131na hem havadan hem de denizden yeti\u015fmi\u015ftir.<\/p>\n\n\n\n<p>Bir tarafta yak\u0131lan ekin tarlalar\u0131na g\u00f6z\u00fcn\u00fc k\u0131rpmadan para\u015f\u00fct indirme yapan Mehmet\u00e7i\u011fimiz, bir tarafta may\u0131nl\u0131 sulara tam yol ileri diyerek dalan denizci leventlerimiz vard\u0131\u2026<\/p>\n\n\n\n<p>\u0130\u015fte bu \u015fehadet iklimi kar\u015f\u0131s\u0131nda Rum ter\u00f6r\u00fc ve destek\u00e7ileri nefessiz kalm\u0131\u015ft\u0131r. Harek\u00e2t\u0131n olu\u015fturdu\u011fu \u015fartlar sayesinde K\u0131br\u0131s T\u00fcrk\u00fc bayra\u011f\u0131na, topra\u011f\u0131na, egemenli\u011fine kavu\u015fmu\u015f; t\u00fcm adada bar\u0131\u015f ve huzur h\u00e2kim olmu\u015ftur.<\/p>\n\n\n\n<p>48 y\u0131l \u00f6nce bu yolda omuz omuza sava\u015fan Mehmet\u00e7ik ve M\u00fccahitlerimiz korkuyu, \u00f6l\u00fcm\u00fc \u00f6ld\u00fcrenlerdir! Bar\u0131\u015f Harek\u00e2t\u0131 t\u00fcm d\u00fcnyaya K\u0131br\u0131s T\u00fcrk\u00fc\u2019n\u00fcn ba\u011f\u0131ms\u0131zl\u0131\u011f\u0131ndan asla \u00f6d\u00fcn vermeyece\u011fini g\u00f6stermi\u015ftir.<\/p>\n\n\n\n<p>T\u00fcrkiye ve Kuzey K\u0131br\u0131s T\u00fcrk Cumhuriyeti\u2019nin g\u00f6n\u00fcl birli\u011fini, T\u00fcrkiye\u2019nin milli davalarda gerekeni yapmaktan asla \u00e7ekinmeyece\u011fini g\u00f6stermi\u015ftir.<\/p>\n\n\n\n<p>Bug\u00fcn de duru\u015fumuz, kararl\u0131l\u0131\u011f\u0131m\u0131z, irademiz ayn\u0131d\u0131r!<\/p>\n\n\n\n<p>K\u0131br\u0131s T\u00fcrk\u00fc\u2019ne milli, ahdi ve tarihi ba\u011flarla ba\u011fl\u0131y\u0131z ve her zaman Kuzey K\u0131br\u0131s T\u00fcrk Cumhuriyeti\u2019nin yan\u0131nda olaca\u011f\u0131z!\u201d<\/p>\n\n\n\n<p>-1974\u2019teki zor d\u00f6nem\u2026<\/p>\n\n\n\n<p>Fuat Oktay, K\u0131br\u0131s Bar\u0131\u015f Harekat\u0131\u2019n\u0131n ger\u00e7ekle\u015fti\u011fi d\u00f6neme bakt\u0131klar\u0131nda T\u00fcrkiye\u2019ye ihtiyac\u0131 olan askeri \u00fcr\u00fcnlerin sat\u0131lmad\u0131\u011f\u0131, her t\u00fcrl\u00fc zorlu\u011fun \u00f6nlerine \u00e7\u0131kar\u0131ld\u0131\u011f\u0131 bir d\u00f6nemden bahsettiklerine i\u015faret etti.<\/p>\n\n\n\n<p>\u201cBu ortak zafer, T\u00fcrkiye\u2019ye uygulanan silah ambargolar\u0131na ve t\u00fcm zorluklara ra\u011fmen inan\u00e7la elde edilmi\u015f tarihi bir d\u00f6n\u00fcm noktas\u0131d\u0131r. Edinilen tecr\u00fcbelerle T\u00fcrkiye, yerli milli savunma sanayinin ilk tohumlar\u0131n\u0131 atm\u0131\u015f, TUSA\u015e, ASELSAN ve HAVELSAN gibi gurur vesilesi kurumlar\u0131m\u0131z kurulmaya ba\u015flanm\u0131\u015ft\u0131r\u201d diyen Oktay, \u015f\u00f6yle devam etti:<\/p>\n\n\n\n<p>\u201cO g\u00fcnlerden bug\u00fcnlere\u2026<\/p>\n\n\n\n<p>74\u2019te, sancak gemisi TCG Ertu\u011frul ile \u00e7\u0131kartma plaj\u0131na tarihi bir \u00e7\u0131kartma ger\u00e7ekle\u015ftiren deniz kuvvetlerimiz bug\u00fcn ay y\u0131ld\u0131zl\u0131 sularda yerli-milli silah ve te\u00e7hizatla faaliyet g\u00f6stermektedir.<\/p>\n\n\n\n<p>\u00dclkemiz h\u00e2lihaz\u0131rda d\u00fcnyada bir sava\u015f gemisini milli olarak tasarlayan, in\u015fa eden ve idamesini ger\u00e7ekle\u015ftirebilen 10 \u00fclke aras\u0131nda yer al\u0131yor.<\/p>\n\n\n\n<p>\u0130n\u015fa edilen ve modernize edilen deniz ara\u00e7lar\u0131m\u0131z\u0131 son sistem silah, radar, muhabere ve elektronik sistemlerle donat\u0131yoruz.<\/p>\n\n\n\n<p>M\u0130LGEM\u2019lerimiz ve amfibi gemilerimiz donanmam\u0131z\u0131n kullan\u0131m\u0131nda\u2026<\/p>\n\n\n\n<p>Adeta bir S\u0130HA gemisi olacak ANADOLU \u00c7ok Maksatl\u0131 Amfibi H\u00fccum Gemimiz, Denizde \u0130kmal Muharebe Destek Gemimiz, \u0130stanbul \u0130 s\u0131n\u0131f\u0131 f\u0131rkateynimiz ve yeni tip denizalt\u0131lar\u0131m\u0131zla ad\u0131m ad\u0131m \u00e7ok daha g\u00fc\u00e7l\u00fc ve cayd\u0131r\u0131c\u0131 bir deniz g\u00fcc\u00fcne sahip olmaktay\u0131z.<\/p>\n\n\n\n<p>Havadan ba\u011f\u0131ms\u0131z tahrik kabiliyeti olan denizalt\u0131lar\u0131m\u0131za, milli torpidomuz AKYA ile milli gemisavar f\u00fczemiz Atmaca\u2019y\u0131 entegre ediyoruz.<\/p>\n\n\n\n<p>Milli denizalt\u0131 projemiz M\u0130LDEN\u2019in yan\u0131 s\u0131ra S\u0130HA \u00fcretiminde sahip oldu\u011fumuz tecr\u00fcbeyi insans\u0131z deniz ara\u00e7lar\u0131na aktar\u0131yoruz.<\/p>\n\n\n\n<p>Mavi vatanda egemenli\u011fimizi per\u00e7inleyecek insans\u0131z deniz alt\u0131lar\u0131m\u0131z, denizlerde de dengeleri de\u011fi\u015ftirecek, oyunlar\u0131 bozacak\u2026<\/p>\n\n\n\n<p>KKTC G\u00fcvenlik Kuvvetleri Komutanl\u0131\u011f\u0131 ile yo\u011fun \u015fekilde ortak tatbikatlar d\u00fczenliyor, denizde de i\u015fbirli\u011fimizi s\u00fcrd\u00fcr\u00fcyoruz.<\/p>\n\n\n\n<p>Bir taraftan sondaj gemisi filomuzu da g\u00fc\u00e7lendiriyoruz.<\/p>\n\n\n\n<ol class=\"wp-block-list\" start=\"7\"><li>nesil Abd\u00fclhamid Han sondaj gemimiz, 12 bin 200 metreye kadar sondaj yapabilme yetene\u011fiyle mavi sularda etkin ara\u015ft\u0131rma y\u00fcr\u00fct\u00fclmesinde \u00f6nemli role sahip.<\/li><\/ol>\n\n\n\n<p>Yeni sondaj gemimizin \u00f6n\u00fcm\u00fczdeki ay Akdeniz\u2019de faaliyetlerine ba\u015flamas\u0131 planlanmaktad\u0131r.<\/p>\n\n\n\n<p>-\u201cHakk\u0131m\u0131z\u0131 kararl\u0131 \u015fekilde savunuyoruz\u2026 Akdeniz\u2019deki hidrokarbonlar Rum\u2019un oyunca\u011f\u0131 de\u011fil\u201d<\/p>\n\n\n\n<p>Her t\u00fcrl\u00fc tahrik ve usuls\u00fcz giri\u015fimler kar\u015f\u0131s\u0131nda, Do\u011fu Akdeniz\u2019de hakk\u0131m\u0131z olan\u0131 kararl\u0131 bir \u015fekilde savunuyoruz.<\/p>\n\n\n\n<p>K\u0131br\u0131s T\u00fcrk\u00fc karde\u015flerimizin hak ve hukukunu da kendimizden ayr\u0131 tutmuyoruz. Akdeniz\u2019de, Ege\u2019de olmayacak hayallerle mehtaba \u00e7\u0131kanlar bu ger\u00e7ekleri iyi bilsin. Akdeniz\u2019deki hidrokarbon kaynaklar\u0131 Rum\u2019un oyunca\u011f\u0131 de\u011fildir.\u201d<\/p>\n\n\n\n<p>TC Cumhurba\u015fkan\u0131 Yard\u0131mc\u0131s\u0131 Oktay, Cumhurba\u015fkan\u0131 Tatar\u2019\u0131n, hakkaniyetli payla\u015f\u0131m \u00f6nerisini ay ba\u015f\u0131nda yapt\u0131\u011f\u0131na da i\u015faret ederek, \u015funlar\u0131 s\u00f6yledi:<\/p>\n\n\n\n<p>\u201cCumhurba\u015fkan\u0131m\u0131z Say\u0131n Recep Tayyip Erdo\u011fan, Avrupa Birli\u011fine \u2018Buyrun, KKTC\u2019yi de i\u00e7ine alacak \u015fekilde hakk\u0131 teslim eden bir b\u00f6lgesel konferans yapal\u0131m\u2019 diye teklifini sunmu\u015ftur.<\/p>\n\n\n\n<p>Bu konuda T\u00fcrkiye net, KKTC ileti\u015fime a\u00e7\u0131k; uluslararas\u0131 hukuk ayan beyan ortadad\u0131r.<\/p>\n\n\n\n<p>Ancak Rum taraf\u0131 hala kendine b\u00f6lgede yanc\u0131 bulma pe\u015finde\u2026<\/p>\n\n\n\n<p>Do\u011fu Akdeniz\u2019de T\u00fcrkiye ve Kuzey K\u0131br\u0131s T\u00fcrk Cumhuriyeti\u2019ni d\u0131\u015flamaya \u00e7al\u0131\u015fan hi\u00e7bir giri\u015fim ba\u015far\u0131ya ula\u015famam\u0131\u015ft\u0131r ve ula\u015famayacakt\u0131r.<\/p>\n\n\n\n<p>B\u00f6lgede hak, hukuk, hakkaniyet konu\u015facak yanc\u0131lar de\u011fil. Bunu da herkes b\u00f6yle bilsin.\u201d<\/p>\n\n\n\n<p>Oktay, milli dava K\u0131br\u0131s meselesinin, K\u0131br\u0131s T\u00fcrk halk\u0131n\u0131n me\u015fru haklar\u0131n\u0131 ve g\u00fcvenli\u011fini teminat alt\u0131na alacak \u015fekilde, adil, kal\u0131c\u0131 ve s\u00fcrd\u00fcr\u00fclebilir bir \u00e7\u00f6z\u00fcme kavu\u015fturulmas\u0131 i\u00e7in T\u00fcrk taraf\u0131 olarak ba\u015f\u0131ndan beri samimiyetle \u00e7aba g\u00f6sterdiklerini belirterek \u201cYap\u0131c\u0131 ve yenilik\u00e7i fikirlerle \u00e7\u00f6z\u00fcm odakl\u0131 bir anlay\u0131\u015f sergiledik. B\u00fct\u00fcn bu iyi niyetli \u00e7abalar\u0131m\u0131z, Rum taraf\u0131n\u0131n doyumsuz, \u00e7arp\u0131k zihniyeti y\u00fcz\u00fcnden sonu\u00e7suz kald\u0131. Rumlar, K\u0131br\u0131s T\u00fcrk\u00fcn\u00fc hi\u00e7bir zaman e\u015fit ortaklar\u0131 olarak g\u00f6rmedi\u201d dedi.<\/p>\n\n\n\n<p>Rumlar\u0131n, kendilerini Ada\u2019n\u0131n tek h\u00e2kimi, K\u0131br\u0131s T\u00fcrklerini ise az\u0131nl\u0131k olarak g\u00f6ren zihniyetinden vazge\u00e7medi\u011fini kaydeden Oktay, 2004\u2019te K\u0131br\u0131s T\u00fcrk halk\u0131n\u0131n, kendisine getirece\u011fi pek \u00e7ok zorlu\u011fa ra\u011fmen Annan Plan\u0131\u2019na \u2018evet\u2019 dedi\u011fini oysa, her 4 Rum\u2019dan 3\u2019\u00fcn\u00fcn \u2018K\u0131br\u0131s T\u00fcrkleri bizim orta\u011f\u0131m\u0131z de\u011fil, bu Ada\u2019n\u0131n tek h\u00e2kimi biziz\u2019 dedi\u011fini hat\u0131rlatt\u0131.<\/p>\n\n\n\n<p>2017\u2019de Cran Montana\u2019da ise Rum taraf\u0131n\u0131n adeta masadan ka\u00e7t\u0131\u011f\u0131n\u0131, \u201cK\u0131br\u0131s T\u00fcrkleriyle hastaneleri bile payla\u015fmay\u0131z\u201d dedi\u011fini belirten Oktay, K\u0131br\u0131s T\u00fcrklerini Ada\u2019da az\u0131nl\u0131k yapmak i\u00e7in t\u00fcrl\u00fc oyunlarla uluslararas\u0131 toplumu kand\u0131rmaya, meselenin \u00f6z\u00fcnden uzakla\u015ft\u0131rmaya \u00e7al\u0131\u015f\u0131yorlar. \u00d6zellikle Mara\u015f\u2019\u0131 kullanarak uluslararas\u0131 toplum nezdinde yaygara \u00e7\u0131karmaya, yalan g\u00fcndemlerle dikkat toplamaya \u00e7al\u0131\u015f\u0131yorlar\u201d diye konu\u015ftu.<\/p>\n\n\n\n<p>-\u201cMara\u015f, Kuzey K\u0131br\u0131s T\u00fcrk Cumhuriyeti topra\u011f\u0131d\u0131r\u201d<\/p>\n\n\n\n<p>Oktay, \u201cMara\u015f, Kuzey K\u0131br\u0131s T\u00fcrk Cumhuriyeti topra\u011f\u0131d\u0131r\u201d diyerek \u015funlar\u0131 ifade etti:<\/p>\n\n\n\n<p>\u201cHi\u00e7 kimse yalan dolanla uluslararas\u0131 toplumun g\u00fcndemini bo\u015f yere me\u015fgul etmesin; Rum y\u00f6netiminin as\u0131ls\u0131z propagandalar\u0131n\u0131n s\u00f6zc\u00fcl\u00fc\u011f\u00fcn\u00fc yapmas\u0131n.<\/p>\n\n\n\n<p>\u00c7\u00f6z\u00fcms\u00fczl\u00fckle bu topraklar\u0131n kayna\u011f\u0131n\u0131, potansiyelini \u00e7\u00fcr\u00fctmenize izin vermeyece\u011fiz.<\/p>\n\n\n\n<p>AB Uyum Komiseri, haftasonu burada yine \u2018dostlar al\u0131\u015fveri\u015fte g\u00f6rs\u00fcn\u2019 misali temaslar yapt\u0131 g\u00f6rd\u00fcn\u00fcz\u2026<\/p>\n\n\n\n<p>K\u0131br\u0131s T\u00fcrk\u00fcn\u00fc yok sayan hadsiz ezberlerini tekrar etti\u2026<\/p>\n\n\n\n<p>Biz sizin k\u00fclt\u00fcrel miras\u0131 desteklerken bile nas\u0131l tarafl\u0131 davrand\u0131\u011f\u0131n\u0131z\u0131, K\u0131br\u0131s T\u00fcrk\u00fcn\u00fcn ge\u00e7mi\u015fine dair ne varsa silmeye \u00e7al\u0131\u015ft\u0131\u011f\u0131n\u0131z\u0131 bilmiyor muyuz?<\/p>\n\n\n\n<p>Hangi birliktelik, hangi e\u015fit tutum, hangi Avrupa de\u011ferleri?.. La Fonten\u2019den masallar\u2026\u201d<\/p>\n\n\n\n<p>-\u00c7\u00f6z\u00fcm\u00fcn tek yolu\u2026<\/p>\n\n\n\n<p>TC Cumhurba\u015fkan\u0131 Yard\u0131mc\u0131s\u0131 Fuat Oktay, K\u0131br\u0131s\u2019ta bir \u00e7\u00f6z\u00fcm olacaksa, bunun; K\u0131br\u0131s T\u00fcrk halk\u0131n\u0131n egemen e\u015fitli\u011finin ve e\u015fit uluslararas\u0131 stat\u00fcs\u00fcn\u00fcn tescil edilmesiyle olaca\u011f\u0131na i\u015faret ederek, \u201cM\u00fczakerelerde iki devlet nas\u0131l i\u015fbirli\u011fi yapabileceklerini, e\u015fsiz g\u00fczelliklerle dolu bu k\u0131ymetli Ada\u2019da yan yana nas\u0131l bir gelecek kuracaklar\u0131n\u0131 birlikte belirlemelidir. \u00c7\u00f6z\u00fcm\u00fcn tek yolu budur. \u00c7\u00f6z\u00fcm yolunda da kalk\u0131nma yolculu\u011funda da KKTC\u2019nin yan\u0131nday\u0131z, en g\u00fc\u00e7l\u00fc \u015fekilde K\u0131br\u0131s T\u00fcrk\u00fc\u2019n\u00fc desteklemeye devam edece\u011fiz\u201d dedi.<\/p>\n\n\n\n<p>Oktay, \u201c\u0130n\u015fallah bir sonraki T\u00fcrk Devletleri Te\u015fkilat\u0131 zirvesinde KKTC bayra\u011f\u0131n\u0131 da g\u00f6receklerine\u201d vurgu yaparak, \u201cUluslararas\u0131 alanda bu gibi ad\u0131mlar\u0131n devam\u0131 da gelecek, K\u0131br\u0131s T\u00fcrk\u00fc\u2019n\u00fcn \u00f6n\u00fcnde hi\u00e7bir izolasyon, ambargo duramayacakt\u0131r. Birlik, beraberlik, dayan\u0131\u015fma ve istikrar sa\u011fland\u0131\u011f\u0131 s\u00fcrece KKTC\u2019nin kalk\u0131nmas\u0131 kesintisiz s\u00fcrecektir\u201d diye konu\u015ftu.<\/p>\n\n\n\n<p>Oktay, M\u00fccahitlerin m\u00fccadelesinden ald\u0131klar\u0131 ilhamla azimlerini her daim din\u00e7 tutacaklar\u0131n\u0131 ve Kuzey K\u0131br\u0131s T\u00fcrk Cumhuriyeti\u2019nin yan\u0131nda g\u00fc\u00e7l\u00fc bir \u015fekilde duracaklar\u0131n\u0131 vurgulad\u0131, K\u0131br\u0131s T\u00fcrk\u00fc\u2019n\u00fcn hakl\u0131 m\u00fccadelesinde \u015fehit olan t\u00fcm kahramanlar\u0131 rahmetle y\u00e2d etti.<\/p>\n\n\n\n<p>Oktay, Abdurrahim Karako\u00e7\u2019un \u201cSizdedir cesaret, iman, intizam, \/Bat\u0131la, taklide yoktur iltizam\/Herkese adalet, \u00e2leme nizam\/ Verecek sizsiniz, selam sizlere!\/ Mukaddes vatandan zulm\u00fc zilleti\/ S\u00fcrecek sizsiniz selam sizlere!\u201d dizelerini de okuyarak, K\u0131br\u0131s T\u00fcrk Bar\u0131\u015f Kuvvetleri Komutanl\u0131\u011f\u0131 ve G\u00fcvenlik Kuvvetleri Komutanl\u0131\u011f\u0131 ba\u015fta olmak \u00fczere KKTC\u2019de bar\u0131\u015f ve huzurun teminat\u0131 olan t\u00fcm g\u00fcvenlik g\u00fc\u00e7lerini selamlad\u0131, muvaffakiyetler diledi.<\/p>\n\n\n\n<p>Oktay, konu\u015fmas\u0131n\u0131 \u201cK\u0131br\u0131s T\u00fcrk Halk\u0131\u2019n\u0131n ve milletimizin 20 Temmuz Bar\u0131\u015f ve \u00d6zg\u00fcrl\u00fck Bayram\u0131\u2019n\u0131 bir kez daha y\u00fcrekten kutluyorum. K\u0131br\u0131s T\u00fcrk\u00fc\u2019n\u00fcn istiklali daim ve istikbali Akdeniz\u2019den parlak olsun. Hepinizi tekrar sevgiyle, sayg\u0131yla selaml\u0131yorum. Allah\u2019a emanet olun.\u201d s\u00f6zleriyle tamamlad\u0131.<\/p>","protected":false},"excerpt":{"rendered":"<p>K\u0131br\u0131s Bar\u0131\u015f Harekat\u0131&#8217;n\u0131n y\u0131ld\u00f6n\u00fcm\u00fcnde konu\u015fan Cumhurba\u015fkan\u0131 Yard\u0131mc\u0131s\u0131 Fuat Oktay, Do\u011fu Akdeniz mesaj\u0131 verdi 20 Temmuz Bar\u0131\u015f ve \u00d6zg\u00fcrl\u00fck Bayram\u0131\u2026 Oktay t\u00f6ren alan\u0131nda konu\u015ftu \u201cK\u0131br\u0131s T\u00fcrk\u00fc\u2019ne milli, ahdi ve tarihi ba\u011flarla ba\u011fl\u0131y\u0131z ve her zaman Kuzey K\u0131br\u0131s T\u00fcrk Cumhuriyeti\u2019nin yan\u0131nda olaca\u011f\u0131z\u201d \u201cYeni sondaj gemimizin \u00f6n\u00fcm\u00fczdeki ay Akdeniz\u2019de faaliyetlerine ba\u015flamas\u0131 planlanmaktad\u0131r\u201d T\u00fcrkiye Cumhuriyeti Cumhurba\u015fkan\u0131 Yard\u0131mc\u0131s\u0131 Fuat Oktay, [&hellip;]<\/p>","protected":false},"author":1,"featured_media":7187,"comment_status":"open","ping_status":"open","sticky":false,"template":"","format":"standard","meta":{"om_disable_all_campaigns":false,"_monsterinsights_skip_tracking":false,"_monsterinsights_sitenote_active":false,"_monsterinsights_sitenote_note":"","_monsterinsights_sitenote_category":0,"_uf_show_specific_survey":0,"_uf_disable_surveys":false,"footnotes":"","jetpack_publicize_message":"","jetpack_publicize_feature_enabled":true,"jetpack_social_post_already_shared":false,"jetpack_social_options":{"image_generator_settings":{"template":"highway","default_image_id":0,"font":"","enabled":false},"version":2}},"categories":[81],"tags":[301],"class_list":{"0":"post-7186","1":"post","2":"type-post","3":"status-publish","4":"format-standard","5":"has-post-thumbnail","7":"category-gundem","8":"tag-fuat-oktay"},"yoast_head":"<!-- This site is optimized with the Yoast SEO plugin v23.8 - https:\/\/yoast.com\/wordpress\/plugins\/seo\/ -->\n<title>Fuat Oktay: Akdeniz\u2019deki hidrokarbon kaynaklar\u0131 Rum&#039;un oyunca\u011f\u0131 de\u011fildir - NETBAKIS<\/title>\n<meta name=\"robots\" content=\"index, follow, max-snippet:-1, max-image-preview:large, max-video-preview:-1\" \/>\n<link rel=\"canonical\" href=\"https:\/\/netbakis.net\/tr\/7186\/\" \/>\n<meta property=\"og:locale\" content=\"tr_TR\" \/>\n<meta property=\"og:type\" content=\"article\" \/>\n<meta property=\"og:title\" content=\"Fuat Oktay: Akdeniz\u2019deki hidrokarbon kaynaklar\u0131 Rum&#039;un oyunca\u011f\u0131 de\u011fildir - NETBAKIS\" \/>\n<meta property=\"og:description\" content=\"K\u0131br\u0131s Bar\u0131\u015f Harekat\u0131&#8217;n\u0131n y\u0131ld\u00f6n\u00fcm\u00fcnde konu\u015fan Cumhurba\u015fkan\u0131 Yard\u0131mc\u0131s\u0131 Fuat Oktay, Do\u011fu Akdeniz mesaj\u0131 verdi 20 Temmuz Bar\u0131\u015f ve \u00d6zg\u00fcrl\u00fck Bayram\u0131\u2026 Oktay t\u00f6ren alan\u0131nda konu\u015ftu \u201cK\u0131br\u0131s T\u00fcrk\u00fc\u2019ne milli, ahdi ve tarihi ba\u011flarla ba\u011fl\u0131y\u0131z ve her zaman Kuzey K\u0131br\u0131s T\u00fcrk Cumhuriyeti\u2019nin yan\u0131nda olaca\u011f\u0131z\u201d \u201cYeni sondaj gemimizin \u00f6n\u00fcm\u00fczdeki ay Akdeniz\u2019de faaliyetlerine ba\u015flamas\u0131 planlanmaktad\u0131r\u201d T\u00fcrkiye Cumhuriyeti Cumhurba\u015fkan\u0131 Yard\u0131mc\u0131s\u0131 Fuat Oktay, [&hellip;]\" \/>\n<meta property=\"og:url\" content=\"https:\/\/netbakis.net\/tr\/7186\/\" \/>\n<meta property=\"og:site_name\" content=\"NETBAKIS\" \/>\n<meta property=\"article:published_time\" content=\"2022-07-20T09:22:30+00:00\" \/>\n<meta property=\"article:modified_time\" content=\"2022-07-20T09:22:36+00:00\" \/>\n<meta property=\"og:image\" content=\"https:\/\/netbakis.net\/wp-content\/uploads\/2022\/07\/62d7acd0d265a20c40e29e57.jpg\" \/>\n\t<meta property=\"og:image:width\" content=\"1200\" \/>\n\t<meta property=\"og:image:height\" content=\"675\" \/>\n\t<meta property=\"og:image:type\" content=\"image\/jpeg\" \/>\n<meta name=\"author\" content=\"netbakis.net\" \/>\n<meta name=\"twitter:card\" content=\"summary_large_image\" \/>\n<meta name=\"twitter:label1\" content=\"Yazan:\" \/>\n\t<meta name=\"twitter:data1\" content=\"netbakis.net\" \/>\n\t<meta name=\"twitter:label2\" content=\"Tahmini okuma s\u00fcresi\" \/>\n\t<meta name=\"twitter:data2\" content=\"7 dakika\" \/>\n<script type=\"application\/ld+json\" class=\"yoast-schema-graph\">{\"@context\":\"https:\/\/schema.org\",\"@graph\":[{\"@type\":\"WebPage\",\"@id\":\"https:\/\/netbakis.net\/7186\/\",\"url\":\"https:\/\/netbakis.net\/7186\/\",\"name\":\"Fuat Oktay: Akdeniz\u2019deki hidrokarbon kaynaklar\u0131 Rum'un oyunca\u011f\u0131 de\u011fildir - NETBAKIS\",\"isPartOf\":{\"@id\":\"https:\/\/netbakis.net\/#website\"},\"primaryImageOfPage\":{\"@id\":\"https:\/\/netbakis.net\/7186\/#primaryimage\"},\"image\":{\"@id\":\"https:\/\/netbakis.net\/7186\/#primaryimage\"},\"thumbnailUrl\":\"https:\/\/netbakis.net\/wp-content\/uploads\/2022\/07\/62d7acd0d265a20c40e29e57.jpg\",\"datePublished\":\"2022-07-20T09:22:30+00:00\",\"dateModified\":\"2022-07-20T09:22:36+00:00\",\"author\":{\"@id\":\"https:\/\/netbakis.net\/#\/schema\/person\/5d9b5c3f48ca4a3c69967d619fc8c7f4\"},\"breadcrumb\":{\"@id\":\"https:\/\/netbakis.net\/7186\/#breadcrumb\"},\"inLanguage\":\"tr\",\"potentialAction\":[{\"@type\":\"ReadAction\",\"target\":[\"https:\/\/netbakis.net\/7186\/\"]}]},{\"@type\":\"ImageObject\",\"inLanguage\":\"tr\",\"@id\":\"https:\/\/netbakis.net\/7186\/#primaryimage\",\"url\":\"https:\/\/netbakis.net\/wp-content\/uploads\/2022\/07\/62d7acd0d265a20c40e29e57.jpg\",\"contentUrl\":\"https:\/\/netbakis.net\/wp-content\/uploads\/2022\/07\/62d7acd0d265a20c40e29e57.jpg\",\"width\":1200,\"height\":675,\"caption\":\"Fuat Oktay\"},{\"@type\":\"BreadcrumbList\",\"@id\":\"https:\/\/netbakis.net\/7186\/#breadcrumb\",\"itemListElement\":[{\"@type\":\"ListItem\",\"position\":1,\"name\":\"Home\",\"item\":\"https:\/\/netbakis.net\/\"},{\"@type\":\"ListItem\",\"position\":2,\"name\":\"Fuat Oktay: Akdeniz\u2019deki hidrokarbon kaynaklar\u0131 Rum&#8217;un oyunca\u011f\u0131 de\u011fildir\"}]},{\"@type\":\"WebSite\",\"@id\":\"https:\/\/netbakis.net\/#website\",\"url\":\"https:\/\/netbakis.net\/\",\"name\":\"NETBAKIS\",\"description\":\"SON DAKIKA\",\"potentialAction\":[{\"@type\":\"SearchAction\",\"target\":{\"@type\":\"EntryPoint\",\"urlTemplate\":\"https:\/\/netbakis.net\/?s={search_term_string}\"},\"query-input\":{\"@type\":\"PropertyValueSpecification\",\"valueRequired\":true,\"valueName\":\"search_term_string\"}}],\"inLanguage\":\"tr\"},{\"@type\":\"Person\",\"@id\":\"https:\/\/netbakis.net\/#\/schema\/person\/5d9b5c3f48ca4a3c69967d619fc8c7f4\",\"name\":\"netbakis.net\",\"image\":{\"@type\":\"ImageObject\",\"inLanguage\":\"tr\",\"@id\":\"https:\/\/netbakis.net\/#\/schema\/person\/image\/\",\"url\":\"https:\/\/secure.gravatar.com\/avatar\/4ddeae49d2d3e3568a8d5b0937642efdf0b72468dbe3f213bc1978faa47af0d1?s=96&d=wp_user_avatar&r=g\",\"contentUrl\":\"https:\/\/secure.gravatar.com\/avatar\/4ddeae49d2d3e3568a8d5b0937642efdf0b72468dbe3f213bc1978faa47af0d1?s=96&d=wp_user_avatar&r=g\",\"caption\":\"netbakis.net\"},\"sameAs\":[\"https:\/\/netbakis.net\"],\"url\":\"https:\/\/netbakis.net\/tr\/author\/netbakis-net\/\"}]}<\/script>\n<!-- \/ Yoast SEO plugin. -->","yoast_head_json":{"title":"Fuat Oktay: Akdeniz\u2019deki hidrokarbon kaynaklar\u0131 Rum'un oyunca\u011f\u0131 de\u011fildir - NETBAKIS","robots":{"index":"index","follow":"follow","max-snippet":"max-snippet:-1","max-image-preview":"max-image-preview:large","max-video-preview":"max-video-preview:-1"},"canonical":"https:\/\/netbakis.net\/tr\/7186\/","og_locale":"tr_TR","og_type":"article","og_title":"Fuat Oktay: Akdeniz\u2019deki hidrokarbon kaynaklar\u0131 Rum'un oyunca\u011f\u0131 de\u011fildir - NETBAKIS","og_description":"K\u0131br\u0131s Bar\u0131\u015f Harekat\u0131&#8217;n\u0131n y\u0131ld\u00f6n\u00fcm\u00fcnde konu\u015fan Cumhurba\u015fkan\u0131 Yard\u0131mc\u0131s\u0131 Fuat Oktay, Do\u011fu Akdeniz mesaj\u0131 verdi 20 Temmuz Bar\u0131\u015f ve \u00d6zg\u00fcrl\u00fck Bayram\u0131\u2026 Oktay t\u00f6ren alan\u0131nda konu\u015ftu \u201cK\u0131br\u0131s T\u00fcrk\u00fc\u2019ne milli, ahdi ve tarihi ba\u011flarla ba\u011fl\u0131y\u0131z ve her zaman Kuzey K\u0131br\u0131s T\u00fcrk Cumhuriyeti\u2019nin yan\u0131nda olaca\u011f\u0131z\u201d \u201cYeni sondaj gemimizin \u00f6n\u00fcm\u00fczdeki ay Akdeniz\u2019de faaliyetlerine ba\u015flamas\u0131 planlanmaktad\u0131r\u201d T\u00fcrkiye Cumhuriyeti Cumhurba\u015fkan\u0131 Yard\u0131mc\u0131s\u0131 Fuat Oktay, [&hellip;]","og_url":"https:\/\/netbakis.net\/tr\/7186\/","og_site_name":"NETBAKIS","article_published_time":"2022-07-20T09:22:30+00:00","article_modified_time":"2022-07-20T09:22:36+00:00","og_image":[{"width":1200,"height":675,"url":"https:\/\/netbakis.net\/wp-content\/uploads\/2022\/07\/62d7acd0d265a20c40e29e57.jpg","type":"image\/jpeg"}],"author":"netbakis.net","twitter_card":"summary_large_image","twitter_misc":{"Yazan:":"netbakis.net","Tahmini okuma s\u00fcresi":"7 dakika"},"schema":{"@context":"https:\/\/schema.org","@graph":[{"@type":"WebPage","@id":"https:\/\/netbakis.net\/7186\/","url":"https:\/\/netbakis.net\/7186\/","name":"Fuat Oktay: Akdeniz\u2019deki hidrokarbon kaynaklar\u0131 Rum'un oyunca\u011f\u0131 de\u011fildir - NETBAKIS","isPartOf":{"@id":"https:\/\/netbakis.net\/#website"},"primaryImageOfPage":{"@id":"https:\/\/netbakis.net\/7186\/#primaryimage"},"image":{"@id":"https:\/\/netbakis.net\/7186\/#primaryimage"},"thumbnailUrl":"https:\/\/netbakis.net\/wp-content\/uploads\/2022\/07\/62d7acd0d265a20c40e29e57.jpg","datePublished":"2022-07-20T09:22:30+00:00","dateModified":"2022-07-20T09:22:36+00:00","author":{"@id":"https:\/\/netbakis.net\/#\/schema\/person\/5d9b5c3f48ca4a3c69967d619fc8c7f4"},"breadcrumb":{"@id":"https:\/\/netbakis.net\/7186\/#breadcrumb"},"inLanguage":"tr","potentialAction":[{"@type":"ReadAction","target":["https:\/\/netbakis.net\/7186\/"]}]},{"@type":"ImageObject","inLanguage":"tr","@id":"https:\/\/netbakis.net\/7186\/#primaryimage","url":"https:\/\/netbakis.net\/wp-content\/uploads\/2022\/07\/62d7acd0d265a20c40e29e57.jpg","contentUrl":"https:\/\/netbakis.net\/wp-content\/uploads\/2022\/07\/62d7acd0d265a20c40e29e57.jpg","width":1200,"height":675,"caption":"Fuat Oktay"},{"@type":"BreadcrumbList","@id":"https:\/\/netbakis.net\/7186\/#breadcrumb","itemListElement":[{"@type":"ListItem","position":1,"name":"Home","item":"https:\/\/netbakis.net\/"},{"@type":"ListItem","position":2,"name":"Fuat Oktay: Akdeniz\u2019deki hidrokarbon kaynaklar\u0131 Rum&#8217;un oyunca\u011f\u0131 de\u011fildir"}]},{"@type":"WebSite","@id":"https:\/\/netbakis.net\/#website","url":"https:\/\/netbakis.net\/","name":"NETBAKIS","description":"SON DAKIKA","potentialAction":[{"@type":"SearchAction","target":{"@type":"EntryPoint","urlTemplate":"https:\/\/netbakis.net\/?s={search_term_string}"},"query-input":{"@type":"PropertyValueSpecification","valueRequired":true,"valueName":"search_term_string"}}],"inLanguage":"tr"},{"@type":"Person","@id":"https:\/\/netbakis.net\/#\/schema\/person\/5d9b5c3f48ca4a3c69967d619fc8c7f4","name":"netbakis.net","image":{"@type":"ImageObject","inLanguage":"tr","@id":"https:\/\/netbakis.net\/#\/schema\/person\/image\/","url":"https:\/\/secure.gravatar.com\/avatar\/4ddeae49d2d3e3568a8d5b0937642efdf0b72468dbe3f213bc1978faa47af0d1?s=96&d=wp_user_avatar&r=g","contentUrl":"https:\/\/secure.gravatar.com\/avatar\/4ddeae49d2d3e3568a8d5b0937642efdf0b72468dbe3f213bc1978faa47af0d1?s=96&d=wp_user_avatar&r=g","caption":"netbakis.net"},"sameAs":["https:\/\/netbakis.net"],"url":"https:\/\/netbakis.net\/tr\/author\/netbakis-net\/"}]}},"jetpack_publicize_connections":[],"_links":{"self":[{"href":"https:\/\/netbakis.net\/tr\/wp-json\/wp\/v2\/posts\/7186","targetHints":{"allow":["GET"]}}],"collection":[{"href":"https:\/\/netbakis.net\/tr\/wp-json\/wp\/v2\/posts"}],"about":[{"href":"https:\/\/netbakis.net\/tr\/wp-json\/wp\/v2\/types\/post"}],"author":[{"embeddable":true,"href":"https:\/\/netbakis.net\/tr\/wp-json\/wp\/v2\/users\/1"}],"replies":[{"embeddable":true,"href":"https:\/\/netbakis.net\/tr\/wp-json\/wp\/v2\/comments?post=7186"}],"version-history":[{"count":1,"href":"https:\/\/netbakis.net\/tr\/wp-json\/wp\/v2\/posts\/7186\/revisions"}],"predecessor-version":[{"id":7188,"href":"https:\/\/netbakis.net\/tr\/wp-json\/wp\/v2\/posts\/7186\/revisions\/7188"}],"wp:featuredmedia":[{"embeddable":true,"href":"https:\/\/netbakis.net\/tr\/wp-json\/wp\/v2\/media\/7187"}],"wp:attachment":[{"href":"https:\/\/netbakis.net\/tr\/wp-json\/wp\/v2\/media?parent=7186"}],"wp:term":[{"taxonomy":"category","embeddable":true,"href":"https:\/\/netbakis.net\/tr\/wp-json\/wp\/v2\/categories?post=7186"},{"taxonomy":"post_tag","embeddable":true,"href":"https:\/\/netbakis.net\/tr\/wp-json\/wp\/v2\/tags?post=7186"}],"curies":[{"name":"wp","href":"https:\/\/api.w.org\/{rel}","templated":true}]}}