{"id":7181,"date":"2022-07-20T09:15:09","date_gmt":"2022-07-20T09:15:09","guid":{"rendered":"https:\/\/netbakis.net\/?p=7181"},"modified":"2022-07-20T09:15:16","modified_gmt":"2022-07-20T09:15:16","slug":"cumhurbaskani-tatar-kktc-en-az-rum-devleti-kadar-mesrudur","status":"publish","type":"post","link":"https:\/\/netbakis.net\/tr\/7181\/","title":{"rendered":"Cumhurba\u015fkan\u0131 Tatar: KKTC en az Rum devleti kadar me\u015frudur"},"content":{"rendered":"<p>Tatar, Dr. Faz\u0131l K\u00fc\u00e7\u00fck Bulvar\u0131\u2019ndaki t\u00f6rende konu\u015ftu<\/p>\n\n\n\n<p>Cumhurba\u015fkan\u0131 Ersin Tatar, K\u0131br\u0131s T\u00fcrk taraf\u0131 olarak K\u0131br\u0131s\u2019ta m\u00fczakere yolu ile adil, kal\u0131c\u0131 ve s\u00fcrd\u00fcr\u00fclebilir bir anla\u015fmadan yana olduklar\u0131n\u0131 belirterek, \u201cBunun i\u00e7in mevcut iki taraf\u0131n egemen e\u015fitli\u011fi ve e\u015fit uluslararas\u0131 stat\u00fcs\u00fcn\u00fcn kabul edilmesi gerekmektedir\u201d dedi.<\/p>\n\n\n\n<p>-\u201cCenevre\u2019deki \u00e7\u00f6z\u00fcm \u00f6nerisi yeni d\u00f6nemin ba\u015flang\u0131c\u0131\u201d<\/p>\n\n\n\n<p>Tatar, \u00e7\u00f6z\u00fcm \u00f6nerisini, BM Genel Sekreteri\u2019nin davetiyle Cenevre\u2019de ger\u00e7ekle\u015fen gayri resmi 5 art\u0131 BM toplant\u0131s\u0131nda sundu\u011funu ifade ederek, \u201cBu yeni bir d\u00f6nemin ba\u015flang\u0131c\u0131 olmu\u015ftur. \u0130\u015fte bu noktada ba\u015fta BM ve AB olmak \u00fczere di\u011fer \u00fclkelerden beklentimiz; m\u00fcktesep e\u015fitli\u011fimizin gere\u011fi olarak Rum taraf\u0131n\u0131 uyarmalar\u0131 ve egemen e\u015fitli\u011fimiz ile e\u015fit uluslararas\u0131 stat\u00fcm\u00fcz\u00fc teyide zorlamalar\u0131d\u0131r.\u201d ifadelerini kulland\u0131.<\/p>\n\n\n\n<p>Cumhurba\u015fkan\u0131 Ersin Tatar, Dr. Faz\u0131l K\u00fc\u00e7\u00fck Bulvar\u0131\u2019nda d\u00fczenlenen t\u00f6rende yapt\u0131\u011f\u0131 konu\u015fmada, K\u0131br\u0131s T\u00fcrk halk\u0131n\u0131 ayd\u0131nl\u0131\u011fa, \u00f6zg\u00fcrl\u00fc\u011fe ve ba\u011f\u0131ms\u0131zl\u0131\u011fa kavu\u015fturan 20 Temmuz 1974 Bar\u0131\u015f Harek\u00e2t\u0131\u2019n\u0131n 48. y\u0131l d\u00f6n\u00fcm\u00fcn\u00fc b\u00fcy\u00fck bir co\u015fku ve heyecanla idrak etmenin mutlulu\u011funu ve onurunu ya\u015fad\u0131klar\u0131n\u0131 s\u00f6yledi.<\/p>\n\n\n\n<p>Tatar, 20 Temmuz Bar\u0131\u015f ve \u00d6zg\u00fcrl\u00fck Bayram\u0131\u2019n\u0131n; kendi yurdunda sonsuza dek var ve h\u00fcr olma m\u00fccadelesini kazanan K\u0131br\u0131s T\u00fcrk\u00fc\u2019n\u00fcn Anavatan T\u00fcrkiye ile omuz omuza, her t\u00fcrl\u00fc zorlu\u011fa g\u00f6\u011f\u00fcs gerebilece\u011finin en asil ispat\u0131 oldu\u011funa i\u015faret etti.<\/p>\n\n\n\n<p>-\u201cKKTC gurur kayna\u011f\u0131m\u0131z\u201d<\/p>\n\n\n\n<p>\u00c7a\u011fda\u015f de\u011ferler \u00fczerine, b\u00fcy\u00fck m\u00fccadele ve zorlukla in\u015fa ettikleri Kuzey K\u0131br\u0131s T\u00fcrk Cumhuriyeti\u2019nin gurur kaynaklar\u0131 oldu\u011funa vurgu yapan Tatar, \u201cBu kutlu y\u0131l d\u00f6n\u00fcm\u00fcnde, \u00f6zg\u00fcrl\u00fck ve ba\u011f\u0131ms\u0131zl\u0131k m\u00fccadelesi liderimiz Dr. Faz\u0131l K\u00fc\u00e7\u00fck ile Kurucu Cumhurba\u015fkan\u0131m\u0131z Rauf Raif Denkta\u015f\u2019\u0131, d\u00f6nemin T\u00fcrkiye Ba\u015fbakan\u0131 B\u00fclent Ecevit ile Ba\u015fbakan Yard\u0131mc\u0131s\u0131 Necmettin Erbakan\u2019\u0131 rahmet, minnet ve tazimle an\u0131yorum\u201d dedi.<\/p>\n\n\n\n<p>Tatar, Ada\u2019n\u0131n 1878 y\u0131l\u0131nda \u0130ngiltere\u2019ye kiralanmas\u0131ndan sonra 1914 y\u0131l\u0131nda tek yanl\u0131 bir kararla \u0130ngiltere\u2019nin K\u0131br\u0131s\u2019\u0131 ilhak etmesiyle, Rum-Yunan ikilisinin K\u0131br\u0131s\u2019\u0131 bir Elen adas\u0131 yapma giri\u015fimleri yo\u011funla\u015f\u0131rken, K\u0131br\u0131s T\u00fcrk halk\u0131n\u0131n buna kar\u015f\u0131 direni\u015finin de ba\u015flad\u0131\u011f\u0131n\u0131 an\u0131msatarak, \u015f\u00f6yle devam etti:<\/p>\n\n\n\n<p>\u201c1955 y\u0131l\u0131nda devreye konulan EOKA ter\u00f6r \u00f6rg\u00fct\u00fcn\u00fcn hedefi, T\u00fcrk halk\u0131n\u0131 yok edip K\u0131br\u0131s\u2019\u0131 bir Elen adas\u0131 yapmakt\u0131. Halk\u0131m\u0131z, kendi ba\u011fr\u0131ndan do\u011fan T\u00fcrk Mukavemet Te\u015fkilat\u0131 \u00f6nc\u00fcl\u00fc\u011f\u00fcnde buna kar\u015f\u0131 destans\u0131 bir direni\u015f g\u00f6stererek, 1960 y\u0131l\u0131nda kurulan K\u0131br\u0131s Cumhuriyeti\u2019nin e\u015fit kurucu orta\u011f\u0131 olmay\u0131 ba\u015farm\u0131\u015ft\u0131r. T\u00fcrkiye Cumhuriyeti Ba\u015fbakan\u0131 Adnan Menderes ile D\u0131\u015fi\u015fleri Bakan\u0131 Fatin R\u00fc\u015ft\u00fc Zorlu\u2019nun Londra ve Z\u00fcrih m\u00fczakerelerindeki katk\u0131lar\u0131 \u00e7ok \u00f6nemlidir. Kendilerini rahmetle an\u0131yorum.<\/p>\n\n\n\n<p>Ne var ki, K\u0131br\u0131s Cumhuriyeti\u2019ni \u2018Enosise bir s\u0131\u00e7rama tahtas\u0131\u2019 olarak g\u00f6ren Rum liderli\u011fi, gizli \u00f6rg\u00fctlenme ve silahlanma faaliyetleri ile adadaki T\u00fcrk halk\u0131n\u0131 imha plan\u0131 olan Akritas Plan\u0131\u2019n\u0131 da devreye sokuyordu.<\/p>\n\n\n\n<p>Akritas Plan\u0131\u2019n\u0131n mimarlar\u0131; Makarios, Yorgacis, Kleridis ve Papadopulos\u2026 Ba\u015f\u0131nda oturduklar\u0131 devleti, bir Helen devleti yapmak i\u00e7in torpilleyen, her d\u00f6nem bunu s\u00f6ylem ve eylemleriyle dile getiren bu fanatizme ve onlar\u0131n bug\u00fcnk\u00fc miras\u00e7\u0131lar\u0131na g\u00f6z\u00fc kapal\u0131 g\u00fcvenebilece\u011fimizi kimse beklemesin.<\/p>\n\n\n\n<p>K\u0131br\u0131s Cumhuriyeti anayasas\u0131nda K\u0131br\u0131s T\u00fcrk halk\u0131na tan\u0131nan b\u00fct\u00fcn haklar ayaklar alt\u0131nda \u00e7i\u011fnenirken, 1963 y\u0131l\u0131n\u0131n 21 Aral\u0131k g\u00fcn\u00fc de tarihimizde Kanl\u0131 Noel olarak yerini al\u0131rken ac\u0131mas\u0131z Rum sald\u0131r\u0131lar\u0131 da ba\u015fl\u0131yordu. Bu sald\u0131r\u0131larda halk\u0131m\u0131z katliam \u00e7ukurlar\u0131na ac\u0131mas\u0131zca g\u00f6m\u00fcl\u00fcrken, \u00e7ocuklar\u0131m\u0131z banyo odalar\u0131nda hunharca katledilirken, yak\u0131l\u0131p y\u0131k\u0131lan 103 k\u00f6y\u00fcm\u00fcz g\u00f6\u00e7 etmek zorunda kalm\u0131\u015ft\u0131. Camilerimiz ve kutsal mek\u00e2nlar\u0131m\u0131z da yerle bir edilmi\u015fti\u2026<\/p>\n\n\n\n<p>K\u0131br\u0131s T\u00fcrk halk\u0131 e\u015fit kurucu orta\u011f\u0131 oldu\u011fu K\u0131br\u0131s Cumhuriyeti\u2019nden silah zoruyla d\u0131\u015flan\u0131rken, adan\u0131n y\u00fczde 3\u2019\u00fcne tekab\u00fcl eden gettolarda ku\u015fatma alt\u0131na al\u0131nm\u0131\u015ft\u0131. Halk\u0131m\u0131z 11 y\u0131l boyunca en zor ve en a\u011f\u0131r ko\u015fullar alt\u0131nda g\u00f6\u00e7men \u00e7ad\u0131rlar\u0131nda ya\u015fam\u0131\u015f, utan\u00e7 barikatlar\u0131nda i\u015fkencelere tabi tutularak, a\u00e7l\u0131\u011fa ve yoksullu\u011fa itilmi\u015f ama t\u00fcm bu ac\u0131lara ra\u011fmen Anavatan T\u00fcrkiye Cumhuriyeti\u2019nden hi\u00e7 umudunu kesmemi\u015f, Anavatan\u0131 T\u00fcrkiye\u2019nin b\u00fcy\u00fck deste\u011fiyle direnmi\u015f, boyun e\u011fmemi\u015f, esir olmam\u0131\u015f; ba\u015f\u0131 dik, aln\u0131 a\u00e7\u0131k bir \u015fekilde m\u00fccadele ederek, T\u00fcrkl\u00fc\u011f\u00fcn onur ve \u015ferefini ayaklar alt\u0131nda \u00e7i\u011fnetmemi\u015fti. Can ve kan pahas\u0131na bayraklar\u0131m\u0131z g\u00f6nderden inmedi, ezan sesi susmad\u0131. K\u0131br\u0131s\u2019ta T\u00fcrk milletinin \u015fanl\u0131 tarihine yak\u0131\u015f\u0131r \u015fekilde bir destan yaz\u0131l\u0131yordu.<\/p>\n\n\n\n<p>Yunanistan\u2019daki askeri cunta y\u00f6netimi ile EOKA milisleri, 15 Temmuz 1974 tarihinde ger\u00e7ekle\u015ftirdikleri fa\u015fist darbe ile \u2018K\u0131br\u0131s Elen Cumhuriyeti\u2019ni ilan ederken, ana hedef yine halk\u0131m\u0131z\u0131 yok edip, K\u0131br\u0131s\u2019\u0131 Yunanistan\u2019a ilhak etmekti.<\/p>\n\n\n\n<p>-\u201cGirne sahillerinde \u00f6zg\u00fcrl\u00fck g\u00fcne\u015fi\u201d<\/p>\n\n\n\n<p>Bu b\u00fcy\u00fck tehlikeye kar\u015f\u0131 Ankara bu kez kararl\u0131yd\u0131. Anavatan T\u00fcrkiye uluslararas\u0131 antla\u015fmalardan kaynaklanan garant\u00f6rl\u00fck hakk\u0131n\u0131 kullanarak 20 Temmuz 1974 sabah\u0131 Bar\u0131\u015f Harek\u00e2t\u0131\u2019n\u0131 ba\u015flatm\u0131\u015ft\u0131. 20 Temmuz sabah\u0131 Girne sahillerinde \u00f6zg\u00fcrl\u00fck g\u00fcne\u015fi do\u011farken, T\u00fcrk askeri K\u0131br\u0131s\u2019a ayak bas\u0131yor, M\u00fccahitler ile kucakla\u015f\u0131yordu. Y\u0131llarca g\u00f6z\u00fcn\u00fc hi\u00e7 Toroslardan ay\u0131rmayan K\u0131br\u0131s T\u00fcrk\u00fc, o cumartesi sabah\u0131 Be\u015fparmak semalar\u0131nda para\u015f\u00fctlerle inen Mehmet\u00e7ikleri g\u00f6rd\u00fc\u011f\u00fcnde sevin\u00e7 g\u00f6zya\u015flar\u0131n\u0131 tutamam\u0131\u015ft\u0131. 96 y\u0131ll\u0131k hasret son bulmu\u015ftu. Aynen Erenk\u00f6y destan\u0131nda oldu\u011fu gibi halk sevin\u00e7ten birbirine sar\u0131lm\u0131\u015f, \u2018geldiler geldiler\u2019 sesleri meydanlar\u0131 \u00e7\u0131nlat\u0131yordu.<\/p>\n\n\n\n<p>Bu arada T\u00fcrk askerinin ula\u015famad\u0131\u011f\u0131 b\u00f6lgelerde, halk\u0131m\u0131z, Rum askerleri ve EOKA\u2019c\u0131lar taraf\u0131ndan katliamdan ge\u00e7iriliyordu. Ta\u015fkent, Alt\u0131lar, Murata\u011fa ve Sandallar katliamlar\u0131 ile Limasol, Baf, Larnaka ve di\u011fer b\u00f6lgelerde ya\u015fananlar Rum barbarl\u0131\u011f\u0131, vah\u015feti ve mezaliminin en b\u00fcy\u00fck kan\u0131t\u0131d\u0131r.<\/p>\n\n\n\n<p>Bug\u00fcn, Kuzey K\u0131br\u0131s T\u00fcrk Cumhuriyeti\u2019nde egemen, \u00f6zg\u00fcr ve korkusuz olarak ya\u015f\u0131yorsak bunu halk\u0131m\u0131z\u0131n b\u00fcy\u00fck fedak\u00e2rl\u0131\u011f\u0131na, direni\u015fine, aziz \u015fehitlerimize, kahraman M\u00fccahit ile Mehmet\u00e7iklerimize ve Anavatan T\u00fcrkiye\u2019ye bor\u00e7luyuz.<\/p>\n\n\n\n<p>Vatan\u0131m\u0131z\u0131n her kar\u0131\u015f topra\u011f\u0131nda \u015fehit kan\u0131 ve mukaddes bir var olu\u015f m\u00fccadelesi vard\u0131r. T\u00fcrk edebiyat\u0131n\u0131n b\u00fcy\u00fck \u015fairlerinden Mehmet Akif Ersoy; \u0130stiklal Mar\u015f\u0131\u2019nda bunu \u015f\u00f6yle m\u0131sralara d\u00f6km\u00fc\u015ft\u00fcr:<\/p>\n\n\n\n<p>Kim bu cennet vatan\u0131n u\u011fruna olmaz ki fed\u00e2?<\/p>\n\n\n\n<p>\u015e\u00fched\u00e2 f\u0131\u015fk\u0131racak, topra\u011f\u0131 s\u0131ksan \u015f\u00fched\u00e2!<\/p>\n\n\n\n<p>C\u00e2n\u0131, c\u00e2n\u00e2n\u0131, b\u00fct\u00fcn var\u0131m\u0131 als\u0131n da Hud\u00e2,<\/p>\n\n\n\n<p>Etmesin tek vatan\u0131mdan beni d\u00fcny\u00e2da c\u00fcd\u00e2.<\/p>\n\n\n\n<p>Aziz \u015fehitlerimizi bir kez daha rahmet ve minnetle anarken, gazilerimizi de sayg\u0131yla selaml\u0131yorum.\u2019<\/p>\n\n\n\n<p>Tatar, Ba\u015fbakanl\u0131k d\u00f6nemimden itibaren Covid-19 Pandemisini yak\u0131ndan takip ederek, gereken \u00f6nlemlerin al\u0131nmas\u0131, sa\u011fl\u0131k alt yap\u0131s\u0131n g\u00fc\u00e7lendirilmesi ve Anavatan T\u00fcrkiye\u2019nin yard\u0131mlar\u0131yla \u00fclkeye acil durum hastanesi kazand\u0131r\u0131lmas\u0131 y\u00f6n\u00fcnde giri\u015fimlerde bulundu\u011funu an\u0131msatt\u0131.<\/p>\n\n\n\n<p>Cumhurba\u015fkan\u0131 se\u00e7ildikten sonra da pandemi s\u00fcrecini yak\u0131ndan takip etti\u011fini ifade eden Tatar, giri\u015fimler sonucunda \u00fclkede bug\u00fcne kadar Anavatan T\u00fcrkiye\u2019den toplamda 720 bin 320 doz, AB\u2019den de toplamda 257 bin 928 doz a\u015f\u0131 gelmesinin sa\u011fland\u0131\u011f\u0131n\u0131 s\u00f6yledi.<\/p>\n\n\n\n<p>Kuzey K\u0131br\u0131s T\u00fcrk Cumhuriyeti\u2019ne her hal ve ko\u015fulda deste\u011fini esirgemeyen, her alanda K\u0131br\u0131s T\u00fcrk\u00fc\u2019n\u00fcn yan\u0131nda olan T\u00fcrkiye Cumhuriyeti Cumhurba\u015fkan\u0131 Recep Tayyip Erdo\u011fan\u2019a bu vesileyle te\u015fekk\u00fcrlerini \u015fahs\u0131 ve halk\u0131 ad\u0131na sayg\u0131yla iletti\u011fini ifade eden Tatar, \u015f\u00f6yle devam etti:<\/p>\n\n\n\n<p>\u201cKuzey K\u0131br\u0131s T\u00fcrk Cumhuriyeti\u2019nin kalk\u0131nmas\u0131 ve geli\u015fmesi i\u00e7in, her zaman oldu\u011fu gibi 2022 \u0130ktisadi ve Mali \u0130\u015f Birli\u011fi Protokol\u00fc\u2019n\u00fcn de ya\u015fama ge\u00e7mesinde b\u00fcy\u00fck katk\u0131lar\u0131 olan T\u00fcrkiye Cumhuriyeti Cumhurba\u015fkan\u0131 Yard\u0131mc\u0131s\u0131 Say\u0131n Fuat Oktay\u2019a da ayr\u0131ca te\u015fekk\u00fcrlerimi iletiyorum.<\/p>\n\n\n\n<p>Kuzey K\u0131br\u0131s T\u00fcrk Cumhuriyeti, turizmde, y\u00fcksek \u00f6\u011frenim sekt\u00f6r\u00fcnde, bili\u015fimde, hafif sanayide, in\u015faat ve emlak sekt\u00f6r\u00fcnde, T\u00fcrkiye Cumhuriyeti\u2019nden y\u0131lda 75 milyon metrek\u00fcp suyla tar\u0131m ve hayvanc\u0131l\u0131kta ilerleyebilmek i\u00e7in \u00e7ok uygun ko\u015fullara sahiptir. Ekonomiyi aya\u011fa kald\u0131rmak ve g\u00fc\u00e7lendirmek i\u00e7in t\u00fcm sekt\u00f6rlerde ba\u015far\u0131y\u0131 yakalayaca\u011f\u0131m\u0131za olan inanc\u0131m\u0131 da belirtmek isterim.<\/p>\n\n\n\n<p>-T\u00fcrkiye\u2019nin garant\u00f6rl\u00fc\u011f\u00fc<\/p>\n\n\n\n<p>Bug\u00fcn Ukrayna\u2019da ya\u015fananlara bakt\u0131\u011f\u0131m\u0131zda Anavatan T\u00fcrkiye\u2019nin garant\u00f6rl\u00fc\u011f\u00fc ile K\u0131br\u0131s\u2019ta T\u00fcrk askeri varl\u0131\u011f\u0131n\u0131n ne kadar \u00f6nemli oldu\u011funu bir kez daha m\u00fc\u015fahede ediyoruz.<\/p>\n\n\n\n<p>Di\u011fer yandan ter\u00f6r \u00f6rg\u00fct\u00fc PKK\u2019n\u0131n siyasi kolu olan PYD\u2019ye G\u00fcney K\u0131br\u0131s\u2019ta Rum Y\u00f6netimi taraf\u0131ndan ocak ay\u0131nda temsilcilik a\u00e7ma izni verilmesiyle tekrardan g\u00fcndeme gelen GKRY-PKK ili\u015fkilerinin, \u00fclke ve b\u00f6lge g\u00fcvenli\u011fiyle ilgili bar\u0131nd\u0131rd\u0131\u011f\u0131 risklere bu ba\u011flamda dikkat \u00e7ekmekte fayda vard\u0131r.<\/p>\n\n\n\n<p>\u2028Bakanlar Kurulu karar\u0131yla ter\u00f6r \u00f6rg\u00fctleri listesinde yer alan PKK ve PYD\/YPG aras\u0131nda hi\u00e7bir fark\u0131n olmad\u0131\u011f\u0131, ba\u015fkalar\u0131 taraf\u0131ndan bahse konu \u00f6rg\u00fctlerle ilgili yap\u0131lan ayr\u0131mlar\u0131n KKTC devleti a\u00e7\u0131s\u0131ndan herhangi bir kar\u015f\u0131l\u0131\u011f\u0131 ve anlam\u0131 olmad\u0131\u011f\u0131n\u0131n alt\u0131n\u0131 \u00e7izmekte fayda g\u00f6r\u00fcyorum.<\/p>\n\n\n\n<p>\u2028GKRY\u2019yi ter\u00f6r ve ter\u00f6r \u00f6rg\u00fctleriyle ili\u015fkisini g\u00f6zden ge\u00e7irmeye davet ediyor, d\u00fcnya insanl\u0131\u011f\u0131n\u0131 tehdit eden ter\u00f6r \u00f6rg\u00fctleriyle siyasi saiklerle i\u015f birli\u011fi yapmaktan vazge\u00e7meye davet ediyorum.<\/p>\n\n\n\n<p>Ter\u00f6r\u00fcn insanl\u0131k ve demokrasiye verdi\u011fi zarar\u0131n en yak\u0131n \u00f6rne\u011fi; 15 Temmuz 2016\u2019da sinsi ve d\u0131\u015f g\u00fc\u00e7ler taraf\u0131ndan desteklenen FET\u00d6 ter\u00f6r \u00f6rg\u00fct\u00fcn\u00fcn T\u00fcrkiye Cumhuriyeti\u2019ni kar\u0131\u015ft\u0131rmak, milli iradeye darbe vurma emeliyle ger\u00e7ekle\u015ftirdi\u011fi darbe kalk\u0131\u015fmas\u0131d\u0131r.<\/p>\n\n\n\n<p>Bu hain kalk\u0131\u015fmayla, sadece Anavatan T\u00fcrkiye de\u011fil K\u0131br\u0131s T\u00fcrk halk\u0131n\u0131n da g\u00fcvenli\u011fini etkileyecek tehlikeli bir s\u00fcre\u00e7ten ge\u00e7ilmi\u015ftir\u2026<\/p>\n\n\n\n<p>Ne mutlu ki Anavatan T\u00fcrkiye&#8217;nin b\u00fct\u00fcnl\u00fc\u011f\u00fcne, ba\u011f\u0131ms\u0131zl\u0131\u011f\u0131na ve demokrasisine kar\u015f\u0131 yap\u0131lan bu darbe kalk\u0131\u015fmas\u0131 T\u00fcrk halk\u0131 ve devletine ba\u011fl\u0131 G\u00fcvenlik G\u00fc\u00e7leri taraf\u0131ndan bast\u0131r\u0131l\u0131rken, K\u0131br\u0131s T\u00fcrk halk\u0131 ilk andan itibaren bu darbe kalk\u0131\u015fmas\u0131n\u0131n kar\u015f\u0131s\u0131nda, Cumhurba\u015fkan\u0131 Recep Tayyip Erdo\u011fan ile h\u00fck\u00fcmetinin yan\u0131nda yer alm\u0131\u015ft\u0131r.\u201d<\/p>\n\n\n\n<p>-\u201cK\u0131br\u0131s sorununun devam etmesinin ana nedenlerinden biri 186 say\u0131l\u0131 karar\u201d<\/p>\n\n\n\n<p>Cumhurba\u015fkan\u0131 Ersin Tatar, K\u0131br\u0131s sorununun h\u00e2l\u00e2 daha devam etmesinin ana nedenlerinden birinin de BM G\u00fcvenlik Konseyi\u2019nin 4 Mart 1964 tarihinde ald\u0131\u011f\u0131 \u201c186 say\u0131l\u0131 hukuka ayk\u0131r\u0131 kararla\u201d bir Rum devletine d\u00f6n\u00fc\u015fen K\u0131br\u0131s Cumhuriyeti\u2019ni \u201cK\u0131br\u0131s\u2019\u0131n tek me\u015fru h\u00fck\u00fcmeti\u201d olarak benimsemesi oldu\u011funa dikkat \u00e7ekti.<\/p>\n\n\n\n<p>\u201cRum taraf\u0131 bu haks\u0131z ve siyasi karardan g\u00fc\u00e7 al\u0131rken, uzla\u015fmazl\u0131\u011f\u0131n\u0131 s\u00fcrd\u00fcrmekte ve zamana oynamaktad\u0131r. Bu karar \u00e7\u00f6z\u00fcm\u00fcn \u00f6n\u00fcndeki en b\u00fcy\u00fck engeli te\u015fkil ederken, bu karar\u0131n iki taraf aras\u0131nda yaratt\u0131\u011f\u0131 dengesizlik ortadan kalkmad\u0131k\u00e7a Rum taraf\u0131 hi\u00e7bir \u00e7\u00f6z\u00fcme yana\u015fmayacakt\u0131r\u201d diyen Tatar, \u015f\u00f6yle devam etti:<\/p>\n\n\n\n<p>\u201c\u00c7\u00f6z\u00fcm\u00fcn \u00f6n\u00fcndeki bir di\u011fer engel de Avrupa Birli\u011fi\u2019nin tek yanl\u0131 tutumu ve tavr\u0131d\u0131r. Rum taraf\u0131 bundan g\u00fc\u00e7 ve cesaret alarak uzla\u015fmaz tutumunu s\u00fcrd\u00fcrmeye devam etmektedir.<\/p>\n\n\n\n<p>Bu arada Annan Plan\u0131 referandumu s\u00fcrecinde ya\u015fananlar\u0131 da hat\u0131rlatmakta b\u00fcy\u00fck yarar vard\u0131r. AB dahil olmak \u00fczere bir\u00e7ok AB \u00fclkesi K\u0131br\u0131s T\u00fcrk halk\u0131na verdi\u011fi s\u00f6zleri yerine getirmemi\u015ftir. \u2018Hay\u0131r\u2019 diyen Rum taraf\u0131 ise haks\u0131z bir \u015fekilde AB \u00fcyesi yap\u0131lm\u0131\u015ft\u0131r. Rum taraf\u0131 AB \u00fcyeli\u011fini tehdit ve \u015fantaj unsuru olarak kullanarak diledi\u011fi \u00e7\u00f6z\u00fcm \u015feklini kabul ettirebilece\u011fini zannetmektedir. Bu arada, AB\u2019nin verdi\u011fi s\u00f6zlere ra\u011fmen Kuzey K\u0131br\u0131s T\u00fcrk Cumhuriyeti ve halk\u0131m\u0131za y\u00f6nelik olarak uygulanan insanl\u0131k d\u0131\u015f\u0131 ambargolar da halen devam etmektedir. T\u00fcm bunlar AB ilkeleri, de\u011ferleri ve adaletini sorgulamay\u0131 gerektirmektedir.<\/p>\n\n\n\n<p>-&#8220;T\u00fcrk d\u00fcnyas\u0131n\u0131n KKTC ile i\u015f birli\u011fi ad\u0131mlar\u0131n\u0131n zaman\u0131 gelmi\u015ftir\u201d<\/p>\n\n\n\n<p>Buradan T\u00fcrk d\u00fcnyas\u0131na da seslenmek istiyorum\u2026 Gelinen noktada T\u00fcrk d\u00fcnyas\u0131n\u0131n Do\u011fu Akdeniz\u2019deki temsilcisi olarak KKTC ile her alanda beklenen i\u015f birli\u011fine y\u00f6nelik ad\u0131mlar\u0131n at\u0131lmas\u0131n\u0131n zaman\u0131 gelmi\u015ftir.<\/p>\n\n\n\n<p>Rum- Yunan ikilisi ile baz\u0131 \u00e7evrelerin bir di\u011fer hedefi de Anavatan T\u00fcrkiye ile olan ba\u011flar\u0131m\u0131z\u0131 kopartmak, halk\u0131m\u0131z\u0131 yaln\u0131zla\u015ft\u0131rmak ve dayatt\u0131klar\u0131 \u00e7\u00f6z\u00fcm \u015feklini kabul ettirmektir. Bu hedefe y\u00f6nelik \u00e7e\u015fitli provokasyonlar ile alg\u0131 operasyonlar\u0131 y\u00fcr\u00fct\u00fcl\u00fcrken, bunlar\u0131n ba\u015far\u0131l\u0131 olmas\u0131 m\u00fcmk\u00fcn de\u011fildir. K\u0131br\u0131s T\u00fcrk halk\u0131 Anavatan T\u00fcrkiye\u2019ye y\u00fcrekten ba\u011fl\u0131 olup, K\u0131br\u0131s T\u00fcrk halk\u0131 ile Anavatan T\u00fcrkiye et ve t\u0131rnak gibidir. T\u00fcrkiye Cumhuriyeti\u2019nin deste\u011fi olmadan K\u0131br\u0131s T\u00fcrk\u00fc\u2019n\u00fcn var olamayaca\u011f\u0131n\u0131 da unutmamal\u0131y\u0131z.\u201d<\/p>\n\n\n\n<p>Tatar, Ba\u015fbakanl\u0131\u011f\u0131 d\u00f6neminde, kapal\u0131 Mara\u015f\u2019la ilgili olarak 2020 y\u0131l\u0131nda uluslararas\u0131 hukuk ve insan haklar\u0131 dikkate al\u0131narak, b\u00fcy\u00fck bir a\u00e7\u0131l\u0131m ba\u015flat\u0131ld\u0131\u011f\u0131n\u0131 da an\u0131msatarak, buna g\u00f6re kapal\u0131 Mara\u015f\u2019ta kamuya ait baz\u0131 b\u00f6lgeler ile deniz sahilinin halk\u0131n kullan\u0131m\u0131na a\u00e7\u0131ld\u0131\u011f\u0131n\u0131 kaydetti.<\/p>\n\n\n\n<p>20 Temmuz 1974 Bar\u0131\u015f Harekat\u0131\u2019n\u0131n 47\u2019nci y\u0131l d\u00f6n\u00fcm\u00fcnde de kapal\u0131 Mara\u015f a\u00e7\u0131l\u0131m\u0131n\u0131n ikinci a\u015famas\u0131na ge\u00e7ildi\u011fini ifade eden Tatar, \u015funlar\u0131 kaydetti:<\/p>\n\n\n\n<p>\u201cBu \u00e7er\u00e7evede kapal\u0131 Mara\u015f\u2019\u0131n y\u00fczde \u00fc\u00e7 bu\u00e7u\u011funa tekab\u00fcl eden b\u00f6lge, askeri b\u00f6lge stat\u00fcs\u00fcnden \u00e7\u0131kar\u0131larak, iade talebiyle ba\u015fvuran hak sahiplerine Ta\u015f\u0131nmaz Mal Komisyonu\u2019nun bu y\u00f6nde karar \u00fcretilmesine olanak sa\u011flanm\u0131\u015ft\u0131r.<\/p>\n\n\n\n<p>Do\u011fu Akdeniz, K\u0131br\u0131s Cumhuriyeti\u2019ni silah zoruyla Rum devletine d\u00f6n\u00fc\u015ft\u00fcren Rum taraf\u0131n\u0131n mal\u0131 de\u011fildir. Rum taraf\u0131 Do\u011fu Akdeniz\u2019de k\u0131y\u0131s\u0131 bile bulunmayan baz\u0131 \u00fclkelerle do\u011fal gaz arama ve sondaj faaliyetlerini s\u00fcrd\u00fcr\u00fcrken, Do\u011fu Akdeniz\u2019de en uzun k\u0131y\u0131 \u015feridine sahip olan Anavatan T\u00fcrkiye ile KKTC\u2019yi d\u0131\u015flamaya, denklem d\u0131\u015f\u0131na itmeye ve do\u011fal kaynaklara tek ba\u015f\u0131na sahip \u00e7\u0131kmaya \u00e7al\u0131\u015fmaktad\u0131r.<\/p>\n\n\n\n<p>Rum taraf\u0131, aday\u0131 \u00e7evreleyen denizlerde hidrokarbon kaynaklar\u0131n\u0131n e\u015fit hak sahibi olarak iki taraf\u0131n kat\u0131l\u0131m\u0131yla olu\u015fturulacak bir komite \u00fczerinden birlikte ke\u015fif ve de\u011ferlendirilmesi tekliflerimize yan\u0131t bile vermemi\u015ftir. Rum taraf\u0131n\u0131n \u2018hakimiyet\u00e7i\u2019 zihniyetine kar\u015f\u0131 seyirci kalacak de\u011filiz.<\/p>\n\n\n\n<p>Bu haks\u0131z giri\u015fimlere kar\u015f\u0131 e\u015fit hak sahibi oldu\u011fumuz do\u011fal kaynaklara Anavatan T\u00fcrkiye ile birlikte sahip \u00e7\u0131kma kararl\u0131\u011f\u0131 i\u00e7erisindeyiz.<\/p>\n\n\n\n<p>K\u0131br\u0131s konusuyla ilgili olarak 1977 y\u0131l\u0131nda ba\u015flayan, \u00e7ok uzun y\u0131llar devam eden m\u00fczakere s\u00fcre\u00e7leri Rum-Yunan ikilisinin olumsuz ve uzla\u015fmaz tutumuyla \u00e7\u00f6kerken, yeni bir d\u00f6nem ba\u015flam\u0131\u015ft\u0131r. \u00d6zellikle Annan Plan\u0131 referandumu ve 2017 y\u0131l\u0131nda Crans Montana g\u00f6r\u00fc\u015fmelerinde ya\u015fananlar federal temele dayal\u0131 bir \u00e7\u00f6z\u00fcm\u00fcn m\u00fcmk\u00fcn ve s\u00fcrd\u00fcr\u00fclebilir olmad\u0131\u011f\u0131n\u0131 bir kez daha g\u00f6zler \u00f6n\u00fcne sermi\u015ftir. Rum taraf\u0131, her zaman oldu\u011fu gibi Crans Montana g\u00f6r\u00fc\u015fmelerinde de m\u00fcktesep e\u015fitli\u011fimizi ve egemenlik haklar\u0131m\u0131z\u0131 reddederken, \u2018s\u0131f\u0131r asker, s\u0131f\u0131r garanti\u2019 ve i\u015fgalleri alt\u0131ndaki gayrime\u015fru s\u00f6zde \u2018K\u0131br\u0131s Cumhuriyeti\u2019 \u00e7at\u0131s\u0131 alt\u0131nda, yani Rum hakimiyetinde \u00fcniter bir devlete evrilecek bir \u00e7\u00f6z\u00fcm \u015feklini \u0131srarla talep etmi\u015fti. Bu dayatmay\u0131 kabul etmemiz asla m\u00fcmk\u00fcn de\u011fildi.<\/p>\n\n\n\n<p>2020 Cumhurba\u015fkanl\u0131\u011f\u0131 se\u00e7imi \u00f6ncesinde egemen iki ayr\u0131 devletin varl\u0131\u011f\u0131na ve i\u015f birli\u011fine dayal\u0131 \u00e7\u00f6z\u00fcm \u015feklini g\u00fcndeme getirerek, yeni vizyonu halk\u0131mla payla\u015fm\u0131\u015ft\u0131m. Cumhurba\u015fkan\u0131 se\u00e7ilmemle halk\u0131m\u0131z da bu yeni vizyona b\u00fcy\u00fck destek vermi\u015ftir.<\/p>\n\n\n\n<p>B\u00f6lgenin en b\u00fcy\u00fck ve en g\u00fc\u00e7l\u00fc \u00fclkesi Anavatan T\u00fcrkiye taraf\u0131ndan da desteklenen yeni siyasetimiz, K\u0131br\u0131s\u2019\u0131n ve b\u00f6lgenin yarar\u0131na olan tek \u00e7\u00f6z\u00fcm \u015fekli olup, huzur ve istikrar bu \u015fekilde sa\u011flanabilecektir.<\/p>\n\n\n\n<p>BM Genel Sekreteri\u2019nin davetiyle Cenevre\u2019de ger\u00e7ekle\u015fen gayriresmi 5 art\u0131 BM toplant\u0131s\u0131nda da bu \u00e7\u00f6z\u00fcm \u00f6nerimizi ilk kez BM\u2019ye sunmu\u015f oldum. Bu yeni bir d\u00f6nemin ba\u015flang\u0131c\u0131 olmu\u015ftur. Rum taraf\u0131 bu \u00e7\u00f6z\u00fcm \u00f6nerimize olumlu yan\u0131t verece\u011fi yerde, gerginli\u011fi t\u0131rmand\u0131r\u0131c\u0131 tek yanl\u0131 faaliyetlere ve silahlanmaya devam etmi\u015ftir. \u0130\u015fte bu noktada ba\u015fta BM ve AB olmak \u00fczere di\u011fer \u00fclkelerden beklentimiz m\u00fcktesep e\u015fitli\u011fimizin gere\u011fi olarak Rum taraf\u0131n\u0131 uyarmalar\u0131 ve egemen e\u015fitli\u011fimiz ile e\u015fit uluslararas\u0131 stat\u00fcm\u00fcz\u00fc teyide zorlamalar\u0131d\u0131r.\u201d<\/p>\n\n\n\n<p>Cumhurba\u015fkan\u0131 Tatar, K\u0131br\u0131s T\u00fcrk taraf\u0131 olarak K\u0131br\u0131s\u2019ta m\u00fczakere yolu ile adil, kal\u0131c\u0131 ve s\u00fcrd\u00fcr\u00fclebilir bir anla\u015fmadan yana olduklar\u0131n\u0131 belirterek, \u201cBunun i\u00e7in mevcut iki taraf\u0131n egemen e\u015fitli\u011fi ve e\u015fit uluslararas\u0131 stat\u00fcs\u00fcn\u00fcn kabul edilmesi gerekmektedir\u201d dedi.<\/p>\n\n\n\n<p>\u201cAma ne var ki, Rum taraf\u0131 Rum devletine d\u00f6n\u00fc\u015ft\u00fcrd\u00fckleri K\u0131br\u0131s Cumhuriyeti\u2019ne dayal\u0131 bir \u00e7\u00f6z\u00fcmde \u0131srar etmekte, \u2018T\u00fcrkiye\u2019nin garant\u00f6rl\u00fc\u011f\u00fc kalkmadan, T\u00fcrk askeri \u00e7ekilmeden, Mara\u015f iade edilmeden \u00e7\u00f6z\u00fcm olmaz\u2019 dayatmas\u0131n\u0131 s\u00fcrd\u00fcrmektedir\u201d ifadelerini kullanan Tatar, s\u00f6zlerini \u015f\u00f6yle s\u00fcrd\u00fcrd\u00fc:<\/p>\n\n\n\n<p>\u201cK\u0131br\u0131s T\u00fcrk halk\u0131n\u0131n \u00f6z\u00fcnde var olan egemen e\u015fitlik ve e\u015fit uluslararas\u0131 stat\u00fcn\u00fcn tan\u0131nmas\u0131 ve bu yolla Ada&#8217;daki iki mevcut devlet aras\u0131nda bir i\u015f birli\u011fi ili\u015fkisini tesis etmek \u00fczere, Cenevre\u2019de Anavatan T\u00fcrkiye ile tam bir fikir ve eylem birlikteli\u011fi i\u00e7erisinde bu siyasetimizin s\u00fcrekli olarak her platforma ve d\u00fcnya kamuoyuna ula\u015fmas\u0131ndaki katk\u0131lar\u0131ndan dolay\u0131 T\u00fcrkiye Cumhuriyeti D\u0131\u015fi\u015fleri Bakan\u0131 Say\u0131n Mevl\u00fct \u00c7avu\u015fo\u011flu\u2019na ve ekibine te\u015fekk\u00fcrlerimi sunuyorum.<\/p>\n\n\n\n<p>Rum taraf\u0131n\u0131n uzla\u015fmaz tutumu nedeniyle m\u00fczakerelerin durdu\u011fu ve ba\u015far\u0131s\u0131zl\u0131kla sonu\u00e7land\u0131\u011f\u0131 ortada iken, Rum Y\u00f6netimi t\u00fcketilmi\u015f zeminin bir par\u00e7as\u0131 olan K\u0131br\u0131s Cumhuriyeti\u2019nin otoritesini Kuzey\u2019e yaymaya y\u00f6nelik mevcut kabul edilemez stat\u00fckonun devam\u0131na hizmet eden G\u00fcven Yarat\u0131c\u0131 \u00d6nlemleri \u0131s\u0131t\u0131p \u0131s\u0131t\u0131p masaya getirmekle, T\u00fcrk taraf\u0131n\u0131 ba\u015far\u0131s\u0131zl\u0131\u011f\u0131n sorumlusu olarak g\u00f6stermeye \u00e7al\u0131\u015fmaktad\u0131r.\u201d<\/p>\n\n\n\n<p>Cumhurba\u015fkan\u0131 Tatar, \u201cd\u00f6rt i\u015f birli\u011fi \u00f6nerilerini\u201d 1 Temmuz 2022 tarihinde BM Genel Sekreteri\u2019ne, Rum y\u00f6netimine iletilmek \u00fczere g\u00f6nderdi\u011fini ifade ederek, 8 Temmuz tarihinde de iki ek \u00f6neri daha sundu\u011funu ifade ederek, \u00f6nerileri \u015f\u00f6yle s\u0131ralad\u0131:<\/p>\n\n\n\n<p>\u201cBirinci \u00f6neri, hidrokarbon kaynaklar\u0131yla ilgili kapsam\u0131 geni\u015fletilmi\u015f i\u015f birli\u011fi \u00f6nerisidir.<\/p>\n\n\n\n<p>\u0130kinci \u00f6nerimiz, Avrupa Birli\u011fi (AB) elektrik sistemine T\u00fcrkiye Cumhuriyeti\u2019ne kablo ba\u011flant\u0131s\u0131 ile enterkonnekte olmakla ilgilidir.<\/p>\n\n\n\n<p>\u00dc\u00e7\u00fcnc\u00fc \u00f6nerimiz, K\u0131br\u0131s\u2019\u0131n do\u011fal kayna\u011f\u0131 olan g\u00fcne\u015f enerjisinin, en etkin \u015fekilde kullan\u0131lmas\u0131 i\u00e7in i\u015f birli\u011fi \u00f6nerisi ile ye\u015fil enerjiye ge\u00e7i\u015fi hedeflemektedir. D\u00f6rd\u00fcnc\u00fc \u00f6nerimiz, adan\u0131n tatl\u0131 su rezervlerinin ve asr\u0131n projesi olarak nitelendirilen KKTC su temin projesinin de dahil olabilece\u011fi, ya\u015famsal \u00f6nemi yads\u0131namaz olan su konusunda i\u015f birli\u011fidir.\u201d<\/p>\n\n\n\n<p>Tatar, bu d\u00f6rt \u00f6nemli i\u015f birli\u011fi \u00f6nerilerinin yan\u0131 s\u0131ra, adan\u0131n may\u0131nlardan temizlenmesi ve d\u00fczensiz g\u00f6\u00e7le m\u00fccadele konular\u0131nda da i\u015f birli\u011fi \u00f6nerilerinde bulunduklar\u0131n\u0131 ifade ederek, \u201cRum taraf\u0131ndan hen\u00fcz bu i\u015f birli\u011fi \u00f6nerilerimize dair bir yan\u0131t al\u0131nmam\u0131\u015ft\u0131r\u201d dedi.<\/p>\n\n\n\n<p>-\u201cKKTC en az Rum devleti kadar me\u015frudur\u201d<\/p>\n\n\n\n<p>Tatar, bar\u0131\u015f ve huzura kavu\u015ftuklar\u0131 bu tarihi g\u00fcnde; t\u00fcm d\u00fcnyaya; \u201cKuzey K\u0131br\u0131s T\u00fcrk Cumhuriyeti, en az K\u0131br\u0131s Rum devleti kadar egemen ve me\u015frudur. Egemen e\u015fitli\u011fe ve e\u015fit uluslararas\u0131 stat\u00fcye dayal\u0131 \u00e7\u00f6z\u00fcm \u015fekli, adam\u0131za ve b\u00f6lgemize i\u015f birli\u011fi, refah ve istikrar\u0131 getirecektir\u201d diye seslendi.<\/p>\n\n\n\n<p>Tatar, s\u00f6zlerini, \u201c20 Temmuz Bar\u0131\u015f ve \u00d6zg\u00fcrl\u00fck Bayram\u0131m\u0131z\u0131 bir kez daha kutlarken, ayr\u0131lmaz bir par\u00e7as\u0131 olmakla gurur ve onur duydu\u011fumuz b\u00fcy\u00fck T\u00fcrk ulusuna, k\u0131van\u00e7ta ve tasada her zaman yan\u0131m\u0131zda olan Anavatan T\u00fcrkiye ile kurtar\u0131c\u0131m\u0131z \u015fanl\u0131 T\u00fcrk Silahl\u0131 Kuvvetleri\u2019ne, halk\u0131m\u0131z\u0131n \u015f\u00fckran duygular\u0131n\u0131 sunar, aziz \u015fehitlerimizi rahmet ve minnetle anarken, gazilerimizi ve kahraman halk\u0131m\u0131z\u0131 sayg\u0131yla selaml\u0131yorum. 20 Temmuz Bar\u0131\u015f ve \u00d6zg\u00fcrl\u00fck Bayram\u0131m\u0131z kutlu olsun. Ne Mutlu T\u00fcrk\u00fcm Diyene\u201d diyerek tamamlad\u0131.<\/p>","protected":false},"excerpt":{"rendered":"<p>Tatar, Dr. Faz\u0131l K\u00fc\u00e7\u00fck Bulvar\u0131\u2019ndaki t\u00f6rende konu\u015ftu Cumhurba\u015fkan\u0131 Ersin Tatar, K\u0131br\u0131s T\u00fcrk taraf\u0131 olarak K\u0131br\u0131s\u2019ta m\u00fczakere yolu ile adil, kal\u0131c\u0131 ve s\u00fcrd\u00fcr\u00fclebilir bir anla\u015fmadan yana olduklar\u0131n\u0131 belirterek, \u201cBunun i\u00e7in mevcut iki taraf\u0131n egemen e\u015fitli\u011fi ve e\u015fit uluslararas\u0131 stat\u00fcs\u00fcn\u00fcn kabul edilmesi gerekmektedir\u201d dedi. -\u201cCenevre\u2019deki \u00e7\u00f6z\u00fcm \u00f6nerisi yeni d\u00f6nemin ba\u015flang\u0131c\u0131\u201d Tatar, \u00e7\u00f6z\u00fcm \u00f6nerisini, BM Genel Sekreteri\u2019nin davetiyle [&hellip;]<\/p>","protected":false},"author":1,"featured_media":5785,"comment_status":"open","ping_status":"open","sticky":false,"template":"","format":"standard","meta":{"om_disable_all_campaigns":false,"_monsterinsights_skip_tracking":false,"_monsterinsights_sitenote_active":false,"_monsterinsights_sitenote_note":"","_monsterinsights_sitenote_category":0,"_uf_show_specific_survey":0,"_uf_disable_surveys":false,"footnotes":"","jetpack_publicize_message":"","jetpack_publicize_feature_enabled":true,"jetpack_social_post_already_shared":false,"jetpack_social_options":{"image_generator_settings":{"template":"highway","default_image_id":0,"font":"","enabled":false},"version":2}},"categories":[81],"tags":[229],"class_list":{"0":"post-7181","1":"post","2":"type-post","3":"status-publish","4":"format-standard","5":"has-post-thumbnail","7":"category-gundem","8":"tag-tatar"},"yoast_head":"<!-- This site is optimized with the Yoast SEO plugin v23.8 - https:\/\/yoast.com\/wordpress\/plugins\/seo\/ -->\n<title>Cumhurba\u015fkan\u0131 Tatar: KKTC en az Rum devleti kadar me\u015frudur - NETBAKIS<\/title>\n<meta name=\"robots\" content=\"index, follow, max-snippet:-1, max-image-preview:large, max-video-preview:-1\" \/>\n<link rel=\"canonical\" href=\"https:\/\/netbakis.net\/tr\/7181\/\" \/>\n<meta property=\"og:locale\" content=\"tr_TR\" \/>\n<meta property=\"og:type\" content=\"article\" \/>\n<meta property=\"og:title\" content=\"Cumhurba\u015fkan\u0131 Tatar: KKTC en az Rum devleti kadar me\u015frudur - NETBAKIS\" \/>\n<meta property=\"og:description\" content=\"Tatar, Dr. Faz\u0131l K\u00fc\u00e7\u00fck Bulvar\u0131\u2019ndaki t\u00f6rende konu\u015ftu Cumhurba\u015fkan\u0131 Ersin Tatar, K\u0131br\u0131s T\u00fcrk taraf\u0131 olarak K\u0131br\u0131s\u2019ta m\u00fczakere yolu ile adil, kal\u0131c\u0131 ve s\u00fcrd\u00fcr\u00fclebilir bir anla\u015fmadan yana olduklar\u0131n\u0131 belirterek, \u201cBunun i\u00e7in mevcut iki taraf\u0131n egemen e\u015fitli\u011fi ve e\u015fit uluslararas\u0131 stat\u00fcs\u00fcn\u00fcn kabul edilmesi gerekmektedir\u201d dedi. -\u201cCenevre\u2019deki \u00e7\u00f6z\u00fcm \u00f6nerisi yeni d\u00f6nemin ba\u015flang\u0131c\u0131\u201d Tatar, \u00e7\u00f6z\u00fcm \u00f6nerisini, BM Genel Sekreteri\u2019nin davetiyle [&hellip;]\" \/>\n<meta property=\"og:url\" content=\"https:\/\/netbakis.net\/tr\/7181\/\" \/>\n<meta property=\"og:site_name\" content=\"NETBAKIS\" \/>\n<meta property=\"article:published_time\" content=\"2022-07-20T09:15:09+00:00\" \/>\n<meta property=\"article:modified_time\" content=\"2022-07-20T09:15:16+00:00\" \/>\n<meta property=\"og:image\" content=\"https:\/\/netbakis.net\/wp-content\/uploads\/2021\/05\/443439.jpg\" \/>\n\t<meta property=\"og:image:width\" content=\"750\" \/>\n\t<meta property=\"og:image:height\" content=\"422\" \/>\n\t<meta property=\"og:image:type\" content=\"image\/jpeg\" \/>\n<meta name=\"author\" content=\"netbakis.net\" \/>\n<meta name=\"twitter:card\" content=\"summary_large_image\" \/>\n<meta name=\"twitter:label1\" content=\"Yazan:\" \/>\n\t<meta name=\"twitter:data1\" content=\"netbakis.net\" \/>\n\t<meta name=\"twitter:label2\" content=\"Tahmini okuma s\u00fcresi\" \/>\n\t<meta name=\"twitter:data2\" content=\"11 dakika\" \/>\n<script type=\"application\/ld+json\" class=\"yoast-schema-graph\">{\"@context\":\"https:\/\/schema.org\",\"@graph\":[{\"@type\":\"WebPage\",\"@id\":\"https:\/\/netbakis.net\/7181\/\",\"url\":\"https:\/\/netbakis.net\/7181\/\",\"name\":\"Cumhurba\u015fkan\u0131 Tatar: KKTC en az Rum devleti kadar me\u015frudur - NETBAKIS\",\"isPartOf\":{\"@id\":\"https:\/\/netbakis.net\/#website\"},\"primaryImageOfPage\":{\"@id\":\"https:\/\/netbakis.net\/7181\/#primaryimage\"},\"image\":{\"@id\":\"https:\/\/netbakis.net\/7181\/#primaryimage\"},\"thumbnailUrl\":\"https:\/\/netbakis.net\/wp-content\/uploads\/2021\/05\/443439.jpg\",\"datePublished\":\"2022-07-20T09:15:09+00:00\",\"dateModified\":\"2022-07-20T09:15:16+00:00\",\"author\":{\"@id\":\"https:\/\/netbakis.net\/#\/schema\/person\/5d9b5c3f48ca4a3c69967d619fc8c7f4\"},\"breadcrumb\":{\"@id\":\"https:\/\/netbakis.net\/7181\/#breadcrumb\"},\"inLanguage\":\"tr\",\"potentialAction\":[{\"@type\":\"ReadAction\",\"target\":[\"https:\/\/netbakis.net\/7181\/\"]}]},{\"@type\":\"ImageObject\",\"inLanguage\":\"tr\",\"@id\":\"https:\/\/netbakis.net\/7181\/#primaryimage\",\"url\":\"https:\/\/netbakis.net\/wp-content\/uploads\/2021\/05\/443439.jpg\",\"contentUrl\":\"https:\/\/netbakis.net\/wp-content\/uploads\/2021\/05\/443439.jpg\",\"width\":750,\"height\":422,\"caption\":\"Tatar\"},{\"@type\":\"BreadcrumbList\",\"@id\":\"https:\/\/netbakis.net\/7181\/#breadcrumb\",\"itemListElement\":[{\"@type\":\"ListItem\",\"position\":1,\"name\":\"Home\",\"item\":\"https:\/\/netbakis.net\/\"},{\"@type\":\"ListItem\",\"position\":2,\"name\":\"Cumhurba\u015fkan\u0131 Tatar: KKTC en az Rum devleti kadar me\u015frudur\"}]},{\"@type\":\"WebSite\",\"@id\":\"https:\/\/netbakis.net\/#website\",\"url\":\"https:\/\/netbakis.net\/\",\"name\":\"NETBAKIS\",\"description\":\"SON DAKIKA\",\"potentialAction\":[{\"@type\":\"SearchAction\",\"target\":{\"@type\":\"EntryPoint\",\"urlTemplate\":\"https:\/\/netbakis.net\/?s={search_term_string}\"},\"query-input\":{\"@type\":\"PropertyValueSpecification\",\"valueRequired\":true,\"valueName\":\"search_term_string\"}}],\"inLanguage\":\"tr\"},{\"@type\":\"Person\",\"@id\":\"https:\/\/netbakis.net\/#\/schema\/person\/5d9b5c3f48ca4a3c69967d619fc8c7f4\",\"name\":\"netbakis.net\",\"image\":{\"@type\":\"ImageObject\",\"inLanguage\":\"tr\",\"@id\":\"https:\/\/netbakis.net\/#\/schema\/person\/image\/\",\"url\":\"https:\/\/secure.gravatar.com\/avatar\/4ddeae49d2d3e3568a8d5b0937642efdf0b72468dbe3f213bc1978faa47af0d1?s=96&d=wp_user_avatar&r=g\",\"contentUrl\":\"https:\/\/secure.gravatar.com\/avatar\/4ddeae49d2d3e3568a8d5b0937642efdf0b72468dbe3f213bc1978faa47af0d1?s=96&d=wp_user_avatar&r=g\",\"caption\":\"netbakis.net\"},\"sameAs\":[\"https:\/\/netbakis.net\"],\"url\":\"https:\/\/netbakis.net\/tr\/author\/netbakis-net\/\"}]}<\/script>\n<!-- \/ Yoast SEO plugin. -->","yoast_head_json":{"title":"Cumhurba\u015fkan\u0131 Tatar: KKTC en az Rum devleti kadar me\u015frudur - NETBAKIS","robots":{"index":"index","follow":"follow","max-snippet":"max-snippet:-1","max-image-preview":"max-image-preview:large","max-video-preview":"max-video-preview:-1"},"canonical":"https:\/\/netbakis.net\/tr\/7181\/","og_locale":"tr_TR","og_type":"article","og_title":"Cumhurba\u015fkan\u0131 Tatar: KKTC en az Rum devleti kadar me\u015frudur - NETBAKIS","og_description":"Tatar, Dr. Faz\u0131l K\u00fc\u00e7\u00fck Bulvar\u0131\u2019ndaki t\u00f6rende konu\u015ftu Cumhurba\u015fkan\u0131 Ersin Tatar, K\u0131br\u0131s T\u00fcrk taraf\u0131 olarak K\u0131br\u0131s\u2019ta m\u00fczakere yolu ile adil, kal\u0131c\u0131 ve s\u00fcrd\u00fcr\u00fclebilir bir anla\u015fmadan yana olduklar\u0131n\u0131 belirterek, \u201cBunun i\u00e7in mevcut iki taraf\u0131n egemen e\u015fitli\u011fi ve e\u015fit uluslararas\u0131 stat\u00fcs\u00fcn\u00fcn kabul edilmesi gerekmektedir\u201d dedi. -\u201cCenevre\u2019deki \u00e7\u00f6z\u00fcm \u00f6nerisi yeni d\u00f6nemin ba\u015flang\u0131c\u0131\u201d Tatar, \u00e7\u00f6z\u00fcm \u00f6nerisini, BM Genel Sekreteri\u2019nin davetiyle [&hellip;]","og_url":"https:\/\/netbakis.net\/tr\/7181\/","og_site_name":"NETBAKIS","article_published_time":"2022-07-20T09:15:09+00:00","article_modified_time":"2022-07-20T09:15:16+00:00","og_image":[{"width":750,"height":422,"url":"https:\/\/netbakis.net\/wp-content\/uploads\/2021\/05\/443439.jpg","type":"image\/jpeg"}],"author":"netbakis.net","twitter_card":"summary_large_image","twitter_misc":{"Yazan:":"netbakis.net","Tahmini okuma s\u00fcresi":"11 dakika"},"schema":{"@context":"https:\/\/schema.org","@graph":[{"@type":"WebPage","@id":"https:\/\/netbakis.net\/7181\/","url":"https:\/\/netbakis.net\/7181\/","name":"Cumhurba\u015fkan\u0131 Tatar: KKTC en az Rum devleti kadar me\u015frudur - NETBAKIS","isPartOf":{"@id":"https:\/\/netbakis.net\/#website"},"primaryImageOfPage":{"@id":"https:\/\/netbakis.net\/7181\/#primaryimage"},"image":{"@id":"https:\/\/netbakis.net\/7181\/#primaryimage"},"thumbnailUrl":"https:\/\/netbakis.net\/wp-content\/uploads\/2021\/05\/443439.jpg","datePublished":"2022-07-20T09:15:09+00:00","dateModified":"2022-07-20T09:15:16+00:00","author":{"@id":"https:\/\/netbakis.net\/#\/schema\/person\/5d9b5c3f48ca4a3c69967d619fc8c7f4"},"breadcrumb":{"@id":"https:\/\/netbakis.net\/7181\/#breadcrumb"},"inLanguage":"tr","potentialAction":[{"@type":"ReadAction","target":["https:\/\/netbakis.net\/7181\/"]}]},{"@type":"ImageObject","inLanguage":"tr","@id":"https:\/\/netbakis.net\/7181\/#primaryimage","url":"https:\/\/netbakis.net\/wp-content\/uploads\/2021\/05\/443439.jpg","contentUrl":"https:\/\/netbakis.net\/wp-content\/uploads\/2021\/05\/443439.jpg","width":750,"height":422,"caption":"Tatar"},{"@type":"BreadcrumbList","@id":"https:\/\/netbakis.net\/7181\/#breadcrumb","itemListElement":[{"@type":"ListItem","position":1,"name":"Home","item":"https:\/\/netbakis.net\/"},{"@type":"ListItem","position":2,"name":"Cumhurba\u015fkan\u0131 Tatar: KKTC en az Rum devleti kadar me\u015frudur"}]},{"@type":"WebSite","@id":"https:\/\/netbakis.net\/#website","url":"https:\/\/netbakis.net\/","name":"NETBAKIS","description":"SON DAKIKA","potentialAction":[{"@type":"SearchAction","target":{"@type":"EntryPoint","urlTemplate":"https:\/\/netbakis.net\/?s={search_term_string}"},"query-input":{"@type":"PropertyValueSpecification","valueRequired":true,"valueName":"search_term_string"}}],"inLanguage":"tr"},{"@type":"Person","@id":"https:\/\/netbakis.net\/#\/schema\/person\/5d9b5c3f48ca4a3c69967d619fc8c7f4","name":"netbakis.net","image":{"@type":"ImageObject","inLanguage":"tr","@id":"https:\/\/netbakis.net\/#\/schema\/person\/image\/","url":"https:\/\/secure.gravatar.com\/avatar\/4ddeae49d2d3e3568a8d5b0937642efdf0b72468dbe3f213bc1978faa47af0d1?s=96&d=wp_user_avatar&r=g","contentUrl":"https:\/\/secure.gravatar.com\/avatar\/4ddeae49d2d3e3568a8d5b0937642efdf0b72468dbe3f213bc1978faa47af0d1?s=96&d=wp_user_avatar&r=g","caption":"netbakis.net"},"sameAs":["https:\/\/netbakis.net"],"url":"https:\/\/netbakis.net\/tr\/author\/netbakis-net\/"}]}},"jetpack_publicize_connections":[],"_links":{"self":[{"href":"https:\/\/netbakis.net\/tr\/wp-json\/wp\/v2\/posts\/7181","targetHints":{"allow":["GET"]}}],"collection":[{"href":"https:\/\/netbakis.net\/tr\/wp-json\/wp\/v2\/posts"}],"about":[{"href":"https:\/\/netbakis.net\/tr\/wp-json\/wp\/v2\/types\/post"}],"author":[{"embeddable":true,"href":"https:\/\/netbakis.net\/tr\/wp-json\/wp\/v2\/users\/1"}],"replies":[{"embeddable":true,"href":"https:\/\/netbakis.net\/tr\/wp-json\/wp\/v2\/comments?post=7181"}],"version-history":[{"count":1,"href":"https:\/\/netbakis.net\/tr\/wp-json\/wp\/v2\/posts\/7181\/revisions"}],"predecessor-version":[{"id":7182,"href":"https:\/\/netbakis.net\/tr\/wp-json\/wp\/v2\/posts\/7181\/revisions\/7182"}],"wp:featuredmedia":[{"embeddable":true,"href":"https:\/\/netbakis.net\/tr\/wp-json\/wp\/v2\/media\/5785"}],"wp:attachment":[{"href":"https:\/\/netbakis.net\/tr\/wp-json\/wp\/v2\/media?parent=7181"}],"wp:term":[{"taxonomy":"category","embeddable":true,"href":"https:\/\/netbakis.net\/tr\/wp-json\/wp\/v2\/categories?post=7181"},{"taxonomy":"post_tag","embeddable":true,"href":"https:\/\/netbakis.net\/tr\/wp-json\/wp\/v2\/tags?post=7181"}],"curies":[{"name":"wp","href":"https:\/\/api.w.org\/{rel}","templated":true}]}}