{"id":7148,"date":"2022-07-19T08:22:47","date_gmt":"2022-07-19T08:22:47","guid":{"rendered":"https:\/\/netbakis.net\/?p=7148"},"modified":"2022-07-19T08:22:50","modified_gmt":"2022-07-19T08:22:50","slug":"turkiyede-kktc-plakali-arac-kaza-yapti","status":"publish","type":"post","link":"https:\/\/netbakis.net\/tr\/7148\/","title":{"rendered":"T\u00fcrkiye&#8217;de KKTC plakal\u0131 ara\u00e7 kaza yapt\u0131"},"content":{"rendered":"<p>Amasya&#8217;da biri KKTC plakal\u0131 iki otomobil \u00e7arp\u0131\u015ft\u0131, 6 ki\u015fi yaraland\u0131.<\/p>\n\n\n\n<p><strong>T\u00fcrkiye<\/strong>&#8216;de Amasya ilinin Ta\u015fova il\u00e7esinde iki otomobilin \u00e7arp\u0131\u015fmas\u0131 sonucu 2&#8217;si \u00e7ocuk 6 ki\u015fi yaraland\u0131.<\/p>\n\n\n\n<p>41 ya\u015f\u0131ndaki Ya\u015far \u00d6zdemir\u2019in kulland\u0131\u011f\u0131<strong>&nbsp;&#8220;34 FKG 638&#8221;<\/strong>&nbsp;plakal\u0131 otomobil ile 43 ya\u015f\u0131ndaki Ruhi Y\u0131ld\u0131z idaresindeki<strong>&nbsp;&#8220;PY 703&#8221;&nbsp;<\/strong>plakal\u0131 KKTC&#8217;ye kay\u0131tl\u0131 salon ara\u00e7, Ta\u015fova kav\u015fa\u011f\u0131 mevkiinde \u00e7arp\u0131\u015ft\u0131.<\/p>\n\n\n\n<p>\u00c7evredekilerin ihbar\u0131 \u00fczerine&nbsp;<strong>kaza<\/strong>&nbsp;yerine sa\u011fl\u0131k ve itfaiye ekipleri y\u00f6nlendirildi.<\/p>\n\n\n\n<p>Kazada s\u00fcr\u00fcc\u00fcler ile otomobillerde bulunan Melek (38), Cemal (15) ve R\u00fczgar \u00d6zdemir (8) ile S\u00fcreyya Y\u0131ld\u0131z (48) yaraland\u0131.<\/p>\n\n\n\n<p>Yaral\u0131lar, 112 Acil Servis ekiplerince Ta\u015fova Devlet Hastanesi&#8217;ne kald\u0131r\u0131ld\u0131.<\/p>","protected":false},"excerpt":{"rendered":"<p>Amasya&#8217;da biri KKTC plakal\u0131 iki otomobil \u00e7arp\u0131\u015ft\u0131, 6 ki\u015fi yaraland\u0131. T\u00fcrkiye&#8216;de Amasya ilinin Ta\u015fova il\u00e7esinde iki otomobilin \u00e7arp\u0131\u015fmas\u0131 sonucu 2&#8217;si \u00e7ocuk 6 ki\u015fi yaraland\u0131. 41 ya\u015f\u0131ndaki Ya\u015far \u00d6zdemir\u2019in kulland\u0131\u011f\u0131&nbsp;&#8220;34 FKG 638&#8221;&nbsp;plakal\u0131 otomobil ile 43 ya\u015f\u0131ndaki Ruhi Y\u0131ld\u0131z idaresindeki&nbsp;&#8220;PY 703&#8221;&nbsp;plakal\u0131 KKTC&#8217;ye kay\u0131tl\u0131 salon ara\u00e7, Ta\u015fova kav\u015fa\u011f\u0131 mevkiinde \u00e7arp\u0131\u015ft\u0131. \u00c7evredekilerin ihbar\u0131 \u00fczerine&nbsp;kaza&nbsp;yerine sa\u011fl\u0131k ve itfaiye ekipleri y\u00f6nlendirildi. [&hellip;]<\/p>","protected":false},"author":1,"featured_media":7149,"comment_status":"open","ping_status":"open","sticky":false,"template":"","format":"standard","meta":{"om_disable_all_campaigns":false,"_monsterinsights_skip_tracking":false,"_monsterinsights_sitenote_active":false,"_monsterinsights_sitenote_note":"","_monsterinsights_sitenote_category":0,"_uf_show_specific_survey":0,"_uf_disable_surveys":false,"footnotes":"","jetpack_publicize_message":"","jetpack_publicize_feature_enabled":true,"jetpack_social_post_already_shared":false,"jetpack_social_options":{"image_generator_settings":{"template":"highway","default_image_id":0,"font":"","enabled":false},"version":2}},"categories":[81],"tags":[586,585],"class_list":{"0":"post-7148","1":"post","2":"type-post","3":"status-publish","4":"format-standard","5":"has-post-thumbnail","7":"category-gundem","8":"tag-6-kisi-yaralandi","9":"tag-amasyada-biri-kktc-plakali-iki-otomobil-carpisti"},"yoast_head":"<!-- This site is optimized with the Yoast SEO plugin v23.8 - https:\/\/yoast.com\/wordpress\/plugins\/seo\/ -->\n<title>T\u00fcrkiye&#039;de KKTC plakal\u0131 ara\u00e7 kaza yapt\u0131 - NETBAKIS<\/title>\n<meta name=\"robots\" content=\"index, follow, max-snippet:-1, max-image-preview:large, max-video-preview:-1\" \/>\n<link rel=\"canonical\" href=\"https:\/\/netbakis.net\/tr\/7148\/\" \/>\n<meta property=\"og:locale\" content=\"tr_TR\" \/>\n<meta property=\"og:type\" content=\"article\" \/>\n<meta property=\"og:title\" content=\"T\u00fcrkiye&#039;de KKTC plakal\u0131 ara\u00e7 kaza yapt\u0131 - NETBAKIS\" \/>\n<meta property=\"og:description\" content=\"Amasya&#8217;da biri KKTC plakal\u0131 iki otomobil \u00e7arp\u0131\u015ft\u0131, 6 ki\u015fi yaraland\u0131. T\u00fcrkiye&#8216;de Amasya ilinin Ta\u015fova il\u00e7esinde iki otomobilin \u00e7arp\u0131\u015fmas\u0131 sonucu 2&#8217;si \u00e7ocuk 6 ki\u015fi yaraland\u0131. 41 ya\u015f\u0131ndaki Ya\u015far \u00d6zdemir\u2019in kulland\u0131\u011f\u0131&nbsp;&#8220;34 FKG 638&#8221;&nbsp;plakal\u0131 otomobil ile 43 ya\u015f\u0131ndaki Ruhi Y\u0131ld\u0131z idaresindeki&nbsp;&#8220;PY 703&#8221;&nbsp;plakal\u0131 KKTC&#8217;ye kay\u0131tl\u0131 salon ara\u00e7, Ta\u015fova kav\u015fa\u011f\u0131 mevkiinde \u00e7arp\u0131\u015ft\u0131. \u00c7evredekilerin ihbar\u0131 \u00fczerine&nbsp;kaza&nbsp;yerine sa\u011fl\u0131k ve itfaiye ekipleri y\u00f6nlendirildi. [&hellip;]\" \/>\n<meta property=\"og:url\" content=\"https:\/\/netbakis.net\/tr\/7148\/\" \/>\n<meta property=\"og:site_name\" content=\"NETBAKIS\" \/>\n<meta property=\"article:published_time\" content=\"2022-07-19T08:22:47+00:00\" \/>\n<meta property=\"article:modified_time\" content=\"2022-07-19T08:22:50+00:00\" \/>\n<meta property=\"og:image\" content=\"https:\/\/netbakis.net\/wp-content\/uploads\/2022\/07\/18722f5WUTkYn_tasova-kaza2.jpg\" \/>\n\t<meta property=\"og:image:width\" content=\"720\" \/>\n\t<meta property=\"og:image:height\" content=\"405\" \/>\n\t<meta property=\"og:image:type\" content=\"image\/jpeg\" \/>\n<meta name=\"author\" content=\"netbakis.net\" \/>\n<meta name=\"twitter:card\" content=\"summary_large_image\" \/>\n<meta name=\"twitter:label1\" content=\"Yazan:\" \/>\n\t<meta name=\"twitter:data1\" content=\"netbakis.net\" \/>\n\t<meta name=\"twitter:label2\" content=\"Tahmini okuma s\u00fcresi\" \/>\n\t<meta name=\"twitter:data2\" content=\"1 dakika\" \/>\n<script type=\"application\/ld+json\" class=\"yoast-schema-graph\">{\"@context\":\"https:\/\/schema.org\",\"@graph\":[{\"@type\":\"WebPage\",\"@id\":\"https:\/\/netbakis.net\/7148\/\",\"url\":\"https:\/\/netbakis.net\/7148\/\",\"name\":\"T\u00fcrkiye'de KKTC plakal\u0131 ara\u00e7 kaza yapt\u0131 - NETBAKIS\",\"isPartOf\":{\"@id\":\"https:\/\/netbakis.net\/#website\"},\"primaryImageOfPage\":{\"@id\":\"https:\/\/netbakis.net\/7148\/#primaryimage\"},\"image\":{\"@id\":\"https:\/\/netbakis.net\/7148\/#primaryimage\"},\"thumbnailUrl\":\"https:\/\/netbakis.net\/wp-content\/uploads\/2022\/07\/18722f5WUTkYn_tasova-kaza2.jpg\",\"datePublished\":\"2022-07-19T08:22:47+00:00\",\"dateModified\":\"2022-07-19T08:22:50+00:00\",\"author\":{\"@id\":\"https:\/\/netbakis.net\/#\/schema\/person\/5d9b5c3f48ca4a3c69967d619fc8c7f4\"},\"breadcrumb\":{\"@id\":\"https:\/\/netbakis.net\/7148\/#breadcrumb\"},\"inLanguage\":\"tr\",\"potentialAction\":[{\"@type\":\"ReadAction\",\"target\":[\"https:\/\/netbakis.net\/7148\/\"]}]},{\"@type\":\"ImageObject\",\"inLanguage\":\"tr\",\"@id\":\"https:\/\/netbakis.net\/7148\/#primaryimage\",\"url\":\"https:\/\/netbakis.net\/wp-content\/uploads\/2022\/07\/18722f5WUTkYn_tasova-kaza2.jpg\",\"contentUrl\":\"https:\/\/netbakis.net\/wp-content\/uploads\/2022\/07\/18722f5WUTkYn_tasova-kaza2.jpg\",\"width\":720,\"height\":405,\"caption\":\"Amasya'da biri KKTC plakal\u0131 iki otomobil \u00e7arp\u0131\u015ft\u0131, 6 ki\u015fi yaraland\u0131.\"},{\"@type\":\"BreadcrumbList\",\"@id\":\"https:\/\/netbakis.net\/7148\/#breadcrumb\",\"itemListElement\":[{\"@type\":\"ListItem\",\"position\":1,\"name\":\"Home\",\"item\":\"https:\/\/netbakis.net\/\"},{\"@type\":\"ListItem\",\"position\":2,\"name\":\"T\u00fcrkiye&#8217;de KKTC plakal\u0131 ara\u00e7 kaza yapt\u0131\"}]},{\"@type\":\"WebSite\",\"@id\":\"https:\/\/netbakis.net\/#website\",\"url\":\"https:\/\/netbakis.net\/\",\"name\":\"NETBAKIS\",\"description\":\"SON DAKIKA\",\"potentialAction\":[{\"@type\":\"SearchAction\",\"target\":{\"@type\":\"EntryPoint\",\"urlTemplate\":\"https:\/\/netbakis.net\/?s={search_term_string}\"},\"query-input\":{\"@type\":\"PropertyValueSpecification\",\"valueRequired\":true,\"valueName\":\"search_term_string\"}}],\"inLanguage\":\"tr\"},{\"@type\":\"Person\",\"@id\":\"https:\/\/netbakis.net\/#\/schema\/person\/5d9b5c3f48ca4a3c69967d619fc8c7f4\",\"name\":\"netbakis.net\",\"image\":{\"@type\":\"ImageObject\",\"inLanguage\":\"tr\",\"@id\":\"https:\/\/netbakis.net\/#\/schema\/person\/image\/\",\"url\":\"https:\/\/secure.gravatar.com\/avatar\/4ddeae49d2d3e3568a8d5b0937642efdf0b72468dbe3f213bc1978faa47af0d1?s=96&d=wp_user_avatar&r=g\",\"contentUrl\":\"https:\/\/secure.gravatar.com\/avatar\/4ddeae49d2d3e3568a8d5b0937642efdf0b72468dbe3f213bc1978faa47af0d1?s=96&d=wp_user_avatar&r=g\",\"caption\":\"netbakis.net\"},\"sameAs\":[\"https:\/\/netbakis.net\"],\"url\":\"https:\/\/netbakis.net\/tr\/author\/netbakis-net\/\"}]}<\/script>\n<!-- \/ Yoast SEO plugin. -->","yoast_head_json":{"title":"T\u00fcrkiye'de KKTC plakal\u0131 ara\u00e7 kaza yapt\u0131 - NETBAKIS","robots":{"index":"index","follow":"follow","max-snippet":"max-snippet:-1","max-image-preview":"max-image-preview:large","max-video-preview":"max-video-preview:-1"},"canonical":"https:\/\/netbakis.net\/tr\/7148\/","og_locale":"tr_TR","og_type":"article","og_title":"T\u00fcrkiye'de KKTC plakal\u0131 ara\u00e7 kaza yapt\u0131 - NETBAKIS","og_description":"Amasya&#8217;da biri KKTC plakal\u0131 iki otomobil \u00e7arp\u0131\u015ft\u0131, 6 ki\u015fi yaraland\u0131. T\u00fcrkiye&#8216;de Amasya ilinin Ta\u015fova il\u00e7esinde iki otomobilin \u00e7arp\u0131\u015fmas\u0131 sonucu 2&#8217;si \u00e7ocuk 6 ki\u015fi yaraland\u0131. 41 ya\u015f\u0131ndaki Ya\u015far \u00d6zdemir\u2019in kulland\u0131\u011f\u0131&nbsp;&#8220;34 FKG 638&#8221;&nbsp;plakal\u0131 otomobil ile 43 ya\u015f\u0131ndaki Ruhi Y\u0131ld\u0131z idaresindeki&nbsp;&#8220;PY 703&#8221;&nbsp;plakal\u0131 KKTC&#8217;ye kay\u0131tl\u0131 salon ara\u00e7, Ta\u015fova kav\u015fa\u011f\u0131 mevkiinde \u00e7arp\u0131\u015ft\u0131. \u00c7evredekilerin ihbar\u0131 \u00fczerine&nbsp;kaza&nbsp;yerine sa\u011fl\u0131k ve itfaiye ekipleri y\u00f6nlendirildi. [&hellip;]","og_url":"https:\/\/netbakis.net\/tr\/7148\/","og_site_name":"NETBAKIS","article_published_time":"2022-07-19T08:22:47+00:00","article_modified_time":"2022-07-19T08:22:50+00:00","og_image":[{"width":720,"height":405,"url":"https:\/\/netbakis.net\/wp-content\/uploads\/2022\/07\/18722f5WUTkYn_tasova-kaza2.jpg","type":"image\/jpeg"}],"author":"netbakis.net","twitter_card":"summary_large_image","twitter_misc":{"Yazan:":"netbakis.net","Tahmini okuma s\u00fcresi":"1 dakika"},"schema":{"@context":"https:\/\/schema.org","@graph":[{"@type":"WebPage","@id":"https:\/\/netbakis.net\/7148\/","url":"https:\/\/netbakis.net\/7148\/","name":"T\u00fcrkiye'de KKTC plakal\u0131 ara\u00e7 kaza yapt\u0131 - NETBAKIS","isPartOf":{"@id":"https:\/\/netbakis.net\/#website"},"primaryImageOfPage":{"@id":"https:\/\/netbakis.net\/7148\/#primaryimage"},"image":{"@id":"https:\/\/netbakis.net\/7148\/#primaryimage"},"thumbnailUrl":"https:\/\/netbakis.net\/wp-content\/uploads\/2022\/07\/18722f5WUTkYn_tasova-kaza2.jpg","datePublished":"2022-07-19T08:22:47+00:00","dateModified":"2022-07-19T08:22:50+00:00","author":{"@id":"https:\/\/netbakis.net\/#\/schema\/person\/5d9b5c3f48ca4a3c69967d619fc8c7f4"},"breadcrumb":{"@id":"https:\/\/netbakis.net\/7148\/#breadcrumb"},"inLanguage":"tr","potentialAction":[{"@type":"ReadAction","target":["https:\/\/netbakis.net\/7148\/"]}]},{"@type":"ImageObject","inLanguage":"tr","@id":"https:\/\/netbakis.net\/7148\/#primaryimage","url":"https:\/\/netbakis.net\/wp-content\/uploads\/2022\/07\/18722f5WUTkYn_tasova-kaza2.jpg","contentUrl":"https:\/\/netbakis.net\/wp-content\/uploads\/2022\/07\/18722f5WUTkYn_tasova-kaza2.jpg","width":720,"height":405,"caption":"Amasya'da biri KKTC plakal\u0131 iki otomobil \u00e7arp\u0131\u015ft\u0131, 6 ki\u015fi yaraland\u0131."},{"@type":"BreadcrumbList","@id":"https:\/\/netbakis.net\/7148\/#breadcrumb","itemListElement":[{"@type":"ListItem","position":1,"name":"Home","item":"https:\/\/netbakis.net\/"},{"@type":"ListItem","position":2,"name":"T\u00fcrkiye&#8217;de KKTC plakal\u0131 ara\u00e7 kaza yapt\u0131"}]},{"@type":"WebSite","@id":"https:\/\/netbakis.net\/#website","url":"https:\/\/netbakis.net\/","name":"NETBAKIS","description":"SON DAKIKA","potentialAction":[{"@type":"SearchAction","target":{"@type":"EntryPoint","urlTemplate":"https:\/\/netbakis.net\/?s={search_term_string}"},"query-input":{"@type":"PropertyValueSpecification","valueRequired":true,"valueName":"search_term_string"}}],"inLanguage":"tr"},{"@type":"Person","@id":"https:\/\/netbakis.net\/#\/schema\/person\/5d9b5c3f48ca4a3c69967d619fc8c7f4","name":"netbakis.net","image":{"@type":"ImageObject","inLanguage":"tr","@id":"https:\/\/netbakis.net\/#\/schema\/person\/image\/","url":"https:\/\/secure.gravatar.com\/avatar\/4ddeae49d2d3e3568a8d5b0937642efdf0b72468dbe3f213bc1978faa47af0d1?s=96&d=wp_user_avatar&r=g","contentUrl":"https:\/\/secure.gravatar.com\/avatar\/4ddeae49d2d3e3568a8d5b0937642efdf0b72468dbe3f213bc1978faa47af0d1?s=96&d=wp_user_avatar&r=g","caption":"netbakis.net"},"sameAs":["https:\/\/netbakis.net"],"url":"https:\/\/netbakis.net\/tr\/author\/netbakis-net\/"}]}},"jetpack_publicize_connections":[],"_links":{"self":[{"href":"https:\/\/netbakis.net\/tr\/wp-json\/wp\/v2\/posts\/7148","targetHints":{"allow":["GET"]}}],"collection":[{"href":"https:\/\/netbakis.net\/tr\/wp-json\/wp\/v2\/posts"}],"about":[{"href":"https:\/\/netbakis.net\/tr\/wp-json\/wp\/v2\/types\/post"}],"author":[{"embeddable":true,"href":"https:\/\/netbakis.net\/tr\/wp-json\/wp\/v2\/users\/1"}],"replies":[{"embeddable":true,"href":"https:\/\/netbakis.net\/tr\/wp-json\/wp\/v2\/comments?post=7148"}],"version-history":[{"count":1,"href":"https:\/\/netbakis.net\/tr\/wp-json\/wp\/v2\/posts\/7148\/revisions"}],"predecessor-version":[{"id":7150,"href":"https:\/\/netbakis.net\/tr\/wp-json\/wp\/v2\/posts\/7148\/revisions\/7150"}],"wp:featuredmedia":[{"embeddable":true,"href":"https:\/\/netbakis.net\/tr\/wp-json\/wp\/v2\/media\/7149"}],"wp:attachment":[{"href":"https:\/\/netbakis.net\/tr\/wp-json\/wp\/v2\/media?parent=7148"}],"wp:term":[{"taxonomy":"category","embeddable":true,"href":"https:\/\/netbakis.net\/tr\/wp-json\/wp\/v2\/categories?post=7148"},{"taxonomy":"post_tag","embeddable":true,"href":"https:\/\/netbakis.net\/tr\/wp-json\/wp\/v2\/tags?post=7148"}],"curies":[{"name":"wp","href":"https:\/\/api.w.org\/{rel}","templated":true}]}}