{"id":7129,"date":"2022-07-18T17:25:26","date_gmt":"2022-07-18T17:25:26","guid":{"rendered":"https:\/\/netbakis.net\/?p=7129"},"modified":"2022-07-18T17:25:28","modified_gmt":"2022-07-18T17:25:28","slug":"cumhurbaskani-tatar-sanliurfa-viransehir-gazi-derneginden-gelen-kibris-gazilerini-kabul-etti","status":"publish","type":"post","link":"https:\/\/netbakis.net\/tr\/7129\/","title":{"rendered":"Cumhurba\u015fkan\u0131 Tatar, \u015eanl\u0131urfa Viran\u015fehir Gazi Derne\u011fi\u2019nden gelen K\u0131br\u0131s gazilerini kabul etti"},"content":{"rendered":"<p>Cumhurba\u015fkan\u0131 Tatar, \u015eanl\u0131urfa Viran\u015fehir Gazi Derne\u011fi\u2019nden gelen K\u0131br\u0131s gazilerini kabul etti<\/p>\n\n\n\n<p>Tatar: \u201c\u00d6zg\u00fcrl\u00fck ve g\u00fcvenlik i\u00e7inde ya\u015famam\u0131z\u0131n yegane teminat\u0131 Anavatan T\u00fcrkiye\u2019dir\u201d<\/p>\n\n\n\n<p>Cumhurba\u015fkan\u0131 Ersin Tatar, 20 Temmuz K\u0131br\u0131s Bar\u0131\u015f Harekat\u0131\u2019n\u0131n 48. y\u0131ld\u00f6n\u00fcm\u00fc nedeniyle \u015eanl\u0131urfa Viran\u015fehir Gazi Derne\u011fi\u2019nden gelen K\u0131br\u0131s gazilerini kabul etti.<\/p>\n\n\n\n<p>Cumhurba\u015fkanl\u0131\u011f\u0131\u2019ndan verilen bilgiye g\u00f6re, Cumhurba\u015fkan\u0131 Tatar kabulde yapt\u0131\u011f\u0131 konu\u015fmada, T\u00fcrkiye Cumhuriyeti ile olan ba\u011flar\u0131n ve i\u015f birli\u011finin her d\u00fczeyde ve her alanda geli\u015fti\u011fini belirtti.<\/p>\n\n\n\n<p>Tatar, \u201cB\u00fcy\u00fck T\u00fcrk Milleti\u2019nin kopmaz bir par\u00e7as\u0131 olan K\u0131br\u0131s T\u00fcrk halk\u0131 20 Temmuz 1974\u2019ten sonra yeniden hayata do\u011fmu\u015f ve yeni bir sayfa ile ba\u011f\u0131ms\u0131zl\u0131\u011f\u0131na kavu\u015fmu\u015ftur. \u00d6zg\u00fcrl\u00fck ve g\u00fcvenlik i\u00e7inde ya\u015famam\u0131z\u0131n yegane teminat\u0131 olan Anavatan T\u00fcrkiye ile birlikte, KKTC olarak yolumuza devam ediyoruz\u201d dedi.<\/p>\n\n\n\n<p>T\u00fcrk askerinin adadaki varl\u0131\u011f\u0131n\u0131n \u00f6nemine vurgu yapan Cumhurba\u015fkan\u0131 Tatar, K\u0131br\u0131s gazileriyle minnet duygular\u0131n\u0131 payla\u015ft\u0131 ve t\u00fcm \u015fehitlere rahmet diledi.<\/p>","protected":false},"excerpt":{"rendered":"<p>Cumhurba\u015fkan\u0131 Tatar, \u015eanl\u0131urfa Viran\u015fehir Gazi Derne\u011fi\u2019nden gelen K\u0131br\u0131s gazilerini kabul etti Tatar: \u201c\u00d6zg\u00fcrl\u00fck ve g\u00fcvenlik i\u00e7inde ya\u015famam\u0131z\u0131n yegane teminat\u0131 Anavatan T\u00fcrkiye\u2019dir\u201d Cumhurba\u015fkan\u0131 Ersin Tatar, 20 Temmuz K\u0131br\u0131s Bar\u0131\u015f Harekat\u0131\u2019n\u0131n 48. y\u0131ld\u00f6n\u00fcm\u00fc nedeniyle \u015eanl\u0131urfa Viran\u015fehir Gazi Derne\u011fi\u2019nden gelen K\u0131br\u0131s gazilerini kabul etti. Cumhurba\u015fkanl\u0131\u011f\u0131\u2019ndan verilen bilgiye g\u00f6re, Cumhurba\u015fkan\u0131 Tatar kabulde yapt\u0131\u011f\u0131 konu\u015fmada, T\u00fcrkiye Cumhuriyeti ile olan ba\u011flar\u0131n [&hellip;]<\/p>","protected":false},"author":1,"featured_media":7130,"comment_status":"open","ping_status":"open","sticky":false,"template":"","format":"standard","meta":{"om_disable_all_campaigns":false,"_monsterinsights_skip_tracking":false,"_monsterinsights_sitenote_active":false,"_monsterinsights_sitenote_note":"","_monsterinsights_sitenote_category":0,"_uf_show_specific_survey":0,"_uf_disable_surveys":false,"footnotes":"","jetpack_publicize_message":"","jetpack_publicize_feature_enabled":true,"jetpack_social_post_already_shared":false,"jetpack_social_options":{"image_generator_settings":{"template":"highway","default_image_id":0,"font":"","enabled":false},"version":2}},"categories":[81],"tags":[386,580],"class_list":{"0":"post-7129","1":"post","2":"type-post","3":"status-publish","4":"format-standard","5":"has-post-thumbnail","7":"category-gundem","8":"tag-cumhurbaskani-tatar","9":"tag-sanliurfa-viransehir-gazi-derneginden-gelen-kibris-gazilerini-kabul-etti"},"yoast_head":"<!-- This site is optimized with the Yoast SEO plugin v23.8 - https:\/\/yoast.com\/wordpress\/plugins\/seo\/ -->\n<title>Cumhurba\u015fkan\u0131 Tatar, \u015eanl\u0131urfa Viran\u015fehir Gazi Derne\u011fi\u2019nden gelen K\u0131br\u0131s gazilerini kabul etti - NETBAKIS<\/title>\n<meta name=\"robots\" content=\"index, follow, max-snippet:-1, max-image-preview:large, max-video-preview:-1\" \/>\n<link rel=\"canonical\" href=\"https:\/\/netbakis.net\/tr\/7129\/\" \/>\n<meta property=\"og:locale\" content=\"tr_TR\" \/>\n<meta property=\"og:type\" content=\"article\" \/>\n<meta property=\"og:title\" content=\"Cumhurba\u015fkan\u0131 Tatar, \u015eanl\u0131urfa Viran\u015fehir Gazi Derne\u011fi\u2019nden gelen K\u0131br\u0131s gazilerini kabul etti - NETBAKIS\" \/>\n<meta property=\"og:description\" content=\"Cumhurba\u015fkan\u0131 Tatar, \u015eanl\u0131urfa Viran\u015fehir Gazi Derne\u011fi\u2019nden gelen K\u0131br\u0131s gazilerini kabul etti Tatar: \u201c\u00d6zg\u00fcrl\u00fck ve g\u00fcvenlik i\u00e7inde ya\u015famam\u0131z\u0131n yegane teminat\u0131 Anavatan T\u00fcrkiye\u2019dir\u201d Cumhurba\u015fkan\u0131 Ersin Tatar, 20 Temmuz K\u0131br\u0131s Bar\u0131\u015f Harekat\u0131\u2019n\u0131n 48. y\u0131ld\u00f6n\u00fcm\u00fc nedeniyle \u015eanl\u0131urfa Viran\u015fehir Gazi Derne\u011fi\u2019nden gelen K\u0131br\u0131s gazilerini kabul etti. Cumhurba\u015fkanl\u0131\u011f\u0131\u2019ndan verilen bilgiye g\u00f6re, Cumhurba\u015fkan\u0131 Tatar kabulde yapt\u0131\u011f\u0131 konu\u015fmada, T\u00fcrkiye Cumhuriyeti ile olan ba\u011flar\u0131n [&hellip;]\" \/>\n<meta property=\"og:url\" content=\"https:\/\/netbakis.net\/tr\/7129\/\" \/>\n<meta property=\"og:site_name\" content=\"NETBAKIS\" \/>\n<meta property=\"article:published_time\" content=\"2022-07-18T17:25:26+00:00\" \/>\n<meta property=\"article:modified_time\" content=\"2022-07-18T17:25:28+00:00\" \/>\n<meta property=\"og:image\" content=\"https:\/\/netbakis.net\/wp-content\/uploads\/2022\/07\/v2anlurfaviranehirgazidernei-tatar_1658156885.jpg\" \/>\n\t<meta property=\"og:image:width\" content=\"971\" \/>\n\t<meta property=\"og:image:height\" content=\"551\" \/>\n\t<meta property=\"og:image:type\" content=\"image\/jpeg\" \/>\n<meta name=\"author\" content=\"netbakis.net\" \/>\n<meta name=\"twitter:card\" content=\"summary_large_image\" \/>\n<meta name=\"twitter:label1\" content=\"Yazan:\" \/>\n\t<meta name=\"twitter:data1\" content=\"netbakis.net\" \/>\n\t<meta name=\"twitter:label2\" content=\"Tahmini okuma s\u00fcresi\" \/>\n\t<meta name=\"twitter:data2\" content=\"1 dakika\" \/>\n<script type=\"application\/ld+json\" class=\"yoast-schema-graph\">{\"@context\":\"https:\/\/schema.org\",\"@graph\":[{\"@type\":\"WebPage\",\"@id\":\"https:\/\/netbakis.net\/7129\/\",\"url\":\"https:\/\/netbakis.net\/7129\/\",\"name\":\"Cumhurba\u015fkan\u0131 Tatar, \u015eanl\u0131urfa Viran\u015fehir Gazi Derne\u011fi\u2019nden gelen K\u0131br\u0131s gazilerini kabul etti - NETBAKIS\",\"isPartOf\":{\"@id\":\"https:\/\/netbakis.net\/#website\"},\"primaryImageOfPage\":{\"@id\":\"https:\/\/netbakis.net\/7129\/#primaryimage\"},\"image\":{\"@id\":\"https:\/\/netbakis.net\/7129\/#primaryimage\"},\"thumbnailUrl\":\"https:\/\/netbakis.net\/wp-content\/uploads\/2022\/07\/v2anlurfaviranehirgazidernei-tatar_1658156885.jpg\",\"datePublished\":\"2022-07-18T17:25:26+00:00\",\"dateModified\":\"2022-07-18T17:25:28+00:00\",\"author\":{\"@id\":\"https:\/\/netbakis.net\/#\/schema\/person\/5d9b5c3f48ca4a3c69967d619fc8c7f4\"},\"breadcrumb\":{\"@id\":\"https:\/\/netbakis.net\/7129\/#breadcrumb\"},\"inLanguage\":\"tr\",\"potentialAction\":[{\"@type\":\"ReadAction\",\"target\":[\"https:\/\/netbakis.net\/7129\/\"]}]},{\"@type\":\"ImageObject\",\"inLanguage\":\"tr\",\"@id\":\"https:\/\/netbakis.net\/7129\/#primaryimage\",\"url\":\"https:\/\/netbakis.net\/wp-content\/uploads\/2022\/07\/v2anlurfaviranehirgazidernei-tatar_1658156885.jpg\",\"contentUrl\":\"https:\/\/netbakis.net\/wp-content\/uploads\/2022\/07\/v2anlurfaviranehirgazidernei-tatar_1658156885.jpg\",\"width\":971,\"height\":551,\"caption\":\"Cumhurba\u015fkan\u0131 Tatar, \u015eanl\u0131urfa Viran\u015fehir Gazi Derne\u011fi\u2019nden gelen K\u0131br\u0131s gazilerini kabul etti\"},{\"@type\":\"BreadcrumbList\",\"@id\":\"https:\/\/netbakis.net\/7129\/#breadcrumb\",\"itemListElement\":[{\"@type\":\"ListItem\",\"position\":1,\"name\":\"Home\",\"item\":\"https:\/\/netbakis.net\/\"},{\"@type\":\"ListItem\",\"position\":2,\"name\":\"Cumhurba\u015fkan\u0131 Tatar, \u015eanl\u0131urfa Viran\u015fehir Gazi Derne\u011fi\u2019nden gelen K\u0131br\u0131s gazilerini kabul etti\"}]},{\"@type\":\"WebSite\",\"@id\":\"https:\/\/netbakis.net\/#website\",\"url\":\"https:\/\/netbakis.net\/\",\"name\":\"NETBAKIS\",\"description\":\"SON DAKIKA\",\"potentialAction\":[{\"@type\":\"SearchAction\",\"target\":{\"@type\":\"EntryPoint\",\"urlTemplate\":\"https:\/\/netbakis.net\/?s={search_term_string}\"},\"query-input\":{\"@type\":\"PropertyValueSpecification\",\"valueRequired\":true,\"valueName\":\"search_term_string\"}}],\"inLanguage\":\"tr\"},{\"@type\":\"Person\",\"@id\":\"https:\/\/netbakis.net\/#\/schema\/person\/5d9b5c3f48ca4a3c69967d619fc8c7f4\",\"name\":\"netbakis.net\",\"image\":{\"@type\":\"ImageObject\",\"inLanguage\":\"tr\",\"@id\":\"https:\/\/netbakis.net\/#\/schema\/person\/image\/\",\"url\":\"https:\/\/secure.gravatar.com\/avatar\/4ddeae49d2d3e3568a8d5b0937642efdf0b72468dbe3f213bc1978faa47af0d1?s=96&d=wp_user_avatar&r=g\",\"contentUrl\":\"https:\/\/secure.gravatar.com\/avatar\/4ddeae49d2d3e3568a8d5b0937642efdf0b72468dbe3f213bc1978faa47af0d1?s=96&d=wp_user_avatar&r=g\",\"caption\":\"netbakis.net\"},\"sameAs\":[\"https:\/\/netbakis.net\"],\"url\":\"https:\/\/netbakis.net\/tr\/author\/netbakis-net\/\"}]}<\/script>\n<!-- \/ Yoast SEO plugin. -->","yoast_head_json":{"title":"Cumhurba\u015fkan\u0131 Tatar, \u015eanl\u0131urfa Viran\u015fehir Gazi Derne\u011fi\u2019nden gelen K\u0131br\u0131s gazilerini kabul etti - NETBAKIS","robots":{"index":"index","follow":"follow","max-snippet":"max-snippet:-1","max-image-preview":"max-image-preview:large","max-video-preview":"max-video-preview:-1"},"canonical":"https:\/\/netbakis.net\/tr\/7129\/","og_locale":"tr_TR","og_type":"article","og_title":"Cumhurba\u015fkan\u0131 Tatar, \u015eanl\u0131urfa Viran\u015fehir Gazi Derne\u011fi\u2019nden gelen K\u0131br\u0131s gazilerini kabul etti - NETBAKIS","og_description":"Cumhurba\u015fkan\u0131 Tatar, \u015eanl\u0131urfa Viran\u015fehir Gazi Derne\u011fi\u2019nden gelen K\u0131br\u0131s gazilerini kabul etti Tatar: \u201c\u00d6zg\u00fcrl\u00fck ve g\u00fcvenlik i\u00e7inde ya\u015famam\u0131z\u0131n yegane teminat\u0131 Anavatan T\u00fcrkiye\u2019dir\u201d Cumhurba\u015fkan\u0131 Ersin Tatar, 20 Temmuz K\u0131br\u0131s Bar\u0131\u015f Harekat\u0131\u2019n\u0131n 48. y\u0131ld\u00f6n\u00fcm\u00fc nedeniyle \u015eanl\u0131urfa Viran\u015fehir Gazi Derne\u011fi\u2019nden gelen K\u0131br\u0131s gazilerini kabul etti. Cumhurba\u015fkanl\u0131\u011f\u0131\u2019ndan verilen bilgiye g\u00f6re, Cumhurba\u015fkan\u0131 Tatar kabulde yapt\u0131\u011f\u0131 konu\u015fmada, T\u00fcrkiye Cumhuriyeti ile olan ba\u011flar\u0131n [&hellip;]","og_url":"https:\/\/netbakis.net\/tr\/7129\/","og_site_name":"NETBAKIS","article_published_time":"2022-07-18T17:25:26+00:00","article_modified_time":"2022-07-18T17:25:28+00:00","og_image":[{"width":971,"height":551,"url":"https:\/\/netbakis.net\/wp-content\/uploads\/2022\/07\/v2anlurfaviranehirgazidernei-tatar_1658156885.jpg","type":"image\/jpeg"}],"author":"netbakis.net","twitter_card":"summary_large_image","twitter_misc":{"Yazan:":"netbakis.net","Tahmini okuma s\u00fcresi":"1 dakika"},"schema":{"@context":"https:\/\/schema.org","@graph":[{"@type":"WebPage","@id":"https:\/\/netbakis.net\/7129\/","url":"https:\/\/netbakis.net\/7129\/","name":"Cumhurba\u015fkan\u0131 Tatar, \u015eanl\u0131urfa Viran\u015fehir Gazi Derne\u011fi\u2019nden gelen K\u0131br\u0131s gazilerini kabul etti - NETBAKIS","isPartOf":{"@id":"https:\/\/netbakis.net\/#website"},"primaryImageOfPage":{"@id":"https:\/\/netbakis.net\/7129\/#primaryimage"},"image":{"@id":"https:\/\/netbakis.net\/7129\/#primaryimage"},"thumbnailUrl":"https:\/\/netbakis.net\/wp-content\/uploads\/2022\/07\/v2anlurfaviranehirgazidernei-tatar_1658156885.jpg","datePublished":"2022-07-18T17:25:26+00:00","dateModified":"2022-07-18T17:25:28+00:00","author":{"@id":"https:\/\/netbakis.net\/#\/schema\/person\/5d9b5c3f48ca4a3c69967d619fc8c7f4"},"breadcrumb":{"@id":"https:\/\/netbakis.net\/7129\/#breadcrumb"},"inLanguage":"tr","potentialAction":[{"@type":"ReadAction","target":["https:\/\/netbakis.net\/7129\/"]}]},{"@type":"ImageObject","inLanguage":"tr","@id":"https:\/\/netbakis.net\/7129\/#primaryimage","url":"https:\/\/netbakis.net\/wp-content\/uploads\/2022\/07\/v2anlurfaviranehirgazidernei-tatar_1658156885.jpg","contentUrl":"https:\/\/netbakis.net\/wp-content\/uploads\/2022\/07\/v2anlurfaviranehirgazidernei-tatar_1658156885.jpg","width":971,"height":551,"caption":"Cumhurba\u015fkan\u0131 Tatar, \u015eanl\u0131urfa Viran\u015fehir Gazi Derne\u011fi\u2019nden gelen K\u0131br\u0131s gazilerini kabul etti"},{"@type":"BreadcrumbList","@id":"https:\/\/netbakis.net\/7129\/#breadcrumb","itemListElement":[{"@type":"ListItem","position":1,"name":"Home","item":"https:\/\/netbakis.net\/"},{"@type":"ListItem","position":2,"name":"Cumhurba\u015fkan\u0131 Tatar, \u015eanl\u0131urfa Viran\u015fehir Gazi Derne\u011fi\u2019nden gelen K\u0131br\u0131s gazilerini kabul etti"}]},{"@type":"WebSite","@id":"https:\/\/netbakis.net\/#website","url":"https:\/\/netbakis.net\/","name":"NETBAKIS","description":"SON DAKIKA","potentialAction":[{"@type":"SearchAction","target":{"@type":"EntryPoint","urlTemplate":"https:\/\/netbakis.net\/?s={search_term_string}"},"query-input":{"@type":"PropertyValueSpecification","valueRequired":true,"valueName":"search_term_string"}}],"inLanguage":"tr"},{"@type":"Person","@id":"https:\/\/netbakis.net\/#\/schema\/person\/5d9b5c3f48ca4a3c69967d619fc8c7f4","name":"netbakis.net","image":{"@type":"ImageObject","inLanguage":"tr","@id":"https:\/\/netbakis.net\/#\/schema\/person\/image\/","url":"https:\/\/secure.gravatar.com\/avatar\/4ddeae49d2d3e3568a8d5b0937642efdf0b72468dbe3f213bc1978faa47af0d1?s=96&d=wp_user_avatar&r=g","contentUrl":"https:\/\/secure.gravatar.com\/avatar\/4ddeae49d2d3e3568a8d5b0937642efdf0b72468dbe3f213bc1978faa47af0d1?s=96&d=wp_user_avatar&r=g","caption":"netbakis.net"},"sameAs":["https:\/\/netbakis.net"],"url":"https:\/\/netbakis.net\/tr\/author\/netbakis-net\/"}]}},"jetpack_publicize_connections":[],"_links":{"self":[{"href":"https:\/\/netbakis.net\/tr\/wp-json\/wp\/v2\/posts\/7129","targetHints":{"allow":["GET"]}}],"collection":[{"href":"https:\/\/netbakis.net\/tr\/wp-json\/wp\/v2\/posts"}],"about":[{"href":"https:\/\/netbakis.net\/tr\/wp-json\/wp\/v2\/types\/post"}],"author":[{"embeddable":true,"href":"https:\/\/netbakis.net\/tr\/wp-json\/wp\/v2\/users\/1"}],"replies":[{"embeddable":true,"href":"https:\/\/netbakis.net\/tr\/wp-json\/wp\/v2\/comments?post=7129"}],"version-history":[{"count":1,"href":"https:\/\/netbakis.net\/tr\/wp-json\/wp\/v2\/posts\/7129\/revisions"}],"predecessor-version":[{"id":7131,"href":"https:\/\/netbakis.net\/tr\/wp-json\/wp\/v2\/posts\/7129\/revisions\/7131"}],"wp:featuredmedia":[{"embeddable":true,"href":"https:\/\/netbakis.net\/tr\/wp-json\/wp\/v2\/media\/7130"}],"wp:attachment":[{"href":"https:\/\/netbakis.net\/tr\/wp-json\/wp\/v2\/media?parent=7129"}],"wp:term":[{"taxonomy":"category","embeddable":true,"href":"https:\/\/netbakis.net\/tr\/wp-json\/wp\/v2\/categories?post=7129"},{"taxonomy":"post_tag","embeddable":true,"href":"https:\/\/netbakis.net\/tr\/wp-json\/wp\/v2\/tags?post=7129"}],"curies":[{"name":"wp","href":"https:\/\/api.w.org\/{rel}","templated":true}]}}