{"id":6989,"date":"2022-07-15T10:15:07","date_gmt":"2022-07-15T10:15:07","guid":{"rendered":"https:\/\/netbakis.net\/?p=6989"},"modified":"2022-07-15T10:15:13","modified_gmt":"2022-07-15T10:15:13","slug":"bugune-kadar-kullananlar-dikkat-satisi-turkiyede-yasaklaniyor","status":"publish","type":"post","link":"https:\/\/netbakis.net\/tr\/6989\/","title":{"rendered":"Bug\u00fcne kadar kullananlar dikkat! Sat\u0131\u015f\u0131 T\u00fcrkiye&#8217;de yasaklan\u0131yor"},"content":{"rendered":"<p>T\u00fcrkiye Tar\u0131m ve Orman Bakanl\u0131\u011f\u0131 son y\u0131llarda t\u00fcketimi artan takviye edici g\u0131da ve vitaminlerle ilgili olarak bir \u00e7al\u0131\u015fma ba\u015flatt\u0131.<\/p>\n\n\n\n<p>T\u00fcrkiye Cumhuriyeti Tar\u0131m ve Orman Bakanl\u0131\u011f\u0131 son y\u0131llarda t\u00fcketimi artan takviye edici g\u0131da ve vitaminlerle ilgili olarak bir \u00e7al\u0131\u015fma ba\u015flatt\u0131. D\u00fczenlemeye g\u00f6re, iki ya\u015f\u0131n alt\u0131ndaki \u00e7ocuklar i\u00e7in takviye g\u0131da sat\u0131\u015f\u0131 yasaklanacak. Peki bug\u00fcne kadar kan say\u0131m\u0131 ya da gerekli tetkikler yap\u0131lmadan verilen \u00e7ok say\u0131da takviye g\u0131da ve vitamin ne olacak? Kullan\u0131lan takviye g\u0131dalar \u00e7ocuklarda sa\u011fl\u0131k sorunlar\u0131na yol a\u00e7ar m\u0131? Uzmanlar dikkat \u00e7eken uyar\u0131larda bulundu.<\/p>\n\n\n\n<p>Do\u011fal yollardan yeterli besin ve vitamine ula\u015f\u0131lamamas\u0131 durumunda beslenmeyi desteklemek i\u00e7in kullan\u0131lan takviye edici g\u0131da ve vitaminlere y\u00f6nelik yeni bir d\u00fczenleme haz\u0131rland\u0131. TC Tar\u0131m ve Orman Bakanl\u0131\u011f\u0131\u2019n\u0131n y\u00f6netmelik tasla\u011f\u0131na g\u00f6re ar\u0131 s\u00fct\u00fc, ar\u0131 poleni, perga, apilarnil ve propolis i\u00e7eren takviye edici g\u0131dalara, 2-4 ya\u015f grubu i\u00e7in onay verilmeyecek. 4-10 ya\u015f grubu emme tableti, \u00e7i\u011fnenebilir tablet ve efervesan tablet hari\u00e7 di\u011fer tablet, kaps\u00fcl ve pastil gibi kat\u0131 formlardaki takviye edici g\u0131dalar\u0131 kullanamayacak. 3 ya\u015f alt\u0131 k\u00fc\u00e7\u00fck \u00e7ocuklara y\u00f6nelik haz\u0131rlanan takviye g\u0131dalar\u0131n bile\u015fiminde katk\u0131 maddesi olmayacak. 2 ya\u015f\u0131n alt\u0131 i\u00e7indeki bebekler i\u00e7in ise herhangi bir \u015fekilde takviye edici g\u0131da \u00fcretilmeyecek, onay verilmeyecek ve piyasaya arz edilmeyecek.<\/p>\n\n\n\n<p>\u2018SA\u011eLIKLI B\u0130R \u00c7OCU\u011eA TAKV\u0130YE \u00d6NER\u0130LMEMEL\u0130\u2019<\/p>\n\n\n\n<p>Milliyet&#8217;ten Bet\u00fcl Topakl\u0131&#8217;n\u0131n haberine g\u00f6re, izlenimi d\u00fczenli, herhangi bir s\u0131k\u0131nt\u0131s\u0131 olmayan \u00e7ocu\u011fa takviye edici g\u0131da ve vitamin \u00f6nermenin do\u011fru olmad\u0131\u011f\u0131na dikkat \u00e7eken \u00c7ocuk Sa\u011fl\u0131\u011f\u0131 ve Hastal\u0131klar\u0131 Uzman\u0131 Nursel Basut, \u201cGaliba biz toplumda sa\u011fl\u0131kl\u0131 \u00e7ocuk izlenimini biraz ihmal ediyoruz. \u00c7ocu\u011fun kendi i\u00e7indeki yolculu\u011funda, belirli d\u00f6nem ve rutin kontrollerinde bak\u0131lan kan de\u011ferlerinde herhangi bir problemi olmad\u0131\u011f\u0131 durumlarda takviye edici g\u0131da ve vitamin kullanmak \u00e7ok da uygun de\u011fildir. \u00d6zellikle 2 ya\u015f alt\u0131ndaki \u00e7ocuklarda mide, ba\u011f\u0131rsak, karaci\u011fer ve b\u00f6brek gibi organlar tamamen olgunla\u015fmaz. Bu nedenle gereksiz yere ila\u00e7 deste\u011fi almamalar\u0131 gerekiyor. 4 ya\u015f alt\u0131 uygulamas\u0131n\u0131n gelmesiyle birlikte aileler kendi kafalar\u0131na g\u00f6re gidip eczanelerden ila\u00e7 alamayacaklar. Bu gayet yerinde bir uygulama olacak\u201d dedi.\u201cAncak hekim uygun g\u00f6r\u00fcyor ve bak\u0131lan kan de\u011ferlerinde de eksiklik saptan\u0131yorsa, tabii ki uygun dozda, uygun etken madde i\u00e7erikli takviye edici g\u0131dalar \u00e7ocuklara verilebilir\u201d diyen Dr. Basut, \u201cBunlar da kontroll\u00fc bir \u015feklide ba\u015flan\u0131p kesilmeli. Uzun soluklu kesintisiz kullan\u0131mlar\u0131 \u00e7ok da do\u011fru de\u011fildir. Bu t\u00fcr ila\u00e7lar\u0131n hepsinin v\u00fccutta bir y\u00fck oldu\u011fu, karaci\u011fer ve b\u00f6brekte birikimlere neden olup zarar verebilece\u011fi unutmamal\u0131d\u0131r\u201d bilgilerini payla\u015ft\u0131.<\/p>\n\n\n\n<p>\u2018\u00c7OCUKLARIN TAKV\u0130YE KULLANMASI DO\u011eRU DE\u011e\u0130L\u2019<\/p>\n\n\n\n<p>Herhangi bir takviye destek almadan \u00f6nce v\u00fccudun o deste\u011fe ihtiyac\u0131n\u0131n olup olmad\u0131\u011f\u0131n\u0131n gerekli uzman de\u011ferlendirmesiyle belirlenmesinin \u00f6nemine vurgu yapan Yeditepe \u00dcniversitesi Rekt\u00f6r Yard\u0131mc\u0131s\u0131 ve Eczac\u0131l\u0131k Fak\u00fcltesi Farmas\u00f6tik Toksikoloji Anabilim Dal\u0131 Ba\u015fkan\u0131 Ahmet Ayd\u0131n da, \u201cBu de\u011ferlendirme klinikte uygun kan testleriyle yap\u0131labilir. Kulaktan dolma tavsiyelerle destekler kullan\u0131lmamal\u0131d\u0131r. Bireylerin v\u00fccutlar\u0131, genetik yap\u0131s\u0131 ve hastal\u0131klara yatk\u0131nl\u0131k durumu ki\u015fiden ki\u015fiye farkl\u0131l\u0131k g\u00f6sterebildi\u011fi i\u00e7in bir kimseye iyi gelen bir takviye ba\u015fkas\u0131 i\u00e7in zararl\u0131 olabilir&#8221; dedi.<\/p>\n\n\n\n<p>\u00d6zellikle iki ya\u015f alt\u0131 \u00e7ocuklar\u0131n \u00e7ok hassas bireyler oldu\u011funa dikkat \u00e7eken Prof. Dr. Ayd\u0131n, &#8220;Onlar\u0131n organlar\u0131 hen\u00fcz yeti\u015fkin insanlar\u0131nki gibi tam geli\u015fmemi\u015ftir. Takviye edici g\u0131dalar\u0131n i\u00e7erisinde bulunan vitaminleri, mineralleri, bitkisel bile\u015fenleri veya di\u011fer etken maddeleri yeti\u015fkinler gibi kolayca v\u00fccuttan uzakla\u015ft\u0131ramayabilirler. Bu nedenle y\u00f6netmelikte bir d\u00fczenleme ihtiyac\u0131 olu\u015fmu\u015ftur. Bu t\u00fcr takviyeleri kullanman\u0131n do\u011fru olmad\u0131\u011f\u0131n\u0131 s\u00f6yleyebilirim\u201d diye konu\u015ftu.<\/p>\n\n\n\n<p>Takviye edici g\u0131dalar\u0131n; belirli bir tablet, kaps\u00fcl, efervesan tablet, pastil, sa\u015fe, \u00e7i\u011fnenebilir form, \u015fekillendirilmi\u015f \u00e7i\u011fnenebilir form, \u00e7i\u011fnenebilir tablet, \u00e7i\u011fnenebilir kaps\u00fcl, emme tableti, kaplet, a\u011f\u0131zda eriyen film \u015ferit, sprey, ampul, flakon, s\u0131v\u0131 \u015fi\u015fe, damlal\u0131kl\u0131 \u015fi\u015fe, tek kullan\u0131ml\u0131k s\u0131v\u0131\/toz paket formlar\u0131nda piyasaya sunuldu\u011funu s\u00f6yleyen Prof. Dr. Ahmet Ayd\u0131n, \u201cBu \u00fcr\u00fcnlerin belirli kurallarda sat\u0131lmas\u0131 gerekiyor. Tar\u0131m ve Orman Bakanl\u0131\u011f\u0131\u2019n\u0131n takviye edici g\u0131da ve vitaminlere y\u00f6nelik haz\u0131rlad\u0131\u011f\u0131 y\u00f6netmelik bunun \u00e7er\u00e7evesini ortaya koyuyor. Sa\u011fl\u0131k i\u00e7in insanlar\u0131n kullan\u0131m\u0131na sunulan \u00fcr\u00fcnler \u00f6ncelikle g\u00fcvenli olmal\u0131d\u0131r\u201d \u015feklinde g\u00f6r\u00fc\u015f payla\u015ft\u0131.<\/p>\n\n\n\n<p>Prof. Dr Ayd\u0131n, \u201cGere\u011finden fazla vitamin almak sa\u011fl\u0131k sorunlar\u0131na yol a\u00e7ar. Vitaminler \u00e7ok az miktarlar\u0131yla da v\u00fccutta i\u015flevlerini g\u00f6r\u00fcrler. Bu vitaminlerin az\u0131n\u0131n sa\u011fl\u0131k sorununa yol a\u00e7abildi\u011fi gibi fazlal\u0131\u011f\u0131 da sa\u011fl\u0131k sorunlar\u0131na yol a\u00e7ar. \u00d6rne\u011fin C vitamini ne kadar \u00e7ok al\u0131n\u0131rsa al\u0131ns\u0131n v\u00fccutta depolanmayan bir vitamindir. Bu nedenle yanl\u0131\u015f bir kan\u0131yla \u00e7ok fazla al\u0131nmas\u0131 asit \u00f6zelli\u011fi nedeniyle mideye zarar verebilir, b\u00f6brek ta\u015flar\u0131na yol a\u00e7abilir. Yeterli miktarda kullan\u0131lmas\u0131, h\u00fccre yenilenmesini sa\u011flarken, a\u015f\u0131r\u0131 miktarda al\u0131nd\u0131\u011f\u0131nda h\u00fccre ya\u015flanmas\u0131na yol a\u00e7abilir. Her vitaminin g\u00fcnl\u00fck al\u0131nmas\u0131 gereken miktar uluslararas\u0131 kabul g\u00f6ren otoritelerce belirlenmi\u015ftir. Bu miktarlar a\u015f\u0131lmamal\u0131d\u0131r\u201d a\u00e7\u0131klamas\u0131n\u0131 yapt\u0131.<\/p>\n\n\n\n<p>\u2018Y\u00d6NETMEL\u0130KLE T\u00dcM S\u00dcRE\u00c7LER KONTROL ALTINDA\u2019<\/p>\n\n\n\n<p>Takviye edici g\u0131da ad\u0131 alt\u0131nda \u00fcretilen \u00fcr\u00fcnlerde yer alan baz\u0131 vitamin ve minerallerin ayn\u0131 zamanda ila\u00e7 olarak da ruhsat ald\u0131klar\u0131n\u0131 dile getiren Prof. Dr. Ahmet Ayd\u0131n, &#8220;Takviye edici g\u0131dada bulunan vitamin ve mineral miktar\u0131, ila\u00e7 olarak kullan\u0131lan dozun alt\u0131nda olmak zorundad\u0131r. Yay\u0131nlanan y\u00f6netmelik tasla\u011f\u0131 bu miktarlar\u0131 d\u00fczenliyor. Hassas bireylerde kullan\u0131m ile ilgili s\u0131n\u0131rlamalar\u0131 belirliyor. Bakanl\u0131\u011f\u0131n Takviye Edici G\u0131dalar Komisyonu\u2019nda \u00e7ok sayg\u0131n bilim insanlar\u0131 bulunuyor. Takviye edici g\u0131dalara Bakanl\u0131ktan izin alma s\u00fcre\u00e7lerinde, \u00fcr\u00fcn ile ilgili her t\u00fcrl\u00fc bilimsel bilgi komisyon \u00fcyesi uzmanlar taraf\u0131ndan de\u011ferlendiriliyor ve uygun olanlar gerekli izni al\u0131yor. \u0130\u015fte bu y\u00f6netmelikte t\u00fcm bu s\u00fcre\u00e7ler kontrol alt\u0131na al\u0131n\u0131yor. Bakanl\u0131k gayet g\u00fczel bir uygulamayla taslak y\u00f6netmeli\u011fi \u00fcniversiteler dahil konuyla ilgilenen t\u00fcm taraflar\u0131n g\u00f6r\u00fc\u015f\u00fcne a\u00e7m\u0131\u015ft\u0131r. Konuyla ilgili g\u00f6r\u00fc\u015f ve \u00f6neriyi toplayarak son \u015feklini verecektir\u201d diyerek takviye edici g\u0131dalarla ilgili haz\u0131rlanan tasla\u011f\u0131n \u00f6nemine vurgu yapt\u0131.<\/p>","protected":false},"excerpt":{"rendered":"<p>T\u00fcrkiye Tar\u0131m ve Orman Bakanl\u0131\u011f\u0131 son y\u0131llarda t\u00fcketimi artan takviye edici g\u0131da ve vitaminlerle ilgili olarak bir \u00e7al\u0131\u015fma ba\u015flatt\u0131. T\u00fcrkiye Cumhuriyeti Tar\u0131m ve Orman Bakanl\u0131\u011f\u0131 son y\u0131llarda t\u00fcketimi artan takviye edici g\u0131da ve vitaminlerle ilgili olarak bir \u00e7al\u0131\u015fma ba\u015flatt\u0131. D\u00fczenlemeye g\u00f6re, iki ya\u015f\u0131n alt\u0131ndaki \u00e7ocuklar i\u00e7in takviye g\u0131da sat\u0131\u015f\u0131 yasaklanacak. Peki bug\u00fcne kadar kan say\u0131m\u0131 [&hellip;]<\/p>","protected":false},"author":1,"featured_media":6990,"comment_status":"open","ping_status":"open","sticky":false,"template":"","format":"standard","meta":{"om_disable_all_campaigns":false,"_monsterinsights_skip_tracking":false,"_monsterinsights_sitenote_active":false,"_monsterinsights_sitenote_note":"","_monsterinsights_sitenote_category":0,"_uf_show_specific_survey":0,"_uf_disable_surveys":false,"footnotes":"","jetpack_publicize_message":"","jetpack_publicize_feature_enabled":true,"jetpack_social_post_already_shared":false,"jetpack_social_options":{"image_generator_settings":{"template":"highway","default_image_id":0,"font":"","enabled":false},"version":2}},"categories":[83],"tags":[537],"class_list":{"0":"post-6989","1":"post","2":"type-post","3":"status-publish","4":"format-standard","5":"has-post-thumbnail","7":"category-turkiye","8":"tag-bugune-kadar-kullananlar-dikkat-satisi-turkiyede-yasaklaniyor"},"yoast_head":"<!-- This site is optimized with the Yoast SEO plugin v23.8 - https:\/\/yoast.com\/wordpress\/plugins\/seo\/ -->\n<title>Bug\u00fcne kadar kullananlar dikkat! Sat\u0131\u015f\u0131 T\u00fcrkiye&#039;de yasaklan\u0131yor - NETBAKIS<\/title>\n<meta name=\"robots\" content=\"index, follow, max-snippet:-1, max-image-preview:large, max-video-preview:-1\" \/>\n<link rel=\"canonical\" href=\"https:\/\/netbakis.net\/tr\/6989\/\" \/>\n<meta property=\"og:locale\" content=\"tr_TR\" \/>\n<meta property=\"og:type\" content=\"article\" \/>\n<meta property=\"og:title\" content=\"Bug\u00fcne kadar kullananlar dikkat! Sat\u0131\u015f\u0131 T\u00fcrkiye&#039;de yasaklan\u0131yor - NETBAKIS\" \/>\n<meta property=\"og:description\" content=\"T\u00fcrkiye Tar\u0131m ve Orman Bakanl\u0131\u011f\u0131 son y\u0131llarda t\u00fcketimi artan takviye edici g\u0131da ve vitaminlerle ilgili olarak bir \u00e7al\u0131\u015fma ba\u015flatt\u0131. T\u00fcrkiye Cumhuriyeti Tar\u0131m ve Orman Bakanl\u0131\u011f\u0131 son y\u0131llarda t\u00fcketimi artan takviye edici g\u0131da ve vitaminlerle ilgili olarak bir \u00e7al\u0131\u015fma ba\u015flatt\u0131. D\u00fczenlemeye g\u00f6re, iki ya\u015f\u0131n alt\u0131ndaki \u00e7ocuklar i\u00e7in takviye g\u0131da sat\u0131\u015f\u0131 yasaklanacak. Peki bug\u00fcne kadar kan say\u0131m\u0131 [&hellip;]\" \/>\n<meta property=\"og:url\" content=\"https:\/\/netbakis.net\/tr\/6989\/\" \/>\n<meta property=\"og:site_name\" content=\"NETBAKIS\" \/>\n<meta property=\"article:published_time\" content=\"2022-07-15T10:15:07+00:00\" \/>\n<meta property=\"article:modified_time\" content=\"2022-07-15T10:15:13+00:00\" \/>\n<meta property=\"og:image\" content=\"https:\/\/netbakis.net\/wp-content\/uploads\/2022\/07\/pexels-photo-5910953.jpeg\" \/>\n\t<meta property=\"og:image:width\" content=\"1125\" \/>\n\t<meta property=\"og:image:height\" content=\"750\" \/>\n\t<meta property=\"og:image:type\" content=\"image\/jpeg\" \/>\n<meta name=\"author\" content=\"netbakis.net\" \/>\n<meta name=\"twitter:card\" content=\"summary_large_image\" \/>\n<meta name=\"twitter:label1\" content=\"Yazan:\" \/>\n\t<meta name=\"twitter:data1\" content=\"netbakis.net\" \/>\n\t<meta name=\"twitter:label2\" content=\"Tahmini okuma s\u00fcresi\" \/>\n\t<meta name=\"twitter:data2\" content=\"4 dakika\" \/>\n<script type=\"application\/ld+json\" class=\"yoast-schema-graph\">{\"@context\":\"https:\/\/schema.org\",\"@graph\":[{\"@type\":\"WebPage\",\"@id\":\"https:\/\/netbakis.net\/6989\/\",\"url\":\"https:\/\/netbakis.net\/6989\/\",\"name\":\"Bug\u00fcne kadar kullananlar dikkat! Sat\u0131\u015f\u0131 T\u00fcrkiye'de yasaklan\u0131yor - NETBAKIS\",\"isPartOf\":{\"@id\":\"https:\/\/netbakis.net\/#website\"},\"primaryImageOfPage\":{\"@id\":\"https:\/\/netbakis.net\/6989\/#primaryimage\"},\"image\":{\"@id\":\"https:\/\/netbakis.net\/6989\/#primaryimage\"},\"thumbnailUrl\":\"https:\/\/netbakis.net\/wp-content\/uploads\/2022\/07\/pexels-photo-5910953.jpeg\",\"datePublished\":\"2022-07-15T10:15:07+00:00\",\"dateModified\":\"2022-07-15T10:15:13+00:00\",\"author\":{\"@id\":\"https:\/\/netbakis.net\/#\/schema\/person\/5d9b5c3f48ca4a3c69967d619fc8c7f4\"},\"breadcrumb\":{\"@id\":\"https:\/\/netbakis.net\/6989\/#breadcrumb\"},\"inLanguage\":\"tr\",\"potentialAction\":[{\"@type\":\"ReadAction\",\"target\":[\"https:\/\/netbakis.net\/6989\/\"]}]},{\"@type\":\"ImageObject\",\"inLanguage\":\"tr\",\"@id\":\"https:\/\/netbakis.net\/6989\/#primaryimage\",\"url\":\"https:\/\/netbakis.net\/wp-content\/uploads\/2022\/07\/pexels-photo-5910953.jpeg\",\"contentUrl\":\"https:\/\/netbakis.net\/wp-content\/uploads\/2022\/07\/pexels-photo-5910953.jpeg\",\"width\":1125,\"height\":750,\"caption\":\"Bug\u00fcne kadar kullananlar dikkat! Sat\u0131\u015f\u0131 T\u00fcrkiye'de yasaklan\u0131yor\"},{\"@type\":\"BreadcrumbList\",\"@id\":\"https:\/\/netbakis.net\/6989\/#breadcrumb\",\"itemListElement\":[{\"@type\":\"ListItem\",\"position\":1,\"name\":\"Home\",\"item\":\"https:\/\/netbakis.net\/\"},{\"@type\":\"ListItem\",\"position\":2,\"name\":\"Bug\u00fcne kadar kullananlar dikkat! Sat\u0131\u015f\u0131 T\u00fcrkiye&#8217;de yasaklan\u0131yor\"}]},{\"@type\":\"WebSite\",\"@id\":\"https:\/\/netbakis.net\/#website\",\"url\":\"https:\/\/netbakis.net\/\",\"name\":\"NETBAKIS\",\"description\":\"SON DAKIKA\",\"potentialAction\":[{\"@type\":\"SearchAction\",\"target\":{\"@type\":\"EntryPoint\",\"urlTemplate\":\"https:\/\/netbakis.net\/?s={search_term_string}\"},\"query-input\":{\"@type\":\"PropertyValueSpecification\",\"valueRequired\":true,\"valueName\":\"search_term_string\"}}],\"inLanguage\":\"tr\"},{\"@type\":\"Person\",\"@id\":\"https:\/\/netbakis.net\/#\/schema\/person\/5d9b5c3f48ca4a3c69967d619fc8c7f4\",\"name\":\"netbakis.net\",\"image\":{\"@type\":\"ImageObject\",\"inLanguage\":\"tr\",\"@id\":\"https:\/\/netbakis.net\/#\/schema\/person\/image\/\",\"url\":\"https:\/\/secure.gravatar.com\/avatar\/4ddeae49d2d3e3568a8d5b0937642efdf0b72468dbe3f213bc1978faa47af0d1?s=96&d=wp_user_avatar&r=g\",\"contentUrl\":\"https:\/\/secure.gravatar.com\/avatar\/4ddeae49d2d3e3568a8d5b0937642efdf0b72468dbe3f213bc1978faa47af0d1?s=96&d=wp_user_avatar&r=g\",\"caption\":\"netbakis.net\"},\"sameAs\":[\"https:\/\/netbakis.net\"],\"url\":\"https:\/\/netbakis.net\/tr\/author\/netbakis-net\/\"}]}<\/script>\n<!-- \/ Yoast SEO plugin. -->","yoast_head_json":{"title":"Bug\u00fcne kadar kullananlar dikkat! Sat\u0131\u015f\u0131 T\u00fcrkiye'de yasaklan\u0131yor - NETBAKIS","robots":{"index":"index","follow":"follow","max-snippet":"max-snippet:-1","max-image-preview":"max-image-preview:large","max-video-preview":"max-video-preview:-1"},"canonical":"https:\/\/netbakis.net\/tr\/6989\/","og_locale":"tr_TR","og_type":"article","og_title":"Bug\u00fcne kadar kullananlar dikkat! Sat\u0131\u015f\u0131 T\u00fcrkiye'de yasaklan\u0131yor - NETBAKIS","og_description":"T\u00fcrkiye Tar\u0131m ve Orman Bakanl\u0131\u011f\u0131 son y\u0131llarda t\u00fcketimi artan takviye edici g\u0131da ve vitaminlerle ilgili olarak bir \u00e7al\u0131\u015fma ba\u015flatt\u0131. T\u00fcrkiye Cumhuriyeti Tar\u0131m ve Orman Bakanl\u0131\u011f\u0131 son y\u0131llarda t\u00fcketimi artan takviye edici g\u0131da ve vitaminlerle ilgili olarak bir \u00e7al\u0131\u015fma ba\u015flatt\u0131. D\u00fczenlemeye g\u00f6re, iki ya\u015f\u0131n alt\u0131ndaki \u00e7ocuklar i\u00e7in takviye g\u0131da sat\u0131\u015f\u0131 yasaklanacak. Peki bug\u00fcne kadar kan say\u0131m\u0131 [&hellip;]","og_url":"https:\/\/netbakis.net\/tr\/6989\/","og_site_name":"NETBAKIS","article_published_time":"2022-07-15T10:15:07+00:00","article_modified_time":"2022-07-15T10:15:13+00:00","og_image":[{"width":1125,"height":750,"url":"https:\/\/netbakis.net\/wp-content\/uploads\/2022\/07\/pexels-photo-5910953.jpeg","type":"image\/jpeg"}],"author":"netbakis.net","twitter_card":"summary_large_image","twitter_misc":{"Yazan:":"netbakis.net","Tahmini okuma s\u00fcresi":"4 dakika"},"schema":{"@context":"https:\/\/schema.org","@graph":[{"@type":"WebPage","@id":"https:\/\/netbakis.net\/6989\/","url":"https:\/\/netbakis.net\/6989\/","name":"Bug\u00fcne kadar kullananlar dikkat! Sat\u0131\u015f\u0131 T\u00fcrkiye'de yasaklan\u0131yor - NETBAKIS","isPartOf":{"@id":"https:\/\/netbakis.net\/#website"},"primaryImageOfPage":{"@id":"https:\/\/netbakis.net\/6989\/#primaryimage"},"image":{"@id":"https:\/\/netbakis.net\/6989\/#primaryimage"},"thumbnailUrl":"https:\/\/netbakis.net\/wp-content\/uploads\/2022\/07\/pexels-photo-5910953.jpeg","datePublished":"2022-07-15T10:15:07+00:00","dateModified":"2022-07-15T10:15:13+00:00","author":{"@id":"https:\/\/netbakis.net\/#\/schema\/person\/5d9b5c3f48ca4a3c69967d619fc8c7f4"},"breadcrumb":{"@id":"https:\/\/netbakis.net\/6989\/#breadcrumb"},"inLanguage":"tr","potentialAction":[{"@type":"ReadAction","target":["https:\/\/netbakis.net\/6989\/"]}]},{"@type":"ImageObject","inLanguage":"tr","@id":"https:\/\/netbakis.net\/6989\/#primaryimage","url":"https:\/\/netbakis.net\/wp-content\/uploads\/2022\/07\/pexels-photo-5910953.jpeg","contentUrl":"https:\/\/netbakis.net\/wp-content\/uploads\/2022\/07\/pexels-photo-5910953.jpeg","width":1125,"height":750,"caption":"Bug\u00fcne kadar kullananlar dikkat! Sat\u0131\u015f\u0131 T\u00fcrkiye'de yasaklan\u0131yor"},{"@type":"BreadcrumbList","@id":"https:\/\/netbakis.net\/6989\/#breadcrumb","itemListElement":[{"@type":"ListItem","position":1,"name":"Home","item":"https:\/\/netbakis.net\/"},{"@type":"ListItem","position":2,"name":"Bug\u00fcne kadar kullananlar dikkat! Sat\u0131\u015f\u0131 T\u00fcrkiye&#8217;de yasaklan\u0131yor"}]},{"@type":"WebSite","@id":"https:\/\/netbakis.net\/#website","url":"https:\/\/netbakis.net\/","name":"NETBAKIS","description":"SON DAKIKA","potentialAction":[{"@type":"SearchAction","target":{"@type":"EntryPoint","urlTemplate":"https:\/\/netbakis.net\/?s={search_term_string}"},"query-input":{"@type":"PropertyValueSpecification","valueRequired":true,"valueName":"search_term_string"}}],"inLanguage":"tr"},{"@type":"Person","@id":"https:\/\/netbakis.net\/#\/schema\/person\/5d9b5c3f48ca4a3c69967d619fc8c7f4","name":"netbakis.net","image":{"@type":"ImageObject","inLanguage":"tr","@id":"https:\/\/netbakis.net\/#\/schema\/person\/image\/","url":"https:\/\/secure.gravatar.com\/avatar\/4ddeae49d2d3e3568a8d5b0937642efdf0b72468dbe3f213bc1978faa47af0d1?s=96&d=wp_user_avatar&r=g","contentUrl":"https:\/\/secure.gravatar.com\/avatar\/4ddeae49d2d3e3568a8d5b0937642efdf0b72468dbe3f213bc1978faa47af0d1?s=96&d=wp_user_avatar&r=g","caption":"netbakis.net"},"sameAs":["https:\/\/netbakis.net"],"url":"https:\/\/netbakis.net\/tr\/author\/netbakis-net\/"}]}},"jetpack_publicize_connections":[],"_links":{"self":[{"href":"https:\/\/netbakis.net\/tr\/wp-json\/wp\/v2\/posts\/6989","targetHints":{"allow":["GET"]}}],"collection":[{"href":"https:\/\/netbakis.net\/tr\/wp-json\/wp\/v2\/posts"}],"about":[{"href":"https:\/\/netbakis.net\/tr\/wp-json\/wp\/v2\/types\/post"}],"author":[{"embeddable":true,"href":"https:\/\/netbakis.net\/tr\/wp-json\/wp\/v2\/users\/1"}],"replies":[{"embeddable":true,"href":"https:\/\/netbakis.net\/tr\/wp-json\/wp\/v2\/comments?post=6989"}],"version-history":[{"count":1,"href":"https:\/\/netbakis.net\/tr\/wp-json\/wp\/v2\/posts\/6989\/revisions"}],"predecessor-version":[{"id":6991,"href":"https:\/\/netbakis.net\/tr\/wp-json\/wp\/v2\/posts\/6989\/revisions\/6991"}],"wp:featuredmedia":[{"embeddable":true,"href":"https:\/\/netbakis.net\/tr\/wp-json\/wp\/v2\/media\/6990"}],"wp:attachment":[{"href":"https:\/\/netbakis.net\/tr\/wp-json\/wp\/v2\/media?parent=6989"}],"wp:term":[{"taxonomy":"category","embeddable":true,"href":"https:\/\/netbakis.net\/tr\/wp-json\/wp\/v2\/categories?post=6989"},{"taxonomy":"post_tag","embeddable":true,"href":"https:\/\/netbakis.net\/tr\/wp-json\/wp\/v2\/tags?post=6989"}],"curies":[{"name":"wp","href":"https:\/\/api.w.org\/{rel}","templated":true}]}}