{"id":6969,"date":"2022-07-14T09:59:08","date_gmt":"2022-07-14T09:59:08","guid":{"rendered":"https:\/\/netbakis.net\/?p=6969"},"modified":"2022-07-14T09:59:16","modified_gmt":"2022-07-14T09:59:16","slug":"yazin-bebekler-ve-cocuklari-gunesten-korumanin-yollari","status":"publish","type":"post","link":"https:\/\/netbakis.net\/tr\/6969\/","title":{"rendered":"Yaz\u0131n bebekler ve \u00e7ocuklar\u0131 g\u00fcne\u015ften koruman\u0131n yollar\u0131"},"content":{"rendered":"<p>Yaz aylar\u0131nda \u00e7ocuklar genellikle a\u00e7\u0131k havada uzun s\u00fcre vakit ge\u00e7irerek g\u00fcne\u015f \u0131\u015f\u0131nlar\u0131na daha fazla maruz kal\u0131yor.<\/p>\n\n\n\n<p>Yaz aylar\u0131nda \u00e7ocuklar genellikle a\u00e7\u0131k havada uzun s\u00fcre vakit ge\u00e7irerek g\u00fcne\u015f \u0131\u015f\u0131nlar\u0131na daha fazla maruz kal\u0131yor. Bu durum, g\u00fcne\u015ften al\u0131nan D vitamini a\u00e7\u0131s\u0131ndan \u00f6nem ta\u015f\u0131yor ancak son y\u0131llarda ozon tabakas\u0131ndaki incelme ve delinmeler nedeniyle art\u0131k g\u00fcne\u015f \u0131\u015f\u0131nlar\u0131n\u0131n zararl\u0131 etkileriyle daha fazla kar\u015f\u0131la\u015f\u0131l\u0131yor. Bu nedenle yaz mevsiminde bebeklerin ve \u00e7ocuklar\u0131n g\u00fcne\u015fin zararl\u0131 etkilerinden korunmas\u0131 daha b\u00fcy\u00fck \u00f6nem ta\u015f\u0131yor. Uz. Dr. \u0130brahim \u00d6zcan, yaz aylar\u0131nda \u00e7ocuklar\u0131n cilt sa\u011fl\u0131\u011f\u0131 i\u00e7in anne babalara \u00f6nemli \u00f6nerilerde bulundu.<\/p>\n\n\n\n<p>Uzun s\u00fcre g\u00fcne\u015f \u0131\u015f\u0131nlar\u0131na maruz kal\u0131nmas\u0131 sonucunda ultraviyole \u0131\u015f\u0131nlar (UVA ve UVB) h\u00fccrelerimizdeki DNA\u2019ya zarar verir. Bu \u0131\u015f\u0131nlar\u0131n derideki etkileri saatler veya y\u0131llar i\u00e7inde ortaya \u00e7\u0131kabilir. Yo\u011fun g\u00fcne\u015f maruziyetine ba\u011fl\u0131 erken d\u00f6nemde g\u00fcne\u015f yan\u0131\u011f\u0131, g\u00fcne\u015f alerjisi ortaya \u00e7\u0131kabilirken; uzun d\u00f6nemde g\u00fcne\u015f lekeleri, derinin erken ya\u015flanmas\u0131, y\u00fczeysel ve derin k\u0131r\u0131\u015f\u0131kl\u0131klar, damar geni\u015flemeleri ve deri kanserleri ortaya \u00e7\u0131kabilir. A\u00e7\u0131k tenli ki\u015filer ve bebekler-\u00e7ocuklar g\u00fcne\u015fin zararl\u0131 etkilerine kar\u015f\u0131 hassast\u0131rlar. \u00c7ocukluk \u00e7a\u011f\u0131nda olu\u015fan g\u00fcne\u015f yan\u0131klar\u0131, eri\u015fkin d\u00f6nemdeki deri kanserleri i\u00e7in en \u00f6nemli risk fakt\u00f6rlerinden birisidir. Bu nedenle yaz mevsiminin gelmesi ile birlikte g\u00fcne\u015fin zararl\u0131 etkilerinden bebeklerimizi ve \u00e7ocuklar\u0131m\u0131z\u0131 korumam\u0131z \u00f6nem ta\u015f\u0131maktad\u0131r.<\/p>\n\n\n\n<p>G\u00f6lgede bile korunmak \u00f6nemli<\/p>\n\n\n\n<p>G\u00fcne\u015ften korunman\u0131n en \u00f6nemli yolu g\u00fcne\u015ften ka\u00e7\u0131nmakt\u0131r. G\u00f6lgeler, bulutlu ya da kapal\u0131 hava g\u00fcne\u015ften tam koruma sa\u011flamaz. Bunun i\u00e7in \u00f6zellikle yaz aylar\u0131nda g\u00fcne\u015f \u0131\u015f\u0131nlar\u0131n\u0131n yery\u00fcz\u00fcne daha dik geldi\u011fi 10:00 ile 16:00 saatleri aras\u0131nda g\u00fcne\u015fe \u00e7\u0131k\u0131lmamal\u0131d\u0131r. Mutlaka geni\u015f kenarl\u0131 \u015fapka ve g\u00f6zl\u00fck kullan\u0131lmal\u0131, \u0131\u015f\u0131\u011f\u0131 en az ge\u00e7iren s\u0131k\u0131 dokunmu\u015f, koyu renk giysiler tercih edilmelidir. Yaz\u0131n, d\u0131\u015f ortamda bulunmak gerekiyorsa g\u00f6lgelikler tercih edilmeli; g\u00f6lgede ve bulutlu havada bile g\u00fcne\u015ften koruyucu kremler kullan\u0131lmal\u0131d\u0131r. Ultraviyole \u0131\u015f\u0131nlar suyun alt\u0131nda 60 metreye kadar ula\u015fabildi\u011fi i\u00e7in y\u00fczerken de yanmak m\u00fcmk\u00fcnd\u00fcr.<\/p>\n\n\n\n<p>6 aydan b\u00fcy\u00fck bebekler ve \u00e7ocuklara g\u00fcne\u015f koruyucu s\u00fcr\u00fclmeli<\/p>\n\n\n\n<p>G\u00fcne\u015f kremi cildi g\u00fcne\u015fin zararl\u0131 etkilerinden korur. 6 aydan b\u00fcy\u00fck bebek ve \u00e7ocuklarda mutlaka uygun g\u00fcne\u015f koruyucular kullan\u0131lmal\u0131d\u0131r. 6 ay\u0131n\u0131 doldurmam\u0131\u015f k\u00fc\u00e7\u00fck bebekler ise g\u00fcne\u015f \u0131\u015f\u0131nlar\u0131n\u0131n yo\u011fun oldu\u011fu saatlerde g\u00fcne\u015fe \u00e7\u0131kar\u0131lmamal\u0131, g\u00f6lgede tutulmal\u0131 veya uzun kollu ve ince pamuklu k\u0131yafetler giydirilmelidir.<\/p>\n\n\n\n<p>Yanaklar, burun ve omuz en s\u0131k yanan b\u00f6lgeler<\/p>\n\n\n\n<p>G\u00fcne\u015f kremi d\u0131\u015far\u0131 \u00e7\u0131kmadan 20 dakika \u00f6nce, a\u00e7\u0131kta kalan cildin tamam\u0131na uygulanmal\u0131 ve her iki saatte bir tekrar edilmelidir. Havuz veya denize girip \u00e7\u0131kt\u0131ktan sonra, havlu ile kurulanma sonras\u0131 ve terledikten sonra g\u00fcne\u015f kremi tekrar s\u00fcr\u00fclmelidir. \u00dcr\u00fcn\u00fcn yeterli miktarda kullan\u0131ld\u0131\u011f\u0131ndan ve son kullanma tarihinin ge\u00e7medi\u011finden emin olunmal\u0131d\u0131r. Bebe\u011fe g\u00fcne\u015f kremi s\u00fcrerken tahri\u015f a\u00e7\u0131s\u0131ndan g\u00f6z \u00e7evresine gelmemesine dikkat edilmelidir. G\u00fcne\u015fte en \u00e7ok yanaklar, burun ve omuzlar yand\u0131\u011f\u0131 i\u00e7in \u00f6zellikle bu b\u00f6lgelerin korunmas\u0131na \u00f6zen g\u00f6sterilmelidir.<\/p>\n\n\n\n<p>Suya dayan\u0131kl\u0131 \u00fcr\u00fcn se\u00e7imi \u00f6nemli<\/p>\n\n\n\n<p>SPF 30 veya daha y\u00fcksek olan (M\u00fcmk\u00fcnse SPF 50), geni\u015f spektrumlu koruma sa\u011flayan, UVA ve UVB \u0131\u015f\u0131nlar\u0131ndan koruyan bir g\u00fcne\u015f kremi tercih edilmelidir. Bebek ve \u00e7ocuklar\u0131n cildine uyarlanm\u0131\u015f ve dermatolojik olarak test edilmi\u015f hipoalerjenik, paraben ve alkol i\u00e7ermeyen \u00fcr\u00fcnler tercih edilmeli. Mineral ve \/ veya organo-mineral filtreler i\u00e7ermelidir. \u00c7ocuklar kumda ve suda oynamay\u0131 sevdi\u011fi i\u00e7in suya ve kuma dayan\u0131kl\u0131 olmal\u0131d\u0131r.<\/p>\n\n\n\n<p>Kokusuz ve parf\u00fcms\u00fcz g\u00fcne\u015f koruyucular\u0131 tercih edin<\/p>\n\n\n\n<p>Bebek cildi yeti\u015fkinlere g\u00f6re daha ince ve hassast\u0131r. Bu nedenle bebek ve \u00e7ocuklar i\u00e7in \u00f6zel \u00fcretilen pediatrik g\u00fcne\u015f koruyucular\u0131n\u0131n kullan\u0131m\u0131na \u00f6zen g\u00f6sterilmelidir. G\u00fcne\u015f koruyucular katk\u0131 maddesi i\u00e7ermemeli, kokusuz ve parf\u00fcms\u00fcz olmal\u0131d\u0131r. Yeti\u015fkin kremlerinin i\u00e7inde bulunan paraben, \u00e7inko oksit, titanyum dioksit gibi kimyasallar \u00e7o\u011funlukla g\u00fcne\u015f \u0131\u015f\u0131nlar\u0131ndan korumaz, aksine \u0131\u015f\u0131nlar\u0131 cilde yans\u0131t\u0131r. Bu nedenle bu tarz koruyucu maddeler i\u00e7eren kremler, \u00e7ocuklar \u00fczerinde asla kullan\u0131lmamal\u0131, fiziksel koruma sa\u011flayan mineral i\u00e7erikli markalar kullan\u0131lmal\u0131d\u0131r.<\/p>","protected":false},"excerpt":{"rendered":"<p>Yaz aylar\u0131nda \u00e7ocuklar genellikle a\u00e7\u0131k havada uzun s\u00fcre vakit ge\u00e7irerek g\u00fcne\u015f \u0131\u015f\u0131nlar\u0131na daha fazla maruz kal\u0131yor. Yaz aylar\u0131nda \u00e7ocuklar genellikle a\u00e7\u0131k havada uzun s\u00fcre vakit ge\u00e7irerek g\u00fcne\u015f \u0131\u015f\u0131nlar\u0131na daha fazla maruz kal\u0131yor. Bu durum, g\u00fcne\u015ften al\u0131nan D vitamini a\u00e7\u0131s\u0131ndan \u00f6nem ta\u015f\u0131yor ancak son y\u0131llarda ozon tabakas\u0131ndaki incelme ve delinmeler nedeniyle art\u0131k g\u00fcne\u015f \u0131\u015f\u0131nlar\u0131n\u0131n zararl\u0131 etkileriyle [&hellip;]<\/p>","protected":false},"author":1,"featured_media":6971,"comment_status":"open","ping_status":"open","sticky":false,"template":"","format":"standard","meta":{"om_disable_all_campaigns":false,"_monsterinsights_skip_tracking":false,"_monsterinsights_sitenote_active":false,"_monsterinsights_sitenote_note":"","_monsterinsights_sitenote_category":0,"_uf_show_specific_survey":0,"_uf_disable_surveys":false,"footnotes":"","jetpack_publicize_message":"","jetpack_publicize_feature_enabled":true,"jetpack_social_post_already_shared":false,"jetpack_social_options":{"image_generator_settings":{"template":"highway","default_image_id":0,"font":"","enabled":false},"version":2}},"categories":[81],"tags":[533],"class_list":{"0":"post-6969","1":"post","2":"type-post","3":"status-publish","4":"format-standard","5":"has-post-thumbnail","7":"category-gundem","8":"tag-yazin-bebekler-ve-cocuklari-gunesten-korumanin-yollari"},"yoast_head":"<!-- This site is optimized with the Yoast SEO plugin v23.8 - https:\/\/yoast.com\/wordpress\/plugins\/seo\/ -->\n<title>Yaz\u0131n bebekler ve \u00e7ocuklar\u0131 g\u00fcne\u015ften koruman\u0131n yollar\u0131 - NETBAKIS<\/title>\n<meta name=\"robots\" content=\"index, follow, max-snippet:-1, max-image-preview:large, max-video-preview:-1\" \/>\n<link rel=\"canonical\" href=\"https:\/\/netbakis.net\/tr\/6969\/\" \/>\n<meta property=\"og:locale\" content=\"tr_TR\" \/>\n<meta property=\"og:type\" content=\"article\" \/>\n<meta property=\"og:title\" content=\"Yaz\u0131n bebekler ve \u00e7ocuklar\u0131 g\u00fcne\u015ften koruman\u0131n yollar\u0131 - NETBAKIS\" \/>\n<meta property=\"og:description\" content=\"Yaz aylar\u0131nda \u00e7ocuklar genellikle a\u00e7\u0131k havada uzun s\u00fcre vakit ge\u00e7irerek g\u00fcne\u015f \u0131\u015f\u0131nlar\u0131na daha fazla maruz kal\u0131yor. Yaz aylar\u0131nda \u00e7ocuklar genellikle a\u00e7\u0131k havada uzun s\u00fcre vakit ge\u00e7irerek g\u00fcne\u015f \u0131\u015f\u0131nlar\u0131na daha fazla maruz kal\u0131yor. Bu durum, g\u00fcne\u015ften al\u0131nan D vitamini a\u00e7\u0131s\u0131ndan \u00f6nem ta\u015f\u0131yor ancak son y\u0131llarda ozon tabakas\u0131ndaki incelme ve delinmeler nedeniyle art\u0131k g\u00fcne\u015f \u0131\u015f\u0131nlar\u0131n\u0131n zararl\u0131 etkileriyle [&hellip;]\" \/>\n<meta property=\"og:url\" content=\"https:\/\/netbakis.net\/tr\/6969\/\" \/>\n<meta property=\"og:site_name\" content=\"NETBAKIS\" \/>\n<meta property=\"article:published_time\" content=\"2022-07-14T09:59:08+00:00\" \/>\n<meta property=\"article:modified_time\" content=\"2022-07-14T09:59:16+00:00\" \/>\n<meta property=\"og:image\" content=\"https:\/\/netbakis.net\/wp-content\/uploads\/2022\/07\/pexels-photo-1518836-1.jpeg\" \/>\n\t<meta property=\"og:image:width\" content=\"1125\" \/>\n\t<meta property=\"og:image:height\" content=\"750\" \/>\n\t<meta property=\"og:image:type\" content=\"image\/jpeg\" \/>\n<meta name=\"author\" content=\"netbakis.net\" \/>\n<meta name=\"twitter:card\" content=\"summary_large_image\" \/>\n<meta name=\"twitter:label1\" content=\"Yazan:\" \/>\n\t<meta name=\"twitter:data1\" content=\"netbakis.net\" \/>\n\t<meta name=\"twitter:label2\" content=\"Tahmini okuma s\u00fcresi\" \/>\n\t<meta name=\"twitter:data2\" content=\"3 dakika\" \/>\n<script type=\"application\/ld+json\" class=\"yoast-schema-graph\">{\"@context\":\"https:\/\/schema.org\",\"@graph\":[{\"@type\":\"WebPage\",\"@id\":\"https:\/\/netbakis.net\/6969\/\",\"url\":\"https:\/\/netbakis.net\/6969\/\",\"name\":\"Yaz\u0131n bebekler ve \u00e7ocuklar\u0131 g\u00fcne\u015ften koruman\u0131n yollar\u0131 - NETBAKIS\",\"isPartOf\":{\"@id\":\"https:\/\/netbakis.net\/#website\"},\"primaryImageOfPage\":{\"@id\":\"https:\/\/netbakis.net\/6969\/#primaryimage\"},\"image\":{\"@id\":\"https:\/\/netbakis.net\/6969\/#primaryimage\"},\"thumbnailUrl\":\"https:\/\/netbakis.net\/wp-content\/uploads\/2022\/07\/pexels-photo-1518836-1.jpeg\",\"datePublished\":\"2022-07-14T09:59:08+00:00\",\"dateModified\":\"2022-07-14T09:59:16+00:00\",\"author\":{\"@id\":\"https:\/\/netbakis.net\/#\/schema\/person\/5d9b5c3f48ca4a3c69967d619fc8c7f4\"},\"breadcrumb\":{\"@id\":\"https:\/\/netbakis.net\/6969\/#breadcrumb\"},\"inLanguage\":\"tr\",\"potentialAction\":[{\"@type\":\"ReadAction\",\"target\":[\"https:\/\/netbakis.net\/6969\/\"]}]},{\"@type\":\"ImageObject\",\"inLanguage\":\"tr\",\"@id\":\"https:\/\/netbakis.net\/6969\/#primaryimage\",\"url\":\"https:\/\/netbakis.net\/wp-content\/uploads\/2022\/07\/pexels-photo-1518836-1.jpeg\",\"contentUrl\":\"https:\/\/netbakis.net\/wp-content\/uploads\/2022\/07\/pexels-photo-1518836-1.jpeg\",\"width\":1125,\"height\":750,\"caption\":\"Yaz\u0131n bebekler ve \u00e7ocuklar\u0131 g\u00fcne\u015ften koruman\u0131n yollar\u0131\"},{\"@type\":\"BreadcrumbList\",\"@id\":\"https:\/\/netbakis.net\/6969\/#breadcrumb\",\"itemListElement\":[{\"@type\":\"ListItem\",\"position\":1,\"name\":\"Home\",\"item\":\"https:\/\/netbakis.net\/\"},{\"@type\":\"ListItem\",\"position\":2,\"name\":\"Yaz\u0131n bebekler ve \u00e7ocuklar\u0131 g\u00fcne\u015ften koruman\u0131n yollar\u0131\"}]},{\"@type\":\"WebSite\",\"@id\":\"https:\/\/netbakis.net\/#website\",\"url\":\"https:\/\/netbakis.net\/\",\"name\":\"NETBAKIS\",\"description\":\"SON DAKIKA\",\"potentialAction\":[{\"@type\":\"SearchAction\",\"target\":{\"@type\":\"EntryPoint\",\"urlTemplate\":\"https:\/\/netbakis.net\/?s={search_term_string}\"},\"query-input\":{\"@type\":\"PropertyValueSpecification\",\"valueRequired\":true,\"valueName\":\"search_term_string\"}}],\"inLanguage\":\"tr\"},{\"@type\":\"Person\",\"@id\":\"https:\/\/netbakis.net\/#\/schema\/person\/5d9b5c3f48ca4a3c69967d619fc8c7f4\",\"name\":\"netbakis.net\",\"image\":{\"@type\":\"ImageObject\",\"inLanguage\":\"tr\",\"@id\":\"https:\/\/netbakis.net\/#\/schema\/person\/image\/\",\"url\":\"https:\/\/secure.gravatar.com\/avatar\/4ddeae49d2d3e3568a8d5b0937642efdf0b72468dbe3f213bc1978faa47af0d1?s=96&d=wp_user_avatar&r=g\",\"contentUrl\":\"https:\/\/secure.gravatar.com\/avatar\/4ddeae49d2d3e3568a8d5b0937642efdf0b72468dbe3f213bc1978faa47af0d1?s=96&d=wp_user_avatar&r=g\",\"caption\":\"netbakis.net\"},\"sameAs\":[\"https:\/\/netbakis.net\"],\"url\":\"https:\/\/netbakis.net\/tr\/author\/netbakis-net\/\"}]}<\/script>\n<!-- \/ Yoast SEO plugin. -->","yoast_head_json":{"title":"Yaz\u0131n bebekler ve \u00e7ocuklar\u0131 g\u00fcne\u015ften koruman\u0131n yollar\u0131 - NETBAKIS","robots":{"index":"index","follow":"follow","max-snippet":"max-snippet:-1","max-image-preview":"max-image-preview:large","max-video-preview":"max-video-preview:-1"},"canonical":"https:\/\/netbakis.net\/tr\/6969\/","og_locale":"tr_TR","og_type":"article","og_title":"Yaz\u0131n bebekler ve \u00e7ocuklar\u0131 g\u00fcne\u015ften koruman\u0131n yollar\u0131 - NETBAKIS","og_description":"Yaz aylar\u0131nda \u00e7ocuklar genellikle a\u00e7\u0131k havada uzun s\u00fcre vakit ge\u00e7irerek g\u00fcne\u015f \u0131\u015f\u0131nlar\u0131na daha fazla maruz kal\u0131yor. Yaz aylar\u0131nda \u00e7ocuklar genellikle a\u00e7\u0131k havada uzun s\u00fcre vakit ge\u00e7irerek g\u00fcne\u015f \u0131\u015f\u0131nlar\u0131na daha fazla maruz kal\u0131yor. Bu durum, g\u00fcne\u015ften al\u0131nan D vitamini a\u00e7\u0131s\u0131ndan \u00f6nem ta\u015f\u0131yor ancak son y\u0131llarda ozon tabakas\u0131ndaki incelme ve delinmeler nedeniyle art\u0131k g\u00fcne\u015f \u0131\u015f\u0131nlar\u0131n\u0131n zararl\u0131 etkileriyle [&hellip;]","og_url":"https:\/\/netbakis.net\/tr\/6969\/","og_site_name":"NETBAKIS","article_published_time":"2022-07-14T09:59:08+00:00","article_modified_time":"2022-07-14T09:59:16+00:00","og_image":[{"width":1125,"height":750,"url":"https:\/\/netbakis.net\/wp-content\/uploads\/2022\/07\/pexels-photo-1518836-1.jpeg","type":"image\/jpeg"}],"author":"netbakis.net","twitter_card":"summary_large_image","twitter_misc":{"Yazan:":"netbakis.net","Tahmini okuma s\u00fcresi":"3 dakika"},"schema":{"@context":"https:\/\/schema.org","@graph":[{"@type":"WebPage","@id":"https:\/\/netbakis.net\/6969\/","url":"https:\/\/netbakis.net\/6969\/","name":"Yaz\u0131n bebekler ve \u00e7ocuklar\u0131 g\u00fcne\u015ften koruman\u0131n yollar\u0131 - NETBAKIS","isPartOf":{"@id":"https:\/\/netbakis.net\/#website"},"primaryImageOfPage":{"@id":"https:\/\/netbakis.net\/6969\/#primaryimage"},"image":{"@id":"https:\/\/netbakis.net\/6969\/#primaryimage"},"thumbnailUrl":"https:\/\/netbakis.net\/wp-content\/uploads\/2022\/07\/pexels-photo-1518836-1.jpeg","datePublished":"2022-07-14T09:59:08+00:00","dateModified":"2022-07-14T09:59:16+00:00","author":{"@id":"https:\/\/netbakis.net\/#\/schema\/person\/5d9b5c3f48ca4a3c69967d619fc8c7f4"},"breadcrumb":{"@id":"https:\/\/netbakis.net\/6969\/#breadcrumb"},"inLanguage":"tr","potentialAction":[{"@type":"ReadAction","target":["https:\/\/netbakis.net\/6969\/"]}]},{"@type":"ImageObject","inLanguage":"tr","@id":"https:\/\/netbakis.net\/6969\/#primaryimage","url":"https:\/\/netbakis.net\/wp-content\/uploads\/2022\/07\/pexels-photo-1518836-1.jpeg","contentUrl":"https:\/\/netbakis.net\/wp-content\/uploads\/2022\/07\/pexels-photo-1518836-1.jpeg","width":1125,"height":750,"caption":"Yaz\u0131n bebekler ve \u00e7ocuklar\u0131 g\u00fcne\u015ften koruman\u0131n yollar\u0131"},{"@type":"BreadcrumbList","@id":"https:\/\/netbakis.net\/6969\/#breadcrumb","itemListElement":[{"@type":"ListItem","position":1,"name":"Home","item":"https:\/\/netbakis.net\/"},{"@type":"ListItem","position":2,"name":"Yaz\u0131n bebekler ve \u00e7ocuklar\u0131 g\u00fcne\u015ften koruman\u0131n yollar\u0131"}]},{"@type":"WebSite","@id":"https:\/\/netbakis.net\/#website","url":"https:\/\/netbakis.net\/","name":"NETBAKIS","description":"SON DAKIKA","potentialAction":[{"@type":"SearchAction","target":{"@type":"EntryPoint","urlTemplate":"https:\/\/netbakis.net\/?s={search_term_string}"},"query-input":{"@type":"PropertyValueSpecification","valueRequired":true,"valueName":"search_term_string"}}],"inLanguage":"tr"},{"@type":"Person","@id":"https:\/\/netbakis.net\/#\/schema\/person\/5d9b5c3f48ca4a3c69967d619fc8c7f4","name":"netbakis.net","image":{"@type":"ImageObject","inLanguage":"tr","@id":"https:\/\/netbakis.net\/#\/schema\/person\/image\/","url":"https:\/\/secure.gravatar.com\/avatar\/4ddeae49d2d3e3568a8d5b0937642efdf0b72468dbe3f213bc1978faa47af0d1?s=96&d=wp_user_avatar&r=g","contentUrl":"https:\/\/secure.gravatar.com\/avatar\/4ddeae49d2d3e3568a8d5b0937642efdf0b72468dbe3f213bc1978faa47af0d1?s=96&d=wp_user_avatar&r=g","caption":"netbakis.net"},"sameAs":["https:\/\/netbakis.net"],"url":"https:\/\/netbakis.net\/tr\/author\/netbakis-net\/"}]}},"jetpack_publicize_connections":[],"_links":{"self":[{"href":"https:\/\/netbakis.net\/tr\/wp-json\/wp\/v2\/posts\/6969","targetHints":{"allow":["GET"]}}],"collection":[{"href":"https:\/\/netbakis.net\/tr\/wp-json\/wp\/v2\/posts"}],"about":[{"href":"https:\/\/netbakis.net\/tr\/wp-json\/wp\/v2\/types\/post"}],"author":[{"embeddable":true,"href":"https:\/\/netbakis.net\/tr\/wp-json\/wp\/v2\/users\/1"}],"replies":[{"embeddable":true,"href":"https:\/\/netbakis.net\/tr\/wp-json\/wp\/v2\/comments?post=6969"}],"version-history":[{"count":1,"href":"https:\/\/netbakis.net\/tr\/wp-json\/wp\/v2\/posts\/6969\/revisions"}],"predecessor-version":[{"id":6972,"href":"https:\/\/netbakis.net\/tr\/wp-json\/wp\/v2\/posts\/6969\/revisions\/6972"}],"wp:featuredmedia":[{"embeddable":true,"href":"https:\/\/netbakis.net\/tr\/wp-json\/wp\/v2\/media\/6971"}],"wp:attachment":[{"href":"https:\/\/netbakis.net\/tr\/wp-json\/wp\/v2\/media?parent=6969"}],"wp:term":[{"taxonomy":"category","embeddable":true,"href":"https:\/\/netbakis.net\/tr\/wp-json\/wp\/v2\/categories?post=6969"},{"taxonomy":"post_tag","embeddable":true,"href":"https:\/\/netbakis.net\/tr\/wp-json\/wp\/v2\/tags?post=6969"}],"curies":[{"name":"wp","href":"https:\/\/api.w.org\/{rel}","templated":true}]}}