{"id":6952,"date":"2022-07-14T08:38:56","date_gmt":"2022-07-14T08:38:56","guid":{"rendered":"https:\/\/netbakis.net\/?p=6952"},"modified":"2022-07-14T08:38:59","modified_gmt":"2022-07-14T08:38:59","slug":"datcada-orman-yangini-cikis-nedeni-belli-oldu","status":"publish","type":"post","link":"https:\/\/netbakis.net\/tr\/6952\/","title":{"rendered":"Dat\u00e7a&#8217;da orman yang\u0131n\u0131: \u00c7\u0131k\u0131\u015f nedeni belli oldu"},"content":{"rendered":"<p>Mu\u011fla&#8217;n\u0131n Dat\u00e7a il\u00e7esinde \u00e7\u0131kan orman yang\u0131n\u0131n\u0131 s\u00f6nd\u00fcrme \u00e7al\u0131\u015fmalar\u0131 s\u00fcr\u00fcyor. Havan\u0131n kararmas\u0131yla b\u00f6lgeye takviye ekipleri sevk edilirken, gece g\u00f6r\u00fc\u015f sistemine sahip iki yang\u0131n s\u00f6nd\u00fcrme helikopteri de \u00e7al\u0131\u015fmalara kat\u0131ld\u0131.&nbsp;<\/p>\n\n\n\n<p>Havan\u0131n ayd\u0131nlanmas\u0131yla birlikte 5 u\u00e7ak ve 12 helikopterlik hava g\u00fcc\u00fcyle m\u00fcdahale yeniden ba\u015flad\u0131. Helikopterler alevlerin \u00fczerine aral\u0131ks\u0131z olarak sorti yaparak s\u00f6nd\u00fcrme \u00e7al\u0131\u015fmalar\u0131n\u0131 s\u00fcrd\u00fcr\u00fcyor.<\/p>\n\n\n\n<p>\u00d6te yandan, Tar\u0131m ve Orman Bakan\u0131 Kiri\u015fci, yang\u0131n\u0131n \u00e7\u0131k\u0131\u015f nedenine ili\u015fkin, &#8220;\u015eu anki tespitimiz elektrik trafosundan \u00e7\u0131kt\u0131\u011f\u0131, ama kesin de\u011ferlendirmeleri ilerleyen saatlerde payla\u015faca\u011f\u0131z&#8221; dedi. Sa\u011fl\u0131k Bakan\u0131 Koca yang\u0131ndan etkilenenlerin say\u0131s\u0131n\u0131 a\u00e7\u0131klad\u0131.<\/p>\n\n\n\n<p>Dat\u00e7a&#8217;da Mesudiye Mahallesi&#8217;nin Kocada\u011f mevkisindeki ormanl\u0131k alanda d\u00fcn \u00e7\u0131kan yang\u0131na m\u00fcdahale s\u00fcr\u00fcyor. R\u00fczgar nedeniyle k\u0131sa s\u00fcrede yay\u0131lan alevlerin kontrol alt\u0131na al\u0131nmas\u0131 i\u00e7in yo\u011fun \u00e7aba harcan\u0131yor.<\/p>\n\n\n\n<figure class=\"wp-block-image\"><img decoding=\"async\" src=\"https:\/\/cdn1.ntv.com.tr\/gorsel\/KCvngyDzPEmqBiOnlxoUmA.jpg?width=1000&amp;mode=both&amp;scale=both&amp;v=1657776882590\" alt=\"Dat\u00e7a'da orman yang\u0131n\u0131: \u00c7\u0131k\u0131\u015f nedeni belli oldu - 2\"\/><\/figure>\n\n\n\n<h2 class=\"wp-block-heading\">EVLER TAHL\u0130YE ED\u0130LD\u0130<\/h2>\n\n\n\n<p>\u00c7ok say\u0131da orman i\u015f\u00e7isi, araz\u00f6z ve i\u015f makineleriyle yang\u0131n\u0131n yerle\u015fim birimlerine ilerlememesi i\u00e7in tedbir al\u0131nd\u0131 ancak alevler baz\u0131 yazl\u0131k evlere kadar ula\u015ft\u0131, hasar g\u00f6renler oldu.<\/p>\n\n\n\n<p>\u00c7ok say\u0131da ev de tahliye edildi.<\/p>\n\n\n\n<figure class=\"wp-block-image\"><img decoding=\"async\" src=\"https:\/\/cdn1.ntv.com.tr\/gorsel\/HGQwErrS9EmH-vZhHE0nQQ.jpg?width=1000&amp;mode=both&amp;scale=both&amp;v=1657776882590\" alt=\"Dat\u00e7a'da orman yang\u0131n\u0131: \u00c7\u0131k\u0131\u015f nedeni belli oldu - 3\"\/><\/figure>\n\n\n\n<h2 class=\"wp-block-heading\">TAT\u0130LC\u0130LER DE B\u00d6LGEDEN TAHL\u0130YE ED\u0130LD\u0130<\/h2>\n\n\n\n<p>\u00d6te yandan alevlerin Kabaklarl\u0131 Plaj\u0131&#8217;na kadar ilerlemesi \u00fczerine jandarma b\u00f6lgede tahliye karar\u0131 ald\u0131.<\/p>\n\n\n\n<p>Jandarma, Hay\u0131tb\u00fck\u00fc ve Kabaklarl\u0131 \u00e7evresindeki konaklama tesisi ve evlerde kalan tatilcilerden b\u00f6lgeyi bo\u015faltmalar\u0131n\u0131 istedi.<\/p>\n\n\n\n<p>Bunun \u00fczerine tatilciler, kendi ara\u00e7lar\u0131yla b\u00f6lgeden ayr\u0131lmaya ba\u015flad\u0131.<\/p>\n\n\n\n<p>B\u00f6lgeyi terk eden yakla\u015f\u0131k 2 bin ki\u015fi Palamutb\u00fck\u00fc&#8217;ne y\u00f6nlendirildi.&nbsp;Dat\u00e7a Kaymakam\u0131 Mesut \u00c7oban, tatilcilerin b\u00f6lgeden ayr\u0131lmaya ba\u015flad\u0131\u011f\u0131n\u0131 belirterek, &#8220;\u0130\u015fletme sahipleri ise kendi istekleriyle kalmay\u0131 tercih etti&#8221; dedi.<\/p>\n\n\n\n<figure class=\"wp-block-image\"><img decoding=\"async\" src=\"https:\/\/cdn1.ntv.com.tr\/gorsel\/ifsKYzr6dEi-UVZpaTDXfQ.jpg?width=1000&amp;mode=both&amp;scale=both&amp;v=1657776882590\" alt=\"Dat\u00e7a'da orman yang\u0131n\u0131: \u00c7\u0131k\u0131\u015f nedeni belli oldu - 4\"\/><\/figure>\n\n\n\n<p>Dat\u00e7a-Mesudiye karayolu da yang\u0131n nedeniyle ge\u00e7ici s\u00fcre ula\u015f\u0131ma kapat\u0131ld\u0131.<\/p>\n\n\n\n<figure class=\"wp-block-image\"><img decoding=\"async\" src=\"https:\/\/cdn1.ntv.com.tr\/gorsel\/NAdh_HIzUkOHl0eT6pESmg.jpg?width=1000&amp;mode=both&amp;scale=both&amp;v=1657776882590\" alt=\"Dat\u00e7a'da orman yang\u0131n\u0131: \u00c7\u0131k\u0131\u015f nedeni belli oldu - 5\"\/><\/figure>\n\n\n\n<h2 class=\"wp-block-heading\">YANGINA G\u0130DEN \u0130TFA\u0130YE ARACI DEVR\u0130LD\u0130<\/h2>\n\n\n\n<p>S\u00f6nd\u00fcrme \u00e7al\u0131\u015fmalar\u0131na kat\u0131lmaya giden bir itfaiye arac\u0131 da devrildi. Hafif yaralanan 3 itfaiye erine sa\u011fl\u0131k ekiplerince olay yerinde m\u00fcdahale edildi.<\/p>\n\n\n\n<figure class=\"wp-block-image\"><img decoding=\"async\" src=\"https:\/\/cdn1.ntv.com.tr\/gorsel\/XNyw-CXO1k6gikYy1NuSfA.jpg?width=1000&amp;mode=both&amp;scale=both&amp;v=1657776882590\" alt=\"Dat\u00e7a'da orman yang\u0131n\u0131: \u00c7\u0131k\u0131\u015f nedeni belli oldu - 6\"\/><\/figure>\n\n\n\n<p>Jandarma ekipleri b\u00f6lgeye g\u00f6revliler d\u0131\u015f\u0131nda giri\u015flere izin vermiyor. Orman i\u015f\u00e7ileri ve itfaiye ekipleri yang\u0131n\u0131n b\u00f6lgedeki di\u011fer evlere s\u0131\u00e7ramamas\u0131 i\u00e7in \u00e7aba g\u00f6steriyor.<\/p>\n\n\n\n<figure class=\"wp-block-image\"><img decoding=\"async\" src=\"https:\/\/cdn1.ntv.com.tr\/gorsel\/2liF8pTRv02-f7qBH6PNvw.jpg?width=1000&amp;mode=both&amp;scale=both&amp;v=1657776882590\" alt=\"Dat\u00e7a'da orman yang\u0131n\u0131: \u00c7\u0131k\u0131\u015f nedeni belli oldu - 7\"\/><\/figure>\n\n\n\n<p>Tar\u0131m ve Orman Bakanl\u0131\u011f\u0131ndan yap\u0131lan a\u00e7\u0131klamaya g\u00f6re, yang\u0131nda 10 u\u00e7ak, 17 helikopter, 179 araz\u00f6z,&nbsp;29 i\u015f makinesi, 21 ilk m\u00fcdahale arac\u0131, 1466 personel ve&nbsp;130 g\u00f6n\u00fcll\u00fc g\u00f6rev al\u0131yor.<\/p>\n\n\n\n<p>Belediyelerin itfaiye ekipleri ile askerler de s\u00f6nd\u00fcrme \u00e7al\u0131\u015fmalar\u0131na destek veriyor.<\/p>\n\n\n\n<figure class=\"wp-block-image\"><img decoding=\"async\" src=\"https:\/\/cdn1.ntv.com.tr\/gorsel\/GMmsEiouqkysEdgPRuwr0A.jpg?width=1000&amp;mode=both&amp;scale=both&amp;v=1657776882590\" alt=\"Dat\u00e7a'da orman yang\u0131n\u0131: \u00c7\u0131k\u0131\u015f nedeni belli oldu - 8\"\/><\/figure>\n\n\n\n<h2 class=\"wp-block-heading\">&#8220;ELEKTR\u0130K TRAFOSUNDAN \u00c7IKTI\u011eI Y\u00d6N\u00dcNDE&#8221;<\/h2>\n\n\n\n<p>Bakan Kiri\u015fci,&nbsp;<a href=\"https:\/\/www.ntv.com.tr\/mugla\" rel=\"noreferrer noopener\" target=\"_blank\">Mu\u011fla<\/a>&nbsp;Afet Koordinasyon Merkezi&#8217;nde yapt\u0131\u011f\u0131 a\u00e7\u0131klamada, saat 12.21 itibar\u0131yla Mesudiye Mahallesi&#8217;nde \u00e7\u0131kan yang\u0131na saat 12.35 gibi ekiplerin gerekli m\u00fcdahaleyi yapt\u0131\u011f\u0131n\u0131 s\u00f6yledi. Kiri\u015fci,&nbsp;yang\u0131n\u0131n \u00e7\u0131k\u0131\u015f nedenine ili\u015fkin, &#8220;\u015eu anki tespitimiz elektrik trafosundan \u00e7\u0131kt\u0131\u011f\u0131, ama kesin de\u011ferlendirmeleri ilerleyen saatlerde payla\u015faca\u011f\u0131z&#8221; dedi. Bakan Kiri\u015fci,&nbsp;gece g\u00f6r\u00fc\u015f sistemine sahip iki yang\u0131n s\u00f6nd\u00fcrme helikopterinin&nbsp;de Dat\u00e7a&#8217;da ilk kez kullan\u0131lmaya ba\u015fland\u0131\u011f\u0131n\u0131 s\u00f6yledi.<\/p>\n\n\n\n<figure class=\"wp-block-image\"><img decoding=\"async\" src=\"https:\/\/cdn1.ntv.com.tr\/gorsel\/OPIMfyKBr0i8cxL0aKQzaw.jpg?width=1000&amp;mode=both&amp;scale=both&amp;v=1657776882590\" alt=\"Dat\u00e7a'da orman yang\u0131n\u0131: \u00c7\u0131k\u0131\u015f nedeni belli oldu - 9\"\/><\/figure>\n\n\n\n<h2 class=\"wp-block-heading\">500-600 HEKTARLIK ALAN ZARAR G\u00d6RD\u00dc<\/h2>\n\n\n\n<p>Yang\u0131nda yakla\u015f\u0131k 500-600 hektarl\u0131k&nbsp;bir alan\u0131n zarar g\u00f6rd\u00fc\u011f\u00fcn\u00fc belirten Kiri\u015fci, &#8220;Bu 500-600 hektarl\u0131k alan\u0131n tam olarak tespitini in\u015fallah yang\u0131n kontrol alt\u0131na al\u0131nd\u0131ktan ve gerekli \u00f6l\u00e7\u00fcmler yap\u0131ld\u0131ktan sonra daha net olarak ifade edilebilecek durumda olaca\u011f\u0131z. Teselli buldu\u011fumuz en \u00f6nemli husus, gerek insan noktas\u0131nda gerekse canl\u0131 hayvan noktas\u0131nda herhangi bir zayiat\u0131n olmamas\u0131&#8221; dedi.<\/p>\n\n\n\n<figure class=\"wp-block-image\"><img decoding=\"async\" src=\"https:\/\/cdn1.ntv.com.tr\/gorsel\/JPFFIyjVIUS5CIm1kDxfwQ.jpg?width=1000&amp;mode=both&amp;scale=both&amp;v=1657776882590\" alt=\"Dat\u00e7a'da orman yang\u0131n\u0131: \u00c7\u0131k\u0131\u015f nedeni belli oldu - 10\"\/><\/figure>\n\n\n\n<h2 class=\"wp-block-heading\">2 B\u0130N 400 K\u0130\u015e\u0130 TAHL\u0130YE ED\u0130LD\u0130<\/h2>\n\n\n\n<p>2 bin 400 civar\u0131nda vatanda\u015f\u0131n, zarar g\u00f6rmemeleri, yang\u0131ndan olumsuz etkilenmemeleri i\u00e7in bulunduklar\u0131 mahalleden tahliye edildiklerini vurgulayan Kiri\u015fci, bu tahliye \u00e7al\u0131\u015fmalar\u0131yla birlikte yang\u0131n s\u00f6nd\u00fcrme \u00e7al\u0131\u015fmalar\u0131n\u0131n b\u00fcy\u00fck h\u0131zla s\u00fcrd\u00fc\u011f\u00fcn\u00fc aktard\u0131.<\/p>\n\n\n\n<figure class=\"wp-block-image\"><img decoding=\"async\" src=\"https:\/\/cdn1.ntv.com.tr\/gorsel\/Z740wdcFSU6mwqxeh4vdLA.jpg?width=1000&amp;mode=both&amp;scale=both&amp;v=1657776882590\" alt=\"Dat\u00e7a'da orman yang\u0131n\u0131: \u00c7\u0131k\u0131\u015f nedeni belli oldu - 11\"\/><\/figure>\n\n\n\n<p>Sa\u011fl\u0131k Bakan\u0131 Fahrettin Koca, Mu\u011fla&#8217;n\u0131n Dat\u00e7a il\u00e7esinde \u00e7\u0131kan orman yang\u0131n\u0131ndan 19 ki\u015finin etkilendi\u011fini duyurdu.<\/p>\n\n\n\n<p>Koca, Twitter&#8217;dan yapt\u0131\u011f\u0131 a\u00e7\u0131klamada, &#8220;Mu\u011fla Dat\u00e7a\u2019daki orman yang\u0131n\u0131 maalesef devam ediyor. \u015eu ana kadar olaydan 19 ki\u015fi etkilendi. 9 ki\u015finin tedavisi halen s\u00fcr\u00fcyor, 9 ki\u015fi taburcu edildi, 1 ki\u015fi ise tedaviye ihtiya\u00e7 duymad\u0131. 84 sa\u011fl\u0131k personelimiz; 18 ambulans, 9 UMKE Timi ve 1 Mobil Komuta Arac\u0131yla g\u00f6rev ba\u015f\u0131nda&#8221; dedi.<\/p>\n\n\n\n<figure class=\"wp-block-image\"><img decoding=\"async\" src=\"https:\/\/cdn1.ntv.com.tr\/gorsel\/luMHfE2CF06TubeZRgV5gw.jpg?width=1000&amp;mode=both&amp;scale=both&amp;v=1657776882590\" alt=\"Dat\u00e7a'da orman yang\u0131n\u0131: \u00c7\u0131k\u0131\u015f nedeni belli oldu - 12\"\/><\/figure>\n\n\n\n<h2 class=\"wp-block-heading\">KARA EK\u0130B\u0130N\u0130N SAYISI ARTIRILDI<\/h2>\n\n\n\n<p>Dat\u00e7a&#8217;daki orman yang\u0131n\u0131nda havan\u0131n kararmas\u0131yla birlikte karadan m\u00fcdahale yo\u011funla\u015ft\u0131. B\u00f6lgeye takviye kara ekipleri sevk edildi.<\/p>\n\n\n\n<figure class=\"wp-block-image\"><img decoding=\"async\" src=\"https:\/\/cdn1.ntv.com.tr\/gorsel\/6X-SeR1-L0-xLF1fly8QZA.jpg?width=1000&amp;mode=both&amp;scale=both&amp;v=1657776882590\" alt=\"Dat\u00e7a'da orman yang\u0131n\u0131: \u00c7\u0131k\u0131\u015f nedeni belli oldu - 13\"\/><\/figure>\n\n\n\n<p>Gece boyunca m\u00fcdahale s\u00fcrd\u00fc. Sabah\u0131n ilk \u0131\u015f\u0131klar\u0131yla da 12 helikopter ve 5 u\u00e7ak s\u00f6nd\u00fcrme \u00e7al\u0131\u015fmalar\u0131na yeniden ba\u015flad\u0131.<\/p>\n\n\n\n<figure class=\"wp-block-image\"><img decoding=\"async\" src=\"https:\/\/cdn1.ntv.com.tr\/gorsel\/SEnJW6Y1LkyMbOr0swsd8w.jpg?width=1000&amp;mode=both&amp;scale=both&amp;v=1657776882590\" alt=\"Dat\u00e7a'da orman yang\u0131n\u0131: \u00c7\u0131k\u0131\u015f nedeni belli oldu - 14\"\/><\/figure>\n\n\n\n<h2 class=\"wp-block-heading\">GECE G\u00d6R\u00dc\u015e S\u0130STEM\u0130NE SAH\u0130P \u0130K\u0130 YANGIN S\u00d6ND\u00dcRME HEL\u0130KOPTER\u0130 M\u00dcDAHALEYE BA\u015eLADI<\/h2>\n\n\n\n<p>Tar\u0131m ve Orman Bakan\u0131 Vahit Kiri\u015fci&#8217;nin ilk defa Dat\u00e7a&#8217;da kullan\u0131laca\u011f\u0131n\u0131 s\u00f6yledi\u011fi gece g\u00f6r\u00fc\u015f sistemine sahip iki yang\u0131n s\u00f6nd\u00fcrme helikopteri de \u00e7al\u0131\u015fmalara kat\u0131ld\u0131. Helikopterler alevlerin \u00fczerine aral\u0131ks\u0131z olarak sorti yaparak s\u00f6nd\u00fcrme \u00e7al\u0131\u015fmalar\u0131n\u0131 s\u00fcrd\u00fcr\u00fcyor.<\/p>\n\n\n\n<p><a href=\"https:\/\/www.ntv.com.tr\/video\/turkiye\/gece-goruslu-helikopterler-ilk-kez-datcadaki-yanginda-goreve-basladi,8pplhmGE-E28BXPZdDQi7A\" target=\"_blank\" rel=\"noreferrer noopener\">GECE G\u00d6R\u00dc\u015eL\u00dc HEL\u0130KOPTERLER G\u00d6REVE BA\u015eLADI<\/a><\/p>\n\n\n\n<figure class=\"wp-block-image\"><img decoding=\"async\" src=\"https:\/\/cdn1.ntv.com.tr\/gorsel\/85az4MFJNEyGDbPzp5uqVA.jpg?width=1000&amp;mode=both&amp;scale=both&amp;v=1657776882590\" alt=\"Dat\u00e7a'da orman yang\u0131n\u0131: \u00c7\u0131k\u0131\u015f nedeni belli oldu - 15\"\/><\/figure>\n\n\n\n<h2 class=\"wp-block-heading\">R\u00dcZGARLA M\u00dcCADELE<\/h2>\n\n\n\n<p>B\u00f6lgedeki r\u00fczgar\u0131n 60 kilometreye kadar \u00e7\u0131kt\u0131\u011f\u0131 ifade ediliyor.&nbsp;<\/p>\n\n\n\n<figure class=\"wp-block-image\"><img decoding=\"async\" src=\"https:\/\/cdn1.ntv.com.tr\/gorsel\/UlO_XLIhDU6X5vtX_FdmNQ.jpg?width=1000&amp;mode=both&amp;scale=both&amp;v=1657776882590\" alt=\"Dat\u00e7a'da orman yang\u0131n\u0131: \u00c7\u0131k\u0131\u015f nedeni belli oldu - 16\"\/><\/figure>\n\n\n\n<p>\u00c7e\u015fme&#8217;deki \u015fiddetli&nbsp;r\u00fczgara da dikkat \u00e7eken&nbsp;NTV Meteoroloji Edit\u00f6r\u00fc Dilek \u00c7al\u0131\u015fkan&nbsp;\u015fu bilgileri verdi:<\/p>\n\n\n\n<p>&#8221;R\u00fczgar\u0131n h\u0131z\u0131 60 kilometreye kadar \u00e7\u0131k\u0131yor. 45 kilometrenin alt\u0131na da inmesini beklemiyoruz. Ne yaz\u0131k ki b\u00f6lgedeki r\u00fczgar, bu h\u0131z\u0131yla bir hafta boyunca etkisini s\u00fcrd\u00fcrecek.&#8221;<\/p>\n\n\n\n<figure class=\"wp-block-image\"><img decoding=\"async\" src=\"https:\/\/cdn1.ntv.com.tr\/gorsel\/hfihU3kWoU6xQORIT0W8ng.jpg?width=1000&amp;mode=both&amp;scale=both&amp;v=1657776882590\" alt=\"Dat\u00e7a'da orman yang\u0131n\u0131: \u00c7\u0131k\u0131\u015f nedeni belli oldu - 17\"\/><\/figure>\n\n\n\n<figure class=\"wp-block-image\"><img decoding=\"async\" src=\"https:\/\/cdn1.ntv.com.tr\/gorsel\/ARFEizy3OEO05ATi-SAJqw.jpg?width=1000&amp;mode=both&amp;scale=both&amp;v=1657776882590\" alt=\"Dat\u00e7a'da orman yang\u0131n\u0131: \u00c7\u0131k\u0131\u015f nedeni belli oldu - 18\"\/><\/figure>\n\n\n\n<figure class=\"wp-block-image\"><img decoding=\"async\" src=\"https:\/\/cdn1.ntv.com.tr\/gorsel\/fNZSMNDPJ0qFNrbZDCX6CQ.jpg?width=1000&amp;mode=both&amp;scale=both&amp;v=1657776882590\" alt=\"Dat\u00e7a'da orman yang\u0131n\u0131: \u00c7\u0131k\u0131\u015f nedeni belli oldu - 19\"\/><\/figure>\n\n\n\n<figure class=\"wp-block-image\"><img decoding=\"async\" src=\"https:\/\/cdn1.ntv.com.tr\/gorsel\/WCBOZdx1-k-rN9Xf56ehjQ.jpg?width=1000&amp;mode=both&amp;scale=both&amp;v=1657776882590\" alt=\"Dat\u00e7a'da orman yang\u0131n\u0131: \u00c7\u0131k\u0131\u015f nedeni belli oldu - 20\"\/><\/figure>\n\n\n\n<figure class=\"wp-block-image\"><img decoding=\"async\" src=\"https:\/\/cdn1.ntv.com.tr\/gorsel\/yTSlcI98z0Wuob3wl-00QQ.jpg?width=1000&amp;mode=both&amp;scale=both&amp;v=1657776882590\" alt=\"Dat\u00e7a'da orman yang\u0131n\u0131: \u00c7\u0131k\u0131\u015f nedeni belli oldu - 21\"\/><\/figure>\n\n\n\n<figure class=\"wp-block-image\"><img decoding=\"async\" src=\"https:\/\/cdn1.ntv.com.tr\/gorsel\/ZnFICAnix0STjzCiIMFIEg.jpg?width=1000&amp;mode=both&amp;scale=both&amp;v=1657776882590\" alt=\"Dat\u00e7a'da orman yang\u0131n\u0131: \u00c7\u0131k\u0131\u015f nedeni belli oldu - 22\"\/><\/figure>\n\n\n\n<figure class=\"wp-block-image\"><img decoding=\"async\" src=\"https:\/\/cdn1.ntv.com.tr\/gorsel\/ykIij9Tp-0SodAsXLlihJg.jpg?width=1000&amp;mode=both&amp;scale=both&amp;v=1657776882590\" alt=\"Dat\u00e7a'da orman yang\u0131n\u0131: \u00c7\u0131k\u0131\u015f nedeni belli oldu - 23\"\/><\/figure>\n\n\n\n<figure class=\"wp-block-image\"><img decoding=\"async\" src=\"https:\/\/cdn1.ntv.com.tr\/gorsel\/voeDlgKu4EmqfZVNr6agCA.jpg?width=1000&amp;mode=both&amp;scale=both&amp;v=1657776882590\" alt=\"Dat\u00e7a'da orman yang\u0131n\u0131: \u00c7\u0131k\u0131\u015f nedeni belli oldu - 24\"\/><\/figure>\n\n\n\n<figure class=\"wp-block-image\"><img decoding=\"async\" src=\"https:\/\/cdn1.ntv.com.tr\/gorsel\/0viPzh_C60-BT8r7AoThbw.jpg?width=1000&amp;mode=both&amp;scale=both&amp;v=1657776882590\" alt=\"Dat\u00e7a'da orman yang\u0131n\u0131: \u00c7\u0131k\u0131\u015f nedeni belli oldu - 25\"\/><\/figure>\n\n\n\n<figure class=\"wp-block-image\"><img decoding=\"async\" src=\"https:\/\/cdn1.ntv.com.tr\/gorsel\/DFPvDQUIQU6C9d0seMS1Eg.jpg?width=1000&amp;mode=both&amp;scale=both&amp;v=1657776882590\" alt=\"Dat\u00e7a'da orman yang\u0131n\u0131: \u00c7\u0131k\u0131\u015f nedeni belli oldu - 26\"\/><\/figure>\n\n\n\n<figure class=\"wp-block-image\"><img decoding=\"async\" src=\"https:\/\/cdn1.ntv.com.tr\/gorsel\/DEHdyu0weECjeGbRP5f1qw.jpg?width=1000&amp;mode=both&amp;scale=both&amp;v=1657776882590\" alt=\"Dat\u00e7a'da orman yang\u0131n\u0131: \u00c7\u0131k\u0131\u015f nedeni belli oldu - 27\"\/><\/figure>\n\n\n\n<figure class=\"wp-block-image\"><img decoding=\"async\" src=\"https:\/\/cdn1.ntv.com.tr\/gorsel\/as_ECJmZnEOc2CanJ12w8A.jpg?width=1000&amp;mode=both&amp;scale=both&amp;v=1657776882590\" alt=\"Dat\u00e7a'da orman yang\u0131n\u0131: \u00c7\u0131k\u0131\u015f nedeni belli oldu - 28\"\/><\/figure>\n\n\n\n<figure class=\"wp-block-image\"><img decoding=\"async\" src=\"https:\/\/cdn1.ntv.com.tr\/gorsel\/IQ3chb8p3ESZoAGuYswAJg.jpg?width=1000&amp;mode=both&amp;scale=both&amp;v=1657776882590\" alt=\"Dat\u00e7a'da orman yang\u0131n\u0131: \u00c7\u0131k\u0131\u015f nedeni belli oldu - 29\"\/><\/figure>\n\n\n\n<figure class=\"wp-block-image\"><img decoding=\"async\" src=\"https:\/\/cdn1.ntv.com.tr\/gorsel\/kxDrGifzSk-gLNETsz-MTw.jpg?width=1000&amp;mode=both&amp;scale=both&amp;v=1657776882590\" alt=\"Dat\u00e7a'da orman yang\u0131n\u0131: \u00c7\u0131k\u0131\u015f nedeni belli oldu - 30\"\/><\/figure>","protected":false},"excerpt":{"rendered":"<p>Mu\u011fla&#8217;n\u0131n Dat\u00e7a il\u00e7esinde \u00e7\u0131kan orman yang\u0131n\u0131n\u0131 s\u00f6nd\u00fcrme \u00e7al\u0131\u015fmalar\u0131 s\u00fcr\u00fcyor. Havan\u0131n kararmas\u0131yla b\u00f6lgeye takviye ekipleri sevk edilirken, gece g\u00f6r\u00fc\u015f sistemine sahip iki yang\u0131n s\u00f6nd\u00fcrme helikopteri de \u00e7al\u0131\u015fmalara kat\u0131ld\u0131.&nbsp; Havan\u0131n ayd\u0131nlanmas\u0131yla birlikte 5 u\u00e7ak ve 12 helikopterlik hava g\u00fcc\u00fcyle m\u00fcdahale yeniden ba\u015flad\u0131. Helikopterler alevlerin \u00fczerine aral\u0131ks\u0131z olarak sorti yaparak s\u00f6nd\u00fcrme \u00e7al\u0131\u015fmalar\u0131n\u0131 s\u00fcrd\u00fcr\u00fcyor. \u00d6te yandan, Tar\u0131m ve Orman [&hellip;]<\/p>","protected":false},"author":1,"featured_media":6953,"comment_status":"open","ping_status":"open","sticky":false,"template":"","format":"standard","meta":{"om_disable_all_campaigns":false,"_monsterinsights_skip_tracking":false,"_monsterinsights_sitenote_active":false,"_monsterinsights_sitenote_note":"","_monsterinsights_sitenote_category":0,"_uf_show_specific_survey":0,"_uf_disable_surveys":false,"footnotes":"","jetpack_publicize_message":"","jetpack_publicize_feature_enabled":true,"jetpack_social_post_already_shared":false,"jetpack_social_options":{"image_generator_settings":{"template":"highway","default_image_id":0,"font":"","enabled":false},"version":2}},"categories":[83],"tags":[527],"class_list":{"0":"post-6952","1":"post","2":"type-post","3":"status-publish","4":"format-standard","5":"has-post-thumbnail","7":"category-turkiye","8":"tag-datcada-orman-yangini-cikis-nedeni-belli-oldu"},"yoast_head":"<!-- This site is optimized with the Yoast SEO plugin v23.8 - https:\/\/yoast.com\/wordpress\/plugins\/seo\/ -->\n<title>Dat\u00e7a&#039;da orman yang\u0131n\u0131: \u00c7\u0131k\u0131\u015f nedeni belli oldu - NETBAKIS<\/title>\n<meta name=\"robots\" content=\"index, follow, max-snippet:-1, max-image-preview:large, max-video-preview:-1\" \/>\n<link rel=\"canonical\" href=\"https:\/\/netbakis.net\/tr\/6952\/\" \/>\n<meta property=\"og:locale\" content=\"tr_TR\" \/>\n<meta property=\"og:type\" content=\"article\" \/>\n<meta property=\"og:title\" content=\"Dat\u00e7a&#039;da orman yang\u0131n\u0131: \u00c7\u0131k\u0131\u015f nedeni belli oldu - NETBAKIS\" \/>\n<meta property=\"og:description\" content=\"Mu\u011fla&#8217;n\u0131n Dat\u00e7a il\u00e7esinde \u00e7\u0131kan orman yang\u0131n\u0131n\u0131 s\u00f6nd\u00fcrme \u00e7al\u0131\u015fmalar\u0131 s\u00fcr\u00fcyor. Havan\u0131n kararmas\u0131yla b\u00f6lgeye takviye ekipleri sevk edilirken, gece g\u00f6r\u00fc\u015f sistemine sahip iki yang\u0131n s\u00f6nd\u00fcrme helikopteri de \u00e7al\u0131\u015fmalara kat\u0131ld\u0131.&nbsp; Havan\u0131n ayd\u0131nlanmas\u0131yla birlikte 5 u\u00e7ak ve 12 helikopterlik hava g\u00fcc\u00fcyle m\u00fcdahale yeniden ba\u015flad\u0131. Helikopterler alevlerin \u00fczerine aral\u0131ks\u0131z olarak sorti yaparak s\u00f6nd\u00fcrme \u00e7al\u0131\u015fmalar\u0131n\u0131 s\u00fcrd\u00fcr\u00fcyor. \u00d6te yandan, Tar\u0131m ve Orman [&hellip;]\" \/>\n<meta property=\"og:url\" content=\"https:\/\/netbakis.net\/tr\/6952\/\" \/>\n<meta property=\"og:site_name\" content=\"NETBAKIS\" \/>\n<meta property=\"article:published_time\" content=\"2022-07-14T08:38:56+00:00\" \/>\n<meta property=\"article:modified_time\" content=\"2022-07-14T08:38:59+00:00\" \/>\n<meta property=\"og:image\" content=\"https:\/\/netbakis.net\/wp-content\/uploads\/2022\/07\/as_ECJmZnEOc2CanJ12w8A.webp\" \/>\n\t<meta property=\"og:image:width\" content=\"1000\" \/>\n\t<meta property=\"og:image:height\" content=\"666\" \/>\n\t<meta property=\"og:image:type\" content=\"image\/webp\" \/>\n<meta name=\"author\" content=\"netbakis.net\" \/>\n<meta name=\"twitter:card\" content=\"summary_large_image\" \/>\n<meta name=\"twitter:label1\" content=\"Yazan:\" \/>\n\t<meta name=\"twitter:data1\" content=\"netbakis.net\" \/>\n\t<meta name=\"twitter:label2\" content=\"Tahmini okuma s\u00fcresi\" \/>\n\t<meta name=\"twitter:data2\" content=\"9 dakika\" \/>\n<script type=\"application\/ld+json\" class=\"yoast-schema-graph\">{\"@context\":\"https:\/\/schema.org\",\"@graph\":[{\"@type\":\"WebPage\",\"@id\":\"https:\/\/netbakis.net\/6952\/\",\"url\":\"https:\/\/netbakis.net\/6952\/\",\"name\":\"Dat\u00e7a'da orman yang\u0131n\u0131: \u00c7\u0131k\u0131\u015f nedeni belli oldu - NETBAKIS\",\"isPartOf\":{\"@id\":\"https:\/\/netbakis.net\/#website\"},\"primaryImageOfPage\":{\"@id\":\"https:\/\/netbakis.net\/6952\/#primaryimage\"},\"image\":{\"@id\":\"https:\/\/netbakis.net\/6952\/#primaryimage\"},\"thumbnailUrl\":\"https:\/\/netbakis.net\/wp-content\/uploads\/2022\/07\/as_ECJmZnEOc2CanJ12w8A.webp\",\"datePublished\":\"2022-07-14T08:38:56+00:00\",\"dateModified\":\"2022-07-14T08:38:59+00:00\",\"author\":{\"@id\":\"https:\/\/netbakis.net\/#\/schema\/person\/5d9b5c3f48ca4a3c69967d619fc8c7f4\"},\"breadcrumb\":{\"@id\":\"https:\/\/netbakis.net\/6952\/#breadcrumb\"},\"inLanguage\":\"tr\",\"potentialAction\":[{\"@type\":\"ReadAction\",\"target\":[\"https:\/\/netbakis.net\/6952\/\"]}]},{\"@type\":\"ImageObject\",\"inLanguage\":\"tr\",\"@id\":\"https:\/\/netbakis.net\/6952\/#primaryimage\",\"url\":\"https:\/\/netbakis.net\/wp-content\/uploads\/2022\/07\/as_ECJmZnEOc2CanJ12w8A.webp\",\"contentUrl\":\"https:\/\/netbakis.net\/wp-content\/uploads\/2022\/07\/as_ECJmZnEOc2CanJ12w8A.webp\",\"width\":1000,\"height\":666,\"caption\":\"Dat\u00e7a'da orman yang\u0131n\u0131: \u00c7\u0131k\u0131\u015f nedeni belli oldu\"},{\"@type\":\"BreadcrumbList\",\"@id\":\"https:\/\/netbakis.net\/6952\/#breadcrumb\",\"itemListElement\":[{\"@type\":\"ListItem\",\"position\":1,\"name\":\"Home\",\"item\":\"https:\/\/netbakis.net\/\"},{\"@type\":\"ListItem\",\"position\":2,\"name\":\"Dat\u00e7a&#8217;da orman yang\u0131n\u0131: \u00c7\u0131k\u0131\u015f nedeni belli oldu\"}]},{\"@type\":\"WebSite\",\"@id\":\"https:\/\/netbakis.net\/#website\",\"url\":\"https:\/\/netbakis.net\/\",\"name\":\"NETBAKIS\",\"description\":\"SON DAKIKA\",\"potentialAction\":[{\"@type\":\"SearchAction\",\"target\":{\"@type\":\"EntryPoint\",\"urlTemplate\":\"https:\/\/netbakis.net\/?s={search_term_string}\"},\"query-input\":{\"@type\":\"PropertyValueSpecification\",\"valueRequired\":true,\"valueName\":\"search_term_string\"}}],\"inLanguage\":\"tr\"},{\"@type\":\"Person\",\"@id\":\"https:\/\/netbakis.net\/#\/schema\/person\/5d9b5c3f48ca4a3c69967d619fc8c7f4\",\"name\":\"netbakis.net\",\"image\":{\"@type\":\"ImageObject\",\"inLanguage\":\"tr\",\"@id\":\"https:\/\/netbakis.net\/#\/schema\/person\/image\/\",\"url\":\"https:\/\/secure.gravatar.com\/avatar\/4ddeae49d2d3e3568a8d5b0937642efdf0b72468dbe3f213bc1978faa47af0d1?s=96&d=wp_user_avatar&r=g\",\"contentUrl\":\"https:\/\/secure.gravatar.com\/avatar\/4ddeae49d2d3e3568a8d5b0937642efdf0b72468dbe3f213bc1978faa47af0d1?s=96&d=wp_user_avatar&r=g\",\"caption\":\"netbakis.net\"},\"sameAs\":[\"https:\/\/netbakis.net\"],\"url\":\"https:\/\/netbakis.net\/tr\/author\/netbakis-net\/\"}]}<\/script>\n<!-- \/ Yoast SEO plugin. -->","yoast_head_json":{"title":"Dat\u00e7a'da orman yang\u0131n\u0131: \u00c7\u0131k\u0131\u015f nedeni belli oldu - NETBAKIS","robots":{"index":"index","follow":"follow","max-snippet":"max-snippet:-1","max-image-preview":"max-image-preview:large","max-video-preview":"max-video-preview:-1"},"canonical":"https:\/\/netbakis.net\/tr\/6952\/","og_locale":"tr_TR","og_type":"article","og_title":"Dat\u00e7a'da orman yang\u0131n\u0131: \u00c7\u0131k\u0131\u015f nedeni belli oldu - NETBAKIS","og_description":"Mu\u011fla&#8217;n\u0131n Dat\u00e7a il\u00e7esinde \u00e7\u0131kan orman yang\u0131n\u0131n\u0131 s\u00f6nd\u00fcrme \u00e7al\u0131\u015fmalar\u0131 s\u00fcr\u00fcyor. Havan\u0131n kararmas\u0131yla b\u00f6lgeye takviye ekipleri sevk edilirken, gece g\u00f6r\u00fc\u015f sistemine sahip iki yang\u0131n s\u00f6nd\u00fcrme helikopteri de \u00e7al\u0131\u015fmalara kat\u0131ld\u0131.&nbsp; Havan\u0131n ayd\u0131nlanmas\u0131yla birlikte 5 u\u00e7ak ve 12 helikopterlik hava g\u00fcc\u00fcyle m\u00fcdahale yeniden ba\u015flad\u0131. Helikopterler alevlerin \u00fczerine aral\u0131ks\u0131z olarak sorti yaparak s\u00f6nd\u00fcrme \u00e7al\u0131\u015fmalar\u0131n\u0131 s\u00fcrd\u00fcr\u00fcyor. \u00d6te yandan, Tar\u0131m ve Orman [&hellip;]","og_url":"https:\/\/netbakis.net\/tr\/6952\/","og_site_name":"NETBAKIS","article_published_time":"2022-07-14T08:38:56+00:00","article_modified_time":"2022-07-14T08:38:59+00:00","og_image":[{"width":1000,"height":666,"url":"https:\/\/netbakis.net\/wp-content\/uploads\/2022\/07\/as_ECJmZnEOc2CanJ12w8A.webp","type":"image\/webp"}],"author":"netbakis.net","twitter_card":"summary_large_image","twitter_misc":{"Yazan:":"netbakis.net","Tahmini okuma s\u00fcresi":"9 dakika"},"schema":{"@context":"https:\/\/schema.org","@graph":[{"@type":"WebPage","@id":"https:\/\/netbakis.net\/6952\/","url":"https:\/\/netbakis.net\/6952\/","name":"Dat\u00e7a'da orman yang\u0131n\u0131: \u00c7\u0131k\u0131\u015f nedeni belli oldu - NETBAKIS","isPartOf":{"@id":"https:\/\/netbakis.net\/#website"},"primaryImageOfPage":{"@id":"https:\/\/netbakis.net\/6952\/#primaryimage"},"image":{"@id":"https:\/\/netbakis.net\/6952\/#primaryimage"},"thumbnailUrl":"https:\/\/netbakis.net\/wp-content\/uploads\/2022\/07\/as_ECJmZnEOc2CanJ12w8A.webp","datePublished":"2022-07-14T08:38:56+00:00","dateModified":"2022-07-14T08:38:59+00:00","author":{"@id":"https:\/\/netbakis.net\/#\/schema\/person\/5d9b5c3f48ca4a3c69967d619fc8c7f4"},"breadcrumb":{"@id":"https:\/\/netbakis.net\/6952\/#breadcrumb"},"inLanguage":"tr","potentialAction":[{"@type":"ReadAction","target":["https:\/\/netbakis.net\/6952\/"]}]},{"@type":"ImageObject","inLanguage":"tr","@id":"https:\/\/netbakis.net\/6952\/#primaryimage","url":"https:\/\/netbakis.net\/wp-content\/uploads\/2022\/07\/as_ECJmZnEOc2CanJ12w8A.webp","contentUrl":"https:\/\/netbakis.net\/wp-content\/uploads\/2022\/07\/as_ECJmZnEOc2CanJ12w8A.webp","width":1000,"height":666,"caption":"Dat\u00e7a'da orman yang\u0131n\u0131: \u00c7\u0131k\u0131\u015f nedeni belli oldu"},{"@type":"BreadcrumbList","@id":"https:\/\/netbakis.net\/6952\/#breadcrumb","itemListElement":[{"@type":"ListItem","position":1,"name":"Home","item":"https:\/\/netbakis.net\/"},{"@type":"ListItem","position":2,"name":"Dat\u00e7a&#8217;da orman yang\u0131n\u0131: \u00c7\u0131k\u0131\u015f nedeni belli oldu"}]},{"@type":"WebSite","@id":"https:\/\/netbakis.net\/#website","url":"https:\/\/netbakis.net\/","name":"NETBAKIS","description":"SON DAKIKA","potentialAction":[{"@type":"SearchAction","target":{"@type":"EntryPoint","urlTemplate":"https:\/\/netbakis.net\/?s={search_term_string}"},"query-input":{"@type":"PropertyValueSpecification","valueRequired":true,"valueName":"search_term_string"}}],"inLanguage":"tr"},{"@type":"Person","@id":"https:\/\/netbakis.net\/#\/schema\/person\/5d9b5c3f48ca4a3c69967d619fc8c7f4","name":"netbakis.net","image":{"@type":"ImageObject","inLanguage":"tr","@id":"https:\/\/netbakis.net\/#\/schema\/person\/image\/","url":"https:\/\/secure.gravatar.com\/avatar\/4ddeae49d2d3e3568a8d5b0937642efdf0b72468dbe3f213bc1978faa47af0d1?s=96&d=wp_user_avatar&r=g","contentUrl":"https:\/\/secure.gravatar.com\/avatar\/4ddeae49d2d3e3568a8d5b0937642efdf0b72468dbe3f213bc1978faa47af0d1?s=96&d=wp_user_avatar&r=g","caption":"netbakis.net"},"sameAs":["https:\/\/netbakis.net"],"url":"https:\/\/netbakis.net\/tr\/author\/netbakis-net\/"}]}},"jetpack_publicize_connections":[],"_links":{"self":[{"href":"https:\/\/netbakis.net\/tr\/wp-json\/wp\/v2\/posts\/6952","targetHints":{"allow":["GET"]}}],"collection":[{"href":"https:\/\/netbakis.net\/tr\/wp-json\/wp\/v2\/posts"}],"about":[{"href":"https:\/\/netbakis.net\/tr\/wp-json\/wp\/v2\/types\/post"}],"author":[{"embeddable":true,"href":"https:\/\/netbakis.net\/tr\/wp-json\/wp\/v2\/users\/1"}],"replies":[{"embeddable":true,"href":"https:\/\/netbakis.net\/tr\/wp-json\/wp\/v2\/comments?post=6952"}],"version-history":[{"count":1,"href":"https:\/\/netbakis.net\/tr\/wp-json\/wp\/v2\/posts\/6952\/revisions"}],"predecessor-version":[{"id":6954,"href":"https:\/\/netbakis.net\/tr\/wp-json\/wp\/v2\/posts\/6952\/revisions\/6954"}],"wp:featuredmedia":[{"embeddable":true,"href":"https:\/\/netbakis.net\/tr\/wp-json\/wp\/v2\/media\/6953"}],"wp:attachment":[{"href":"https:\/\/netbakis.net\/tr\/wp-json\/wp\/v2\/media?parent=6952"}],"wp:term":[{"taxonomy":"category","embeddable":true,"href":"https:\/\/netbakis.net\/tr\/wp-json\/wp\/v2\/categories?post=6952"},{"taxonomy":"post_tag","embeddable":true,"href":"https:\/\/netbakis.net\/tr\/wp-json\/wp\/v2\/tags?post=6952"}],"curies":[{"name":"wp","href":"https:\/\/api.w.org\/{rel}","templated":true}]}}