{"id":6935,"date":"2022-07-14T08:26:19","date_gmt":"2022-07-14T08:26:19","guid":{"rendered":"https:\/\/netbakis.net\/?p=6935"},"modified":"2022-07-14T08:26:23","modified_gmt":"2022-07-14T08:26:23","slug":"medya-basari-ve-tesvik-odulleri-sahiplerini-buldu","status":"publish","type":"post","link":"https:\/\/netbakis.net\/tr\/6935\/","title":{"rendered":"Medya Ba\u015far\u0131 ve Te\u015fvik \u00d6d\u00fclleri sahiplerini buldu"},"content":{"rendered":"<p>K\u0131br\u0131s T\u00fcrk Gazeteciler Birli\u011fi (KTGB), \u201c11 Temmuz Bas\u0131n G\u00fcn\u00fc\u201d nedeniyle Paradise Park\u2019ta resepsiyon d\u00fczenledi.<\/p>\n\n\n\n<p>K\u0131br\u0131s T\u00fcrk Gazeteciler Birli\u011fi (KTGB), \u201c11 Temmuz Bas\u0131n G\u00fcn\u00fc\u201d nedeniyle Paradise Park\u2019ta resepsiyon d\u00fczenledi.<\/p>\n\n\n\n<p>K\u0131br\u0131s\u2019ta bir T\u00fcrk taraf\u0131ndan \u00e7\u0131kar\u0131lan ilk T\u00fcrk\u00e7e gazete Saded\u2019in 133\u2019\u00fcnc\u00fc y\u0131l\u0131 an\u0131s\u0131na kutlanan gecede, \u201cMedya Ba\u015far\u0131 ve Te\u015fvik \u00d6d\u00fclleri\u201d ile \u201cHizmet Onur \u00d6d\u00fclleri\u201d de verildi.<\/p>\n\n\n\n<p>Gecede, TAK muhabirleri Rahme \u00c7ift\u00e7io\u011flu ve Erol Uysal\u2019a r\u00f6portaj ve foto\u011fraf \u00f6d\u00fclleri verilirken, \u00d6zlem Kaya Yalg\u0131n ve H\u00fcseyin Say\u0131l\u2019a da Hizmet Onur \u00d6d\u00fcl\u00fc takdim edildi.<\/p>\n\n\n\n<p>Geceye, baz\u0131 bakan, milletvekilleri, siyasiler, kurum, kurulu\u015f ve sivil toplum \u00f6rg\u00fct\u00fc temsilcileri ile bas\u0131n camias\u0131 kat\u0131ld\u0131.<\/p>\n\n\n\n<p>-Amcao\u011flu<\/p>\n\n\n\n<p>Ekonomi ve Enerji Bakan\u0131 Olgun Amcao\u011flu yapt\u0131\u011f\u0131 konu\u015fmada, \u00f6zellikle geceye kat\u0131larak, bas\u0131n mensuplar\u0131yla birlikte olmak istedi\u011fini belirterek, \u201cSizlerle olmak, her i\u015fin yar\u0131s\u0131n\u0131 te\u015fkil eden bas\u0131nla birlikte bu g\u00fczel gecede sizin duygular\u0131n\u0131z\u0131 payla\u015fmak benim i\u00e7in \u00e7ok \u00f6nemli\u201d diye konu\u015ftu.<\/p>\n\n\n\n<p>\u00dclkede ekonomik ve di\u011fer konularda ya\u015fanan s\u0131k\u0131nt\u0131lar oldu\u011funu dile getiren Amcao\u011flu, \u201cBir \u00fclke bir \u015feyler yapmaya \u00e7al\u0131\u015f\u0131yorsa, hep birlikte bir \u015feyleri kurtarmaya \u00e7al\u0131\u015f\u0131yorsa elbette ki eksiklikler de olacakt\u0131r, yanl\u0131\u015flar da olacakt\u0131r\u201d dedi.<\/p>\n\n\n\n<p>Eksiklikleri, yanl\u0131\u015flar\u0131 ortadan kald\u0131rmak ad\u0131na hep birlikte \u00e7al\u0131\u015fmak gerekti\u011fini ifade eden Amcao\u011flu, \u00fclkenin daha g\u00fczel ve m\u00fcreffeh y\u0131llara ula\u015fmas\u0131 i\u00e7in bas\u0131n mensuplar\u0131na kulak t\u0131kayarak de\u011fil daha da dikkat kesilerek, bug\u00fcnlerin a\u015f\u0131laca\u011f\u0131na inan\u00e7 belirtti.<\/p>\n\n\n\n<p>-Erh\u00fcrman<\/p>\n\n\n\n<p>Ana Muhalefet Cumhuriyet\u00e7i T\u00fcrk Partisi Genel Ba\u015fkan\u0131 Tufan Erh\u00fcrman ise konu\u015fmas\u0131nda, \u201cBas\u0131n\u0131m\u0131z 133 ya\u015f\u0131nda\u2026 Arzu ederdik ki 133 ya\u015f\u0131nda olan bas\u0131n\u0131m\u0131z\u0131n bas\u0131n \u00f6zg\u00fcrl\u00fc\u011f\u00fcyle ilgili konu\u015fmalar\u0131 bug\u00fcn de\u011ferlendirmek zorunda kald\u0131\u011f\u0131m\u0131z yasa tasar\u0131lar\u0131 \u00fczerinden yapmayal\u0131m\u201d dedi.<\/p>\n\n\n\n<p>Erh\u00fcrman, \u201cSon d\u00f6nemde maalesef belki 100 y\u0131l \u00f6ncesine d\u00f6nd\u00fck ve tekrardan devletin bas\u0131n \u00f6zg\u00fcrl\u00fc\u011f\u00fcne, d\u00fc\u015f\u00fcnceyi a\u00e7\u0131klama \u00f6zg\u00fcrl\u00fc\u011f\u00fcne m\u00fcdahalesini konu\u015fmak zorunda b\u0131rak\u0131ld\u0131k\u201d ele\u015ftirisinde bulundu.<\/p>\n\n\n\n<p>Gazetecilerin ve halk\u0131n genelinin yasa tasar\u0131lar\u0131na kar\u015f\u0131 sergiledi\u011fi dayan\u0131\u015fmay\u0131, m\u00fccadeleyi y\u00fcrekten selamlad\u0131\u011f\u0131n\u0131 dile getiren Erh\u00fcrman, \u201cSon d\u00f6nemde ya\u015fad\u0131\u011f\u0131m\u0131z karabasan\u0131n i\u00e7erisinde nefes alabilece\u011fimiz adeta bir boru yaratt\u0131 bas\u0131n \u00f6zg\u00fcrl\u00fc\u011f\u00fc konusunda bas\u0131n emek\u00e7ilerimiz. Ger\u00e7ekten bir moral oldu, umut oldu\u201d diye konu\u015ftu.<\/p>\n\n\n\n<p>M\u00fccadelenin bitmedi\u011fini kaydeden Erh\u00fcrman, bas\u0131n \u00f6zg\u00fcrl\u00fc\u011f\u00fc ile ilgili yasalar\u0131n tekrar g\u00fcndeme gelmesi halinde m\u00fccadelenin daha da b\u00fcy\u00fcyerek, devam edece\u011fi ve \u00e7ok ciddi noktalara ula\u015faca\u011f\u0131 uyar\u0131s\u0131nda bulundu.<\/p>\n\n\n\n<p>\u201cDemokrasi fukarala\u015fmas\u0131 yan\u0131nda \u00e7ok ciddi bir ekonomik fukarala\u015fma d\u00f6neminden de ge\u00e7iyoruz\u201d diyen Erh\u00fcrman, asgari \u00fccretle \u00e7al\u0131\u015fmak zorunda kalan bas\u0131n emek\u00e7ileri oldu\u011funu kaydetti. Yeni asgari \u00fccretin de hem hayat pahal\u0131l\u0131\u011f\u0131n\u0131n hem de a\u00e7l\u0131k s\u0131n\u0131r\u0131n\u0131n alt\u0131nda oldu\u011funu belirten Erh\u00fcrman, buna kar\u015f\u0131 da ayn\u0131 dayan\u0131\u015fmay\u0131 sergilemek ve birlikte m\u00fccadele etmek gerekti\u011fini s\u00f6yledi.<\/p>\n\n\n\n<p>Erh\u00fcrman konu\u015fmas\u0131n\u0131, \u201c\u00d6zg\u00fcrl\u00fck, senden b\u00fcy\u00fck sak\u0131n ha dokunma\u201d s\u00f6zleriyle tamamlad\u0131.<\/p>\n\n\n\n<p>-Akkor<\/p>\n\n\n\n<p>KTGB Ba\u015fkan\u0131 Emin Akkor da, \u201cK\u0131br\u0131s T\u00fcrk bas\u0131n\u0131 olarak 11 Temmuz Bas\u0131n G\u00fcn\u00fc\u2019n\u00fc, ifade ve d\u00fc\u015f\u00fcnce \u00f6zg\u00fcrl\u00fc\u011f\u00fcn\u00fc tehdit edecek yasal giri\u015fim ve ekonomik krizin g\u00f6lgesinde kutluyoruz\u201d dedi.<\/p>\n\n\n\n<p>Toplumun ifade \u00f6zg\u00fcrl\u00fc\u011f\u00fcne ciddi s\u0131n\u0131rland\u0131rmalar getirecek \u00fc\u00e7 yasadaki d\u00fczenlemelere kar\u015f\u0131 \u201c\u00d6zg\u00fcrl\u00fck senden b\u00fcy\u00fck: dokunma\u201d slogan\u0131yla eylem yapt\u0131klar\u0131n\u0131 ifade eden Akkor, eylemin, toplumsal dayan\u0131\u015fman\u0131n g\u00fczel bir \u00f6rne\u011fini ortaya koydu\u011funu belirtti. Emin Akkor, \u201cDileriz bu tasar\u0131lar tekrar g\u00fcndeme gelmez. E\u011fer gelirse Gazeteciler Birli\u011fi\u2019nin duru\u015fu nettir. \u0130fade \u00f6zg\u00fcrl\u00fc\u011f\u00fcne dokundurtmay\u0131z\u201d dedi.<\/p>\n\n\n\n<p>BRT M\u00fcd\u00fcr\u00fc Meryem \u00d6zkurt\u2019un hapiste oldu\u011fu bir d\u00f6nemde bas\u0131n g\u00fcn\u00fcn\u00fcn kutland\u0131\u011f\u0131na i\u015faret eden Akkor, \u201cBRT\u2019nin \u00f6zerk olmamas\u0131n\u0131n bir sonucu olarak maalesef bug\u00fcn Meryem \u00d6zkurt arkada\u015f\u0131m\u0131z demir parmakl\u0131klar arkas\u0131ndad\u0131r. BRTK ve TAK\u2019\u0131n \u00f6zerk ve siyasetten ar\u0131nd\u0131r\u0131lm\u0131\u015f bir yap\u0131ya kavu\u015fmas\u0131n\u0131 talebimizi yineleriz\u201d diye konu\u015ftu.<\/p>\n\n\n\n<p>Gazeteciler ve medya organlar\u0131n\u0131n bug\u00fcn ciddi ekonomik zorluklar \u00e7ekti\u011fini anlatan Akkor, \u00f6zel medyan\u0131n kurumsalla\u015ft\u0131r\u0131larak, rekabet edebilirlik f\u0131rsatlar\u0131n\u0131 yakalayaca\u011f\u0131 ad\u0131mlar at\u0131lmas\u0131 i\u00e7in yetkililerle giri\u015fimler ba\u015flatt\u0131klar\u0131n\u0131 ifade etti.<\/p>\n\n\n\n<p>Gazeteciler Birli\u011fi\u2019nin y\u00fcr\u00fctt\u00fc\u011f\u00fc projelerden de bahseden Akkor, \u0130sve\u00e7\u2019te faaliyet g\u00f6steren Fojo Medya Enstit\u00fcs\u00fc b\u00fcnyesinde iki toplumlu yeni bir proje ba\u015flatt\u0131klar\u0131n\u0131, ayr\u0131ca, gen\u00e7 gazetecilerin Avrupa\u2019daki medya \u00e7al\u0131\u015fmalar\u0131n\u0131 izleyip e\u011fitim alacaklar\u0131 organizasyonlar\u0131n g\u00f6r\u00fc\u015fmelerini s\u00fcrd\u00fcrd\u00fcklerini s\u00f6yledi.<\/p>\n\n\n\n<p>Akkor, sadece ifade \u00f6zg\u00fcrl\u00fc\u011f\u00fc de\u011fil, daha \u00e7a\u011fda\u015f bir toplumda y\u00f6netilme \u00e7abalar\u0131n\u0131n i\u00e7inde olmaya devam edeceklerini belirtti.<\/p>\n\n\n\n<p>-2022 \u00d6d\u00fclleri<\/p>\n\n\n\n<p>\u00d6d\u00fcl komitesinin yapt\u0131\u011f\u0131 de\u011ferlendirmeler sonucu 2022 y\u0131l\u0131 \u00f6d\u00fclleri \u015fu \u015fekilde belirlendi:<\/p>\n\n\n\n<p>\u201cYaz\u0131l\u0131 Bas\u0131n ve Yeni Medya Yay\u0131nlar: Haber: Fehime Alasya \u201cKromozom anomalisiyle do\u011fan bebeklerin say\u0131s\u0131nda 3 kat\u0131 art\u0131\u015f\u201d haberi ile (Yenid\u00fczen)<\/p>\n\n\n\n<p>Foto\u011fraf: Erol Uysal \u201cEllerin Azizli\u011fi\u201d foto\u011fraf\u0131 ile (TAK)<\/p>\n\n\n\n<p>R\u00f6portaj: Rahme \u00c7ift\u00e7io\u011flu \u201cYenido\u011fanlar i\u00e7in \u00fclkenin ilk yo\u011funbak\u0131m \u00fcnitesini kuran, bebek \u00f6l\u00fcmlerini en aza indiren hekim: Dr. \u00c7i\u011fdem Bakkalo\u011flu\u201d r\u00f6portaj\u0131 ile (TAK)<\/p>\n\n\n\n<p>Spor: Burhan G\u00fcrkan\/Y\u00fccel Hatay \u201cT\u00fcm zamanlar\u0131n puan durumu\u201d haberi ile (Yenid\u00fczen)<\/p>\n\n\n\n<p>Televizyon: Spor: \u0130rfan Geleng\u00fcl \u2013 Basel-KKTOK \u0130n\u00f6n\u00fc Rallisi Halil Mulla- Mehmet \u00c7a\u011fla onboard yay\u0131n\u0131 ile.<\/p>\n\n\n\n<p>\u00d6zel \u00d6d\u00fcller: Gen\u00e7 Yetenek \u00d6zel \u00d6d\u00fcl\u00fc: Do\u011fan Samer (K\u0131br\u0131s)<\/p>\n\n\n\n<p>Bar\u0131\u015f Gazetecili\u011fi \u00d6zel \u00d6d\u00fcl\u00fc: Nedim Enginsoy \u201cK\u0131br\u0131sl\u0131 Rum\u2019un Hayalet \u015eehir Mara\u015f\u2019a Geri D\u00f6n\u00fc\u015f\u00fcnde Ya\u015fad\u0131\u011f\u0131 Izd\u0131rap\u201d adl\u0131 foto\u011fraf\u0131 ile<\/p>\n\n\n\n<p>Medyada Hakan \u00c7akmak K\u00fclt\u00fcr Sanat \u00d6d\u00fcl\u00fc: Ali Atamer (Perihan Aziz ve Neriman Cahit Belgeselleri ile)<\/p>\n\n\n\n<p>Gazetecilik Mesle\u011fine Katk\u0131da Bulunan Akademik \u00c7al\u0131\u015fma \u00d6d\u00fcl\u00fc: Huri Yontucu (K\u0131br\u0131sl\u0131 T\u00fcrk ve K\u0131br\u0131sl\u0131 Rum gazetecilerin sosyo-psikolojik s\u00fcre\u00e7lerinin bar\u0131\u015f gazetecili\u011fi ve sava\u015f gazetecili\u011fi tutumlar\u0131na olan etkileri ba\u015fl\u0131kl\u0131 akademik \u00e7al\u0131\u015fmas\u0131 ile)\u201d<\/p>\n\n\n\n<p>-Hizmet Onur \u00d6d\u00fclleri<\/p>\n\n\n\n<p>Resepsiyonda, bas\u0131n sekt\u00f6r\u00fcnde 25 y\u0131l\u0131n\u0131 dolduran 25 ki\u015fiye de \u201cHizmet Onur \u00d6d\u00fcl\u00fc\u201d verildi. \u00d6d\u00fcl alan \u00fcyeler \u015f\u00f6yle:<\/p>\n\n\n\n<p>\u201cAhmet Kas\u0131mo\u011flu, Ali Deryal\u0131, Bet\u00fcl Sonu\u00e7 Arslan, Birol Bebek, Can Gazi, Cemal Y\u0131ld\u0131r\u0131m, Dilek K\u0131r\u0131c\u0131, Dilek \u00d6nc\u00fcl Kodan, Enver Ermetal, F\u00fcsun Davulcu, G\u00f6ksel Ada\u00f6z, Havva \u00c7oban, Halil C\u00f6mertt\u00fcrk, H\u00fcseyin Say\u0131l, \u0130brahim \u00d6zsoy, \u0130clal Kaya, M\u00fcge \u015eule \u0130lbuldu, \u00d6zlem Kaya Yalg\u0131n, \u00d6zmen Y\u0131lanc\u0131lar, Serda T\u00fczel, Suad Sui\u00e7mez, T\u00fclay Mercan, U\u011fur Kaptano\u011flu, Veli Kocaismail, Ziya Tuna\u00e7.\u201d<\/p>","protected":false},"excerpt":{"rendered":"<p>K\u0131br\u0131s T\u00fcrk Gazeteciler Birli\u011fi (KTGB), \u201c11 Temmuz Bas\u0131n G\u00fcn\u00fc\u201d nedeniyle Paradise Park\u2019ta resepsiyon d\u00fczenledi. K\u0131br\u0131s T\u00fcrk Gazeteciler Birli\u011fi (KTGB), \u201c11 Temmuz Bas\u0131n G\u00fcn\u00fc\u201d nedeniyle Paradise Park\u2019ta resepsiyon d\u00fczenledi. K\u0131br\u0131s\u2019ta bir T\u00fcrk taraf\u0131ndan \u00e7\u0131kar\u0131lan ilk T\u00fcrk\u00e7e gazete Saded\u2019in 133\u2019\u00fcnc\u00fc y\u0131l\u0131 an\u0131s\u0131na kutlanan gecede, \u201cMedya Ba\u015far\u0131 ve Te\u015fvik \u00d6d\u00fclleri\u201d ile \u201cHizmet Onur \u00d6d\u00fclleri\u201d de verildi. Gecede, TAK [&hellip;]<\/p>","protected":false},"author":1,"featured_media":6936,"comment_status":"open","ping_status":"open","sticky":false,"template":"","format":"standard","meta":{"om_disable_all_campaigns":false,"_monsterinsights_skip_tracking":false,"_monsterinsights_sitenote_active":false,"_monsterinsights_sitenote_note":"","_monsterinsights_sitenote_category":0,"_uf_show_specific_survey":0,"_uf_disable_surveys":false,"footnotes":"","jetpack_publicize_message":"","jetpack_publicize_feature_enabled":true,"jetpack_social_post_already_shared":false,"jetpack_social_options":{"image_generator_settings":{"template":"highway","default_image_id":0,"font":"","enabled":false},"version":2}},"categories":[81],"tags":[522],"class_list":{"0":"post-6935","1":"post","2":"type-post","3":"status-publish","4":"format-standard","5":"has-post-thumbnail","7":"category-gundem","8":"tag-medya-basari-ve-tesvik-odulleri-sahiplerini-buldu"},"yoast_head":"<!-- This site is optimized with the Yoast SEO plugin v23.8 - https:\/\/yoast.com\/wordpress\/plugins\/seo\/ -->\n<title>Medya Ba\u015far\u0131 ve Te\u015fvik \u00d6d\u00fclleri sahiplerini buldu - NETBAKIS<\/title>\n<meta name=\"robots\" content=\"index, follow, max-snippet:-1, max-image-preview:large, max-video-preview:-1\" \/>\n<link rel=\"canonical\" href=\"https:\/\/netbakis.net\/tr\/6935\/\" \/>\n<meta property=\"og:locale\" content=\"tr_TR\" \/>\n<meta property=\"og:type\" content=\"article\" \/>\n<meta property=\"og:title\" content=\"Medya Ba\u015far\u0131 ve Te\u015fvik \u00d6d\u00fclleri sahiplerini buldu - NETBAKIS\" \/>\n<meta property=\"og:description\" content=\"K\u0131br\u0131s T\u00fcrk Gazeteciler Birli\u011fi (KTGB), \u201c11 Temmuz Bas\u0131n G\u00fcn\u00fc\u201d nedeniyle Paradise Park\u2019ta resepsiyon d\u00fczenledi. K\u0131br\u0131s T\u00fcrk Gazeteciler Birli\u011fi (KTGB), \u201c11 Temmuz Bas\u0131n G\u00fcn\u00fc\u201d nedeniyle Paradise Park\u2019ta resepsiyon d\u00fczenledi. K\u0131br\u0131s\u2019ta bir T\u00fcrk taraf\u0131ndan \u00e7\u0131kar\u0131lan ilk T\u00fcrk\u00e7e gazete Saded\u2019in 133\u2019\u00fcnc\u00fc y\u0131l\u0131 an\u0131s\u0131na kutlanan gecede, \u201cMedya Ba\u015far\u0131 ve Te\u015fvik \u00d6d\u00fclleri\u201d ile \u201cHizmet Onur \u00d6d\u00fclleri\u201d de verildi. Gecede, TAK [&hellip;]\" \/>\n<meta property=\"og:url\" content=\"https:\/\/netbakis.net\/tr\/6935\/\" \/>\n<meta property=\"og:site_name\" content=\"NETBAKIS\" \/>\n<meta property=\"article:published_time\" content=\"2022-07-14T08:26:19+00:00\" \/>\n<meta property=\"article:modified_time\" content=\"2022-07-14T08:26:23+00:00\" \/>\n<meta property=\"og:image\" content=\"https:\/\/netbakis.net\/wp-content\/uploads\/2022\/07\/67575.jpg\" \/>\n\t<meta property=\"og:image:width\" content=\"806\" \/>\n\t<meta property=\"og:image:height\" content=\"538\" \/>\n\t<meta property=\"og:image:type\" content=\"image\/jpeg\" \/>\n<meta name=\"author\" content=\"netbakis.net\" \/>\n<meta name=\"twitter:card\" content=\"summary_large_image\" \/>\n<meta name=\"twitter:label1\" content=\"Yazan:\" \/>\n\t<meta name=\"twitter:data1\" content=\"netbakis.net\" \/>\n\t<meta name=\"twitter:label2\" content=\"Tahmini okuma s\u00fcresi\" \/>\n\t<meta name=\"twitter:data2\" content=\"4 dakika\" \/>\n<script type=\"application\/ld+json\" class=\"yoast-schema-graph\">{\"@context\":\"https:\/\/schema.org\",\"@graph\":[{\"@type\":\"WebPage\",\"@id\":\"https:\/\/netbakis.net\/6935\/\",\"url\":\"https:\/\/netbakis.net\/6935\/\",\"name\":\"Medya Ba\u015far\u0131 ve Te\u015fvik \u00d6d\u00fclleri sahiplerini buldu - NETBAKIS\",\"isPartOf\":{\"@id\":\"https:\/\/netbakis.net\/#website\"},\"primaryImageOfPage\":{\"@id\":\"https:\/\/netbakis.net\/6935\/#primaryimage\"},\"image\":{\"@id\":\"https:\/\/netbakis.net\/6935\/#primaryimage\"},\"thumbnailUrl\":\"https:\/\/netbakis.net\/wp-content\/uploads\/2022\/07\/67575.jpg\",\"datePublished\":\"2022-07-14T08:26:19+00:00\",\"dateModified\":\"2022-07-14T08:26:23+00:00\",\"author\":{\"@id\":\"https:\/\/netbakis.net\/#\/schema\/person\/5d9b5c3f48ca4a3c69967d619fc8c7f4\"},\"breadcrumb\":{\"@id\":\"https:\/\/netbakis.net\/6935\/#breadcrumb\"},\"inLanguage\":\"tr\",\"potentialAction\":[{\"@type\":\"ReadAction\",\"target\":[\"https:\/\/netbakis.net\/6935\/\"]}]},{\"@type\":\"ImageObject\",\"inLanguage\":\"tr\",\"@id\":\"https:\/\/netbakis.net\/6935\/#primaryimage\",\"url\":\"https:\/\/netbakis.net\/wp-content\/uploads\/2022\/07\/67575.jpg\",\"contentUrl\":\"https:\/\/netbakis.net\/wp-content\/uploads\/2022\/07\/67575.jpg\",\"width\":806,\"height\":538,\"caption\":\"Medya Ba\u015far\u0131 ve Te\u015fvik \u00d6d\u00fclleri sahiplerini buldu\"},{\"@type\":\"BreadcrumbList\",\"@id\":\"https:\/\/netbakis.net\/6935\/#breadcrumb\",\"itemListElement\":[{\"@type\":\"ListItem\",\"position\":1,\"name\":\"Home\",\"item\":\"https:\/\/netbakis.net\/\"},{\"@type\":\"ListItem\",\"position\":2,\"name\":\"Medya Ba\u015far\u0131 ve Te\u015fvik \u00d6d\u00fclleri sahiplerini buldu\"}]},{\"@type\":\"WebSite\",\"@id\":\"https:\/\/netbakis.net\/#website\",\"url\":\"https:\/\/netbakis.net\/\",\"name\":\"NETBAKIS\",\"description\":\"SON DAKIKA\",\"potentialAction\":[{\"@type\":\"SearchAction\",\"target\":{\"@type\":\"EntryPoint\",\"urlTemplate\":\"https:\/\/netbakis.net\/?s={search_term_string}\"},\"query-input\":{\"@type\":\"PropertyValueSpecification\",\"valueRequired\":true,\"valueName\":\"search_term_string\"}}],\"inLanguage\":\"tr\"},{\"@type\":\"Person\",\"@id\":\"https:\/\/netbakis.net\/#\/schema\/person\/5d9b5c3f48ca4a3c69967d619fc8c7f4\",\"name\":\"netbakis.net\",\"image\":{\"@type\":\"ImageObject\",\"inLanguage\":\"tr\",\"@id\":\"https:\/\/netbakis.net\/#\/schema\/person\/image\/\",\"url\":\"https:\/\/secure.gravatar.com\/avatar\/4ddeae49d2d3e3568a8d5b0937642efdf0b72468dbe3f213bc1978faa47af0d1?s=96&d=wp_user_avatar&r=g\",\"contentUrl\":\"https:\/\/secure.gravatar.com\/avatar\/4ddeae49d2d3e3568a8d5b0937642efdf0b72468dbe3f213bc1978faa47af0d1?s=96&d=wp_user_avatar&r=g\",\"caption\":\"netbakis.net\"},\"sameAs\":[\"https:\/\/netbakis.net\"],\"url\":\"https:\/\/netbakis.net\/tr\/author\/netbakis-net\/\"}]}<\/script>\n<!-- \/ Yoast SEO plugin. -->","yoast_head_json":{"title":"Medya Ba\u015far\u0131 ve Te\u015fvik \u00d6d\u00fclleri sahiplerini buldu - NETBAKIS","robots":{"index":"index","follow":"follow","max-snippet":"max-snippet:-1","max-image-preview":"max-image-preview:large","max-video-preview":"max-video-preview:-1"},"canonical":"https:\/\/netbakis.net\/tr\/6935\/","og_locale":"tr_TR","og_type":"article","og_title":"Medya Ba\u015far\u0131 ve Te\u015fvik \u00d6d\u00fclleri sahiplerini buldu - NETBAKIS","og_description":"K\u0131br\u0131s T\u00fcrk Gazeteciler Birli\u011fi (KTGB), \u201c11 Temmuz Bas\u0131n G\u00fcn\u00fc\u201d nedeniyle Paradise Park\u2019ta resepsiyon d\u00fczenledi. K\u0131br\u0131s T\u00fcrk Gazeteciler Birli\u011fi (KTGB), \u201c11 Temmuz Bas\u0131n G\u00fcn\u00fc\u201d nedeniyle Paradise Park\u2019ta resepsiyon d\u00fczenledi. K\u0131br\u0131s\u2019ta bir T\u00fcrk taraf\u0131ndan \u00e7\u0131kar\u0131lan ilk T\u00fcrk\u00e7e gazete Saded\u2019in 133\u2019\u00fcnc\u00fc y\u0131l\u0131 an\u0131s\u0131na kutlanan gecede, \u201cMedya Ba\u015far\u0131 ve Te\u015fvik \u00d6d\u00fclleri\u201d ile \u201cHizmet Onur \u00d6d\u00fclleri\u201d de verildi. Gecede, TAK [&hellip;]","og_url":"https:\/\/netbakis.net\/tr\/6935\/","og_site_name":"NETBAKIS","article_published_time":"2022-07-14T08:26:19+00:00","article_modified_time":"2022-07-14T08:26:23+00:00","og_image":[{"width":806,"height":538,"url":"https:\/\/netbakis.net\/wp-content\/uploads\/2022\/07\/67575.jpg","type":"image\/jpeg"}],"author":"netbakis.net","twitter_card":"summary_large_image","twitter_misc":{"Yazan:":"netbakis.net","Tahmini okuma s\u00fcresi":"4 dakika"},"schema":{"@context":"https:\/\/schema.org","@graph":[{"@type":"WebPage","@id":"https:\/\/netbakis.net\/6935\/","url":"https:\/\/netbakis.net\/6935\/","name":"Medya Ba\u015far\u0131 ve Te\u015fvik \u00d6d\u00fclleri sahiplerini buldu - NETBAKIS","isPartOf":{"@id":"https:\/\/netbakis.net\/#website"},"primaryImageOfPage":{"@id":"https:\/\/netbakis.net\/6935\/#primaryimage"},"image":{"@id":"https:\/\/netbakis.net\/6935\/#primaryimage"},"thumbnailUrl":"https:\/\/netbakis.net\/wp-content\/uploads\/2022\/07\/67575.jpg","datePublished":"2022-07-14T08:26:19+00:00","dateModified":"2022-07-14T08:26:23+00:00","author":{"@id":"https:\/\/netbakis.net\/#\/schema\/person\/5d9b5c3f48ca4a3c69967d619fc8c7f4"},"breadcrumb":{"@id":"https:\/\/netbakis.net\/6935\/#breadcrumb"},"inLanguage":"tr","potentialAction":[{"@type":"ReadAction","target":["https:\/\/netbakis.net\/6935\/"]}]},{"@type":"ImageObject","inLanguage":"tr","@id":"https:\/\/netbakis.net\/6935\/#primaryimage","url":"https:\/\/netbakis.net\/wp-content\/uploads\/2022\/07\/67575.jpg","contentUrl":"https:\/\/netbakis.net\/wp-content\/uploads\/2022\/07\/67575.jpg","width":806,"height":538,"caption":"Medya Ba\u015far\u0131 ve Te\u015fvik \u00d6d\u00fclleri sahiplerini buldu"},{"@type":"BreadcrumbList","@id":"https:\/\/netbakis.net\/6935\/#breadcrumb","itemListElement":[{"@type":"ListItem","position":1,"name":"Home","item":"https:\/\/netbakis.net\/"},{"@type":"ListItem","position":2,"name":"Medya Ba\u015far\u0131 ve Te\u015fvik \u00d6d\u00fclleri sahiplerini buldu"}]},{"@type":"WebSite","@id":"https:\/\/netbakis.net\/#website","url":"https:\/\/netbakis.net\/","name":"NETBAKIS","description":"SON DAKIKA","potentialAction":[{"@type":"SearchAction","target":{"@type":"EntryPoint","urlTemplate":"https:\/\/netbakis.net\/?s={search_term_string}"},"query-input":{"@type":"PropertyValueSpecification","valueRequired":true,"valueName":"search_term_string"}}],"inLanguage":"tr"},{"@type":"Person","@id":"https:\/\/netbakis.net\/#\/schema\/person\/5d9b5c3f48ca4a3c69967d619fc8c7f4","name":"netbakis.net","image":{"@type":"ImageObject","inLanguage":"tr","@id":"https:\/\/netbakis.net\/#\/schema\/person\/image\/","url":"https:\/\/secure.gravatar.com\/avatar\/4ddeae49d2d3e3568a8d5b0937642efdf0b72468dbe3f213bc1978faa47af0d1?s=96&d=wp_user_avatar&r=g","contentUrl":"https:\/\/secure.gravatar.com\/avatar\/4ddeae49d2d3e3568a8d5b0937642efdf0b72468dbe3f213bc1978faa47af0d1?s=96&d=wp_user_avatar&r=g","caption":"netbakis.net"},"sameAs":["https:\/\/netbakis.net"],"url":"https:\/\/netbakis.net\/tr\/author\/netbakis-net\/"}]}},"jetpack_publicize_connections":[],"_links":{"self":[{"href":"https:\/\/netbakis.net\/tr\/wp-json\/wp\/v2\/posts\/6935","targetHints":{"allow":["GET"]}}],"collection":[{"href":"https:\/\/netbakis.net\/tr\/wp-json\/wp\/v2\/posts"}],"about":[{"href":"https:\/\/netbakis.net\/tr\/wp-json\/wp\/v2\/types\/post"}],"author":[{"embeddable":true,"href":"https:\/\/netbakis.net\/tr\/wp-json\/wp\/v2\/users\/1"}],"replies":[{"embeddable":true,"href":"https:\/\/netbakis.net\/tr\/wp-json\/wp\/v2\/comments?post=6935"}],"version-history":[{"count":1,"href":"https:\/\/netbakis.net\/tr\/wp-json\/wp\/v2\/posts\/6935\/revisions"}],"predecessor-version":[{"id":6937,"href":"https:\/\/netbakis.net\/tr\/wp-json\/wp\/v2\/posts\/6935\/revisions\/6937"}],"wp:featuredmedia":[{"embeddable":true,"href":"https:\/\/netbakis.net\/tr\/wp-json\/wp\/v2\/media\/6936"}],"wp:attachment":[{"href":"https:\/\/netbakis.net\/tr\/wp-json\/wp\/v2\/media?parent=6935"}],"wp:term":[{"taxonomy":"category","embeddable":true,"href":"https:\/\/netbakis.net\/tr\/wp-json\/wp\/v2\/categories?post=6935"},{"taxonomy":"post_tag","embeddable":true,"href":"https:\/\/netbakis.net\/tr\/wp-json\/wp\/v2\/tags?post=6935"}],"curies":[{"name":"wp","href":"https:\/\/api.w.org\/{rel}","templated":true}]}}