{"id":6874,"date":"2022-07-11T17:29:18","date_gmt":"2022-07-11T17:29:18","guid":{"rendered":"https:\/\/netbakis.net\/?p=6874"},"modified":"2022-07-11T17:29:20","modified_gmt":"2022-07-11T17:29:20","slug":"frontexten-gida-krizi-nedeniyle-abye-yeni-goc-dalgasi-uyarisi","status":"publish","type":"post","link":"https:\/\/netbakis.net\/tr\/6874\/","title":{"rendered":"Frontex&#8217;ten g\u0131da krizi nedeniyle AB&#8217;ye yeni g\u00f6\u00e7 dalgas\u0131 uyar\u0131s\u0131"},"content":{"rendered":"<p>Avrupa Birli\u011fi&#8217;nin d\u0131\u015f s\u0131n\u0131rlar\u0131n\u0131n g\u00fcvenli\u011finden sorumlu kurumu Frontex, Ukrayna&#8217;daki sava\u015f\u0131n yol a\u00e7t\u0131\u011f\u0131 g\u0131da krizinin k\u0131taya do\u011fru yeni g\u00f6\u00e7 dalgalar\u0131n\u0131 tetikleyebilece\u011fi uyar\u0131s\u0131nda bulundu.<\/p>\n\n\n\n<p>S\u0131n\u0131r Koruma Ajans\u0131 Frontex Ba\u015fkan Vekili Aija Kalnaja Birli\u011fin yeni m\u00fclteci ak\u0131n\u0131na haz\u0131rl\u0131kl\u0131 olmas\u0131  gerekt\u011fini belirtti. AB&#8217;nin Ukrayna&#8217;dan gelen m\u00fclteciler i\u00e7in haz\u0131rl\u0131kl\u0131 oldu\u011funu vurgulayan Frontex yetkiilisi &#8220;Ayn\u0131 zamanda g\u0131da g\u00fcvensizli\u011fi sebebiyle ba\u015fka b\u00f6lgelerden gelebilecek m\u00fclteciler i\u00e7in de haz\u0131rl\u0131kl\u0131 olmal\u0131y\u0131z&#8221; dedi.AB D\u00f6nem Ba\u015fkanl\u0131\u011f\u0131&#8217;n\u0131 \u00fcstlenen \u00c7ekya&#8217;n\u0131n ba\u015fkenti Prag&#8217;daki AB \u0130\u00e7i\u015fleri Bakanlr\u0131 toplant\u0131s\u0131na kat\u0131lmadan \u00f6nce gazetecilere bilgi veren Kalnaja &#8220;Biliyorsunuz Ukrayna&#8217;dan bu\u011fday ula\u015f\u0131m\u0131 aksad\u0131. Ve bu bir g\u00f6\u00e7 dalgas\u0131 yaratacak. Bu nedenle biz buna haz\u0131rlan\u0131yoruz&#8221; diye konu\u015ftu.Frontex&#8217;in Direkt\u00f6r\u00fc Fabrice Leggeri, yetkilisi old\u011fu\u011fu kurumun Akdeniz ve Ege&#8217;deki geri itme vakalar\u0131nda rol\u00fc bulundu\u011fu iddialar\u0131 \u00fczerine istifa etmi\u015fti.  <\/p>\n\n\n\n<p><\/p>","protected":false},"excerpt":{"rendered":"<p>Avrupa Birli\u011fi&#8217;nin d\u0131\u015f s\u0131n\u0131rlar\u0131n\u0131n g\u00fcvenli\u011finden sorumlu kurumu Frontex, Ukrayna&#8217;daki sava\u015f\u0131n yol a\u00e7t\u0131\u011f\u0131 g\u0131da krizinin k\u0131taya do\u011fru yeni g\u00f6\u00e7 dalgalar\u0131n\u0131 tetikleyebilece\u011fi uyar\u0131s\u0131nda bulundu. S\u0131n\u0131r Koruma Ajans\u0131 Frontex Ba\u015fkan Vekili Aija Kalnaja Birli\u011fin yeni m\u00fclteci ak\u0131n\u0131na haz\u0131rl\u0131kl\u0131 olmas\u0131 gerekt\u011fini belirtti. AB&#8217;nin Ukrayna&#8217;dan gelen m\u00fclteciler i\u00e7in haz\u0131rl\u0131kl\u0131 oldu\u011funu vurgulayan Frontex yetkiilisi &#8220;Ayn\u0131 zamanda g\u0131da g\u00fcvensizli\u011fi sebebiyle ba\u015fka b\u00f6lgelerden [&hellip;]<\/p>","protected":false},"author":1,"featured_media":6875,"comment_status":"open","ping_status":"open","sticky":false,"template":"","format":"standard","meta":{"om_disable_all_campaigns":false,"_monsterinsights_skip_tracking":false,"_monsterinsights_sitenote_active":false,"_monsterinsights_sitenote_note":"","_monsterinsights_sitenote_category":0,"_uf_show_specific_survey":0,"_uf_disable_surveys":false,"footnotes":"","jetpack_publicize_message":"","jetpack_publicize_feature_enabled":true,"jetpack_social_post_already_shared":false,"jetpack_social_options":{"image_generator_settings":{"template":"highway","default_image_id":0,"font":"","enabled":false},"version":2}},"categories":[81],"tags":[507],"class_list":{"0":"post-6874","1":"post","2":"type-post","3":"status-publish","4":"format-standard","5":"has-post-thumbnail","7":"category-gundem","8":"tag-goc"},"yoast_head":"<!-- This site is optimized with the Yoast SEO plugin v23.8 - https:\/\/yoast.com\/wordpress\/plugins\/seo\/ -->\n<title>Frontex&#039;ten g\u0131da krizi nedeniyle AB&#039;ye yeni g\u00f6\u00e7 dalgas\u0131 uyar\u0131s\u0131 - NETBAKIS<\/title>\n<meta name=\"robots\" content=\"index, follow, max-snippet:-1, max-image-preview:large, max-video-preview:-1\" \/>\n<link rel=\"canonical\" href=\"https:\/\/netbakis.net\/tr\/6874\/\" \/>\n<meta property=\"og:locale\" content=\"tr_TR\" \/>\n<meta property=\"og:type\" content=\"article\" \/>\n<meta property=\"og:title\" content=\"Frontex&#039;ten g\u0131da krizi nedeniyle AB&#039;ye yeni g\u00f6\u00e7 dalgas\u0131 uyar\u0131s\u0131 - NETBAKIS\" \/>\n<meta property=\"og:description\" content=\"Avrupa Birli\u011fi&#8217;nin d\u0131\u015f s\u0131n\u0131rlar\u0131n\u0131n g\u00fcvenli\u011finden sorumlu kurumu Frontex, Ukrayna&#8217;daki sava\u015f\u0131n yol a\u00e7t\u0131\u011f\u0131 g\u0131da krizinin k\u0131taya do\u011fru yeni g\u00f6\u00e7 dalgalar\u0131n\u0131 tetikleyebilece\u011fi uyar\u0131s\u0131nda bulundu. S\u0131n\u0131r Koruma Ajans\u0131 Frontex Ba\u015fkan Vekili Aija Kalnaja Birli\u011fin yeni m\u00fclteci ak\u0131n\u0131na haz\u0131rl\u0131kl\u0131 olmas\u0131 gerekt\u011fini belirtti. AB&#8217;nin Ukrayna&#8217;dan gelen m\u00fclteciler i\u00e7in haz\u0131rl\u0131kl\u0131 oldu\u011funu vurgulayan Frontex yetkiilisi &#8220;Ayn\u0131 zamanda g\u0131da g\u00fcvensizli\u011fi sebebiyle ba\u015fka b\u00f6lgelerden [&hellip;]\" \/>\n<meta property=\"og:url\" content=\"https:\/\/netbakis.net\/tr\/6874\/\" \/>\n<meta property=\"og:site_name\" content=\"NETBAKIS\" \/>\n<meta property=\"article:published_time\" content=\"2022-07-11T17:29:18+00:00\" \/>\n<meta property=\"article:modified_time\" content=\"2022-07-11T17:29:20+00:00\" \/>\n<meta property=\"og:image\" content=\"https:\/\/netbakis.net\/wp-content\/uploads\/2022\/07\/38121518_101.jpg\" \/>\n\t<meta property=\"og:image:width\" content=\"1024\" \/>\n\t<meta property=\"og:image:height\" content=\"576\" \/>\n\t<meta property=\"og:image:type\" content=\"image\/jpeg\" \/>\n<meta name=\"author\" content=\"netbakis.net\" \/>\n<meta name=\"twitter:card\" content=\"summary_large_image\" \/>\n<meta name=\"twitter:label1\" content=\"Yazan:\" \/>\n\t<meta name=\"twitter:data1\" content=\"netbakis.net\" \/>\n\t<meta name=\"twitter:label2\" content=\"Tahmini okuma s\u00fcresi\" \/>\n\t<meta name=\"twitter:data2\" content=\"1 dakika\" \/>\n<script type=\"application\/ld+json\" class=\"yoast-schema-graph\">{\"@context\":\"https:\/\/schema.org\",\"@graph\":[{\"@type\":\"WebPage\",\"@id\":\"https:\/\/netbakis.net\/6874\/\",\"url\":\"https:\/\/netbakis.net\/6874\/\",\"name\":\"Frontex'ten g\u0131da krizi nedeniyle AB'ye yeni g\u00f6\u00e7 dalgas\u0131 uyar\u0131s\u0131 - NETBAKIS\",\"isPartOf\":{\"@id\":\"https:\/\/netbakis.net\/#website\"},\"primaryImageOfPage\":{\"@id\":\"https:\/\/netbakis.net\/6874\/#primaryimage\"},\"image\":{\"@id\":\"https:\/\/netbakis.net\/6874\/#primaryimage\"},\"thumbnailUrl\":\"https:\/\/netbakis.net\/wp-content\/uploads\/2022\/07\/38121518_101.jpg\",\"datePublished\":\"2022-07-11T17:29:18+00:00\",\"dateModified\":\"2022-07-11T17:29:20+00:00\",\"author\":{\"@id\":\"https:\/\/netbakis.net\/#\/schema\/person\/5d9b5c3f48ca4a3c69967d619fc8c7f4\"},\"breadcrumb\":{\"@id\":\"https:\/\/netbakis.net\/6874\/#breadcrumb\"},\"inLanguage\":\"tr\",\"potentialAction\":[{\"@type\":\"ReadAction\",\"target\":[\"https:\/\/netbakis.net\/6874\/\"]}]},{\"@type\":\"ImageObject\",\"inLanguage\":\"tr\",\"@id\":\"https:\/\/netbakis.net\/6874\/#primaryimage\",\"url\":\"https:\/\/netbakis.net\/wp-content\/uploads\/2022\/07\/38121518_101.jpg\",\"contentUrl\":\"https:\/\/netbakis.net\/wp-content\/uploads\/2022\/07\/38121518_101.jpg\",\"width\":1024,\"height\":576},{\"@type\":\"BreadcrumbList\",\"@id\":\"https:\/\/netbakis.net\/6874\/#breadcrumb\",\"itemListElement\":[{\"@type\":\"ListItem\",\"position\":1,\"name\":\"Home\",\"item\":\"https:\/\/netbakis.net\/\"},{\"@type\":\"ListItem\",\"position\":2,\"name\":\"Frontex&#8217;ten g\u0131da krizi nedeniyle AB&#8217;ye yeni g\u00f6\u00e7 dalgas\u0131 uyar\u0131s\u0131\"}]},{\"@type\":\"WebSite\",\"@id\":\"https:\/\/netbakis.net\/#website\",\"url\":\"https:\/\/netbakis.net\/\",\"name\":\"NETBAKIS\",\"description\":\"SON DAKIKA\",\"potentialAction\":[{\"@type\":\"SearchAction\",\"target\":{\"@type\":\"EntryPoint\",\"urlTemplate\":\"https:\/\/netbakis.net\/?s={search_term_string}\"},\"query-input\":{\"@type\":\"PropertyValueSpecification\",\"valueRequired\":true,\"valueName\":\"search_term_string\"}}],\"inLanguage\":\"tr\"},{\"@type\":\"Person\",\"@id\":\"https:\/\/netbakis.net\/#\/schema\/person\/5d9b5c3f48ca4a3c69967d619fc8c7f4\",\"name\":\"netbakis.net\",\"image\":{\"@type\":\"ImageObject\",\"inLanguage\":\"tr\",\"@id\":\"https:\/\/netbakis.net\/#\/schema\/person\/image\/\",\"url\":\"https:\/\/secure.gravatar.com\/avatar\/4ddeae49d2d3e3568a8d5b0937642efdf0b72468dbe3f213bc1978faa47af0d1?s=96&d=wp_user_avatar&r=g\",\"contentUrl\":\"https:\/\/secure.gravatar.com\/avatar\/4ddeae49d2d3e3568a8d5b0937642efdf0b72468dbe3f213bc1978faa47af0d1?s=96&d=wp_user_avatar&r=g\",\"caption\":\"netbakis.net\"},\"sameAs\":[\"https:\/\/netbakis.net\"],\"url\":\"https:\/\/netbakis.net\/tr\/author\/netbakis-net\/\"}]}<\/script>\n<!-- \/ Yoast SEO plugin. -->","yoast_head_json":{"title":"Frontex'ten g\u0131da krizi nedeniyle AB'ye yeni g\u00f6\u00e7 dalgas\u0131 uyar\u0131s\u0131 - NETBAKIS","robots":{"index":"index","follow":"follow","max-snippet":"max-snippet:-1","max-image-preview":"max-image-preview:large","max-video-preview":"max-video-preview:-1"},"canonical":"https:\/\/netbakis.net\/tr\/6874\/","og_locale":"tr_TR","og_type":"article","og_title":"Frontex'ten g\u0131da krizi nedeniyle AB'ye yeni g\u00f6\u00e7 dalgas\u0131 uyar\u0131s\u0131 - NETBAKIS","og_description":"Avrupa Birli\u011fi&#8217;nin d\u0131\u015f s\u0131n\u0131rlar\u0131n\u0131n g\u00fcvenli\u011finden sorumlu kurumu Frontex, Ukrayna&#8217;daki sava\u015f\u0131n yol a\u00e7t\u0131\u011f\u0131 g\u0131da krizinin k\u0131taya do\u011fru yeni g\u00f6\u00e7 dalgalar\u0131n\u0131 tetikleyebilece\u011fi uyar\u0131s\u0131nda bulundu. S\u0131n\u0131r Koruma Ajans\u0131 Frontex Ba\u015fkan Vekili Aija Kalnaja Birli\u011fin yeni m\u00fclteci ak\u0131n\u0131na haz\u0131rl\u0131kl\u0131 olmas\u0131 gerekt\u011fini belirtti. AB&#8217;nin Ukrayna&#8217;dan gelen m\u00fclteciler i\u00e7in haz\u0131rl\u0131kl\u0131 oldu\u011funu vurgulayan Frontex yetkiilisi &#8220;Ayn\u0131 zamanda g\u0131da g\u00fcvensizli\u011fi sebebiyle ba\u015fka b\u00f6lgelerden [&hellip;]","og_url":"https:\/\/netbakis.net\/tr\/6874\/","og_site_name":"NETBAKIS","article_published_time":"2022-07-11T17:29:18+00:00","article_modified_time":"2022-07-11T17:29:20+00:00","og_image":[{"width":1024,"height":576,"url":"https:\/\/netbakis.net\/wp-content\/uploads\/2022\/07\/38121518_101.jpg","type":"image\/jpeg"}],"author":"netbakis.net","twitter_card":"summary_large_image","twitter_misc":{"Yazan:":"netbakis.net","Tahmini okuma s\u00fcresi":"1 dakika"},"schema":{"@context":"https:\/\/schema.org","@graph":[{"@type":"WebPage","@id":"https:\/\/netbakis.net\/6874\/","url":"https:\/\/netbakis.net\/6874\/","name":"Frontex'ten g\u0131da krizi nedeniyle AB'ye yeni g\u00f6\u00e7 dalgas\u0131 uyar\u0131s\u0131 - NETBAKIS","isPartOf":{"@id":"https:\/\/netbakis.net\/#website"},"primaryImageOfPage":{"@id":"https:\/\/netbakis.net\/6874\/#primaryimage"},"image":{"@id":"https:\/\/netbakis.net\/6874\/#primaryimage"},"thumbnailUrl":"https:\/\/netbakis.net\/wp-content\/uploads\/2022\/07\/38121518_101.jpg","datePublished":"2022-07-11T17:29:18+00:00","dateModified":"2022-07-11T17:29:20+00:00","author":{"@id":"https:\/\/netbakis.net\/#\/schema\/person\/5d9b5c3f48ca4a3c69967d619fc8c7f4"},"breadcrumb":{"@id":"https:\/\/netbakis.net\/6874\/#breadcrumb"},"inLanguage":"tr","potentialAction":[{"@type":"ReadAction","target":["https:\/\/netbakis.net\/6874\/"]}]},{"@type":"ImageObject","inLanguage":"tr","@id":"https:\/\/netbakis.net\/6874\/#primaryimage","url":"https:\/\/netbakis.net\/wp-content\/uploads\/2022\/07\/38121518_101.jpg","contentUrl":"https:\/\/netbakis.net\/wp-content\/uploads\/2022\/07\/38121518_101.jpg","width":1024,"height":576},{"@type":"BreadcrumbList","@id":"https:\/\/netbakis.net\/6874\/#breadcrumb","itemListElement":[{"@type":"ListItem","position":1,"name":"Home","item":"https:\/\/netbakis.net\/"},{"@type":"ListItem","position":2,"name":"Frontex&#8217;ten g\u0131da krizi nedeniyle AB&#8217;ye yeni g\u00f6\u00e7 dalgas\u0131 uyar\u0131s\u0131"}]},{"@type":"WebSite","@id":"https:\/\/netbakis.net\/#website","url":"https:\/\/netbakis.net\/","name":"NETBAKIS","description":"SON DAKIKA","potentialAction":[{"@type":"SearchAction","target":{"@type":"EntryPoint","urlTemplate":"https:\/\/netbakis.net\/?s={search_term_string}"},"query-input":{"@type":"PropertyValueSpecification","valueRequired":true,"valueName":"search_term_string"}}],"inLanguage":"tr"},{"@type":"Person","@id":"https:\/\/netbakis.net\/#\/schema\/person\/5d9b5c3f48ca4a3c69967d619fc8c7f4","name":"netbakis.net","image":{"@type":"ImageObject","inLanguage":"tr","@id":"https:\/\/netbakis.net\/#\/schema\/person\/image\/","url":"https:\/\/secure.gravatar.com\/avatar\/4ddeae49d2d3e3568a8d5b0937642efdf0b72468dbe3f213bc1978faa47af0d1?s=96&d=wp_user_avatar&r=g","contentUrl":"https:\/\/secure.gravatar.com\/avatar\/4ddeae49d2d3e3568a8d5b0937642efdf0b72468dbe3f213bc1978faa47af0d1?s=96&d=wp_user_avatar&r=g","caption":"netbakis.net"},"sameAs":["https:\/\/netbakis.net"],"url":"https:\/\/netbakis.net\/tr\/author\/netbakis-net\/"}]}},"jetpack_publicize_connections":[],"_links":{"self":[{"href":"https:\/\/netbakis.net\/tr\/wp-json\/wp\/v2\/posts\/6874","targetHints":{"allow":["GET"]}}],"collection":[{"href":"https:\/\/netbakis.net\/tr\/wp-json\/wp\/v2\/posts"}],"about":[{"href":"https:\/\/netbakis.net\/tr\/wp-json\/wp\/v2\/types\/post"}],"author":[{"embeddable":true,"href":"https:\/\/netbakis.net\/tr\/wp-json\/wp\/v2\/users\/1"}],"replies":[{"embeddable":true,"href":"https:\/\/netbakis.net\/tr\/wp-json\/wp\/v2\/comments?post=6874"}],"version-history":[{"count":1,"href":"https:\/\/netbakis.net\/tr\/wp-json\/wp\/v2\/posts\/6874\/revisions"}],"predecessor-version":[{"id":6876,"href":"https:\/\/netbakis.net\/tr\/wp-json\/wp\/v2\/posts\/6874\/revisions\/6876"}],"wp:featuredmedia":[{"embeddable":true,"href":"https:\/\/netbakis.net\/tr\/wp-json\/wp\/v2\/media\/6875"}],"wp:attachment":[{"href":"https:\/\/netbakis.net\/tr\/wp-json\/wp\/v2\/media?parent=6874"}],"wp:term":[{"taxonomy":"category","embeddable":true,"href":"https:\/\/netbakis.net\/tr\/wp-json\/wp\/v2\/categories?post=6874"},{"taxonomy":"post_tag","embeddable":true,"href":"https:\/\/netbakis.net\/tr\/wp-json\/wp\/v2\/tags?post=6874"}],"curies":[{"name":"wp","href":"https:\/\/api.w.org\/{rel}","templated":true}]}}