{"id":6819,"date":"2022-07-09T07:07:31","date_gmt":"2022-07-09T07:07:31","guid":{"rendered":"https:\/\/netbakis.net\/?p=6819"},"modified":"2022-07-09T07:07:38","modified_gmt":"2022-07-09T07:07:38","slug":"maliye-bakani-sunat-atundan-kurban-bayrami-mesaji","status":"publish","type":"post","link":"https:\/\/netbakis.net\/tr\/6819\/","title":{"rendered":"Maliye Bakan\u0131 Sunat Atun\u2019dan Kurban Bayram\u0131 mesaj\u0131\u2026"},"content":{"rendered":"<p>aliye Bakan\u0131 Sunat Atun, \u201c Kuzey K\u0131br\u0131s T\u00fcrk Cumhuriyeti Halk\u0131\u2019n\u0131n ya\u015fanan s\u0131k\u0131nt\u0131lar\u0131 a\u015facak bilgi ve potansiyele sahip oldu\u011funu, asla \u00fcmitsizli\u011fe, y\u0131lg\u0131nl\u0131\u011fa d\u00fc\u015f\u00fclmemesi gerekti\u011fini\u201d kaydetti.<\/p>\n\n\n\n<p>Atun, Halk\u0131n Kurban Bayram\u0131\u2019n\u0131 kutlad\u0131 ve \u201cYapaca\u011f\u0131m\u0131z \u00e7al\u0131\u015fmalar, alaca\u011f\u0131m\u0131z kararlarla t\u00fcm sekt\u00f6rlerimiz k\u0131sa s\u00fcre sonra belirgin bir geli\u015fme i\u00e7ine girecek. Devletimizin mali yap\u0131s\u0131 istikrara kavu\u015facak, vatanda\u015f\u0131m\u0131z\u0131n hayat pahal\u0131l\u0131\u011f\u0131 nedeniyle yitirdi\u011fi al\u0131m g\u00fcc\u00fc yerine gelecektir\u201d dedi.<\/p>\n\n\n\n<p>Sunat Atun mesaj\u0131nda \u015funlar\u0131 kaydetti:<\/p>\n\n\n\n<p>\u201cBayramlar birlik ve beraberli\u011fimizin simgesi olan, toplumumuzu kayna\u015ft\u0131ran, ho\u015fg\u00f6r\u00fc ve karde\u015fli\u011fimizi art\u0131ran g\u00fcnleridir.<\/p>\n\n\n\n<p>Bu g\u00fczel g\u00fcnleri f\u0131rsat bilerek ya\u015fam\u0131m\u0131zda sevginin, sayg\u0131n\u0131n, karde\u015fli\u011fin, ho\u015fg\u00f6r\u00fcn\u00fcn, etkin olmas\u0131 i\u00e7in hep birlikte \u00e7aba g\u00f6stermeliyiz. Akraba ve kom\u015fular\u0131m\u0131z\u0131n yan\u0131 s\u0131ra kimsesizlerimizi de ziyaret ederek Kurban Bayram\u0131\u2019n\u0131n ruhuna uygun davranmal\u0131y\u0131z.<\/p>\n\n\n\n<p>Zor ekonomik ve siyasi m\u00fccadelelerden ge\u00e7ti\u011fimiz bu g\u00fcnlerde bayram\u0131n da katk\u0131s\u0131 ile birlik, beraberli\u011fimizin k\u0131ymetini bilmeli, toplumsal \u00e7\u0131karlar\u0131m\u0131z\u0131 \u00f6n plana \u00e7\u0131karmay\u0131 mutlaka ba\u015farmal\u0131y\u0131z.<\/p>\n\n\n\n<p>Bana g\u00f6re k\u0131s\u0131r tart\u0131\u015fmalar\u0131 bir yana b\u0131rakarak Devlet olarak, ekonomik g\u00fc\u00e7lenmeye, bu g\u00fc\u00e7lenme i\u00e7in gereken kararlar\u0131 almaya, reformlar yapmaya \u00f6nem vermeliyiz.<\/p>\n\n\n\n<p>Daha fazla gecikmeden toplumsal seferberlik ruhu i\u00e7inde \u00fczerimize d\u00fc\u015fenleri yapmal\u0131y\u0131z.<\/p>\n\n\n\n<p>\u00dcmitsizli\u011fe, y\u0131lg\u0131nl\u0131\u011fa asla d\u00fc\u015fmemeli, ba\u015fka hesaplarla bizim moralimizi bozmaya, Devletimize, Anavatan T\u00fcrkiye\u2019ye olan inan\u00e7 ve g\u00fcvenimizi sarsmaya \u00e7al\u0131\u015fanlara f\u0131rsat vermemeliyiz.<\/p>\n\n\n\n<p>Sorunlar\u0131m\u0131z vard\u0131r. Kovid-19 salg\u0131n\u0131 ve ona ulanan Rusya-Ukrayna sava\u015f\u0131 ile birlikte s\u0131k\u0131nt\u0131lar\u0131m\u0131z artm\u0131\u015ft\u0131r. D\u00fcnya tedarik zincirine ba\u015flayan kopma, navlun ve akaryak\u0131t \u00fccretlerinin anormal y\u00fckseli\u015fi, y\u00fcksek enflasyon t\u00fcm d\u00fcnyay\u0131 oldu\u011fu gibi Anavatan T\u00fcrkiye ile bizi de etkilemi\u015ftir.<\/p>\n\n\n\n<p>Hi\u00e7 istemedi\u011fimiz eksiklik, aksakl\u0131k ve hatalarla can\u0131m\u0131z iyice s\u0131k\u0131lm\u0131\u015ft\u0131r ama samimiyetle ifade ediyorum ki biz bunlar\u0131 a\u015facak bilgi ve potansiyele sahibiz.<\/p>\n\n\n\n<p>Yapaca\u011f\u0131m\u0131z \u00e7al\u0131\u015fmalar, alaca\u011f\u0131m\u0131z kararlarla t\u00fcm sekt\u00f6rlerimiz bir s\u00fcre sonra belirgin bir geli\u015fme i\u00e7ine girecek. Devletimizin mali yap\u0131s\u0131 istikrara kavu\u015facak, vatanda\u015f\u0131m\u0131z\u0131n hayat pahal\u0131l\u0131\u011f\u0131 nedeniyle yitirdi\u011fi al\u0131m g\u00fcc\u00fc yerine gelecektir.<\/p>\n\n\n\n<p>Yeter ki birlik beraberli\u011fimizi, karde\u015fli\u011fimizi, dostlu\u011fumuzu bozmayal\u0131m.<\/p>\n\n\n\n<p>Bu duygu ve d\u00fc\u015f\u00fcncelerle Kurban Bayram\u0131\u2019n\u0131n t\u00fcm insanl\u0131\u011fa, \u0130slam \u00e2lemine, \u00fclkemize ve Anavatan T\u00fcrkiye\u2019ye sa\u011fl\u0131k, huzur ve refah getirmesini diliyor, herkesin bayram\u0131n\u0131 en i\u00e7ten dileklerimle kutluyorum.\u201d<\/p>","protected":false},"excerpt":{"rendered":"<p>aliye Bakan\u0131 Sunat Atun, \u201c Kuzey K\u0131br\u0131s T\u00fcrk Cumhuriyeti Halk\u0131\u2019n\u0131n ya\u015fanan s\u0131k\u0131nt\u0131lar\u0131 a\u015facak bilgi ve potansiyele sahip oldu\u011funu, asla \u00fcmitsizli\u011fe, y\u0131lg\u0131nl\u0131\u011fa d\u00fc\u015f\u00fclmemesi gerekti\u011fini\u201d kaydetti. Atun, Halk\u0131n Kurban Bayram\u0131\u2019n\u0131 kutlad\u0131 ve \u201cYapaca\u011f\u0131m\u0131z \u00e7al\u0131\u015fmalar, alaca\u011f\u0131m\u0131z kararlarla t\u00fcm sekt\u00f6rlerimiz k\u0131sa s\u00fcre sonra belirgin bir geli\u015fme i\u00e7ine girecek. Devletimizin mali yap\u0131s\u0131 istikrara kavu\u015facak, vatanda\u015f\u0131m\u0131z\u0131n hayat pahal\u0131l\u0131\u011f\u0131 nedeniyle yitirdi\u011fi al\u0131m [&hellip;]<\/p>","protected":false},"author":1,"featured_media":6379,"comment_status":"open","ping_status":"open","sticky":false,"template":"","format":"standard","meta":{"om_disable_all_campaigns":false,"_monsterinsights_skip_tracking":false,"_monsterinsights_sitenote_active":false,"_monsterinsights_sitenote_note":"","_monsterinsights_sitenote_category":0,"_uf_show_specific_survey":0,"_uf_disable_surveys":false,"footnotes":"","jetpack_publicize_message":"","jetpack_publicize_feature_enabled":true,"jetpack_social_post_already_shared":false,"jetpack_social_options":{"image_generator_settings":{"template":"highway","default_image_id":0,"font":"","enabled":false},"version":2}},"categories":[81],"tags":[495],"class_list":{"0":"post-6819","1":"post","2":"type-post","3":"status-publish","4":"format-standard","5":"has-post-thumbnail","7":"category-gundem","8":"tag-sunat"},"yoast_head":"<!-- This site is optimized with the Yoast SEO plugin v23.8 - https:\/\/yoast.com\/wordpress\/plugins\/seo\/ -->\n<title>Maliye Bakan\u0131 Sunat Atun\u2019dan Kurban Bayram\u0131 mesaj\u0131\u2026 - NETBAKIS<\/title>\n<meta name=\"robots\" content=\"index, follow, max-snippet:-1, max-image-preview:large, max-video-preview:-1\" \/>\n<link rel=\"canonical\" href=\"https:\/\/netbakis.net\/tr\/6819\/\" \/>\n<meta property=\"og:locale\" content=\"tr_TR\" \/>\n<meta property=\"og:type\" content=\"article\" \/>\n<meta property=\"og:title\" content=\"Maliye Bakan\u0131 Sunat Atun\u2019dan Kurban Bayram\u0131 mesaj\u0131\u2026 - NETBAKIS\" \/>\n<meta property=\"og:description\" content=\"aliye Bakan\u0131 Sunat Atun, \u201c Kuzey K\u0131br\u0131s T\u00fcrk Cumhuriyeti Halk\u0131\u2019n\u0131n ya\u015fanan s\u0131k\u0131nt\u0131lar\u0131 a\u015facak bilgi ve potansiyele sahip oldu\u011funu, asla \u00fcmitsizli\u011fe, y\u0131lg\u0131nl\u0131\u011fa d\u00fc\u015f\u00fclmemesi gerekti\u011fini\u201d kaydetti. Atun, Halk\u0131n Kurban Bayram\u0131\u2019n\u0131 kutlad\u0131 ve \u201cYapaca\u011f\u0131m\u0131z \u00e7al\u0131\u015fmalar, alaca\u011f\u0131m\u0131z kararlarla t\u00fcm sekt\u00f6rlerimiz k\u0131sa s\u00fcre sonra belirgin bir geli\u015fme i\u00e7ine girecek. Devletimizin mali yap\u0131s\u0131 istikrara kavu\u015facak, vatanda\u015f\u0131m\u0131z\u0131n hayat pahal\u0131l\u0131\u011f\u0131 nedeniyle yitirdi\u011fi al\u0131m [&hellip;]\" \/>\n<meta property=\"og:url\" content=\"https:\/\/netbakis.net\/tr\/6819\/\" \/>\n<meta property=\"og:site_name\" content=\"NETBAKIS\" \/>\n<meta property=\"article:published_time\" content=\"2022-07-09T07:07:31+00:00\" \/>\n<meta property=\"article:modified_time\" content=\"2022-07-09T07:07:38+00:00\" \/>\n<meta property=\"og:image\" content=\"https:\/\/netbakis.net\/wp-content\/uploads\/2021\/06\/sunatatun_1600876827.jpg\" \/>\n\t<meta property=\"og:image:width\" content=\"971\" \/>\n\t<meta property=\"og:image:height\" content=\"551\" \/>\n\t<meta property=\"og:image:type\" content=\"image\/jpeg\" \/>\n<meta name=\"author\" content=\"netbakis.net\" \/>\n<meta name=\"twitter:card\" content=\"summary_large_image\" \/>\n<meta name=\"twitter:label1\" content=\"Yazan:\" \/>\n\t<meta name=\"twitter:data1\" content=\"netbakis.net\" \/>\n\t<meta name=\"twitter:label2\" content=\"Tahmini okuma s\u00fcresi\" \/>\n\t<meta name=\"twitter:data2\" content=\"2 dakika\" \/>\n<script type=\"application\/ld+json\" class=\"yoast-schema-graph\">{\"@context\":\"https:\/\/schema.org\",\"@graph\":[{\"@type\":\"WebPage\",\"@id\":\"https:\/\/netbakis.net\/6819\/\",\"url\":\"https:\/\/netbakis.net\/6819\/\",\"name\":\"Maliye Bakan\u0131 Sunat Atun\u2019dan Kurban Bayram\u0131 mesaj\u0131\u2026 - NETBAKIS\",\"isPartOf\":{\"@id\":\"https:\/\/netbakis.net\/#website\"},\"primaryImageOfPage\":{\"@id\":\"https:\/\/netbakis.net\/6819\/#primaryimage\"},\"image\":{\"@id\":\"https:\/\/netbakis.net\/6819\/#primaryimage\"},\"thumbnailUrl\":\"https:\/\/netbakis.net\/wp-content\/uploads\/2021\/06\/sunatatun_1600876827.jpg\",\"datePublished\":\"2022-07-09T07:07:31+00:00\",\"dateModified\":\"2022-07-09T07:07:38+00:00\",\"author\":{\"@id\":\"https:\/\/netbakis.net\/#\/schema\/person\/5d9b5c3f48ca4a3c69967d619fc8c7f4\"},\"breadcrumb\":{\"@id\":\"https:\/\/netbakis.net\/6819\/#breadcrumb\"},\"inLanguage\":\"tr\",\"potentialAction\":[{\"@type\":\"ReadAction\",\"target\":[\"https:\/\/netbakis.net\/6819\/\"]}]},{\"@type\":\"ImageObject\",\"inLanguage\":\"tr\",\"@id\":\"https:\/\/netbakis.net\/6819\/#primaryimage\",\"url\":\"https:\/\/netbakis.net\/wp-content\/uploads\/2021\/06\/sunatatun_1600876827.jpg\",\"contentUrl\":\"https:\/\/netbakis.net\/wp-content\/uploads\/2021\/06\/sunatatun_1600876827.jpg\",\"width\":971,\"height\":551,\"caption\":\"Sunat Atun\"},{\"@type\":\"BreadcrumbList\",\"@id\":\"https:\/\/netbakis.net\/6819\/#breadcrumb\",\"itemListElement\":[{\"@type\":\"ListItem\",\"position\":1,\"name\":\"Home\",\"item\":\"https:\/\/netbakis.net\/\"},{\"@type\":\"ListItem\",\"position\":2,\"name\":\"Maliye Bakan\u0131 Sunat Atun\u2019dan Kurban Bayram\u0131 mesaj\u0131\u2026\"}]},{\"@type\":\"WebSite\",\"@id\":\"https:\/\/netbakis.net\/#website\",\"url\":\"https:\/\/netbakis.net\/\",\"name\":\"NETBAKIS\",\"description\":\"SON DAKIKA\",\"potentialAction\":[{\"@type\":\"SearchAction\",\"target\":{\"@type\":\"EntryPoint\",\"urlTemplate\":\"https:\/\/netbakis.net\/?s={search_term_string}\"},\"query-input\":{\"@type\":\"PropertyValueSpecification\",\"valueRequired\":true,\"valueName\":\"search_term_string\"}}],\"inLanguage\":\"tr\"},{\"@type\":\"Person\",\"@id\":\"https:\/\/netbakis.net\/#\/schema\/person\/5d9b5c3f48ca4a3c69967d619fc8c7f4\",\"name\":\"netbakis.net\",\"image\":{\"@type\":\"ImageObject\",\"inLanguage\":\"tr\",\"@id\":\"https:\/\/netbakis.net\/#\/schema\/person\/image\/\",\"url\":\"https:\/\/secure.gravatar.com\/avatar\/4ddeae49d2d3e3568a8d5b0937642efdf0b72468dbe3f213bc1978faa47af0d1?s=96&d=wp_user_avatar&r=g\",\"contentUrl\":\"https:\/\/secure.gravatar.com\/avatar\/4ddeae49d2d3e3568a8d5b0937642efdf0b72468dbe3f213bc1978faa47af0d1?s=96&d=wp_user_avatar&r=g\",\"caption\":\"netbakis.net\"},\"sameAs\":[\"https:\/\/netbakis.net\"],\"url\":\"https:\/\/netbakis.net\/tr\/author\/netbakis-net\/\"}]}<\/script>\n<!-- \/ Yoast SEO plugin. -->","yoast_head_json":{"title":"Maliye Bakan\u0131 Sunat Atun\u2019dan Kurban Bayram\u0131 mesaj\u0131\u2026 - NETBAKIS","robots":{"index":"index","follow":"follow","max-snippet":"max-snippet:-1","max-image-preview":"max-image-preview:large","max-video-preview":"max-video-preview:-1"},"canonical":"https:\/\/netbakis.net\/tr\/6819\/","og_locale":"tr_TR","og_type":"article","og_title":"Maliye Bakan\u0131 Sunat Atun\u2019dan Kurban Bayram\u0131 mesaj\u0131\u2026 - NETBAKIS","og_description":"aliye Bakan\u0131 Sunat Atun, \u201c Kuzey K\u0131br\u0131s T\u00fcrk Cumhuriyeti Halk\u0131\u2019n\u0131n ya\u015fanan s\u0131k\u0131nt\u0131lar\u0131 a\u015facak bilgi ve potansiyele sahip oldu\u011funu, asla \u00fcmitsizli\u011fe, y\u0131lg\u0131nl\u0131\u011fa d\u00fc\u015f\u00fclmemesi gerekti\u011fini\u201d kaydetti. Atun, Halk\u0131n Kurban Bayram\u0131\u2019n\u0131 kutlad\u0131 ve \u201cYapaca\u011f\u0131m\u0131z \u00e7al\u0131\u015fmalar, alaca\u011f\u0131m\u0131z kararlarla t\u00fcm sekt\u00f6rlerimiz k\u0131sa s\u00fcre sonra belirgin bir geli\u015fme i\u00e7ine girecek. Devletimizin mali yap\u0131s\u0131 istikrara kavu\u015facak, vatanda\u015f\u0131m\u0131z\u0131n hayat pahal\u0131l\u0131\u011f\u0131 nedeniyle yitirdi\u011fi al\u0131m [&hellip;]","og_url":"https:\/\/netbakis.net\/tr\/6819\/","og_site_name":"NETBAKIS","article_published_time":"2022-07-09T07:07:31+00:00","article_modified_time":"2022-07-09T07:07:38+00:00","og_image":[{"width":971,"height":551,"url":"https:\/\/netbakis.net\/wp-content\/uploads\/2021\/06\/sunatatun_1600876827.jpg","type":"image\/jpeg"}],"author":"netbakis.net","twitter_card":"summary_large_image","twitter_misc":{"Yazan:":"netbakis.net","Tahmini okuma s\u00fcresi":"2 dakika"},"schema":{"@context":"https:\/\/schema.org","@graph":[{"@type":"WebPage","@id":"https:\/\/netbakis.net\/6819\/","url":"https:\/\/netbakis.net\/6819\/","name":"Maliye Bakan\u0131 Sunat Atun\u2019dan Kurban Bayram\u0131 mesaj\u0131\u2026 - NETBAKIS","isPartOf":{"@id":"https:\/\/netbakis.net\/#website"},"primaryImageOfPage":{"@id":"https:\/\/netbakis.net\/6819\/#primaryimage"},"image":{"@id":"https:\/\/netbakis.net\/6819\/#primaryimage"},"thumbnailUrl":"https:\/\/netbakis.net\/wp-content\/uploads\/2021\/06\/sunatatun_1600876827.jpg","datePublished":"2022-07-09T07:07:31+00:00","dateModified":"2022-07-09T07:07:38+00:00","author":{"@id":"https:\/\/netbakis.net\/#\/schema\/person\/5d9b5c3f48ca4a3c69967d619fc8c7f4"},"breadcrumb":{"@id":"https:\/\/netbakis.net\/6819\/#breadcrumb"},"inLanguage":"tr","potentialAction":[{"@type":"ReadAction","target":["https:\/\/netbakis.net\/6819\/"]}]},{"@type":"ImageObject","inLanguage":"tr","@id":"https:\/\/netbakis.net\/6819\/#primaryimage","url":"https:\/\/netbakis.net\/wp-content\/uploads\/2021\/06\/sunatatun_1600876827.jpg","contentUrl":"https:\/\/netbakis.net\/wp-content\/uploads\/2021\/06\/sunatatun_1600876827.jpg","width":971,"height":551,"caption":"Sunat Atun"},{"@type":"BreadcrumbList","@id":"https:\/\/netbakis.net\/6819\/#breadcrumb","itemListElement":[{"@type":"ListItem","position":1,"name":"Home","item":"https:\/\/netbakis.net\/"},{"@type":"ListItem","position":2,"name":"Maliye Bakan\u0131 Sunat Atun\u2019dan Kurban Bayram\u0131 mesaj\u0131\u2026"}]},{"@type":"WebSite","@id":"https:\/\/netbakis.net\/#website","url":"https:\/\/netbakis.net\/","name":"NETBAKIS","description":"SON DAKIKA","potentialAction":[{"@type":"SearchAction","target":{"@type":"EntryPoint","urlTemplate":"https:\/\/netbakis.net\/?s={search_term_string}"},"query-input":{"@type":"PropertyValueSpecification","valueRequired":true,"valueName":"search_term_string"}}],"inLanguage":"tr"},{"@type":"Person","@id":"https:\/\/netbakis.net\/#\/schema\/person\/5d9b5c3f48ca4a3c69967d619fc8c7f4","name":"netbakis.net","image":{"@type":"ImageObject","inLanguage":"tr","@id":"https:\/\/netbakis.net\/#\/schema\/person\/image\/","url":"https:\/\/secure.gravatar.com\/avatar\/4ddeae49d2d3e3568a8d5b0937642efdf0b72468dbe3f213bc1978faa47af0d1?s=96&d=wp_user_avatar&r=g","contentUrl":"https:\/\/secure.gravatar.com\/avatar\/4ddeae49d2d3e3568a8d5b0937642efdf0b72468dbe3f213bc1978faa47af0d1?s=96&d=wp_user_avatar&r=g","caption":"netbakis.net"},"sameAs":["https:\/\/netbakis.net"],"url":"https:\/\/netbakis.net\/tr\/author\/netbakis-net\/"}]}},"jetpack_publicize_connections":[],"_links":{"self":[{"href":"https:\/\/netbakis.net\/tr\/wp-json\/wp\/v2\/posts\/6819","targetHints":{"allow":["GET"]}}],"collection":[{"href":"https:\/\/netbakis.net\/tr\/wp-json\/wp\/v2\/posts"}],"about":[{"href":"https:\/\/netbakis.net\/tr\/wp-json\/wp\/v2\/types\/post"}],"author":[{"embeddable":true,"href":"https:\/\/netbakis.net\/tr\/wp-json\/wp\/v2\/users\/1"}],"replies":[{"embeddable":true,"href":"https:\/\/netbakis.net\/tr\/wp-json\/wp\/v2\/comments?post=6819"}],"version-history":[{"count":1,"href":"https:\/\/netbakis.net\/tr\/wp-json\/wp\/v2\/posts\/6819\/revisions"}],"predecessor-version":[{"id":6820,"href":"https:\/\/netbakis.net\/tr\/wp-json\/wp\/v2\/posts\/6819\/revisions\/6820"}],"wp:featuredmedia":[{"embeddable":true,"href":"https:\/\/netbakis.net\/tr\/wp-json\/wp\/v2\/media\/6379"}],"wp:attachment":[{"href":"https:\/\/netbakis.net\/tr\/wp-json\/wp\/v2\/media?parent=6819"}],"wp:term":[{"taxonomy":"category","embeddable":true,"href":"https:\/\/netbakis.net\/tr\/wp-json\/wp\/v2\/categories?post=6819"},{"taxonomy":"post_tag","embeddable":true,"href":"https:\/\/netbakis.net\/tr\/wp-json\/wp\/v2\/tags?post=6819"}],"curies":[{"name":"wp","href":"https:\/\/api.w.org\/{rel}","templated":true}]}}