{"id":6779,"date":"2022-07-07T09:10:25","date_gmt":"2022-07-07T09:10:25","guid":{"rendered":"https:\/\/netbakis.net\/?p=6779"},"modified":"2022-07-07T09:10:31","modified_gmt":"2022-07-07T09:10:31","slug":"ctp-basbakanlik-onunde-cadir-kurdu","status":"publish","type":"post","link":"https:\/\/netbakis.net\/tr\/6779\/","title":{"rendered":"CTP Ba\u015fbakanl\u0131k \u00f6n\u00fcnde \u00e7ad\u0131r kurdu"},"content":{"rendered":"<p>Erh\u00fcrman, K\u0131b-Tek\u2019in akaryak\u0131t ihalesiyle ilgili d\u00fcn iletti\u011fi sorulara yan\u0131t verilmedi\u011fi gerekesiyle bug\u00fcn de Ba\u015fbakanl\u0131k \u00f6n\u00fcnde bas\u0131n a\u00e7\u0131klamas\u0131 yapt\u0131; ard\u0131ndan Ba\u015fbakan \u00dcstel\u2019le g\u00f6r\u00fc\u015fme talebiyle Ba\u015fbakanl\u0131k binas\u0131na girdi<\/p>\n\n\n\n<p>Ana muhalefet CTP Genel Ba\u015fkan\u0131 Tufan Erh\u00fcrman, CTP\u2019li milletvekilleri ve partililer, K\u0131b-Tek\u2019in akaryak\u0131t ihalesi konusunda d\u00fcn ilettikleri sorulara yan\u0131t alamad\u0131klar\u0131 gerek\u00e7esiyle Ba\u015fbakanl\u0131k \u00f6n\u00fcnde bug\u00fcn de a\u00e7\u0131klama yapt\u0131. CTP\u2019liler, Ba\u015fbakanl\u0131k \u00f6n\u00fcne \u00e7ad\u0131r da kurdu.<\/p>\n\n\n\n<p>Erh\u00fcrman yapt\u0131\u011f\u0131 a\u00e7\u0131klamada, \u201cBizim \u015fu anda yapmaya \u00e7al\u0131\u015ft\u0131\u011f\u0131m\u0131z sadece bir bilgi alma hakk\u0131 de\u011fil bu bilgiyi al\u0131p bunun \u00fczerine hukuk yollar\u0131na ba\u015fvurumuzu bunlar\u0131n bedelini \u00f6detme s\u00fcre\u00e7lerini ba\u015flatmam\u0131z\u0131n zeminidir\u201d dedi.<\/p>\n\n\n\n<p>Erh\u00fcrman, Ba\u015fbakan \u00dcstel\u2019in kendilerine y\u00f6nelik \u201cpop\u00fclizm\u201d ele\u015ftirisini de yan\u0131tlayarak \u201cPop\u00fclizmin s\u00f6zl\u00fck anlam\u0131na bakmalar\u0131 laz\u0131m\u201d diye konu\u015ftu.<\/p>\n\n\n\n<p>Tufan Erh\u00fcrman ve milletvekilleri daha sonra Ba\u015fbakanl\u0131\u011fa girerek konu hakk\u0131nda Ba\u015fbakan \u00dcnal \u00dcstel\u2019den bilgi almak i\u00e7in g\u00f6r\u00fc\u015fme iste\u011fini Ba\u015fbakanl\u0131k M\u00fcste\u015far\u0131 H\u00fcseyin Amcao\u011flu\u2019na iletti.<\/p>\n\n\n\n<p>Erh\u00fcrman ve milletvekilleri Ba\u015fbakanl\u0131k\u2019ta Ba\u015fbakan \u00dcstel\u2019le g\u00f6r\u00fc\u015fmeyi beklerken CTP\u2018liler de Ba\u015fbakanl\u0131k \u00f6n\u00fcne \u00e7ad\u0131r kurdu.<\/p>","protected":false},"excerpt":{"rendered":"<p>Erh\u00fcrman, K\u0131b-Tek\u2019in akaryak\u0131t ihalesiyle ilgili d\u00fcn iletti\u011fi sorulara yan\u0131t verilmedi\u011fi gerekesiyle bug\u00fcn de Ba\u015fbakanl\u0131k \u00f6n\u00fcnde bas\u0131n a\u00e7\u0131klamas\u0131 yapt\u0131; ard\u0131ndan Ba\u015fbakan \u00dcstel\u2019le g\u00f6r\u00fc\u015fme talebiyle Ba\u015fbakanl\u0131k binas\u0131na girdi Ana muhalefet CTP Genel Ba\u015fkan\u0131 Tufan Erh\u00fcrman, CTP\u2019li milletvekilleri ve partililer, K\u0131b-Tek\u2019in akaryak\u0131t ihalesi konusunda d\u00fcn ilettikleri sorulara yan\u0131t alamad\u0131klar\u0131 gerek\u00e7esiyle Ba\u015fbakanl\u0131k \u00f6n\u00fcnde bug\u00fcn de a\u00e7\u0131klama yapt\u0131. CTP\u2019liler, Ba\u015fbakanl\u0131k [&hellip;]<\/p>","protected":false},"author":1,"featured_media":6780,"comment_status":"open","ping_status":"open","sticky":false,"template":"","format":"standard","meta":{"om_disable_all_campaigns":false,"_monsterinsights_skip_tracking":false,"_monsterinsights_sitenote_active":false,"_monsterinsights_sitenote_note":"","_monsterinsights_sitenote_category":0,"_uf_show_specific_survey":0,"_uf_disable_surveys":false,"footnotes":"","jetpack_publicize_message":"","jetpack_publicize_feature_enabled":true,"jetpack_social_post_already_shared":false,"jetpack_social_options":{"image_generator_settings":{"template":"highway","default_image_id":0,"font":"","enabled":false},"version":2}},"categories":[81],"tags":[484],"class_list":{"0":"post-6779","1":"post","2":"type-post","3":"status-publish","4":"format-standard","5":"has-post-thumbnail","7":"category-gundem","8":"tag-ctp-basbakanlik-onunde-cadir-kurdu"},"yoast_head":"<!-- This site is optimized with the Yoast SEO plugin v23.8 - https:\/\/yoast.com\/wordpress\/plugins\/seo\/ -->\n<title>CTP Ba\u015fbakanl\u0131k \u00f6n\u00fcnde \u00e7ad\u0131r kurdu - NETBAKIS<\/title>\n<meta name=\"robots\" content=\"index, follow, max-snippet:-1, max-image-preview:large, max-video-preview:-1\" \/>\n<link rel=\"canonical\" href=\"https:\/\/netbakis.net\/tr\/6779\/\" \/>\n<meta property=\"og:locale\" content=\"tr_TR\" \/>\n<meta property=\"og:type\" content=\"article\" \/>\n<meta property=\"og:title\" content=\"CTP Ba\u015fbakanl\u0131k \u00f6n\u00fcnde \u00e7ad\u0131r kurdu - NETBAKIS\" \/>\n<meta property=\"og:description\" content=\"Erh\u00fcrman, K\u0131b-Tek\u2019in akaryak\u0131t ihalesiyle ilgili d\u00fcn iletti\u011fi sorulara yan\u0131t verilmedi\u011fi gerekesiyle bug\u00fcn de Ba\u015fbakanl\u0131k \u00f6n\u00fcnde bas\u0131n a\u00e7\u0131klamas\u0131 yapt\u0131; ard\u0131ndan Ba\u015fbakan \u00dcstel\u2019le g\u00f6r\u00fc\u015fme talebiyle Ba\u015fbakanl\u0131k binas\u0131na girdi Ana muhalefet CTP Genel Ba\u015fkan\u0131 Tufan Erh\u00fcrman, CTP\u2019li milletvekilleri ve partililer, K\u0131b-Tek\u2019in akaryak\u0131t ihalesi konusunda d\u00fcn ilettikleri sorulara yan\u0131t alamad\u0131klar\u0131 gerek\u00e7esiyle Ba\u015fbakanl\u0131k \u00f6n\u00fcnde bug\u00fcn de a\u00e7\u0131klama yapt\u0131. CTP\u2019liler, Ba\u015fbakanl\u0131k [&hellip;]\" \/>\n<meta property=\"og:url\" content=\"https:\/\/netbakis.net\/tr\/6779\/\" \/>\n<meta property=\"og:site_name\" content=\"NETBAKIS\" \/>\n<meta property=\"article:published_time\" content=\"2022-07-07T09:10:25+00:00\" \/>\n<meta property=\"article:modified_time\" content=\"2022-07-07T09:10:31+00:00\" \/>\n<meta property=\"og:image\" content=\"https:\/\/netbakis.net\/wp-content\/uploads\/2022\/07\/ctp_basbakanlik_onunde_cadir_kurdu_h101240_6a888.jpg\" \/>\n\t<meta property=\"og:image:width\" content=\"706\" \/>\n\t<meta property=\"og:image:height\" content=\"431\" \/>\n\t<meta property=\"og:image:type\" content=\"image\/jpeg\" \/>\n<meta name=\"author\" content=\"netbakis.net\" \/>\n<meta name=\"twitter:card\" content=\"summary_large_image\" \/>\n<meta name=\"twitter:label1\" content=\"Yazan:\" \/>\n\t<meta name=\"twitter:data1\" content=\"netbakis.net\" \/>\n\t<meta name=\"twitter:label2\" content=\"Tahmini okuma s\u00fcresi\" \/>\n\t<meta name=\"twitter:data2\" content=\"1 dakika\" \/>\n<script type=\"application\/ld+json\" class=\"yoast-schema-graph\">{\"@context\":\"https:\/\/schema.org\",\"@graph\":[{\"@type\":\"WebPage\",\"@id\":\"https:\/\/netbakis.net\/6779\/\",\"url\":\"https:\/\/netbakis.net\/6779\/\",\"name\":\"CTP Ba\u015fbakanl\u0131k \u00f6n\u00fcnde \u00e7ad\u0131r kurdu - NETBAKIS\",\"isPartOf\":{\"@id\":\"https:\/\/netbakis.net\/#website\"},\"primaryImageOfPage\":{\"@id\":\"https:\/\/netbakis.net\/6779\/#primaryimage\"},\"image\":{\"@id\":\"https:\/\/netbakis.net\/6779\/#primaryimage\"},\"thumbnailUrl\":\"https:\/\/netbakis.net\/wp-content\/uploads\/2022\/07\/ctp_basbakanlik_onunde_cadir_kurdu_h101240_6a888.jpg\",\"datePublished\":\"2022-07-07T09:10:25+00:00\",\"dateModified\":\"2022-07-07T09:10:31+00:00\",\"author\":{\"@id\":\"https:\/\/netbakis.net\/#\/schema\/person\/5d9b5c3f48ca4a3c69967d619fc8c7f4\"},\"breadcrumb\":{\"@id\":\"https:\/\/netbakis.net\/6779\/#breadcrumb\"},\"inLanguage\":\"tr\",\"potentialAction\":[{\"@type\":\"ReadAction\",\"target\":[\"https:\/\/netbakis.net\/6779\/\"]}]},{\"@type\":\"ImageObject\",\"inLanguage\":\"tr\",\"@id\":\"https:\/\/netbakis.net\/6779\/#primaryimage\",\"url\":\"https:\/\/netbakis.net\/wp-content\/uploads\/2022\/07\/ctp_basbakanlik_onunde_cadir_kurdu_h101240_6a888.jpg\",\"contentUrl\":\"https:\/\/netbakis.net\/wp-content\/uploads\/2022\/07\/ctp_basbakanlik_onunde_cadir_kurdu_h101240_6a888.jpg\",\"width\":706,\"height\":431,\"caption\":\"CTP Ba\u015fbakanl\u0131k \u00f6n\u00fcnde \u00e7ad\u0131r kurdu\"},{\"@type\":\"BreadcrumbList\",\"@id\":\"https:\/\/netbakis.net\/6779\/#breadcrumb\",\"itemListElement\":[{\"@type\":\"ListItem\",\"position\":1,\"name\":\"Home\",\"item\":\"https:\/\/netbakis.net\/\"},{\"@type\":\"ListItem\",\"position\":2,\"name\":\"CTP Ba\u015fbakanl\u0131k \u00f6n\u00fcnde \u00e7ad\u0131r kurdu\"}]},{\"@type\":\"WebSite\",\"@id\":\"https:\/\/netbakis.net\/#website\",\"url\":\"https:\/\/netbakis.net\/\",\"name\":\"NETBAKIS\",\"description\":\"SON DAKIKA\",\"potentialAction\":[{\"@type\":\"SearchAction\",\"target\":{\"@type\":\"EntryPoint\",\"urlTemplate\":\"https:\/\/netbakis.net\/?s={search_term_string}\"},\"query-input\":{\"@type\":\"PropertyValueSpecification\",\"valueRequired\":true,\"valueName\":\"search_term_string\"}}],\"inLanguage\":\"tr\"},{\"@type\":\"Person\",\"@id\":\"https:\/\/netbakis.net\/#\/schema\/person\/5d9b5c3f48ca4a3c69967d619fc8c7f4\",\"name\":\"netbakis.net\",\"image\":{\"@type\":\"ImageObject\",\"inLanguage\":\"tr\",\"@id\":\"https:\/\/netbakis.net\/#\/schema\/person\/image\/\",\"url\":\"https:\/\/secure.gravatar.com\/avatar\/4ddeae49d2d3e3568a8d5b0937642efdf0b72468dbe3f213bc1978faa47af0d1?s=96&d=wp_user_avatar&r=g\",\"contentUrl\":\"https:\/\/secure.gravatar.com\/avatar\/4ddeae49d2d3e3568a8d5b0937642efdf0b72468dbe3f213bc1978faa47af0d1?s=96&d=wp_user_avatar&r=g\",\"caption\":\"netbakis.net\"},\"sameAs\":[\"https:\/\/netbakis.net\"],\"url\":\"https:\/\/netbakis.net\/tr\/author\/netbakis-net\/\"}]}<\/script>\n<!-- \/ Yoast SEO plugin. -->","yoast_head_json":{"title":"CTP Ba\u015fbakanl\u0131k \u00f6n\u00fcnde \u00e7ad\u0131r kurdu - NETBAKIS","robots":{"index":"index","follow":"follow","max-snippet":"max-snippet:-1","max-image-preview":"max-image-preview:large","max-video-preview":"max-video-preview:-1"},"canonical":"https:\/\/netbakis.net\/tr\/6779\/","og_locale":"tr_TR","og_type":"article","og_title":"CTP Ba\u015fbakanl\u0131k \u00f6n\u00fcnde \u00e7ad\u0131r kurdu - NETBAKIS","og_description":"Erh\u00fcrman, K\u0131b-Tek\u2019in akaryak\u0131t ihalesiyle ilgili d\u00fcn iletti\u011fi sorulara yan\u0131t verilmedi\u011fi gerekesiyle bug\u00fcn de Ba\u015fbakanl\u0131k \u00f6n\u00fcnde bas\u0131n a\u00e7\u0131klamas\u0131 yapt\u0131; ard\u0131ndan Ba\u015fbakan \u00dcstel\u2019le g\u00f6r\u00fc\u015fme talebiyle Ba\u015fbakanl\u0131k binas\u0131na girdi Ana muhalefet CTP Genel Ba\u015fkan\u0131 Tufan Erh\u00fcrman, CTP\u2019li milletvekilleri ve partililer, K\u0131b-Tek\u2019in akaryak\u0131t ihalesi konusunda d\u00fcn ilettikleri sorulara yan\u0131t alamad\u0131klar\u0131 gerek\u00e7esiyle Ba\u015fbakanl\u0131k \u00f6n\u00fcnde bug\u00fcn de a\u00e7\u0131klama yapt\u0131. CTP\u2019liler, Ba\u015fbakanl\u0131k [&hellip;]","og_url":"https:\/\/netbakis.net\/tr\/6779\/","og_site_name":"NETBAKIS","article_published_time":"2022-07-07T09:10:25+00:00","article_modified_time":"2022-07-07T09:10:31+00:00","og_image":[{"width":706,"height":431,"url":"https:\/\/netbakis.net\/wp-content\/uploads\/2022\/07\/ctp_basbakanlik_onunde_cadir_kurdu_h101240_6a888.jpg","type":"image\/jpeg"}],"author":"netbakis.net","twitter_card":"summary_large_image","twitter_misc":{"Yazan:":"netbakis.net","Tahmini okuma s\u00fcresi":"1 dakika"},"schema":{"@context":"https:\/\/schema.org","@graph":[{"@type":"WebPage","@id":"https:\/\/netbakis.net\/6779\/","url":"https:\/\/netbakis.net\/6779\/","name":"CTP Ba\u015fbakanl\u0131k \u00f6n\u00fcnde \u00e7ad\u0131r kurdu - NETBAKIS","isPartOf":{"@id":"https:\/\/netbakis.net\/#website"},"primaryImageOfPage":{"@id":"https:\/\/netbakis.net\/6779\/#primaryimage"},"image":{"@id":"https:\/\/netbakis.net\/6779\/#primaryimage"},"thumbnailUrl":"https:\/\/netbakis.net\/wp-content\/uploads\/2022\/07\/ctp_basbakanlik_onunde_cadir_kurdu_h101240_6a888.jpg","datePublished":"2022-07-07T09:10:25+00:00","dateModified":"2022-07-07T09:10:31+00:00","author":{"@id":"https:\/\/netbakis.net\/#\/schema\/person\/5d9b5c3f48ca4a3c69967d619fc8c7f4"},"breadcrumb":{"@id":"https:\/\/netbakis.net\/6779\/#breadcrumb"},"inLanguage":"tr","potentialAction":[{"@type":"ReadAction","target":["https:\/\/netbakis.net\/6779\/"]}]},{"@type":"ImageObject","inLanguage":"tr","@id":"https:\/\/netbakis.net\/6779\/#primaryimage","url":"https:\/\/netbakis.net\/wp-content\/uploads\/2022\/07\/ctp_basbakanlik_onunde_cadir_kurdu_h101240_6a888.jpg","contentUrl":"https:\/\/netbakis.net\/wp-content\/uploads\/2022\/07\/ctp_basbakanlik_onunde_cadir_kurdu_h101240_6a888.jpg","width":706,"height":431,"caption":"CTP Ba\u015fbakanl\u0131k \u00f6n\u00fcnde \u00e7ad\u0131r kurdu"},{"@type":"BreadcrumbList","@id":"https:\/\/netbakis.net\/6779\/#breadcrumb","itemListElement":[{"@type":"ListItem","position":1,"name":"Home","item":"https:\/\/netbakis.net\/"},{"@type":"ListItem","position":2,"name":"CTP Ba\u015fbakanl\u0131k \u00f6n\u00fcnde \u00e7ad\u0131r kurdu"}]},{"@type":"WebSite","@id":"https:\/\/netbakis.net\/#website","url":"https:\/\/netbakis.net\/","name":"NETBAKIS","description":"SON DAKIKA","potentialAction":[{"@type":"SearchAction","target":{"@type":"EntryPoint","urlTemplate":"https:\/\/netbakis.net\/?s={search_term_string}"},"query-input":{"@type":"PropertyValueSpecification","valueRequired":true,"valueName":"search_term_string"}}],"inLanguage":"tr"},{"@type":"Person","@id":"https:\/\/netbakis.net\/#\/schema\/person\/5d9b5c3f48ca4a3c69967d619fc8c7f4","name":"netbakis.net","image":{"@type":"ImageObject","inLanguage":"tr","@id":"https:\/\/netbakis.net\/#\/schema\/person\/image\/","url":"https:\/\/secure.gravatar.com\/avatar\/4ddeae49d2d3e3568a8d5b0937642efdf0b72468dbe3f213bc1978faa47af0d1?s=96&d=wp_user_avatar&r=g","contentUrl":"https:\/\/secure.gravatar.com\/avatar\/4ddeae49d2d3e3568a8d5b0937642efdf0b72468dbe3f213bc1978faa47af0d1?s=96&d=wp_user_avatar&r=g","caption":"netbakis.net"},"sameAs":["https:\/\/netbakis.net"],"url":"https:\/\/netbakis.net\/tr\/author\/netbakis-net\/"}]}},"jetpack_publicize_connections":[],"_links":{"self":[{"href":"https:\/\/netbakis.net\/tr\/wp-json\/wp\/v2\/posts\/6779","targetHints":{"allow":["GET"]}}],"collection":[{"href":"https:\/\/netbakis.net\/tr\/wp-json\/wp\/v2\/posts"}],"about":[{"href":"https:\/\/netbakis.net\/tr\/wp-json\/wp\/v2\/types\/post"}],"author":[{"embeddable":true,"href":"https:\/\/netbakis.net\/tr\/wp-json\/wp\/v2\/users\/1"}],"replies":[{"embeddable":true,"href":"https:\/\/netbakis.net\/tr\/wp-json\/wp\/v2\/comments?post=6779"}],"version-history":[{"count":1,"href":"https:\/\/netbakis.net\/tr\/wp-json\/wp\/v2\/posts\/6779\/revisions"}],"predecessor-version":[{"id":6781,"href":"https:\/\/netbakis.net\/tr\/wp-json\/wp\/v2\/posts\/6779\/revisions\/6781"}],"wp:featuredmedia":[{"embeddable":true,"href":"https:\/\/netbakis.net\/tr\/wp-json\/wp\/v2\/media\/6780"}],"wp:attachment":[{"href":"https:\/\/netbakis.net\/tr\/wp-json\/wp\/v2\/media?parent=6779"}],"wp:term":[{"taxonomy":"category","embeddable":true,"href":"https:\/\/netbakis.net\/tr\/wp-json\/wp\/v2\/categories?post=6779"},{"taxonomy":"post_tag","embeddable":true,"href":"https:\/\/netbakis.net\/tr\/wp-json\/wp\/v2\/tags?post=6779"}],"curies":[{"name":"wp","href":"https:\/\/api.w.org\/{rel}","templated":true}]}}