{"id":6671,"date":"2022-02-27T18:21:13","date_gmt":"2022-02-27T18:21:13","guid":{"rendered":"https:\/\/netbakis.net\/?p=6671"},"modified":"2022-02-27T18:21:16","modified_gmt":"2022-02-27T18:21:16","slug":"cumhurbaskani-ersin-tatar-mirac-kandili-ve-rusya-ukrayna-savasi-ile-ilgili-mesaj-yayimladi","status":"publish","type":"post","link":"https:\/\/netbakis.net\/tr\/6671\/","title":{"rendered":"Cumhurba\u015fkan\u0131 Ersin Tatar, Mira\u00e7 Kandili ve Rusya-Ukrayna sava\u015f\u0131 ile ilgili mesaj yay\u0131mlad\u0131"},"content":{"rendered":"<p>Cumhurba\u015fkan\u0131 Ersin Tatar, bu gece idrak edilecek olan Mira\u00e7 Kandili ve Rusya-Ukrayna sava\u015f\u0131 ile ilgili mesaj yay\u0131mlad\u0131<\/p>\n\n\n\n<p>Cumhurba\u015fkan\u0131 Tatar\u2019\u0131n mesaj\u0131 \u015f\u00f6yle: \u201cK\u0131br\u0131s T\u00fcrk halk\u0131n\u0131n, T\u00fcrk ulusunun ve \u0130slam \u00e2leminin Mira\u00e7 Kandili&#8217;ni kutlarken, Ukrayna&#8217;da devam etmekte olan sava\u015f\u0131 b\u00fcy\u00fck bir endi\u015fe ve \u00fcz\u00fcnt\u00fcyle izlemekteyiz. Sava\u015f\u0131n getirdi\u011fi \u00f6l\u00fcmleri, ac\u0131lar\u0131 ve g\u00f6\u00e7leri ya\u015fayan bir halk\u0131n Cumhurba\u015fkan\u0131 olarak Ukrayna&#8217;daki \u00e7ocuklar\u0131n g\u00f6zya\u015flar\u0131, annelerin hayk\u0131r\u0131\u015flar\u0131 y\u00fcre\u011fimizi da\u011flamaktad\u0131r. Ukrayna&#8217;da ya\u015fananlar bize bir kez daha g\u00f6stermi\u015ftir ki Anavatan T\u00fcrkiye&#8217;nin garant\u00f6rl\u00fc\u011f\u00fc ile T\u00fcrk askerinin K\u0131br\u0131s&#8217;taki varl\u0131\u011f\u0131, tek g\u00fcvencemiz ve teminat\u0131m\u0131zd\u0131r. Temennim, Rusya ile Ukrayna aras\u0131ndaki sorunlar\u0131n sava\u015f ve silahla de\u011fil, diyalogla \u00e7\u00f6z\u00fcmlenmesidir. Bu m\u00fcbarek gecede, t\u00fcm d\u00fcnyada sava\u015flar\u0131n sona ermesini, bar\u0131\u015f ve huzurun egemen olmas\u0131n\u0131 dilerim.\u201d<\/p>","protected":false},"excerpt":{"rendered":"<p>Cumhurba\u015fkan\u0131 Ersin Tatar, bu gece idrak edilecek olan Mira\u00e7 Kandili ve Rusya-Ukrayna sava\u015f\u0131 ile ilgili mesaj yay\u0131mlad\u0131 Cumhurba\u015fkan\u0131 Tatar\u2019\u0131n mesaj\u0131 \u015f\u00f6yle: \u201cK\u0131br\u0131s T\u00fcrk halk\u0131n\u0131n, T\u00fcrk ulusunun ve \u0130slam \u00e2leminin Mira\u00e7 Kandili&#8217;ni kutlarken, Ukrayna&#8217;da devam etmekte olan sava\u015f\u0131 b\u00fcy\u00fck bir endi\u015fe ve \u00fcz\u00fcnt\u00fcyle izlemekteyiz. Sava\u015f\u0131n getirdi\u011fi \u00f6l\u00fcmleri, ac\u0131lar\u0131 ve g\u00f6\u00e7leri ya\u015fayan bir halk\u0131n Cumhurba\u015fkan\u0131 olarak Ukrayna&#8217;daki [&hellip;]<\/p>","protected":false},"author":1,"featured_media":5785,"comment_status":"open","ping_status":"open","sticky":false,"template":"","format":"standard","meta":{"om_disable_all_campaigns":false,"_monsterinsights_skip_tracking":false,"_monsterinsights_sitenote_active":false,"_monsterinsights_sitenote_note":"","_monsterinsights_sitenote_category":0,"_uf_show_specific_survey":0,"_uf_disable_surveys":false,"footnotes":"","jetpack_publicize_message":"","jetpack_publicize_feature_enabled":true,"jetpack_social_post_already_shared":false,"jetpack_social_options":{"image_generator_settings":{"template":"highway","default_image_id":0,"font":"","enabled":false},"version":2}},"categories":[81],"tags":[229],"class_list":{"0":"post-6671","1":"post","2":"type-post","3":"status-publish","4":"format-standard","5":"has-post-thumbnail","7":"category-gundem","8":"tag-tatar"},"yoast_head":"<!-- This site is optimized with the Yoast SEO plugin v23.8 - https:\/\/yoast.com\/wordpress\/plugins\/seo\/ -->\n<title>Cumhurba\u015fkan\u0131 Ersin Tatar, Mira\u00e7 Kandili ve Rusya-Ukrayna sava\u015f\u0131 ile ilgili mesaj yay\u0131mlad\u0131 - NETBAKIS<\/title>\n<meta name=\"robots\" content=\"index, follow, max-snippet:-1, max-image-preview:large, max-video-preview:-1\" \/>\n<link rel=\"canonical\" href=\"https:\/\/netbakis.net\/tr\/6671\/\" \/>\n<meta property=\"og:locale\" content=\"tr_TR\" \/>\n<meta property=\"og:type\" content=\"article\" \/>\n<meta property=\"og:title\" content=\"Cumhurba\u015fkan\u0131 Ersin Tatar, Mira\u00e7 Kandili ve Rusya-Ukrayna sava\u015f\u0131 ile ilgili mesaj yay\u0131mlad\u0131 - NETBAKIS\" \/>\n<meta property=\"og:description\" content=\"Cumhurba\u015fkan\u0131 Ersin Tatar, bu gece idrak edilecek olan Mira\u00e7 Kandili ve Rusya-Ukrayna sava\u015f\u0131 ile ilgili mesaj yay\u0131mlad\u0131 Cumhurba\u015fkan\u0131 Tatar\u2019\u0131n mesaj\u0131 \u015f\u00f6yle: \u201cK\u0131br\u0131s T\u00fcrk halk\u0131n\u0131n, T\u00fcrk ulusunun ve \u0130slam \u00e2leminin Mira\u00e7 Kandili&#8217;ni kutlarken, Ukrayna&#8217;da devam etmekte olan sava\u015f\u0131 b\u00fcy\u00fck bir endi\u015fe ve \u00fcz\u00fcnt\u00fcyle izlemekteyiz. Sava\u015f\u0131n getirdi\u011fi \u00f6l\u00fcmleri, ac\u0131lar\u0131 ve g\u00f6\u00e7leri ya\u015fayan bir halk\u0131n Cumhurba\u015fkan\u0131 olarak Ukrayna&#8217;daki [&hellip;]\" \/>\n<meta property=\"og:url\" content=\"https:\/\/netbakis.net\/tr\/6671\/\" \/>\n<meta property=\"og:site_name\" content=\"NETBAKIS\" \/>\n<meta property=\"article:published_time\" content=\"2022-02-27T18:21:13+00:00\" \/>\n<meta property=\"article:modified_time\" content=\"2022-02-27T18:21:16+00:00\" \/>\n<meta property=\"og:image\" content=\"https:\/\/netbakis.net\/wp-content\/uploads\/2021\/05\/443439.jpg\" \/>\n\t<meta property=\"og:image:width\" content=\"750\" \/>\n\t<meta property=\"og:image:height\" content=\"422\" \/>\n\t<meta property=\"og:image:type\" content=\"image\/jpeg\" \/>\n<meta name=\"author\" content=\"netbakis.net\" \/>\n<meta name=\"twitter:card\" content=\"summary_large_image\" \/>\n<meta name=\"twitter:label1\" content=\"Yazan:\" \/>\n\t<meta name=\"twitter:data1\" content=\"netbakis.net\" \/>\n\t<meta name=\"twitter:label2\" content=\"Tahmini okuma s\u00fcresi\" \/>\n\t<meta name=\"twitter:data2\" content=\"1 dakika\" \/>\n<script type=\"application\/ld+json\" class=\"yoast-schema-graph\">{\"@context\":\"https:\/\/schema.org\",\"@graph\":[{\"@type\":\"WebPage\",\"@id\":\"https:\/\/netbakis.net\/6671\/\",\"url\":\"https:\/\/netbakis.net\/6671\/\",\"name\":\"Cumhurba\u015fkan\u0131 Ersin Tatar, Mira\u00e7 Kandili ve Rusya-Ukrayna sava\u015f\u0131 ile ilgili mesaj yay\u0131mlad\u0131 - NETBAKIS\",\"isPartOf\":{\"@id\":\"https:\/\/netbakis.net\/#website\"},\"primaryImageOfPage\":{\"@id\":\"https:\/\/netbakis.net\/6671\/#primaryimage\"},\"image\":{\"@id\":\"https:\/\/netbakis.net\/6671\/#primaryimage\"},\"thumbnailUrl\":\"https:\/\/netbakis.net\/wp-content\/uploads\/2021\/05\/443439.jpg\",\"datePublished\":\"2022-02-27T18:21:13+00:00\",\"dateModified\":\"2022-02-27T18:21:16+00:00\",\"author\":{\"@id\":\"https:\/\/netbakis.net\/#\/schema\/person\/5d9b5c3f48ca4a3c69967d619fc8c7f4\"},\"breadcrumb\":{\"@id\":\"https:\/\/netbakis.net\/6671\/#breadcrumb\"},\"inLanguage\":\"tr\",\"potentialAction\":[{\"@type\":\"ReadAction\",\"target\":[\"https:\/\/netbakis.net\/6671\/\"]}]},{\"@type\":\"ImageObject\",\"inLanguage\":\"tr\",\"@id\":\"https:\/\/netbakis.net\/6671\/#primaryimage\",\"url\":\"https:\/\/netbakis.net\/wp-content\/uploads\/2021\/05\/443439.jpg\",\"contentUrl\":\"https:\/\/netbakis.net\/wp-content\/uploads\/2021\/05\/443439.jpg\",\"width\":750,\"height\":422,\"caption\":\"Tatar\"},{\"@type\":\"BreadcrumbList\",\"@id\":\"https:\/\/netbakis.net\/6671\/#breadcrumb\",\"itemListElement\":[{\"@type\":\"ListItem\",\"position\":1,\"name\":\"Home\",\"item\":\"https:\/\/netbakis.net\/\"},{\"@type\":\"ListItem\",\"position\":2,\"name\":\"Cumhurba\u015fkan\u0131 Ersin Tatar, Mira\u00e7 Kandili ve Rusya-Ukrayna sava\u015f\u0131 ile ilgili mesaj yay\u0131mlad\u0131\"}]},{\"@type\":\"WebSite\",\"@id\":\"https:\/\/netbakis.net\/#website\",\"url\":\"https:\/\/netbakis.net\/\",\"name\":\"NETBAKIS\",\"description\":\"SON DAKIKA\",\"potentialAction\":[{\"@type\":\"SearchAction\",\"target\":{\"@type\":\"EntryPoint\",\"urlTemplate\":\"https:\/\/netbakis.net\/?s={search_term_string}\"},\"query-input\":{\"@type\":\"PropertyValueSpecification\",\"valueRequired\":true,\"valueName\":\"search_term_string\"}}],\"inLanguage\":\"tr\"},{\"@type\":\"Person\",\"@id\":\"https:\/\/netbakis.net\/#\/schema\/person\/5d9b5c3f48ca4a3c69967d619fc8c7f4\",\"name\":\"netbakis.net\",\"image\":{\"@type\":\"ImageObject\",\"inLanguage\":\"tr\",\"@id\":\"https:\/\/netbakis.net\/#\/schema\/person\/image\/\",\"url\":\"https:\/\/secure.gravatar.com\/avatar\/4ddeae49d2d3e3568a8d5b0937642efdf0b72468dbe3f213bc1978faa47af0d1?s=96&d=wp_user_avatar&r=g\",\"contentUrl\":\"https:\/\/secure.gravatar.com\/avatar\/4ddeae49d2d3e3568a8d5b0937642efdf0b72468dbe3f213bc1978faa47af0d1?s=96&d=wp_user_avatar&r=g\",\"caption\":\"netbakis.net\"},\"sameAs\":[\"https:\/\/netbakis.net\"],\"url\":\"https:\/\/netbakis.net\/tr\/author\/netbakis-net\/\"}]}<\/script>\n<!-- \/ Yoast SEO plugin. -->","yoast_head_json":{"title":"Cumhurba\u015fkan\u0131 Ersin Tatar, Mira\u00e7 Kandili ve Rusya-Ukrayna sava\u015f\u0131 ile ilgili mesaj yay\u0131mlad\u0131 - NETBAKIS","robots":{"index":"index","follow":"follow","max-snippet":"max-snippet:-1","max-image-preview":"max-image-preview:large","max-video-preview":"max-video-preview:-1"},"canonical":"https:\/\/netbakis.net\/tr\/6671\/","og_locale":"tr_TR","og_type":"article","og_title":"Cumhurba\u015fkan\u0131 Ersin Tatar, Mira\u00e7 Kandili ve Rusya-Ukrayna sava\u015f\u0131 ile ilgili mesaj yay\u0131mlad\u0131 - NETBAKIS","og_description":"Cumhurba\u015fkan\u0131 Ersin Tatar, bu gece idrak edilecek olan Mira\u00e7 Kandili ve Rusya-Ukrayna sava\u015f\u0131 ile ilgili mesaj yay\u0131mlad\u0131 Cumhurba\u015fkan\u0131 Tatar\u2019\u0131n mesaj\u0131 \u015f\u00f6yle: \u201cK\u0131br\u0131s T\u00fcrk halk\u0131n\u0131n, T\u00fcrk ulusunun ve \u0130slam \u00e2leminin Mira\u00e7 Kandili&#8217;ni kutlarken, Ukrayna&#8217;da devam etmekte olan sava\u015f\u0131 b\u00fcy\u00fck bir endi\u015fe ve \u00fcz\u00fcnt\u00fcyle izlemekteyiz. Sava\u015f\u0131n getirdi\u011fi \u00f6l\u00fcmleri, ac\u0131lar\u0131 ve g\u00f6\u00e7leri ya\u015fayan bir halk\u0131n Cumhurba\u015fkan\u0131 olarak Ukrayna&#8217;daki [&hellip;]","og_url":"https:\/\/netbakis.net\/tr\/6671\/","og_site_name":"NETBAKIS","article_published_time":"2022-02-27T18:21:13+00:00","article_modified_time":"2022-02-27T18:21:16+00:00","og_image":[{"width":750,"height":422,"url":"https:\/\/netbakis.net\/wp-content\/uploads\/2021\/05\/443439.jpg","type":"image\/jpeg"}],"author":"netbakis.net","twitter_card":"summary_large_image","twitter_misc":{"Yazan:":"netbakis.net","Tahmini okuma s\u00fcresi":"1 dakika"},"schema":{"@context":"https:\/\/schema.org","@graph":[{"@type":"WebPage","@id":"https:\/\/netbakis.net\/6671\/","url":"https:\/\/netbakis.net\/6671\/","name":"Cumhurba\u015fkan\u0131 Ersin Tatar, Mira\u00e7 Kandili ve Rusya-Ukrayna sava\u015f\u0131 ile ilgili mesaj yay\u0131mlad\u0131 - NETBAKIS","isPartOf":{"@id":"https:\/\/netbakis.net\/#website"},"primaryImageOfPage":{"@id":"https:\/\/netbakis.net\/6671\/#primaryimage"},"image":{"@id":"https:\/\/netbakis.net\/6671\/#primaryimage"},"thumbnailUrl":"https:\/\/netbakis.net\/wp-content\/uploads\/2021\/05\/443439.jpg","datePublished":"2022-02-27T18:21:13+00:00","dateModified":"2022-02-27T18:21:16+00:00","author":{"@id":"https:\/\/netbakis.net\/#\/schema\/person\/5d9b5c3f48ca4a3c69967d619fc8c7f4"},"breadcrumb":{"@id":"https:\/\/netbakis.net\/6671\/#breadcrumb"},"inLanguage":"tr","potentialAction":[{"@type":"ReadAction","target":["https:\/\/netbakis.net\/6671\/"]}]},{"@type":"ImageObject","inLanguage":"tr","@id":"https:\/\/netbakis.net\/6671\/#primaryimage","url":"https:\/\/netbakis.net\/wp-content\/uploads\/2021\/05\/443439.jpg","contentUrl":"https:\/\/netbakis.net\/wp-content\/uploads\/2021\/05\/443439.jpg","width":750,"height":422,"caption":"Tatar"},{"@type":"BreadcrumbList","@id":"https:\/\/netbakis.net\/6671\/#breadcrumb","itemListElement":[{"@type":"ListItem","position":1,"name":"Home","item":"https:\/\/netbakis.net\/"},{"@type":"ListItem","position":2,"name":"Cumhurba\u015fkan\u0131 Ersin Tatar, Mira\u00e7 Kandili ve Rusya-Ukrayna sava\u015f\u0131 ile ilgili mesaj yay\u0131mlad\u0131"}]},{"@type":"WebSite","@id":"https:\/\/netbakis.net\/#website","url":"https:\/\/netbakis.net\/","name":"NETBAKIS","description":"SON DAKIKA","potentialAction":[{"@type":"SearchAction","target":{"@type":"EntryPoint","urlTemplate":"https:\/\/netbakis.net\/?s={search_term_string}"},"query-input":{"@type":"PropertyValueSpecification","valueRequired":true,"valueName":"search_term_string"}}],"inLanguage":"tr"},{"@type":"Person","@id":"https:\/\/netbakis.net\/#\/schema\/person\/5d9b5c3f48ca4a3c69967d619fc8c7f4","name":"netbakis.net","image":{"@type":"ImageObject","inLanguage":"tr","@id":"https:\/\/netbakis.net\/#\/schema\/person\/image\/","url":"https:\/\/secure.gravatar.com\/avatar\/4ddeae49d2d3e3568a8d5b0937642efdf0b72468dbe3f213bc1978faa47af0d1?s=96&d=wp_user_avatar&r=g","contentUrl":"https:\/\/secure.gravatar.com\/avatar\/4ddeae49d2d3e3568a8d5b0937642efdf0b72468dbe3f213bc1978faa47af0d1?s=96&d=wp_user_avatar&r=g","caption":"netbakis.net"},"sameAs":["https:\/\/netbakis.net"],"url":"https:\/\/netbakis.net\/tr\/author\/netbakis-net\/"}]}},"jetpack_publicize_connections":[],"_links":{"self":[{"href":"https:\/\/netbakis.net\/tr\/wp-json\/wp\/v2\/posts\/6671","targetHints":{"allow":["GET"]}}],"collection":[{"href":"https:\/\/netbakis.net\/tr\/wp-json\/wp\/v2\/posts"}],"about":[{"href":"https:\/\/netbakis.net\/tr\/wp-json\/wp\/v2\/types\/post"}],"author":[{"embeddable":true,"href":"https:\/\/netbakis.net\/tr\/wp-json\/wp\/v2\/users\/1"}],"replies":[{"embeddable":true,"href":"https:\/\/netbakis.net\/tr\/wp-json\/wp\/v2\/comments?post=6671"}],"version-history":[{"count":1,"href":"https:\/\/netbakis.net\/tr\/wp-json\/wp\/v2\/posts\/6671\/revisions"}],"predecessor-version":[{"id":6674,"href":"https:\/\/netbakis.net\/tr\/wp-json\/wp\/v2\/posts\/6671\/revisions\/6674"}],"wp:featuredmedia":[{"embeddable":true,"href":"https:\/\/netbakis.net\/tr\/wp-json\/wp\/v2\/media\/5785"}],"wp:attachment":[{"href":"https:\/\/netbakis.net\/tr\/wp-json\/wp\/v2\/media?parent=6671"}],"wp:term":[{"taxonomy":"category","embeddable":true,"href":"https:\/\/netbakis.net\/tr\/wp-json\/wp\/v2\/categories?post=6671"},{"taxonomy":"post_tag","embeddable":true,"href":"https:\/\/netbakis.net\/tr\/wp-json\/wp\/v2\/tags?post=6671"}],"curies":[{"name":"wp","href":"https:\/\/api.w.org\/{rel}","templated":true}]}}