{"id":6661,"date":"2022-02-27T18:33:07","date_gmt":"2022-02-27T18:33:07","guid":{"rendered":"https:\/\/netbakis.net\/?p=6661"},"modified":"2022-02-27T18:42:37","modified_gmt":"2022-02-27T18:42:37","slug":"bisiklet-federasyonundan-kaza-aciklamasi-ve-kinama","status":"publish","type":"post","link":"https:\/\/netbakis.net\/tr\/6661\/","title":{"rendered":"Bisiklet Federasyonu\u2019ndan kaza a\u00e7\u0131klamas\u0131 ve k\u0131nama"},"content":{"rendered":"<p>K\u0131br\u0131s T\u00fcrk Bisiklet Federasyonu (KTBF) Ba\u015fkan\u0131 Salih Yal\u0131zat, dikkatsiz bir s\u00fcr\u00fcc\u00fcn\u00fcn kurban\u0131 olan ve \u00f6l\u00fcmden d\u00f6len federasyonun lisansl\u0131 sporcusu Sevim Y\u0131ld\u0131z i\u00e7in federayson ad\u0131na ge\u00e7mi\u015f olsun mesaj\u0131 yay\u0131nlayarak kazay\u0131 k\u0131nad\u0131 ve gerekenlerin yap\u0131laca\u011f\u0131n\u0131 belirten bir a\u00e7\u0131klama yapt\u0131.<\/p>\n\n\n\n<p>Salih Yal\u0131zat\u2019\u0131n a\u00e7\u0131klamas\u0131 \u015fu \u015fekilde:<\/p>\n\n\n\n<p>\u201cBisiklet Federasyonu olarak antrenman yapt\u0131\u011f\u0131 s\u0131rada dikkatsiz bir s\u00fcr\u00fcc\u00fcn\u00fcn kurban\u0131 olan ve \u00f6l\u00fcmden d\u00f6len lisansl\u0131 sporcumuz Sevim Y\u0131ld\u0131z\u2019\u0131n ge\u00e7irmi\u015f oldu\u011fu kazadan dolay\u0131 b\u00fcy\u00fck \u00fcz\u00fcnt\u00fc duyduk. Sporcumuza ge\u00e7mi\u015f olsun diyerek acil \u015fifalar dileriz. Bisiklet sporcular\u0131n\u0131n devaml\u0131 maruz kald\u0131\u011f\u0131 bu tip olaylar\u0131 da sert bir \u015fekilde k\u0131n\u0131yoruz.<\/p>\n\n\n\n<p>Kaza sonucu sa\u011f elinde \u00e7atlak olu\u015fan Sevim Y\u0131ld\u0131z\u2019\u0131n bir an \u00f6nce sa\u011fl\u0131\u011f\u0131na kavu\u015fmas\u0131n\u0131 ve en erken zamanda yeniden aram\u0131za d\u00f6nmesini temenni ediyoruz.<\/p>\n\n\n\n<p>Kazadan daha da k\u00f6t\u00fc sonu\u00e7lar \u00e7\u0131kabilirdi o nedenle federasyon olarak bisiklet sporunun \u00fclkemizdeki geli\u015fiminin giderek h\u0131zland\u0131\u011f\u0131 bu d\u00f6nemde trafikteki s\u00fcr\u00fcc\u00fclerin de bisiklet sporcular\u0131na gereken \u00f6nemi ve hassasiyeti daha \u00e7ok g\u00f6stermesi i\u00e7in \u00e7a\u011fr\u0131da bulunuyorum. Bu y\u00f6nde biz de daha ciddi \u00e7al\u0131\u015fmalar yapaca\u011f\u0131z.<\/p>\n\n\n\n<p>Ayr\u0131ca s\u00fcr\u00fcc\u00fclerin yollarda bisiklet sporcular\u0131na kar\u015f\u0131 bu \u015fekildeki davran\u0131\u015flar\u0131 nedeniyle de en a\u011f\u0131r cezai tedbirlerin al\u0131nmas\u0131 gereklili\u011fi konusunda da \u00fcst\u00fcm\u00fcze d\u00fc\u015feni yapaca\u011f\u0131m\u0131zdan kimsenin \u015f\u00fcphesi olmas\u0131n.\u201d<\/p>","protected":false},"excerpt":{"rendered":"<p>K\u0131br\u0131s T\u00fcrk Bisiklet Federasyonu (KTBF) Ba\u015fkan\u0131 Salih Yal\u0131zat, dikkatsiz bir s\u00fcr\u00fcc\u00fcn\u00fcn kurban\u0131 olan ve \u00f6l\u00fcmden d\u00f6len federasyonun lisansl\u0131 sporcusu Sevim Y\u0131ld\u0131z i\u00e7in federayson ad\u0131na ge\u00e7mi\u015f olsun mesaj\u0131 yay\u0131nlayarak kazay\u0131 k\u0131nad\u0131 ve gerekenlerin yap\u0131laca\u011f\u0131n\u0131 belirten bir a\u00e7\u0131klama yapt\u0131. Salih Yal\u0131zat\u2019\u0131n a\u00e7\u0131klamas\u0131 \u015fu \u015fekilde: \u201cBisiklet Federasyonu olarak antrenman yapt\u0131\u011f\u0131 s\u0131rada dikkatsiz bir s\u00fcr\u00fcc\u00fcn\u00fcn kurban\u0131 olan ve \u00f6l\u00fcmden [&hellip;]<\/p>","protected":false},"author":1,"featured_media":6690,"comment_status":"open","ping_status":"open","sticky":false,"template":"","format":"standard","meta":{"om_disable_all_campaigns":false,"_monsterinsights_skip_tracking":false,"_monsterinsights_sitenote_active":false,"_monsterinsights_sitenote_note":"","_monsterinsights_sitenote_category":0,"_uf_show_specific_survey":0,"_uf_disable_surveys":false,"footnotes":"","jetpack_publicize_message":"","jetpack_publicize_feature_enabled":true,"jetpack_social_post_already_shared":false,"jetpack_social_options":{"image_generator_settings":{"template":"highway","default_image_id":0,"font":"","enabled":false},"version":2}},"categories":[81],"tags":[466],"class_list":{"0":"post-6661","1":"post","2":"type-post","3":"status-publish","4":"format-standard","5":"has-post-thumbnail","7":"category-gundem","8":"tag-bisiklet-federasyonundan-kaza-aciklamasi-ve-kinama"},"yoast_head":"<!-- This site is optimized with the Yoast SEO plugin v23.8 - https:\/\/yoast.com\/wordpress\/plugins\/seo\/ -->\n<title>Bisiklet Federasyonu\u2019ndan kaza a\u00e7\u0131klamas\u0131 ve k\u0131nama - NETBAKIS<\/title>\n<meta name=\"robots\" content=\"index, follow, max-snippet:-1, max-image-preview:large, max-video-preview:-1\" \/>\n<link rel=\"canonical\" href=\"https:\/\/netbakis.net\/tr\/6661\/\" \/>\n<meta property=\"og:locale\" content=\"tr_TR\" \/>\n<meta property=\"og:type\" content=\"article\" \/>\n<meta property=\"og:title\" content=\"Bisiklet Federasyonu\u2019ndan kaza a\u00e7\u0131klamas\u0131 ve k\u0131nama - NETBAKIS\" \/>\n<meta property=\"og:description\" content=\"K\u0131br\u0131s T\u00fcrk Bisiklet Federasyonu (KTBF) Ba\u015fkan\u0131 Salih Yal\u0131zat, dikkatsiz bir s\u00fcr\u00fcc\u00fcn\u00fcn kurban\u0131 olan ve \u00f6l\u00fcmden d\u00f6len federasyonun lisansl\u0131 sporcusu Sevim Y\u0131ld\u0131z i\u00e7in federayson ad\u0131na ge\u00e7mi\u015f olsun mesaj\u0131 yay\u0131nlayarak kazay\u0131 k\u0131nad\u0131 ve gerekenlerin yap\u0131laca\u011f\u0131n\u0131 belirten bir a\u00e7\u0131klama yapt\u0131. Salih Yal\u0131zat\u2019\u0131n a\u00e7\u0131klamas\u0131 \u015fu \u015fekilde: \u201cBisiklet Federasyonu olarak antrenman yapt\u0131\u011f\u0131 s\u0131rada dikkatsiz bir s\u00fcr\u00fcc\u00fcn\u00fcn kurban\u0131 olan ve \u00f6l\u00fcmden [&hellip;]\" \/>\n<meta property=\"og:url\" content=\"https:\/\/netbakis.net\/tr\/6661\/\" \/>\n<meta property=\"og:site_name\" content=\"NETBAKIS\" \/>\n<meta property=\"article:published_time\" content=\"2022-02-27T18:33:07+00:00\" \/>\n<meta property=\"article:modified_time\" content=\"2022-02-27T18:42:37+00:00\" \/>\n<meta property=\"og:image\" content=\"https:\/\/netbakis.net\/wp-content\/uploads\/2022\/02\/bisiklet-1645970834.jpg\" \/>\n\t<meta property=\"og:image:width\" content=\"800\" \/>\n\t<meta property=\"og:image:height\" content=\"450\" \/>\n\t<meta property=\"og:image:type\" content=\"image\/jpeg\" \/>\n<meta name=\"author\" content=\"netbakis.net\" \/>\n<meta name=\"twitter:card\" content=\"summary_large_image\" \/>\n<meta name=\"twitter:label1\" content=\"Yazan:\" \/>\n\t<meta name=\"twitter:data1\" content=\"netbakis.net\" \/>\n\t<meta name=\"twitter:label2\" content=\"Tahmini okuma s\u00fcresi\" \/>\n\t<meta name=\"twitter:data2\" content=\"1 dakika\" \/>\n<script type=\"application\/ld+json\" class=\"yoast-schema-graph\">{\"@context\":\"https:\/\/schema.org\",\"@graph\":[{\"@type\":\"WebPage\",\"@id\":\"https:\/\/netbakis.net\/6661\/\",\"url\":\"https:\/\/netbakis.net\/6661\/\",\"name\":\"Bisiklet Federasyonu\u2019ndan kaza a\u00e7\u0131klamas\u0131 ve k\u0131nama - NETBAKIS\",\"isPartOf\":{\"@id\":\"https:\/\/netbakis.net\/#website\"},\"primaryImageOfPage\":{\"@id\":\"https:\/\/netbakis.net\/6661\/#primaryimage\"},\"image\":{\"@id\":\"https:\/\/netbakis.net\/6661\/#primaryimage\"},\"thumbnailUrl\":\"https:\/\/netbakis.net\/wp-content\/uploads\/2022\/02\/bisiklet-1645970834.jpg\",\"datePublished\":\"2022-02-27T18:33:07+00:00\",\"dateModified\":\"2022-02-27T18:42:37+00:00\",\"author\":{\"@id\":\"https:\/\/netbakis.net\/#\/schema\/person\/5d9b5c3f48ca4a3c69967d619fc8c7f4\"},\"breadcrumb\":{\"@id\":\"https:\/\/netbakis.net\/6661\/#breadcrumb\"},\"inLanguage\":\"tr\",\"potentialAction\":[{\"@type\":\"ReadAction\",\"target\":[\"https:\/\/netbakis.net\/6661\/\"]}]},{\"@type\":\"ImageObject\",\"inLanguage\":\"tr\",\"@id\":\"https:\/\/netbakis.net\/6661\/#primaryimage\",\"url\":\"https:\/\/netbakis.net\/wp-content\/uploads\/2022\/02\/bisiklet-1645970834.jpg\",\"contentUrl\":\"https:\/\/netbakis.net\/wp-content\/uploads\/2022\/02\/bisiklet-1645970834.jpg\",\"width\":800,\"height\":450,\"caption\":\"Bisiklet Federasyonu\u2019ndan kaza a\u00e7\u0131klamas\u0131 ve k\u0131nama\"},{\"@type\":\"BreadcrumbList\",\"@id\":\"https:\/\/netbakis.net\/6661\/#breadcrumb\",\"itemListElement\":[{\"@type\":\"ListItem\",\"position\":1,\"name\":\"Home\",\"item\":\"https:\/\/netbakis.net\/\"},{\"@type\":\"ListItem\",\"position\":2,\"name\":\"Bisiklet Federasyonu\u2019ndan kaza a\u00e7\u0131klamas\u0131 ve k\u0131nama\"}]},{\"@type\":\"WebSite\",\"@id\":\"https:\/\/netbakis.net\/#website\",\"url\":\"https:\/\/netbakis.net\/\",\"name\":\"NETBAKIS\",\"description\":\"SON DAKIKA\",\"potentialAction\":[{\"@type\":\"SearchAction\",\"target\":{\"@type\":\"EntryPoint\",\"urlTemplate\":\"https:\/\/netbakis.net\/?s={search_term_string}\"},\"query-input\":{\"@type\":\"PropertyValueSpecification\",\"valueRequired\":true,\"valueName\":\"search_term_string\"}}],\"inLanguage\":\"tr\"},{\"@type\":\"Person\",\"@id\":\"https:\/\/netbakis.net\/#\/schema\/person\/5d9b5c3f48ca4a3c69967d619fc8c7f4\",\"name\":\"netbakis.net\",\"image\":{\"@type\":\"ImageObject\",\"inLanguage\":\"tr\",\"@id\":\"https:\/\/netbakis.net\/#\/schema\/person\/image\/\",\"url\":\"https:\/\/secure.gravatar.com\/avatar\/4ddeae49d2d3e3568a8d5b0937642efdf0b72468dbe3f213bc1978faa47af0d1?s=96&d=wp_user_avatar&r=g\",\"contentUrl\":\"https:\/\/secure.gravatar.com\/avatar\/4ddeae49d2d3e3568a8d5b0937642efdf0b72468dbe3f213bc1978faa47af0d1?s=96&d=wp_user_avatar&r=g\",\"caption\":\"netbakis.net\"},\"sameAs\":[\"https:\/\/netbakis.net\"],\"url\":\"https:\/\/netbakis.net\/tr\/author\/netbakis-net\/\"}]}<\/script>\n<!-- \/ Yoast SEO plugin. -->","yoast_head_json":{"title":"Bisiklet Federasyonu\u2019ndan kaza a\u00e7\u0131klamas\u0131 ve k\u0131nama - NETBAKIS","robots":{"index":"index","follow":"follow","max-snippet":"max-snippet:-1","max-image-preview":"max-image-preview:large","max-video-preview":"max-video-preview:-1"},"canonical":"https:\/\/netbakis.net\/tr\/6661\/","og_locale":"tr_TR","og_type":"article","og_title":"Bisiklet Federasyonu\u2019ndan kaza a\u00e7\u0131klamas\u0131 ve k\u0131nama - NETBAKIS","og_description":"K\u0131br\u0131s T\u00fcrk Bisiklet Federasyonu (KTBF) Ba\u015fkan\u0131 Salih Yal\u0131zat, dikkatsiz bir s\u00fcr\u00fcc\u00fcn\u00fcn kurban\u0131 olan ve \u00f6l\u00fcmden d\u00f6len federasyonun lisansl\u0131 sporcusu Sevim Y\u0131ld\u0131z i\u00e7in federayson ad\u0131na ge\u00e7mi\u015f olsun mesaj\u0131 yay\u0131nlayarak kazay\u0131 k\u0131nad\u0131 ve gerekenlerin yap\u0131laca\u011f\u0131n\u0131 belirten bir a\u00e7\u0131klama yapt\u0131. Salih Yal\u0131zat\u2019\u0131n a\u00e7\u0131klamas\u0131 \u015fu \u015fekilde: \u201cBisiklet Federasyonu olarak antrenman yapt\u0131\u011f\u0131 s\u0131rada dikkatsiz bir s\u00fcr\u00fcc\u00fcn\u00fcn kurban\u0131 olan ve \u00f6l\u00fcmden [&hellip;]","og_url":"https:\/\/netbakis.net\/tr\/6661\/","og_site_name":"NETBAKIS","article_published_time":"2022-02-27T18:33:07+00:00","article_modified_time":"2022-02-27T18:42:37+00:00","og_image":[{"width":800,"height":450,"url":"https:\/\/netbakis.net\/wp-content\/uploads\/2022\/02\/bisiklet-1645970834.jpg","type":"image\/jpeg"}],"author":"netbakis.net","twitter_card":"summary_large_image","twitter_misc":{"Yazan:":"netbakis.net","Tahmini okuma s\u00fcresi":"1 dakika"},"schema":{"@context":"https:\/\/schema.org","@graph":[{"@type":"WebPage","@id":"https:\/\/netbakis.net\/6661\/","url":"https:\/\/netbakis.net\/6661\/","name":"Bisiklet Federasyonu\u2019ndan kaza a\u00e7\u0131klamas\u0131 ve k\u0131nama - NETBAKIS","isPartOf":{"@id":"https:\/\/netbakis.net\/#website"},"primaryImageOfPage":{"@id":"https:\/\/netbakis.net\/6661\/#primaryimage"},"image":{"@id":"https:\/\/netbakis.net\/6661\/#primaryimage"},"thumbnailUrl":"https:\/\/netbakis.net\/wp-content\/uploads\/2022\/02\/bisiklet-1645970834.jpg","datePublished":"2022-02-27T18:33:07+00:00","dateModified":"2022-02-27T18:42:37+00:00","author":{"@id":"https:\/\/netbakis.net\/#\/schema\/person\/5d9b5c3f48ca4a3c69967d619fc8c7f4"},"breadcrumb":{"@id":"https:\/\/netbakis.net\/6661\/#breadcrumb"},"inLanguage":"tr","potentialAction":[{"@type":"ReadAction","target":["https:\/\/netbakis.net\/6661\/"]}]},{"@type":"ImageObject","inLanguage":"tr","@id":"https:\/\/netbakis.net\/6661\/#primaryimage","url":"https:\/\/netbakis.net\/wp-content\/uploads\/2022\/02\/bisiklet-1645970834.jpg","contentUrl":"https:\/\/netbakis.net\/wp-content\/uploads\/2022\/02\/bisiklet-1645970834.jpg","width":800,"height":450,"caption":"Bisiklet Federasyonu\u2019ndan kaza a\u00e7\u0131klamas\u0131 ve k\u0131nama"},{"@type":"BreadcrumbList","@id":"https:\/\/netbakis.net\/6661\/#breadcrumb","itemListElement":[{"@type":"ListItem","position":1,"name":"Home","item":"https:\/\/netbakis.net\/"},{"@type":"ListItem","position":2,"name":"Bisiklet Federasyonu\u2019ndan kaza a\u00e7\u0131klamas\u0131 ve k\u0131nama"}]},{"@type":"WebSite","@id":"https:\/\/netbakis.net\/#website","url":"https:\/\/netbakis.net\/","name":"NETBAKIS","description":"SON DAKIKA","potentialAction":[{"@type":"SearchAction","target":{"@type":"EntryPoint","urlTemplate":"https:\/\/netbakis.net\/?s={search_term_string}"},"query-input":{"@type":"PropertyValueSpecification","valueRequired":true,"valueName":"search_term_string"}}],"inLanguage":"tr"},{"@type":"Person","@id":"https:\/\/netbakis.net\/#\/schema\/person\/5d9b5c3f48ca4a3c69967d619fc8c7f4","name":"netbakis.net","image":{"@type":"ImageObject","inLanguage":"tr","@id":"https:\/\/netbakis.net\/#\/schema\/person\/image\/","url":"https:\/\/secure.gravatar.com\/avatar\/4ddeae49d2d3e3568a8d5b0937642efdf0b72468dbe3f213bc1978faa47af0d1?s=96&d=wp_user_avatar&r=g","contentUrl":"https:\/\/secure.gravatar.com\/avatar\/4ddeae49d2d3e3568a8d5b0937642efdf0b72468dbe3f213bc1978faa47af0d1?s=96&d=wp_user_avatar&r=g","caption":"netbakis.net"},"sameAs":["https:\/\/netbakis.net"],"url":"https:\/\/netbakis.net\/tr\/author\/netbakis-net\/"}]}},"jetpack_publicize_connections":[],"_links":{"self":[{"href":"https:\/\/netbakis.net\/tr\/wp-json\/wp\/v2\/posts\/6661","targetHints":{"allow":["GET"]}}],"collection":[{"href":"https:\/\/netbakis.net\/tr\/wp-json\/wp\/v2\/posts"}],"about":[{"href":"https:\/\/netbakis.net\/tr\/wp-json\/wp\/v2\/types\/post"}],"author":[{"embeddable":true,"href":"https:\/\/netbakis.net\/tr\/wp-json\/wp\/v2\/users\/1"}],"replies":[{"embeddable":true,"href":"https:\/\/netbakis.net\/tr\/wp-json\/wp\/v2\/comments?post=6661"}],"version-history":[{"count":1,"href":"https:\/\/netbakis.net\/tr\/wp-json\/wp\/v2\/posts\/6661\/revisions"}],"predecessor-version":[{"id":6683,"href":"https:\/\/netbakis.net\/tr\/wp-json\/wp\/v2\/posts\/6661\/revisions\/6683"}],"wp:featuredmedia":[{"embeddable":true,"href":"https:\/\/netbakis.net\/tr\/wp-json\/wp\/v2\/media\/6690"}],"wp:attachment":[{"href":"https:\/\/netbakis.net\/tr\/wp-json\/wp\/v2\/media?parent=6661"}],"wp:term":[{"taxonomy":"category","embeddable":true,"href":"https:\/\/netbakis.net\/tr\/wp-json\/wp\/v2\/categories?post=6661"},{"taxonomy":"post_tag","embeddable":true,"href":"https:\/\/netbakis.net\/tr\/wp-json\/wp\/v2\/tags?post=6661"}],"curies":[{"name":"wp","href":"https:\/\/api.w.org\/{rel}","templated":true}]}}