{"id":6628,"date":"2021-07-17T13:17:16","date_gmt":"2021-07-17T13:17:16","guid":{"rendered":"https:\/\/netbakis.net\/?p=6628"},"modified":"2021-07-17T13:17:33","modified_gmt":"2021-07-17T13:17:33","slug":"saner-turkiye-ile-is-birligi-icinde-ciddi-atilimlar-planliyoruz","status":"publish","type":"post","link":"https:\/\/netbakis.net\/tr\/6628\/","title":{"rendered":"Saner: T\u00fcrkiye ile i\u015f birli\u011fi i\u00e7inde ciddi at\u0131l\u0131mlar planl\u0131yoruz"},"content":{"rendered":"<p>UBP Genel Ba\u015fkan\u0131 ve Ba\u015fbakan Ersan Saner, &nbsp;Cumhuriyet\u00e7i T\u00fcrk Partisi ile Toplumcu Demokrasi Partisi\u2019nin T\u00fcrkiye Cumhuriyeti Cumhurba\u015fkan\u0131 Recep Tayyip Erdo\u011fan\u2019\u0131n tarihi a\u00e7\u0131klamalar yapaca\u011f\u0131n\u0131 ifade etti\u011fi Kuzey K\u0131br\u0131s T\u00fcrk Cumhuriyeti Meclis toplant\u0131s\u0131na kat\u0131lmama karar\u0131 almalar\u0131n\u0131n K\u0131br\u0131s T\u00fcrk Halk\u0131\u2019n\u0131n b\u00fcy\u00fck \u00e7o\u011funlu\u011fu ve kendileri taraf\u0131ndan yanl\u0131\u015f bulundu\u011funu kaydetti.<br>Saner, &nbsp;K\u0131br\u0131s T\u00fcrk Halk\u0131\u2019n\u0131n \u00e7ok zor g\u00fcnlerden bug\u00fcnlere Anavatan T\u00fcrkiye\u2019nin \u00f6zverili, b\u00fcy\u00fck deste\u011fi ve Rum-Yunan yay\u0131lmac\u0131l\u0131\u011f\u0131na kar\u015f\u0131 g\u00f6sterdi\u011fi milli direni\u015fle geldi\u011fini belirtti.<br>UBP\u2019den yap\u0131lan yaz\u0131l\u0131 a\u00e7\u0131klamaya g\u00f6re, Ulusal Birlik Partisi Genel Ba\u015fkan\u0131 ve &nbsp;Ba\u015fbakan Ersan Saner, bu sabah 7 b\u00f6lge \u00f6rg\u00fct ba\u015fkan\u0131 ile Cihangir\u2019de kahvalt\u0131da bir araya geldi.<br>Ersan Saner h\u00fck\u00fcmet ziyarette \u00e7al\u0131\u015fmalar\u0131 ve son siyasi geli\u015fmelerle ilgili yapt\u0131\u011f\u0131 konu\u015fmas\u0131nda &nbsp;K\u0131br\u0131s T\u00fcrk Halk\u0131\u2019n\u0131n \u00f6zg\u00fcrl\u00fc\u011f\u00fcne, egemenli\u011fine T\u00fcrkiye\u2019nin 1974\u2019te ger\u00e7ekle\u015ftirdi\u011fi Bar\u0131\u015f Harekat\u0131 ile kavu\u015ftu\u011funu kaydetti ve bu sayede \u00fczerinde g\u00fcven i\u00e7inde ya\u015fad\u0131klar\u0131 &nbsp;bir vatanlar\u0131 oldu\u011funu belirtti.<\/p>\n\n\n\n<p><img loading=\"lazy\" decoding=\"async\" alt=\"\" height=\"454\" src=\"https:\/\/haberkibris.com\/images2\/2021_07\/2021_07_17\/ba%C5%9Fbakan-c%C4%B0hang%C4%B0r.jpeg\" width=\"542\"><br><strong>\u201cDO\u011eRU DE\u011e\u0130LSE D\u0130\u011eERLER\u0130 BUNU ELE\u015eT\u0130R\u0130R\u201d<\/strong><br>Saner, \u015f\u00f6yle konu\u015ftu:<br>\u201cBu topraklarda yine T\u00fcrkiye\u2019nin deste\u011fi ile ba\u011f\u0131ms\u0131zl\u0131\u011f\u0131m\u0131z\u0131 ilan ettik, devlet kurduk. Bu devlet bizim masadaki en b\u00fcy\u00fck g\u00fcc\u00fcm\u00fczd\u00fcr. Y\u0131llard\u0131r Anavatan T\u00fcrkiye\u2019nin alt yap\u0131m\u0131za, ekonomimize yapt\u0131\u011f\u0131 katk\u0131lar ortadad\u0131r. T\u00fcm partiler \u015fu veya bu \u015fekilde h\u00fck\u00fcmete geldik ve tek deste\u011fi Anavatan T\u00fcrkiye\u2019den g\u00f6rd\u00fck. T\u00fcrkiye Cumhurba\u015fkan\u0131 Say\u0131n Recep Tayyip Erdo\u011fan 20 Temmuz g\u00fcn\u00fc Bar\u0131\u015f ve \u00d6zg\u00fcrl\u00fck Bayram\u0131m\u0131z i\u00e7in \u00fclkemizde olacak. Kendi ifadeleri ile m\u00fcjdeli baz\u0131 haberler verecek, d\u00fcnyaya K\u0131br\u0131s T\u00fcrk Halk\u0131 ile dayan\u0131\u015fman\u0131n devam edece\u011finin g\u00fc\u00e7l\u00fc mesajlar\u0131n\u0131 verecek. Say\u0131n Erdo\u011fan bu ziyareti s\u0131ras\u0131nda bir ilki de ger\u00e7ekle\u015ftirerek T\u00fcrkiye Cumhurba\u015fkan\u0131 s\u0131fat\u0131 ile Cumhuriyet Meclisimizde konu\u015facak. Hal b\u00f6yleyken Cumhuriyet\u00e7i T\u00fcrk Partisi ile Toplumcu Demokrasi Partisi s\u00f6z konusu Meclis toplant\u0131s\u0131na kat\u0131lmama karar\u0131 ald\u0131. CTP Genel Ba\u015fkan\u0131 Say\u0131n Erh\u00fcrman sabah Say\u0131n Erdo\u011fan\u2019\u0131n Meclis\u2019te konu\u015fma yapmas\u0131na onay verdi, gece yap\u0131lacak toplant\u0131ya kat\u0131lmama karar\u0131 ald\u0131rd\u0131. Her parti elbette kendi karar\u0131n\u0131 verir ama do\u011fru de\u011filse di\u011ferleri de bunu ele\u015ftirir.\u201d&nbsp;<br>K\u0131br\u0131s T\u00fcrk Halk\u0131n\u0131n \u00e7ok zor g\u00fcnlerden bug\u00fcnlere Anavatan T\u00fcrkiye\u2019nin \u00f6zverili, b\u00fcy\u00fck deste\u011fi ve Rum-Yunan yay\u0131lmac\u0131l\u0131\u011f\u0131na kar\u015f\u0131 g\u00f6sterdi\u011fi milli direni\u015fle geldi\u011fini vurgulayan Saner, \u015fimdi baz\u0131 \u015feyleri ileri &nbsp;s\u00fcrerek T\u00fcrkiye Cumhuriyeti\u2019ni temsil eden Cumhurba\u015fkan\u0131\u2019na kar\u015f\u0131 tav\u0131r alman\u0131n olmad\u0131\u011f\u0131n\u0131 ifade etti.<br>Saner, \u201cAncak memnuniyetle g\u00f6r\u00fcyoruz ki, CTP ve TDP\u2019nin Say\u0131n Erdo\u011fan\u2019\u0131n konu\u015faca\u011f\u0131 Kuzey K\u0131br\u0131s T\u00fcrk Cumhuriyeti Meclis toplant\u0131s\u0131na kat\u0131lmama karar\u0131 almalar\u0131 K\u0131br\u0131s T\u00fcrk Halk\u0131\u2019n\u0131n b\u00fcy\u00fck \u00e7o\u011funlu\u011fu taraf\u0131ndan da yanl\u0131\u015f bir karar olarak de\u011ferlendirilmektedir\u201d diye konu\u015ftu.<br><strong>\u201cT\u00dcRK\u0130YE \u0130LE \u0130\u015e B\u0130RL\u0130\u011e\u0130 \u0130\u00c7\u0130NDE C\u0130DD\u0130 ATILIMLAR PLANLIYORUZ\u201d<\/strong><br>Ba\u015fbakan Saner, &nbsp;h\u00fck\u00fcmet olarak salg\u0131n s\u00fcrecini ba\u015far\u0131 ile atlatmak i\u00e7in canla ba\u015fla \u00e7al\u0131\u015ft\u0131klar\u0131n\u0131 da ifade etti ve \u201cBu g\u00fcnler geride kalacak ve g\u00fczel yar\u0131nlara ula\u015faca\u011f\u0131z. \u00dclkemizin her taraf\u0131 \u015fantiyeye d\u00f6nmeye ba\u015flam\u0131\u015ft\u0131r. T\u00fcrkiye ile i\u015f birli\u011fi i\u00e7inde ciddi at\u0131l\u0131mlar planl\u0131yoruz. G\u00fcn\u00fc geldik\u00e7e bunlar uygulamaya girecektir\u201d dedi.<br><strong>\u201cTABANIN G\u00dc\u00c7L\u00dc DESTE\u011e\u0130 \u0130LE YARI\u015eI \u00d6NDE TAMAMLAYACA\u011eIM\u201d<\/strong><br>Ekim ay\u0131nda yap\u0131lacak UBP 22\u2019nci Ola\u011fan Kurultay\u0131\u2019na da de\u011finen Saner, &nbsp;taban\u0131n sa\u011f duyusu, g\u00fc\u00e7l\u00fc deste\u011fi ile yar\u0131\u015f\u0131 \u00f6nde tamamlayaca\u011f\u0131n\u0131; ard\u0131ndan ise yap\u0131lacak erken se\u00e7imde partililer ve halkla birlikte UBP\u2019yi tek ba\u015f\u0131na iktidara ta\u015f\u0131yaca\u011f\u0131n\u0131 belirtti.<br>Yar\u0131n birlikte y\u00fcr\u00fcyece\u011fi, y\u00fcz y\u00fcze bakaca\u011f\u0131 hi\u00e7bir UBP\u2019liyi k\u0131rmak, \u00fczmek istemedi\u011fini, partiliye ve halka yalan s\u00f6ylememeyi, vizyon ve projeleri ile kendi yolunda ilerlemeyi tercih etti\u011fini ifade eden Saner, \u201cG\u00f6r\u00fcyorum ki \u00fcyelerimiz, halk\u0131m\u0131z her \u015feyin fark\u0131ndad\u0131r. Ben vizyonumla, projelerimle, Anavatan T\u00fcrkiye ile \u00e7ok iyi ili\u015fkilerimle hizmet etmek i\u00e7in var\u0131m. Takdir \u00fcyelerimizindir, halk\u0131m\u0131z\u0131nd\u0131r\u201d dedi.<\/p>","protected":false},"excerpt":{"rendered":"<p>UBP Genel Ba\u015fkan\u0131 ve Ba\u015fbakan Ersan Saner, &nbsp;Cumhuriyet\u00e7i T\u00fcrk Partisi ile Toplumcu Demokrasi Partisi\u2019nin T\u00fcrkiye Cumhuriyeti Cumhurba\u015fkan\u0131 Recep Tayyip Erdo\u011fan\u2019\u0131n tarihi a\u00e7\u0131klamalar yapaca\u011f\u0131n\u0131 ifade etti\u011fi Kuzey K\u0131br\u0131s T\u00fcrk Cumhuriyeti Meclis toplant\u0131s\u0131na kat\u0131lmama karar\u0131 almalar\u0131n\u0131n K\u0131br\u0131s T\u00fcrk Halk\u0131\u2019n\u0131n b\u00fcy\u00fck \u00e7o\u011funlu\u011fu ve kendileri taraf\u0131ndan yanl\u0131\u015f bulundu\u011funu kaydetti.Saner, &nbsp;K\u0131br\u0131s T\u00fcrk Halk\u0131\u2019n\u0131n \u00e7ok zor g\u00fcnlerden bug\u00fcnlere Anavatan T\u00fcrkiye\u2019nin \u00f6zverili, [&hellip;]<\/p>","protected":false},"author":1,"featured_media":6629,"comment_status":"open","ping_status":"open","sticky":false,"template":"","format":"standard","meta":{"om_disable_all_campaigns":false,"_monsterinsights_skip_tracking":false,"_monsterinsights_sitenote_active":false,"_monsterinsights_sitenote_note":"","_monsterinsights_sitenote_category":0,"_uf_show_specific_survey":0,"_uf_disable_surveys":false,"footnotes":"","jetpack_publicize_message":"","jetpack_publicize_feature_enabled":true,"jetpack_social_post_already_shared":false,"jetpack_social_options":{"image_generator_settings":{"template":"highway","default_image_id":0,"font":"","enabled":false},"version":2}},"categories":[81],"tags":[347],"class_list":{"0":"post-6628","1":"post","2":"type-post","3":"status-publish","4":"format-standard","5":"has-post-thumbnail","7":"category-gundem","8":"tag-saner"},"yoast_head":"<!-- This site is optimized with the Yoast SEO plugin v23.8 - https:\/\/yoast.com\/wordpress\/plugins\/seo\/ -->\n<title>Saner: T\u00fcrkiye ile i\u015f birli\u011fi i\u00e7inde ciddi at\u0131l\u0131mlar planl\u0131yoruz - NETBAKIS<\/title>\n<meta name=\"robots\" content=\"index, follow, max-snippet:-1, max-image-preview:large, max-video-preview:-1\" \/>\n<link rel=\"canonical\" href=\"https:\/\/netbakis.net\/tr\/6628\/\" \/>\n<meta property=\"og:locale\" content=\"tr_TR\" \/>\n<meta property=\"og:type\" content=\"article\" \/>\n<meta property=\"og:title\" content=\"Saner: T\u00fcrkiye ile i\u015f birli\u011fi i\u00e7inde ciddi at\u0131l\u0131mlar planl\u0131yoruz - NETBAKIS\" \/>\n<meta property=\"og:description\" content=\"UBP Genel Ba\u015fkan\u0131 ve Ba\u015fbakan Ersan Saner, &nbsp;Cumhuriyet\u00e7i T\u00fcrk Partisi ile Toplumcu Demokrasi Partisi\u2019nin T\u00fcrkiye Cumhuriyeti Cumhurba\u015fkan\u0131 Recep Tayyip Erdo\u011fan\u2019\u0131n tarihi a\u00e7\u0131klamalar yapaca\u011f\u0131n\u0131 ifade etti\u011fi Kuzey K\u0131br\u0131s T\u00fcrk Cumhuriyeti Meclis toplant\u0131s\u0131na kat\u0131lmama karar\u0131 almalar\u0131n\u0131n K\u0131br\u0131s T\u00fcrk Halk\u0131\u2019n\u0131n b\u00fcy\u00fck \u00e7o\u011funlu\u011fu ve kendileri taraf\u0131ndan yanl\u0131\u015f bulundu\u011funu kaydetti.Saner, &nbsp;K\u0131br\u0131s T\u00fcrk Halk\u0131\u2019n\u0131n \u00e7ok zor g\u00fcnlerden bug\u00fcnlere Anavatan T\u00fcrkiye\u2019nin \u00f6zverili, [&hellip;]\" \/>\n<meta property=\"og:url\" content=\"https:\/\/netbakis.net\/tr\/6628\/\" \/>\n<meta property=\"og:site_name\" content=\"NETBAKIS\" \/>\n<meta property=\"article:published_time\" content=\"2021-07-17T13:17:16+00:00\" \/>\n<meta property=\"article:modified_time\" content=\"2021-07-17T13:17:33+00:00\" \/>\n<meta property=\"og:image\" content=\"https:\/\/netbakis.net\/wp-content\/uploads\/2021\/07\/basbakan-cIhangIr.jpeg\" \/>\n\t<meta property=\"og:image:width\" content=\"1242\" \/>\n\t<meta property=\"og:image:height\" content=\"1040\" \/>\n\t<meta property=\"og:image:type\" content=\"image\/jpeg\" \/>\n<meta name=\"author\" content=\"netbakis.net\" \/>\n<meta name=\"twitter:card\" content=\"summary_large_image\" \/>\n<meta name=\"twitter:label1\" content=\"Yazan:\" \/>\n\t<meta name=\"twitter:data1\" content=\"netbakis.net\" \/>\n\t<meta name=\"twitter:label2\" content=\"Tahmini okuma s\u00fcresi\" \/>\n\t<meta name=\"twitter:data2\" content=\"3 dakika\" \/>\n<script type=\"application\/ld+json\" class=\"yoast-schema-graph\">{\"@context\":\"https:\/\/schema.org\",\"@graph\":[{\"@type\":\"WebPage\",\"@id\":\"https:\/\/netbakis.net\/6628\/\",\"url\":\"https:\/\/netbakis.net\/6628\/\",\"name\":\"Saner: T\u00fcrkiye ile i\u015f birli\u011fi i\u00e7inde ciddi at\u0131l\u0131mlar planl\u0131yoruz - NETBAKIS\",\"isPartOf\":{\"@id\":\"https:\/\/netbakis.net\/#website\"},\"primaryImageOfPage\":{\"@id\":\"https:\/\/netbakis.net\/6628\/#primaryimage\"},\"image\":{\"@id\":\"https:\/\/netbakis.net\/6628\/#primaryimage\"},\"thumbnailUrl\":\"https:\/\/netbakis.net\/wp-content\/uploads\/2021\/07\/basbakan-cIhangIr.jpeg\",\"datePublished\":\"2021-07-17T13:17:16+00:00\",\"dateModified\":\"2021-07-17T13:17:33+00:00\",\"author\":{\"@id\":\"https:\/\/netbakis.net\/#\/schema\/person\/5d9b5c3f48ca4a3c69967d619fc8c7f4\"},\"breadcrumb\":{\"@id\":\"https:\/\/netbakis.net\/6628\/#breadcrumb\"},\"inLanguage\":\"tr\",\"potentialAction\":[{\"@type\":\"ReadAction\",\"target\":[\"https:\/\/netbakis.net\/6628\/\"]}]},{\"@type\":\"ImageObject\",\"inLanguage\":\"tr\",\"@id\":\"https:\/\/netbakis.net\/6628\/#primaryimage\",\"url\":\"https:\/\/netbakis.net\/wp-content\/uploads\/2021\/07\/basbakan-cIhangIr.jpeg\",\"contentUrl\":\"https:\/\/netbakis.net\/wp-content\/uploads\/2021\/07\/basbakan-cIhangIr.jpeg\",\"width\":1242,\"height\":1040,\"caption\":\"Saner\"},{\"@type\":\"BreadcrumbList\",\"@id\":\"https:\/\/netbakis.net\/6628\/#breadcrumb\",\"itemListElement\":[{\"@type\":\"ListItem\",\"position\":1,\"name\":\"Home\",\"item\":\"https:\/\/netbakis.net\/\"},{\"@type\":\"ListItem\",\"position\":2,\"name\":\"Saner: T\u00fcrkiye ile i\u015f birli\u011fi i\u00e7inde ciddi at\u0131l\u0131mlar planl\u0131yoruz\"}]},{\"@type\":\"WebSite\",\"@id\":\"https:\/\/netbakis.net\/#website\",\"url\":\"https:\/\/netbakis.net\/\",\"name\":\"NETBAKIS\",\"description\":\"SON DAKIKA\",\"potentialAction\":[{\"@type\":\"SearchAction\",\"target\":{\"@type\":\"EntryPoint\",\"urlTemplate\":\"https:\/\/netbakis.net\/?s={search_term_string}\"},\"query-input\":{\"@type\":\"PropertyValueSpecification\",\"valueRequired\":true,\"valueName\":\"search_term_string\"}}],\"inLanguage\":\"tr\"},{\"@type\":\"Person\",\"@id\":\"https:\/\/netbakis.net\/#\/schema\/person\/5d9b5c3f48ca4a3c69967d619fc8c7f4\",\"name\":\"netbakis.net\",\"image\":{\"@type\":\"ImageObject\",\"inLanguage\":\"tr\",\"@id\":\"https:\/\/netbakis.net\/#\/schema\/person\/image\/\",\"url\":\"https:\/\/secure.gravatar.com\/avatar\/4ddeae49d2d3e3568a8d5b0937642efdf0b72468dbe3f213bc1978faa47af0d1?s=96&d=wp_user_avatar&r=g\",\"contentUrl\":\"https:\/\/secure.gravatar.com\/avatar\/4ddeae49d2d3e3568a8d5b0937642efdf0b72468dbe3f213bc1978faa47af0d1?s=96&d=wp_user_avatar&r=g\",\"caption\":\"netbakis.net\"},\"sameAs\":[\"https:\/\/netbakis.net\"],\"url\":\"https:\/\/netbakis.net\/tr\/author\/netbakis-net\/\"}]}<\/script>\n<!-- \/ Yoast SEO plugin. -->","yoast_head_json":{"title":"Saner: T\u00fcrkiye ile i\u015f birli\u011fi i\u00e7inde ciddi at\u0131l\u0131mlar planl\u0131yoruz - NETBAKIS","robots":{"index":"index","follow":"follow","max-snippet":"max-snippet:-1","max-image-preview":"max-image-preview:large","max-video-preview":"max-video-preview:-1"},"canonical":"https:\/\/netbakis.net\/tr\/6628\/","og_locale":"tr_TR","og_type":"article","og_title":"Saner: T\u00fcrkiye ile i\u015f birli\u011fi i\u00e7inde ciddi at\u0131l\u0131mlar planl\u0131yoruz - NETBAKIS","og_description":"UBP Genel Ba\u015fkan\u0131 ve Ba\u015fbakan Ersan Saner, &nbsp;Cumhuriyet\u00e7i T\u00fcrk Partisi ile Toplumcu Demokrasi Partisi\u2019nin T\u00fcrkiye Cumhuriyeti Cumhurba\u015fkan\u0131 Recep Tayyip Erdo\u011fan\u2019\u0131n tarihi a\u00e7\u0131klamalar yapaca\u011f\u0131n\u0131 ifade etti\u011fi Kuzey K\u0131br\u0131s T\u00fcrk Cumhuriyeti Meclis toplant\u0131s\u0131na kat\u0131lmama karar\u0131 almalar\u0131n\u0131n K\u0131br\u0131s T\u00fcrk Halk\u0131\u2019n\u0131n b\u00fcy\u00fck \u00e7o\u011funlu\u011fu ve kendileri taraf\u0131ndan yanl\u0131\u015f bulundu\u011funu kaydetti.Saner, &nbsp;K\u0131br\u0131s T\u00fcrk Halk\u0131\u2019n\u0131n \u00e7ok zor g\u00fcnlerden bug\u00fcnlere Anavatan T\u00fcrkiye\u2019nin \u00f6zverili, [&hellip;]","og_url":"https:\/\/netbakis.net\/tr\/6628\/","og_site_name":"NETBAKIS","article_published_time":"2021-07-17T13:17:16+00:00","article_modified_time":"2021-07-17T13:17:33+00:00","og_image":[{"width":1242,"height":1040,"url":"https:\/\/netbakis.net\/wp-content\/uploads\/2021\/07\/basbakan-cIhangIr.jpeg","type":"image\/jpeg"}],"author":"netbakis.net","twitter_card":"summary_large_image","twitter_misc":{"Yazan:":"netbakis.net","Tahmini okuma s\u00fcresi":"3 dakika"},"schema":{"@context":"https:\/\/schema.org","@graph":[{"@type":"WebPage","@id":"https:\/\/netbakis.net\/6628\/","url":"https:\/\/netbakis.net\/6628\/","name":"Saner: T\u00fcrkiye ile i\u015f birli\u011fi i\u00e7inde ciddi at\u0131l\u0131mlar planl\u0131yoruz - NETBAKIS","isPartOf":{"@id":"https:\/\/netbakis.net\/#website"},"primaryImageOfPage":{"@id":"https:\/\/netbakis.net\/6628\/#primaryimage"},"image":{"@id":"https:\/\/netbakis.net\/6628\/#primaryimage"},"thumbnailUrl":"https:\/\/netbakis.net\/wp-content\/uploads\/2021\/07\/basbakan-cIhangIr.jpeg","datePublished":"2021-07-17T13:17:16+00:00","dateModified":"2021-07-17T13:17:33+00:00","author":{"@id":"https:\/\/netbakis.net\/#\/schema\/person\/5d9b5c3f48ca4a3c69967d619fc8c7f4"},"breadcrumb":{"@id":"https:\/\/netbakis.net\/6628\/#breadcrumb"},"inLanguage":"tr","potentialAction":[{"@type":"ReadAction","target":["https:\/\/netbakis.net\/6628\/"]}]},{"@type":"ImageObject","inLanguage":"tr","@id":"https:\/\/netbakis.net\/6628\/#primaryimage","url":"https:\/\/netbakis.net\/wp-content\/uploads\/2021\/07\/basbakan-cIhangIr.jpeg","contentUrl":"https:\/\/netbakis.net\/wp-content\/uploads\/2021\/07\/basbakan-cIhangIr.jpeg","width":1242,"height":1040,"caption":"Saner"},{"@type":"BreadcrumbList","@id":"https:\/\/netbakis.net\/6628\/#breadcrumb","itemListElement":[{"@type":"ListItem","position":1,"name":"Home","item":"https:\/\/netbakis.net\/"},{"@type":"ListItem","position":2,"name":"Saner: T\u00fcrkiye ile i\u015f birli\u011fi i\u00e7inde ciddi at\u0131l\u0131mlar planl\u0131yoruz"}]},{"@type":"WebSite","@id":"https:\/\/netbakis.net\/#website","url":"https:\/\/netbakis.net\/","name":"NETBAKIS","description":"SON DAKIKA","potentialAction":[{"@type":"SearchAction","target":{"@type":"EntryPoint","urlTemplate":"https:\/\/netbakis.net\/?s={search_term_string}"},"query-input":{"@type":"PropertyValueSpecification","valueRequired":true,"valueName":"search_term_string"}}],"inLanguage":"tr"},{"@type":"Person","@id":"https:\/\/netbakis.net\/#\/schema\/person\/5d9b5c3f48ca4a3c69967d619fc8c7f4","name":"netbakis.net","image":{"@type":"ImageObject","inLanguage":"tr","@id":"https:\/\/netbakis.net\/#\/schema\/person\/image\/","url":"https:\/\/secure.gravatar.com\/avatar\/4ddeae49d2d3e3568a8d5b0937642efdf0b72468dbe3f213bc1978faa47af0d1?s=96&d=wp_user_avatar&r=g","contentUrl":"https:\/\/secure.gravatar.com\/avatar\/4ddeae49d2d3e3568a8d5b0937642efdf0b72468dbe3f213bc1978faa47af0d1?s=96&d=wp_user_avatar&r=g","caption":"netbakis.net"},"sameAs":["https:\/\/netbakis.net"],"url":"https:\/\/netbakis.net\/tr\/author\/netbakis-net\/"}]}},"jetpack_publicize_connections":[],"_links":{"self":[{"href":"https:\/\/netbakis.net\/tr\/wp-json\/wp\/v2\/posts\/6628","targetHints":{"allow":["GET"]}}],"collection":[{"href":"https:\/\/netbakis.net\/tr\/wp-json\/wp\/v2\/posts"}],"about":[{"href":"https:\/\/netbakis.net\/tr\/wp-json\/wp\/v2\/types\/post"}],"author":[{"embeddable":true,"href":"https:\/\/netbakis.net\/tr\/wp-json\/wp\/v2\/users\/1"}],"replies":[{"embeddable":true,"href":"https:\/\/netbakis.net\/tr\/wp-json\/wp\/v2\/comments?post=6628"}],"version-history":[{"count":1,"href":"https:\/\/netbakis.net\/tr\/wp-json\/wp\/v2\/posts\/6628\/revisions"}],"predecessor-version":[{"id":6630,"href":"https:\/\/netbakis.net\/tr\/wp-json\/wp\/v2\/posts\/6628\/revisions\/6630"}],"wp:featuredmedia":[{"embeddable":true,"href":"https:\/\/netbakis.net\/tr\/wp-json\/wp\/v2\/media\/6629"}],"wp:attachment":[{"href":"https:\/\/netbakis.net\/tr\/wp-json\/wp\/v2\/media?parent=6628"}],"wp:term":[{"taxonomy":"category","embeddable":true,"href":"https:\/\/netbakis.net\/tr\/wp-json\/wp\/v2\/categories?post=6628"},{"taxonomy":"post_tag","embeddable":true,"href":"https:\/\/netbakis.net\/tr\/wp-json\/wp\/v2\/tags?post=6628"}],"curies":[{"name":"wp","href":"https:\/\/api.w.org\/{rel}","templated":true}]}}