{"id":6589,"date":"2021-07-08T18:50:07","date_gmt":"2021-07-08T18:50:07","guid":{"rendered":"https:\/\/netbakis.net\/?p=6589"},"modified":"2021-07-08T18:50:17","modified_gmt":"2021-07-08T18:50:17","slug":"tatar-guven-duygusuyla-yatirimlarin-yapilabilmesi-icin-calismaliyiz","status":"publish","type":"post","link":"https:\/\/netbakis.net\/tr\/6589\/","title":{"rendered":"Tatar: G\u00fcven duygusuyla yat\u0131r\u0131mlar\u0131n yap\u0131labilmesi i\u00e7in \u00e7al\u0131\u015fmal\u0131y\u0131z"},"content":{"rendered":"<p><strong>Polis Genel M\u00fcd\u00fcrl\u00fc\u011f\u00fc\u2019nde ara\u00e7 ve malzeme teslim t\u00f6reni yap\u0131ld\u0131. Cumhurba\u015fkan\u0131 Ersin Tatar, t\u00f6rende yapt\u0131\u011f\u0131 konu\u015fmada, t\u00f6renin polis te\u015fkilat\u0131n\u0131n g\u00fc\u00e7lenmesi ad\u0131na \u00f6nemli &nbsp;bir ad\u0131m oldu\u011funu belirterek, \u00fclkedeki a\u015fayi\u015fin, emliyetin ve g\u00fcvenli\u011fin sa\u011flanabilmesi i\u00e7in bu t\u00fcr takviyelerin gerekti\u011fini belirtti.<\/strong><\/p>\n\n\n\n<p>KKTC\u2019nin kendi imkanlar\u0131 ile polis te\u00e7kilat\u0131n\u0131n ara\u00e7 gere\u00e7lkertini geli\u015ftirmek i\u00e7in \u00e7al\u0131\u015flt\u0131\u011f\u0131n\u0131, ancak T\u00fcrkiye\u2019nin desteklerinin de \u00e7ok \u00f6nemli oldu\u011funu kaydetti. KKTC, daha fazla etkili bir \u015fekilde mobilize ve sahada polisimizin manevralar\u0131n\u0131 geli\u015ftirmek i\u00e7in ara\u00e7 gere\u00e7 \u00f6nem\u015flidir T\u00fcrkiye\u2019ye bu ba\u011flamda te\u015fekk\u00fcr ederim. Polisimizin gerekli e\u011fitimlerden ge\u00e7mesi ve T\u00fcrkiye Cumhuriyeti\u2019nin istihbarat birimleri ve polis te\u015fkilatlar\u0131n\u0131n bilgi ak\u0131\u015f\u0131 sa\u011fland\u0131\u011f\u0131 zaman daha etkili hizmet verilebilir. Cumhurba\u015fkan\u0131 Tatar, KKTC\u2019nin Do\u011fu Akdeniz\u2019de de\u011fi\u015fen konjekt\u00fcr ile imkanlar\u0131n\u0131n artt\u0131r\u0131lmas\u0131 gerekti\u011fini de vurgulayarak, \u201cDo\u011fu Akdeniz\u2019deki politikam\u0131z\u0131 T\u00fcrkiye ile isti\u015fare i\u00e7erisinde ve fikir birli\u011fi ile y\u00fct\u00fcyoruz\u201d dedi. T\u00fcrkiye Cumhurba\u015fkan\u0131 Yard\u0131mc\u0131s\u0131 Fuat Oktay\u2019a da g\u00f6stedi\u011fi yak\u0131n alakadan dolay\u0131 te\u015fekk\u00fcr eden Tatar,&nbsp; T\u00fcrkiye\u2019nin polis te\u015fkilatlar\u0131 ve&nbsp; di\u011fer birimnlerine de katk\u0131lar\u0131ndan dolay\u0131 te\u015fekk\u00fcr etti.&nbsp; &nbsp;<\/p>","protected":false},"excerpt":{"rendered":"<p>Polis Genel M\u00fcd\u00fcrl\u00fc\u011f\u00fc\u2019nde ara\u00e7 ve malzeme teslim t\u00f6reni yap\u0131ld\u0131. Cumhurba\u015fkan\u0131 Ersin Tatar, t\u00f6rende yapt\u0131\u011f\u0131 konu\u015fmada, t\u00f6renin polis te\u015fkilat\u0131n\u0131n g\u00fc\u00e7lenmesi ad\u0131na \u00f6nemli &nbsp;bir ad\u0131m oldu\u011funu belirterek, \u00fclkedeki a\u015fayi\u015fin, emliyetin ve g\u00fcvenli\u011fin sa\u011flanabilmesi i\u00e7in bu t\u00fcr takviyelerin gerekti\u011fini belirtti. KKTC\u2019nin kendi imkanlar\u0131 ile polis te\u00e7kilat\u0131n\u0131n ara\u00e7 gere\u00e7lkertini geli\u015ftirmek i\u00e7in \u00e7al\u0131\u015flt\u0131\u011f\u0131n\u0131, ancak T\u00fcrkiye\u2019nin desteklerinin de \u00e7ok \u00f6nemli oldu\u011funu [&hellip;]<\/p>","protected":false},"author":1,"featured_media":6590,"comment_status":"open","ping_status":"open","sticky":false,"template":"","format":"standard","meta":{"om_disable_all_campaigns":false,"_monsterinsights_skip_tracking":false,"_monsterinsights_sitenote_active":false,"_monsterinsights_sitenote_note":"","_monsterinsights_sitenote_category":0,"_uf_show_specific_survey":0,"_uf_disable_surveys":false,"footnotes":"","jetpack_publicize_message":"","jetpack_publicize_feature_enabled":true,"jetpack_social_post_already_shared":false,"jetpack_social_options":{"image_generator_settings":{"template":"highway","default_image_id":0,"font":"","enabled":false},"version":2}},"categories":[81],"tags":[229],"class_list":{"0":"post-6589","1":"post","2":"type-post","3":"status-publish","4":"format-standard","5":"has-post-thumbnail","7":"category-gundem","8":"tag-tatar"},"yoast_head":"<!-- This site is optimized with the Yoast SEO plugin v23.8 - https:\/\/yoast.com\/wordpress\/plugins\/seo\/ -->\n<title>Tatar: G\u00fcven duygusuyla yat\u0131r\u0131mlar\u0131n yap\u0131labilmesi i\u00e7in \u00e7al\u0131\u015fmal\u0131y\u0131z - NETBAKIS<\/title>\n<meta name=\"robots\" content=\"index, follow, max-snippet:-1, max-image-preview:large, max-video-preview:-1\" \/>\n<link rel=\"canonical\" href=\"https:\/\/netbakis.net\/tr\/6589\/\" \/>\n<meta property=\"og:locale\" content=\"tr_TR\" \/>\n<meta property=\"og:type\" content=\"article\" \/>\n<meta property=\"og:title\" content=\"Tatar: G\u00fcven duygusuyla yat\u0131r\u0131mlar\u0131n yap\u0131labilmesi i\u00e7in \u00e7al\u0131\u015fmal\u0131y\u0131z - NETBAKIS\" \/>\n<meta property=\"og:description\" content=\"Polis Genel M\u00fcd\u00fcrl\u00fc\u011f\u00fc\u2019nde ara\u00e7 ve malzeme teslim t\u00f6reni yap\u0131ld\u0131. Cumhurba\u015fkan\u0131 Ersin Tatar, t\u00f6rende yapt\u0131\u011f\u0131 konu\u015fmada, t\u00f6renin polis te\u015fkilat\u0131n\u0131n g\u00fc\u00e7lenmesi ad\u0131na \u00f6nemli &nbsp;bir ad\u0131m oldu\u011funu belirterek, \u00fclkedeki a\u015fayi\u015fin, emliyetin ve g\u00fcvenli\u011fin sa\u011flanabilmesi i\u00e7in bu t\u00fcr takviyelerin gerekti\u011fini belirtti. KKTC\u2019nin kendi imkanlar\u0131 ile polis te\u00e7kilat\u0131n\u0131n ara\u00e7 gere\u00e7lkertini geli\u015ftirmek i\u00e7in \u00e7al\u0131\u015flt\u0131\u011f\u0131n\u0131, ancak T\u00fcrkiye\u2019nin desteklerinin de \u00e7ok \u00f6nemli oldu\u011funu [&hellip;]\" \/>\n<meta property=\"og:url\" content=\"https:\/\/netbakis.net\/tr\/6589\/\" \/>\n<meta property=\"og:site_name\" content=\"NETBAKIS\" \/>\n<meta property=\"article:published_time\" content=\"2021-07-08T18:50:07+00:00\" \/>\n<meta property=\"article:modified_time\" content=\"2021-07-08T18:50:17+00:00\" \/>\n<meta property=\"og:image\" content=\"https:\/\/netbakis.net\/wp-content\/uploads\/2021\/07\/211617696_2058583017614729_2264225503997927697_n.jpg\" \/>\n\t<meta property=\"og:image:width\" content=\"960\" \/>\n\t<meta property=\"og:image:height\" content=\"573\" \/>\n\t<meta property=\"og:image:type\" content=\"image\/jpeg\" \/>\n<meta name=\"author\" content=\"netbakis.net\" \/>\n<meta name=\"twitter:card\" content=\"summary_large_image\" \/>\n<meta name=\"twitter:label1\" content=\"Yazan:\" \/>\n\t<meta name=\"twitter:data1\" content=\"netbakis.net\" \/>\n\t<meta name=\"twitter:label2\" content=\"Tahmini okuma s\u00fcresi\" \/>\n\t<meta name=\"twitter:data2\" content=\"1 dakika\" \/>\n<script type=\"application\/ld+json\" class=\"yoast-schema-graph\">{\"@context\":\"https:\/\/schema.org\",\"@graph\":[{\"@type\":\"WebPage\",\"@id\":\"https:\/\/netbakis.net\/6589\/\",\"url\":\"https:\/\/netbakis.net\/6589\/\",\"name\":\"Tatar: G\u00fcven duygusuyla yat\u0131r\u0131mlar\u0131n yap\u0131labilmesi i\u00e7in \u00e7al\u0131\u015fmal\u0131y\u0131z - NETBAKIS\",\"isPartOf\":{\"@id\":\"https:\/\/netbakis.net\/#website\"},\"primaryImageOfPage\":{\"@id\":\"https:\/\/netbakis.net\/6589\/#primaryimage\"},\"image\":{\"@id\":\"https:\/\/netbakis.net\/6589\/#primaryimage\"},\"thumbnailUrl\":\"https:\/\/netbakis.net\/wp-content\/uploads\/2021\/07\/211617696_2058583017614729_2264225503997927697_n.jpg\",\"datePublished\":\"2021-07-08T18:50:07+00:00\",\"dateModified\":\"2021-07-08T18:50:17+00:00\",\"author\":{\"@id\":\"https:\/\/netbakis.net\/#\/schema\/person\/5d9b5c3f48ca4a3c69967d619fc8c7f4\"},\"breadcrumb\":{\"@id\":\"https:\/\/netbakis.net\/6589\/#breadcrumb\"},\"inLanguage\":\"tr\",\"potentialAction\":[{\"@type\":\"ReadAction\",\"target\":[\"https:\/\/netbakis.net\/6589\/\"]}]},{\"@type\":\"ImageObject\",\"inLanguage\":\"tr\",\"@id\":\"https:\/\/netbakis.net\/6589\/#primaryimage\",\"url\":\"https:\/\/netbakis.net\/wp-content\/uploads\/2021\/07\/211617696_2058583017614729_2264225503997927697_n.jpg\",\"contentUrl\":\"https:\/\/netbakis.net\/wp-content\/uploads\/2021\/07\/211617696_2058583017614729_2264225503997927697_n.jpg\",\"width\":960,\"height\":573,\"caption\":\"Tatar\"},{\"@type\":\"BreadcrumbList\",\"@id\":\"https:\/\/netbakis.net\/6589\/#breadcrumb\",\"itemListElement\":[{\"@type\":\"ListItem\",\"position\":1,\"name\":\"Home\",\"item\":\"https:\/\/netbakis.net\/\"},{\"@type\":\"ListItem\",\"position\":2,\"name\":\"Tatar: G\u00fcven duygusuyla yat\u0131r\u0131mlar\u0131n yap\u0131labilmesi i\u00e7in \u00e7al\u0131\u015fmal\u0131y\u0131z\"}]},{\"@type\":\"WebSite\",\"@id\":\"https:\/\/netbakis.net\/#website\",\"url\":\"https:\/\/netbakis.net\/\",\"name\":\"NETBAKIS\",\"description\":\"SON DAKIKA\",\"potentialAction\":[{\"@type\":\"SearchAction\",\"target\":{\"@type\":\"EntryPoint\",\"urlTemplate\":\"https:\/\/netbakis.net\/?s={search_term_string}\"},\"query-input\":{\"@type\":\"PropertyValueSpecification\",\"valueRequired\":true,\"valueName\":\"search_term_string\"}}],\"inLanguage\":\"tr\"},{\"@type\":\"Person\",\"@id\":\"https:\/\/netbakis.net\/#\/schema\/person\/5d9b5c3f48ca4a3c69967d619fc8c7f4\",\"name\":\"netbakis.net\",\"image\":{\"@type\":\"ImageObject\",\"inLanguage\":\"tr\",\"@id\":\"https:\/\/netbakis.net\/#\/schema\/person\/image\/\",\"url\":\"https:\/\/secure.gravatar.com\/avatar\/4ddeae49d2d3e3568a8d5b0937642efdf0b72468dbe3f213bc1978faa47af0d1?s=96&d=wp_user_avatar&r=g\",\"contentUrl\":\"https:\/\/secure.gravatar.com\/avatar\/4ddeae49d2d3e3568a8d5b0937642efdf0b72468dbe3f213bc1978faa47af0d1?s=96&d=wp_user_avatar&r=g\",\"caption\":\"netbakis.net\"},\"sameAs\":[\"https:\/\/netbakis.net\"],\"url\":\"https:\/\/netbakis.net\/tr\/author\/netbakis-net\/\"}]}<\/script>\n<!-- \/ Yoast SEO plugin. -->","yoast_head_json":{"title":"Tatar: G\u00fcven duygusuyla yat\u0131r\u0131mlar\u0131n yap\u0131labilmesi i\u00e7in \u00e7al\u0131\u015fmal\u0131y\u0131z - NETBAKIS","robots":{"index":"index","follow":"follow","max-snippet":"max-snippet:-1","max-image-preview":"max-image-preview:large","max-video-preview":"max-video-preview:-1"},"canonical":"https:\/\/netbakis.net\/tr\/6589\/","og_locale":"tr_TR","og_type":"article","og_title":"Tatar: G\u00fcven duygusuyla yat\u0131r\u0131mlar\u0131n yap\u0131labilmesi i\u00e7in \u00e7al\u0131\u015fmal\u0131y\u0131z - NETBAKIS","og_description":"Polis Genel M\u00fcd\u00fcrl\u00fc\u011f\u00fc\u2019nde ara\u00e7 ve malzeme teslim t\u00f6reni yap\u0131ld\u0131. Cumhurba\u015fkan\u0131 Ersin Tatar, t\u00f6rende yapt\u0131\u011f\u0131 konu\u015fmada, t\u00f6renin polis te\u015fkilat\u0131n\u0131n g\u00fc\u00e7lenmesi ad\u0131na \u00f6nemli &nbsp;bir ad\u0131m oldu\u011funu belirterek, \u00fclkedeki a\u015fayi\u015fin, emliyetin ve g\u00fcvenli\u011fin sa\u011flanabilmesi i\u00e7in bu t\u00fcr takviyelerin gerekti\u011fini belirtti. KKTC\u2019nin kendi imkanlar\u0131 ile polis te\u00e7kilat\u0131n\u0131n ara\u00e7 gere\u00e7lkertini geli\u015ftirmek i\u00e7in \u00e7al\u0131\u015flt\u0131\u011f\u0131n\u0131, ancak T\u00fcrkiye\u2019nin desteklerinin de \u00e7ok \u00f6nemli oldu\u011funu [&hellip;]","og_url":"https:\/\/netbakis.net\/tr\/6589\/","og_site_name":"NETBAKIS","article_published_time":"2021-07-08T18:50:07+00:00","article_modified_time":"2021-07-08T18:50:17+00:00","og_image":[{"width":960,"height":573,"url":"https:\/\/netbakis.net\/wp-content\/uploads\/2021\/07\/211617696_2058583017614729_2264225503997927697_n.jpg","type":"image\/jpeg"}],"author":"netbakis.net","twitter_card":"summary_large_image","twitter_misc":{"Yazan:":"netbakis.net","Tahmini okuma s\u00fcresi":"1 dakika"},"schema":{"@context":"https:\/\/schema.org","@graph":[{"@type":"WebPage","@id":"https:\/\/netbakis.net\/6589\/","url":"https:\/\/netbakis.net\/6589\/","name":"Tatar: G\u00fcven duygusuyla yat\u0131r\u0131mlar\u0131n yap\u0131labilmesi i\u00e7in \u00e7al\u0131\u015fmal\u0131y\u0131z - NETBAKIS","isPartOf":{"@id":"https:\/\/netbakis.net\/#website"},"primaryImageOfPage":{"@id":"https:\/\/netbakis.net\/6589\/#primaryimage"},"image":{"@id":"https:\/\/netbakis.net\/6589\/#primaryimage"},"thumbnailUrl":"https:\/\/netbakis.net\/wp-content\/uploads\/2021\/07\/211617696_2058583017614729_2264225503997927697_n.jpg","datePublished":"2021-07-08T18:50:07+00:00","dateModified":"2021-07-08T18:50:17+00:00","author":{"@id":"https:\/\/netbakis.net\/#\/schema\/person\/5d9b5c3f48ca4a3c69967d619fc8c7f4"},"breadcrumb":{"@id":"https:\/\/netbakis.net\/6589\/#breadcrumb"},"inLanguage":"tr","potentialAction":[{"@type":"ReadAction","target":["https:\/\/netbakis.net\/6589\/"]}]},{"@type":"ImageObject","inLanguage":"tr","@id":"https:\/\/netbakis.net\/6589\/#primaryimage","url":"https:\/\/netbakis.net\/wp-content\/uploads\/2021\/07\/211617696_2058583017614729_2264225503997927697_n.jpg","contentUrl":"https:\/\/netbakis.net\/wp-content\/uploads\/2021\/07\/211617696_2058583017614729_2264225503997927697_n.jpg","width":960,"height":573,"caption":"Tatar"},{"@type":"BreadcrumbList","@id":"https:\/\/netbakis.net\/6589\/#breadcrumb","itemListElement":[{"@type":"ListItem","position":1,"name":"Home","item":"https:\/\/netbakis.net\/"},{"@type":"ListItem","position":2,"name":"Tatar: G\u00fcven duygusuyla yat\u0131r\u0131mlar\u0131n yap\u0131labilmesi i\u00e7in \u00e7al\u0131\u015fmal\u0131y\u0131z"}]},{"@type":"WebSite","@id":"https:\/\/netbakis.net\/#website","url":"https:\/\/netbakis.net\/","name":"NETBAKIS","description":"SON DAKIKA","potentialAction":[{"@type":"SearchAction","target":{"@type":"EntryPoint","urlTemplate":"https:\/\/netbakis.net\/?s={search_term_string}"},"query-input":{"@type":"PropertyValueSpecification","valueRequired":true,"valueName":"search_term_string"}}],"inLanguage":"tr"},{"@type":"Person","@id":"https:\/\/netbakis.net\/#\/schema\/person\/5d9b5c3f48ca4a3c69967d619fc8c7f4","name":"netbakis.net","image":{"@type":"ImageObject","inLanguage":"tr","@id":"https:\/\/netbakis.net\/#\/schema\/person\/image\/","url":"https:\/\/secure.gravatar.com\/avatar\/4ddeae49d2d3e3568a8d5b0937642efdf0b72468dbe3f213bc1978faa47af0d1?s=96&d=wp_user_avatar&r=g","contentUrl":"https:\/\/secure.gravatar.com\/avatar\/4ddeae49d2d3e3568a8d5b0937642efdf0b72468dbe3f213bc1978faa47af0d1?s=96&d=wp_user_avatar&r=g","caption":"netbakis.net"},"sameAs":["https:\/\/netbakis.net"],"url":"https:\/\/netbakis.net\/tr\/author\/netbakis-net\/"}]}},"jetpack_publicize_connections":[],"_links":{"self":[{"href":"https:\/\/netbakis.net\/tr\/wp-json\/wp\/v2\/posts\/6589","targetHints":{"allow":["GET"]}}],"collection":[{"href":"https:\/\/netbakis.net\/tr\/wp-json\/wp\/v2\/posts"}],"about":[{"href":"https:\/\/netbakis.net\/tr\/wp-json\/wp\/v2\/types\/post"}],"author":[{"embeddable":true,"href":"https:\/\/netbakis.net\/tr\/wp-json\/wp\/v2\/users\/1"}],"replies":[{"embeddable":true,"href":"https:\/\/netbakis.net\/tr\/wp-json\/wp\/v2\/comments?post=6589"}],"version-history":[{"count":1,"href":"https:\/\/netbakis.net\/tr\/wp-json\/wp\/v2\/posts\/6589\/revisions"}],"predecessor-version":[{"id":6591,"href":"https:\/\/netbakis.net\/tr\/wp-json\/wp\/v2\/posts\/6589\/revisions\/6591"}],"wp:featuredmedia":[{"embeddable":true,"href":"https:\/\/netbakis.net\/tr\/wp-json\/wp\/v2\/media\/6590"}],"wp:attachment":[{"href":"https:\/\/netbakis.net\/tr\/wp-json\/wp\/v2\/media?parent=6589"}],"wp:term":[{"taxonomy":"category","embeddable":true,"href":"https:\/\/netbakis.net\/tr\/wp-json\/wp\/v2\/categories?post=6589"},{"taxonomy":"post_tag","embeddable":true,"href":"https:\/\/netbakis.net\/tr\/wp-json\/wp\/v2\/tags?post=6589"}],"curies":[{"name":"wp","href":"https:\/\/api.w.org\/{rel}","templated":true}]}}