{"id":6563,"date":"2021-07-04T15:31:19","date_gmt":"2021-07-04T15:31:19","guid":{"rendered":"https:\/\/netbakis.net\/?p=6563"},"modified":"2021-07-04T15:31:32","modified_gmt":"2021-07-04T15:31:32","slug":"halkin-yuzde-82si-anastasiadisin-kibris-sorunundaki-icraatlarindan-memnun-degil","status":"publish","type":"post","link":"https:\/\/netbakis.net\/tr\/6563\/","title":{"rendered":"Halk\u0131n y\u00fczde 82\u2019si Anastasiadis\u2019in K\u0131br\u0131s sorunundaki icraatlar\u0131ndan memnun de\u011fil"},"content":{"rendered":"<p>Rum halk\u0131n\u0131n y\u00fczde 82\u2019si Rum Y\u00f6netimi Ba\u015fkan\u0131 Nikos Anastasiadis\u2019in K\u0131br\u0131s sorunundaki icraatlar\u0131n\u0131n tatmin edici olmad\u0131\u011f\u0131na inan\u0131yor<\/p>\n\n\n\n<p>Ankete kat\u0131lanlar\u0131n y\u00fczde 78\u2019i \u00fc\u00e7\u00fcnc\u00fc d\u00f6nem i\u00e7in ba\u015fkanl\u0131\u011fa aday olmas\u0131 halinde oy vermeyece\u011fi Anastasiadis\u2019in son kabine de\u011fi\u015fikli\u011fini \u201c\u00e7ok k\u00f6t\u00fc\u201d bulanlar\u0131n oran\u0131 ise y\u00fczde 58.<\/p>\n\n\n\n<p>Halk\u0131n y\u00fczde 72\u2019si 2023\u2019te se\u00e7ilecek Rum Y\u00f6netimi Ba\u015fkan\u0131\u2019n\u0131n vizyon sahibi olmas\u0131n\u0131, ge\u00e7mi\u015fte \u00e7ak\u0131l\u0131 kalmay\u0131p gelece\u011fe bakabilmesini, y\u00fczde 69\u2019u yolsuzluk konular\u0131yla ilgili bir s\u0131k\u0131nt\u0131s\u0131 olmamas\u0131n\u0131, y\u00fczde 56\u2019s\u0131 K\u0131br\u0131s sorununu \u00e7\u00f6zmeye haz\u0131r olmas\u0131n\u0131, y\u00fczde 36\u2019s\u0131 gen\u00e7lerin sorunlar\u0131na \u00e7\u00f6z\u00fcmler getirebilmesi ve y\u00fczde 26\u2019s\u0131 da hi\u00e7bir partiye ait olmamas\u0131n\u0131 istiyor.<\/p>\n\n\n\n<p>Politis, RetailZoom isimli \u00e7evrimi\u00e7i platform taraf\u0131ndan G\u00fcney K\u0131br\u0131s genelinden 18 ya\u015f ve \u00fczeri 785 ki\u015finin kat\u0131l\u0131m\u0131yla 30 Haziran-2 Temmuz d\u00f6neminde yap\u0131lan \u201cBa\u015fkan Her \u015eeyi Yanl\u0131\u015f Yapt\u0131\u201d ba\u015fl\u0131kl\u0131 anketin sonu\u00e7lar\u0131n\u0131 aktard\u0131.<\/p>\n\n\n\n<p>Habere g\u00f6re, kat\u0131l\u0131mc\u0131lar \u201cson genel se\u00e7imlerden kimin galip \u00e7\u0131kt\u0131\u011f\u0131na inan\u0131yorsunuz\u201d sorusuna y\u00fczde 33 oran\u0131nda \u201cD\u0130S\u0130\u201d, y\u00fczde 27 oran\u0131nda \u201cK\u0130MSE\u201d, y\u00fczde 26 oran\u0131nda \u201cELAM\u201d, y\u00fczde 10 oran\u0131nda D\u0130PA, y\u00fczde 3 oran\u0131nda \u201cG\u00f6r\u00fc\u015f\u00fcm yok\u201d cevab\u0131n\u0131 verdi. Bu soruya AKEL, D\u0130KO veya EDEK diyenlerin oran\u0131 ise y\u00fczde \u201c0\u201d.<\/p>\n\n\n\n<p>2023\u2019te yap\u0131lacak ba\u015fkanl\u0131k se\u00e7iminde yeni ba\u015fkan\u0131 hangi \u00fc\u00e7 kriterle se\u00e7ecekleri soruldu\u011funda (birden \u00e7ok cevap hakk\u0131 kullan\u0131ld\u0131) kat\u0131l\u0131mc\u0131lar\u0131n y\u00fczde 72\u2019si \u201cd\u00fcn\u00fcn de\u011fil yar\u0131n\u0131n K\u0131br\u0131s\u2019\u0131 hakk\u0131nda konu\u015fabilsin\u201d, y\u00fczde 69\u2019u \u201chakk\u0131nda yolsuzluk su\u00e7lamas\u0131 olmas\u0131n\u201d, y\u00fczde 56\u2019s\u0131 \u201cK\u0131br\u0131s sorununu \u00e7\u00f6zmeye haz\u0131r olsun\u201d, y\u00fczde 36\u2019s\u0131 \u201cgen\u00e7lerin sorunlar\u0131na \u00e7\u00f6z\u00fcm getirsin\u201d, y\u00fczde 35\u2019i \u201cyeni ve e\u011fitimli olsun\u201d, y\u00fczde 26\u2019s\u0131 \u201cpartilerden ba\u011f\u0131ms\u0131z olsun\u201d, y\u00fczde 6\u2019s\u0131 \u201cpartisinin deste\u011fine sahip olsun\u201d dedi, y\u00fczde 1\u2019i cevap vermek istemedi.<\/p>\n\n\n\n<p>Rum Y\u00f6netimi Ba\u015fkan\u0131 Nikos Anastasiadis\u2019in K\u0131br\u0131s sorununu y\u00f6netme \u015feklini nas\u0131l bulduklar\u0131 sorulan kat\u0131l\u0131mc\u0131lar\u0131n y\u00fczde 54\u2019\u00fc \u201cHi\u00e7 tatmin edici de\u011fil\u201d, y\u00fczde 28\u2019i \u201cTatmin edici de\u011fil\u201d, y\u00fczde 14\u2019\u00fc \u201cTatmin edici\u201d ve y\u00fczde 4\u2019\u00fc \u201cM\u00fckemmel\u201d cevab\u0131n\u0131 verdi.<\/p>\n\n\n\n<p>Anastasiadis\u2019in son kabine de\u011fi\u015fikli\u011fini nas\u0131l yorumlad\u0131klar\u0131 soruldu\u011funda kat\u0131l\u0131mc\u0131lar\u0131n y\u00fczde 30\u2019undan \u201c\u00c7ok k\u00f6t\u00fc\u201d, y\u00fczde 28\u2019inden \u201cK\u00f6t\u00fc\u201d, y\u00fczde 30\u2019undan \u201cOrta\u201d, y\u00fczde 9\u2019undan \u201c\u0130yi\u201d ve y\u00fczde 3\u2019\u00fcnden \u201c\u00c7ok iyi\u201d cevab\u0131 al\u0131nd\u0131.<\/p>\n\n\n\n<p>Anastasiadis \u00fc\u00e7\u00fcnc\u00fc kez ba\u015fkanl\u0131\u011fa talip olmas\u0131 halinde oy verip vermeyecekleri sorulan kat\u0131l\u0131mc\u0131lardan y\u00fczde 78\u2019i \u201cOy vermeyece\u011fim\u201d, y\u00fczde 13\u2019\u00fc \u201cOy verece\u011fim\u201d cevab\u0131 verdi. Y\u00fczde 9 ise cevap vermemeyi se\u00e7ti.<\/p>\n\n\n\n<p>Eski Adalet Bakan\u0131 Emiliu Yoliti ile ilgili ortaya \u00e7\u0131kan konuyu nas\u0131l yorumlad\u0131klar\u0131 soruldu\u011funda y\u00fczde 42\u2019si \u201cba\u015fkan onu atamakla yanl\u0131\u015f yapt\u0131\u201d, y\u00fczde 27\u2019si \u201cistifa etmekle iyi etti\u201d, y\u00fczde 16\u2019s\u0131 \u201cb\u00f6yle bir atamay\u0131 kendisi kabul etmemeliydi\u201d, y\u00fczde 5\u2019i \u201catamay\u0131 kabul ederek kariyerini mahvetti\u201d, y\u00fczde 5\u2019i \u201cg\u00f6r\u00fc\u015f\u00fcm yok\u201d, y\u00fczde 3\u2019\u00fc \u201cba\u015fkan\u0131n imaj\u0131na zarar verdi\u201d ve y\u00fczde 2\u2019si de \u201cistifa etmekle yanl\u0131\u015f yapt\u0131\u201d cevab\u0131n\u0131 verdi.<\/p>\n\n\n\n<p>Annita Dimitriu\u2019nun ilk Rum Meclis Ba\u015fkan\u0131 se\u00e7ilmesinin \u00fclke a\u00e7\u0131s\u0131ndan olumlu mu olumsuz mu oldu\u011fu sorusuna y\u00fczde 50 \u201columlu\u201d, y\u00fczde 39 \u201cne olumlu ne olumsuz\u201d, y\u00fczde 9 \u201columsuz\u201d cevab\u0131 geldi, y\u00fczde 2 cevap vermedi.<\/p>\n\n\n\n<p>2023\u2019te se\u00e7iminde yeni ba\u015fkan\u0131n merkez sa\u011fdan m\u0131 yoksa merkez soldan m\u0131 \u00e7\u0131kmas\u0131 gerekti\u011fi sorusuna y\u00fczde 52 \u201cmerkez sa\u011f\u201d,&nbsp; y\u00fczde 22 \u201cmerkez sol\u201d cevab\u0131 geldi.&nbsp; Y\u00fczde 10 \u201chi\u00e7biri\u201d derken y\u00fczde 16 cevap vermek istemedi.<\/p>\n\n\n\n<p>Ba\u011f\u0131ms\u0131z ba\u015fkan aday\u0131na oy verir miydiniz sorusuna y\u00fczde 77 \u201cveririm\u201d, y\u00fczde 11 \u201cvermem\u201d cevab\u0131 geldi. Kat\u0131l\u0131mc\u0131lar\u0131n y\u00fczde 12\u2019si cevap vermek istemedi.<\/p>","protected":false},"excerpt":{"rendered":"<p>Rum halk\u0131n\u0131n y\u00fczde 82\u2019si Rum Y\u00f6netimi Ba\u015fkan\u0131 Nikos Anastasiadis\u2019in K\u0131br\u0131s sorunundaki icraatlar\u0131n\u0131n tatmin edici olmad\u0131\u011f\u0131na inan\u0131yor Ankete kat\u0131lanlar\u0131n y\u00fczde 78\u2019i \u00fc\u00e7\u00fcnc\u00fc d\u00f6nem i\u00e7in ba\u015fkanl\u0131\u011fa aday olmas\u0131 halinde oy vermeyece\u011fi Anastasiadis\u2019in son kabine de\u011fi\u015fikli\u011fini \u201c\u00e7ok k\u00f6t\u00fc\u201d bulanlar\u0131n oran\u0131 ise y\u00fczde 58. Halk\u0131n y\u00fczde 72\u2019si 2023\u2019te se\u00e7ilecek Rum Y\u00f6netimi Ba\u015fkan\u0131\u2019n\u0131n vizyon sahibi olmas\u0131n\u0131, ge\u00e7mi\u015fte \u00e7ak\u0131l\u0131 kalmay\u0131p gelece\u011fe [&hellip;]<\/p>","protected":false},"author":1,"featured_media":5588,"comment_status":"open","ping_status":"open","sticky":false,"template":"","format":"standard","meta":{"om_disable_all_campaigns":false,"_monsterinsights_skip_tracking":false,"_monsterinsights_sitenote_active":false,"_monsterinsights_sitenote_note":"","_monsterinsights_sitenote_category":0,"_uf_show_specific_survey":0,"_uf_disable_surveys":false,"footnotes":"","jetpack_publicize_message":"","jetpack_publicize_feature_enabled":true,"jetpack_social_post_already_shared":false,"jetpack_social_options":{"image_generator_settings":{"template":"highway","default_image_id":0,"font":"","enabled":false},"version":2}},"categories":[85],"tags":[105],"class_list":{"0":"post-6563","1":"post","2":"type-post","3":"status-publish","4":"format-standard","5":"has-post-thumbnail","7":"category-dunya","8":"tag-anastasiadis"},"yoast_head":"<!-- This site is optimized with the Yoast SEO plugin v23.8 - https:\/\/yoast.com\/wordpress\/plugins\/seo\/ -->\n<title>Halk\u0131n y\u00fczde 82\u2019si Anastasiadis\u2019in K\u0131br\u0131s sorunundaki icraatlar\u0131ndan memnun de\u011fil - NETBAKIS<\/title>\n<meta name=\"robots\" content=\"index, follow, max-snippet:-1, max-image-preview:large, max-video-preview:-1\" \/>\n<link rel=\"canonical\" href=\"https:\/\/netbakis.net\/tr\/6563\/\" \/>\n<meta property=\"og:locale\" content=\"tr_TR\" \/>\n<meta property=\"og:type\" content=\"article\" \/>\n<meta property=\"og:title\" content=\"Halk\u0131n y\u00fczde 82\u2019si Anastasiadis\u2019in K\u0131br\u0131s sorunundaki icraatlar\u0131ndan memnun de\u011fil - NETBAKIS\" \/>\n<meta property=\"og:description\" content=\"Rum halk\u0131n\u0131n y\u00fczde 82\u2019si Rum Y\u00f6netimi Ba\u015fkan\u0131 Nikos Anastasiadis\u2019in K\u0131br\u0131s sorunundaki icraatlar\u0131n\u0131n tatmin edici olmad\u0131\u011f\u0131na inan\u0131yor Ankete kat\u0131lanlar\u0131n y\u00fczde 78\u2019i \u00fc\u00e7\u00fcnc\u00fc d\u00f6nem i\u00e7in ba\u015fkanl\u0131\u011fa aday olmas\u0131 halinde oy vermeyece\u011fi Anastasiadis\u2019in son kabine de\u011fi\u015fikli\u011fini \u201c\u00e7ok k\u00f6t\u00fc\u201d bulanlar\u0131n oran\u0131 ise y\u00fczde 58. Halk\u0131n y\u00fczde 72\u2019si 2023\u2019te se\u00e7ilecek Rum Y\u00f6netimi Ba\u015fkan\u0131\u2019n\u0131n vizyon sahibi olmas\u0131n\u0131, ge\u00e7mi\u015fte \u00e7ak\u0131l\u0131 kalmay\u0131p gelece\u011fe [&hellip;]\" \/>\n<meta property=\"og:url\" content=\"https:\/\/netbakis.net\/tr\/6563\/\" \/>\n<meta property=\"og:site_name\" content=\"NETBAKIS\" \/>\n<meta property=\"article:published_time\" content=\"2021-07-04T15:31:19+00:00\" \/>\n<meta property=\"article:modified_time\" content=\"2021-07-04T15:31:32+00:00\" \/>\n<meta property=\"og:image\" content=\"https:\/\/netbakis.net\/wp-content\/uploads\/2021\/05\/Anastasiadis.jpg\" \/>\n\t<meta property=\"og:image:width\" content=\"768\" \/>\n\t<meta property=\"og:image:height\" content=\"418\" \/>\n\t<meta property=\"og:image:type\" content=\"image\/jpeg\" \/>\n<meta name=\"author\" content=\"netbakis.net\" \/>\n<meta name=\"twitter:card\" content=\"summary_large_image\" \/>\n<meta name=\"twitter:label1\" content=\"Yazan:\" \/>\n\t<meta name=\"twitter:data1\" content=\"netbakis.net\" \/>\n\t<meta name=\"twitter:label2\" content=\"Tahmini okuma s\u00fcresi\" \/>\n\t<meta name=\"twitter:data2\" content=\"3 dakika\" \/>\n<script type=\"application\/ld+json\" class=\"yoast-schema-graph\">{\"@context\":\"https:\/\/schema.org\",\"@graph\":[{\"@type\":\"WebPage\",\"@id\":\"https:\/\/netbakis.net\/6563\/\",\"url\":\"https:\/\/netbakis.net\/6563\/\",\"name\":\"Halk\u0131n y\u00fczde 82\u2019si Anastasiadis\u2019in K\u0131br\u0131s sorunundaki icraatlar\u0131ndan memnun de\u011fil - NETBAKIS\",\"isPartOf\":{\"@id\":\"https:\/\/netbakis.net\/#website\"},\"primaryImageOfPage\":{\"@id\":\"https:\/\/netbakis.net\/6563\/#primaryimage\"},\"image\":{\"@id\":\"https:\/\/netbakis.net\/6563\/#primaryimage\"},\"thumbnailUrl\":\"https:\/\/netbakis.net\/wp-content\/uploads\/2021\/05\/Anastasiadis.jpg\",\"datePublished\":\"2021-07-04T15:31:19+00:00\",\"dateModified\":\"2021-07-04T15:31:32+00:00\",\"author\":{\"@id\":\"https:\/\/netbakis.net\/#\/schema\/person\/5d9b5c3f48ca4a3c69967d619fc8c7f4\"},\"breadcrumb\":{\"@id\":\"https:\/\/netbakis.net\/6563\/#breadcrumb\"},\"inLanguage\":\"tr\",\"potentialAction\":[{\"@type\":\"ReadAction\",\"target\":[\"https:\/\/netbakis.net\/6563\/\"]}]},{\"@type\":\"ImageObject\",\"inLanguage\":\"tr\",\"@id\":\"https:\/\/netbakis.net\/6563\/#primaryimage\",\"url\":\"https:\/\/netbakis.net\/wp-content\/uploads\/2021\/05\/Anastasiadis.jpg\",\"contentUrl\":\"https:\/\/netbakis.net\/wp-content\/uploads\/2021\/05\/Anastasiadis.jpg\",\"width\":768,\"height\":418,\"caption\":\"Anastasiadis\"},{\"@type\":\"BreadcrumbList\",\"@id\":\"https:\/\/netbakis.net\/6563\/#breadcrumb\",\"itemListElement\":[{\"@type\":\"ListItem\",\"position\":1,\"name\":\"Home\",\"item\":\"https:\/\/netbakis.net\/\"},{\"@type\":\"ListItem\",\"position\":2,\"name\":\"Halk\u0131n y\u00fczde 82\u2019si Anastasiadis\u2019in K\u0131br\u0131s sorunundaki icraatlar\u0131ndan memnun de\u011fil\"}]},{\"@type\":\"WebSite\",\"@id\":\"https:\/\/netbakis.net\/#website\",\"url\":\"https:\/\/netbakis.net\/\",\"name\":\"NETBAKIS\",\"description\":\"SON DAKIKA\",\"potentialAction\":[{\"@type\":\"SearchAction\",\"target\":{\"@type\":\"EntryPoint\",\"urlTemplate\":\"https:\/\/netbakis.net\/?s={search_term_string}\"},\"query-input\":{\"@type\":\"PropertyValueSpecification\",\"valueRequired\":true,\"valueName\":\"search_term_string\"}}],\"inLanguage\":\"tr\"},{\"@type\":\"Person\",\"@id\":\"https:\/\/netbakis.net\/#\/schema\/person\/5d9b5c3f48ca4a3c69967d619fc8c7f4\",\"name\":\"netbakis.net\",\"image\":{\"@type\":\"ImageObject\",\"inLanguage\":\"tr\",\"@id\":\"https:\/\/netbakis.net\/#\/schema\/person\/image\/\",\"url\":\"https:\/\/secure.gravatar.com\/avatar\/4ddeae49d2d3e3568a8d5b0937642efdf0b72468dbe3f213bc1978faa47af0d1?s=96&d=wp_user_avatar&r=g\",\"contentUrl\":\"https:\/\/secure.gravatar.com\/avatar\/4ddeae49d2d3e3568a8d5b0937642efdf0b72468dbe3f213bc1978faa47af0d1?s=96&d=wp_user_avatar&r=g\",\"caption\":\"netbakis.net\"},\"sameAs\":[\"https:\/\/netbakis.net\"],\"url\":\"https:\/\/netbakis.net\/tr\/author\/netbakis-net\/\"}]}<\/script>\n<!-- \/ Yoast SEO plugin. -->","yoast_head_json":{"title":"Halk\u0131n y\u00fczde 82\u2019si Anastasiadis\u2019in K\u0131br\u0131s sorunundaki icraatlar\u0131ndan memnun de\u011fil - NETBAKIS","robots":{"index":"index","follow":"follow","max-snippet":"max-snippet:-1","max-image-preview":"max-image-preview:large","max-video-preview":"max-video-preview:-1"},"canonical":"https:\/\/netbakis.net\/tr\/6563\/","og_locale":"tr_TR","og_type":"article","og_title":"Halk\u0131n y\u00fczde 82\u2019si Anastasiadis\u2019in K\u0131br\u0131s sorunundaki icraatlar\u0131ndan memnun de\u011fil - NETBAKIS","og_description":"Rum halk\u0131n\u0131n y\u00fczde 82\u2019si Rum Y\u00f6netimi Ba\u015fkan\u0131 Nikos Anastasiadis\u2019in K\u0131br\u0131s sorunundaki icraatlar\u0131n\u0131n tatmin edici olmad\u0131\u011f\u0131na inan\u0131yor Ankete kat\u0131lanlar\u0131n y\u00fczde 78\u2019i \u00fc\u00e7\u00fcnc\u00fc d\u00f6nem i\u00e7in ba\u015fkanl\u0131\u011fa aday olmas\u0131 halinde oy vermeyece\u011fi Anastasiadis\u2019in son kabine de\u011fi\u015fikli\u011fini \u201c\u00e7ok k\u00f6t\u00fc\u201d bulanlar\u0131n oran\u0131 ise y\u00fczde 58. Halk\u0131n y\u00fczde 72\u2019si 2023\u2019te se\u00e7ilecek Rum Y\u00f6netimi Ba\u015fkan\u0131\u2019n\u0131n vizyon sahibi olmas\u0131n\u0131, ge\u00e7mi\u015fte \u00e7ak\u0131l\u0131 kalmay\u0131p gelece\u011fe [&hellip;]","og_url":"https:\/\/netbakis.net\/tr\/6563\/","og_site_name":"NETBAKIS","article_published_time":"2021-07-04T15:31:19+00:00","article_modified_time":"2021-07-04T15:31:32+00:00","og_image":[{"width":768,"height":418,"url":"https:\/\/netbakis.net\/wp-content\/uploads\/2021\/05\/Anastasiadis.jpg","type":"image\/jpeg"}],"author":"netbakis.net","twitter_card":"summary_large_image","twitter_misc":{"Yazan:":"netbakis.net","Tahmini okuma s\u00fcresi":"3 dakika"},"schema":{"@context":"https:\/\/schema.org","@graph":[{"@type":"WebPage","@id":"https:\/\/netbakis.net\/6563\/","url":"https:\/\/netbakis.net\/6563\/","name":"Halk\u0131n y\u00fczde 82\u2019si Anastasiadis\u2019in K\u0131br\u0131s sorunundaki icraatlar\u0131ndan memnun de\u011fil - NETBAKIS","isPartOf":{"@id":"https:\/\/netbakis.net\/#website"},"primaryImageOfPage":{"@id":"https:\/\/netbakis.net\/6563\/#primaryimage"},"image":{"@id":"https:\/\/netbakis.net\/6563\/#primaryimage"},"thumbnailUrl":"https:\/\/netbakis.net\/wp-content\/uploads\/2021\/05\/Anastasiadis.jpg","datePublished":"2021-07-04T15:31:19+00:00","dateModified":"2021-07-04T15:31:32+00:00","author":{"@id":"https:\/\/netbakis.net\/#\/schema\/person\/5d9b5c3f48ca4a3c69967d619fc8c7f4"},"breadcrumb":{"@id":"https:\/\/netbakis.net\/6563\/#breadcrumb"},"inLanguage":"tr","potentialAction":[{"@type":"ReadAction","target":["https:\/\/netbakis.net\/6563\/"]}]},{"@type":"ImageObject","inLanguage":"tr","@id":"https:\/\/netbakis.net\/6563\/#primaryimage","url":"https:\/\/netbakis.net\/wp-content\/uploads\/2021\/05\/Anastasiadis.jpg","contentUrl":"https:\/\/netbakis.net\/wp-content\/uploads\/2021\/05\/Anastasiadis.jpg","width":768,"height":418,"caption":"Anastasiadis"},{"@type":"BreadcrumbList","@id":"https:\/\/netbakis.net\/6563\/#breadcrumb","itemListElement":[{"@type":"ListItem","position":1,"name":"Home","item":"https:\/\/netbakis.net\/"},{"@type":"ListItem","position":2,"name":"Halk\u0131n y\u00fczde 82\u2019si Anastasiadis\u2019in K\u0131br\u0131s sorunundaki icraatlar\u0131ndan memnun de\u011fil"}]},{"@type":"WebSite","@id":"https:\/\/netbakis.net\/#website","url":"https:\/\/netbakis.net\/","name":"NETBAKIS","description":"SON DAKIKA","potentialAction":[{"@type":"SearchAction","target":{"@type":"EntryPoint","urlTemplate":"https:\/\/netbakis.net\/?s={search_term_string}"},"query-input":{"@type":"PropertyValueSpecification","valueRequired":true,"valueName":"search_term_string"}}],"inLanguage":"tr"},{"@type":"Person","@id":"https:\/\/netbakis.net\/#\/schema\/person\/5d9b5c3f48ca4a3c69967d619fc8c7f4","name":"netbakis.net","image":{"@type":"ImageObject","inLanguage":"tr","@id":"https:\/\/netbakis.net\/#\/schema\/person\/image\/","url":"https:\/\/secure.gravatar.com\/avatar\/4ddeae49d2d3e3568a8d5b0937642efdf0b72468dbe3f213bc1978faa47af0d1?s=96&d=wp_user_avatar&r=g","contentUrl":"https:\/\/secure.gravatar.com\/avatar\/4ddeae49d2d3e3568a8d5b0937642efdf0b72468dbe3f213bc1978faa47af0d1?s=96&d=wp_user_avatar&r=g","caption":"netbakis.net"},"sameAs":["https:\/\/netbakis.net"],"url":"https:\/\/netbakis.net\/tr\/author\/netbakis-net\/"}]}},"jetpack_publicize_connections":[],"_links":{"self":[{"href":"https:\/\/netbakis.net\/tr\/wp-json\/wp\/v2\/posts\/6563","targetHints":{"allow":["GET"]}}],"collection":[{"href":"https:\/\/netbakis.net\/tr\/wp-json\/wp\/v2\/posts"}],"about":[{"href":"https:\/\/netbakis.net\/tr\/wp-json\/wp\/v2\/types\/post"}],"author":[{"embeddable":true,"href":"https:\/\/netbakis.net\/tr\/wp-json\/wp\/v2\/users\/1"}],"replies":[{"embeddable":true,"href":"https:\/\/netbakis.net\/tr\/wp-json\/wp\/v2\/comments?post=6563"}],"version-history":[{"count":1,"href":"https:\/\/netbakis.net\/tr\/wp-json\/wp\/v2\/posts\/6563\/revisions"}],"predecessor-version":[{"id":6564,"href":"https:\/\/netbakis.net\/tr\/wp-json\/wp\/v2\/posts\/6563\/revisions\/6564"}],"wp:featuredmedia":[{"embeddable":true,"href":"https:\/\/netbakis.net\/tr\/wp-json\/wp\/v2\/media\/5588"}],"wp:attachment":[{"href":"https:\/\/netbakis.net\/tr\/wp-json\/wp\/v2\/media?parent=6563"}],"wp:term":[{"taxonomy":"category","embeddable":true,"href":"https:\/\/netbakis.net\/tr\/wp-json\/wp\/v2\/categories?post=6563"},{"taxonomy":"post_tag","embeddable":true,"href":"https:\/\/netbakis.net\/tr\/wp-json\/wp\/v2\/tags?post=6563"}],"curies":[{"name":"wp","href":"https:\/\/api.w.org\/{rel}","templated":true}]}}