{"id":6557,"date":"2021-07-04T15:26:51","date_gmt":"2021-07-04T15:26:51","guid":{"rendered":"https:\/\/netbakis.net\/?p=6557"},"modified":"2021-07-04T15:27:02","modified_gmt":"2021-07-04T15:27:02","slug":"akel-genel-sekreteri-stefanos-stefanu-oldu","status":"publish","type":"post","link":"https:\/\/netbakis.net\/tr\/6557\/","title":{"rendered":"AKEL genel sekreteri Stefanos Stefanu oldu"},"content":{"rendered":"<p>Stefanos Stefanu, y\u00fczde 72 oyla AKEL&#8217;in yeni genel sekreteri se\u00e7ildi&#8230;<\/p>\n\n\n\n<p>G\u00fcney K\u0131br\u0131s\u2019\u0131n en g\u00fc\u00e7l\u00fc siyasi partilerinden biri olan AKEL&#8217;in yeni genel sekreteri Stefanos Stefanu oldu.<\/p>\n\n\n\n<p>Bug\u00fcn ger\u00e7ekle\u015fen genel kurulda oylar\u0131n y\u00fczde 72\u2019sini alan Stefanos Stefanu, 2009&#8217;dan beri g\u00f6revde olan Andros Kiprianu yerine yeni genel sekreteri olarak se\u00e7ildi.<\/p>\n\n\n\n<p>Genel sekreterlik se\u00e7imi Stefanos Stefanu ve Giorgos Loukaides aras\u0131nda yap\u0131ld\u0131. Genel Kurulda toplam 104 \u00fcye oy kulland\u0131. Bir eksik ve bir bo\u015f ile Loukaides 29 oy veya y\u00fczde 28.16 destek al\u0131rken, Stefanu 74 oy veya y\u00fczde 71.84 ald\u0131.<\/p>\n\n\n\n<p>AKEL eski genel sekreter\u0130 Andros Kiprianu, AKEL&#8217;in sekiz y\u0131l muhalefette kald\u0131ktan sonra bir skandalda y\u00fczde 22,34 ile deste\u011finin y\u00fczde 3,3&#8217;\u00fcn\u00fc ve bir sandalye kaybetti\u011fini g\u00f6steren son parlamento se\u00e7imlerinde partinin k\u00f6t\u00fc performans\u0131 sonras\u0131nda adayl\u0131k i\u00e7in ba\u015fvuru yapmamay\u0131 tercih etti.<\/p>","protected":false},"excerpt":{"rendered":"<p>Stefanos Stefanu, y\u00fczde 72 oyla AKEL&#8217;in yeni genel sekreteri se\u00e7ildi&#8230; G\u00fcney K\u0131br\u0131s\u2019\u0131n en g\u00fc\u00e7l\u00fc siyasi partilerinden biri olan AKEL&#8217;in yeni genel sekreteri Stefanos Stefanu oldu. Bug\u00fcn ger\u00e7ekle\u015fen genel kurulda oylar\u0131n y\u00fczde 72\u2019sini alan Stefanos Stefanu, 2009&#8217;dan beri g\u00f6revde olan Andros Kiprianu yerine yeni genel sekreteri olarak se\u00e7ildi. Genel sekreterlik se\u00e7imi Stefanos Stefanu ve Giorgos Loukaides [&hellip;]<\/p>","protected":false},"author":1,"featured_media":6558,"comment_status":"open","ping_status":"open","sticky":false,"template":"","format":"standard","meta":{"om_disable_all_campaigns":false,"_monsterinsights_skip_tracking":false,"_monsterinsights_sitenote_active":false,"_monsterinsights_sitenote_note":"","_monsterinsights_sitenote_category":0,"_uf_show_specific_survey":0,"_uf_disable_surveys":false,"footnotes":"","jetpack_publicize_message":"","jetpack_publicize_feature_enabled":true,"jetpack_social_post_already_shared":false,"jetpack_social_options":{"image_generator_settings":{"template":"highway","default_image_id":0,"font":"","enabled":false},"version":2}},"categories":[81],"tags":[441],"class_list":{"0":"post-6557","1":"post","2":"type-post","3":"status-publish","4":"format-standard","5":"has-post-thumbnail","7":"category-gundem","8":"tag-stefanos-stefanu"},"yoast_head":"<!-- This site is optimized with the Yoast SEO plugin v23.8 - https:\/\/yoast.com\/wordpress\/plugins\/seo\/ -->\n<title>AKEL genel sekreteri Stefanos Stefanu oldu - NETBAKIS<\/title>\n<meta name=\"robots\" content=\"index, follow, max-snippet:-1, max-image-preview:large, max-video-preview:-1\" \/>\n<link rel=\"canonical\" href=\"https:\/\/netbakis.net\/tr\/6557\/\" \/>\n<meta property=\"og:locale\" content=\"tr_TR\" \/>\n<meta property=\"og:type\" content=\"article\" \/>\n<meta property=\"og:title\" content=\"AKEL genel sekreteri Stefanos Stefanu oldu - NETBAKIS\" \/>\n<meta property=\"og:description\" content=\"Stefanos Stefanu, y\u00fczde 72 oyla AKEL&#8217;in yeni genel sekreteri se\u00e7ildi&#8230; G\u00fcney K\u0131br\u0131s\u2019\u0131n en g\u00fc\u00e7l\u00fc siyasi partilerinden biri olan AKEL&#8217;in yeni genel sekreteri Stefanos Stefanu oldu. Bug\u00fcn ger\u00e7ekle\u015fen genel kurulda oylar\u0131n y\u00fczde 72\u2019sini alan Stefanos Stefanu, 2009&#8217;dan beri g\u00f6revde olan Andros Kiprianu yerine yeni genel sekreteri olarak se\u00e7ildi. Genel sekreterlik se\u00e7imi Stefanos Stefanu ve Giorgos Loukaides [&hellip;]\" \/>\n<meta property=\"og:url\" content=\"https:\/\/netbakis.net\/tr\/6557\/\" \/>\n<meta property=\"og:site_name\" content=\"NETBAKIS\" \/>\n<meta property=\"article:published_time\" content=\"2021-07-04T15:26:51+00:00\" \/>\n<meta property=\"article:modified_time\" content=\"2021-07-04T15:27:02+00:00\" \/>\n<meta property=\"og:image\" content=\"https:\/\/netbakis.net\/wp-content\/uploads\/2021\/07\/akel_in_yeni_genel_sekreteri_oldu_h87381_223fd.jpeg\" \/>\n\t<meta property=\"og:image:width\" content=\"656\" \/>\n\t<meta property=\"og:image:height\" content=\"400\" \/>\n\t<meta property=\"og:image:type\" content=\"image\/jpeg\" \/>\n<meta name=\"author\" content=\"netbakis.net\" \/>\n<meta name=\"twitter:card\" content=\"summary_large_image\" \/>\n<meta name=\"twitter:label1\" content=\"Yazan:\" \/>\n\t<meta name=\"twitter:data1\" content=\"netbakis.net\" \/>\n\t<meta name=\"twitter:label2\" content=\"Tahmini okuma s\u00fcresi\" \/>\n\t<meta name=\"twitter:data2\" content=\"1 dakika\" \/>\n<script type=\"application\/ld+json\" class=\"yoast-schema-graph\">{\"@context\":\"https:\/\/schema.org\",\"@graph\":[{\"@type\":\"WebPage\",\"@id\":\"https:\/\/netbakis.net\/6557\/\",\"url\":\"https:\/\/netbakis.net\/6557\/\",\"name\":\"AKEL genel sekreteri Stefanos Stefanu oldu - NETBAKIS\",\"isPartOf\":{\"@id\":\"https:\/\/netbakis.net\/#website\"},\"primaryImageOfPage\":{\"@id\":\"https:\/\/netbakis.net\/6557\/#primaryimage\"},\"image\":{\"@id\":\"https:\/\/netbakis.net\/6557\/#primaryimage\"},\"thumbnailUrl\":\"https:\/\/netbakis.net\/wp-content\/uploads\/2021\/07\/akel_in_yeni_genel_sekreteri_oldu_h87381_223fd.jpeg\",\"datePublished\":\"2021-07-04T15:26:51+00:00\",\"dateModified\":\"2021-07-04T15:27:02+00:00\",\"author\":{\"@id\":\"https:\/\/netbakis.net\/#\/schema\/person\/5d9b5c3f48ca4a3c69967d619fc8c7f4\"},\"breadcrumb\":{\"@id\":\"https:\/\/netbakis.net\/6557\/#breadcrumb\"},\"inLanguage\":\"tr\",\"potentialAction\":[{\"@type\":\"ReadAction\",\"target\":[\"https:\/\/netbakis.net\/6557\/\"]}]},{\"@type\":\"ImageObject\",\"inLanguage\":\"tr\",\"@id\":\"https:\/\/netbakis.net\/6557\/#primaryimage\",\"url\":\"https:\/\/netbakis.net\/wp-content\/uploads\/2021\/07\/akel_in_yeni_genel_sekreteri_oldu_h87381_223fd.jpeg\",\"contentUrl\":\"https:\/\/netbakis.net\/wp-content\/uploads\/2021\/07\/akel_in_yeni_genel_sekreteri_oldu_h87381_223fd.jpeg\",\"width\":656,\"height\":400,\"caption\":\"Stefanos Stefanu\"},{\"@type\":\"BreadcrumbList\",\"@id\":\"https:\/\/netbakis.net\/6557\/#breadcrumb\",\"itemListElement\":[{\"@type\":\"ListItem\",\"position\":1,\"name\":\"Home\",\"item\":\"https:\/\/netbakis.net\/\"},{\"@type\":\"ListItem\",\"position\":2,\"name\":\"AKEL genel sekreteri Stefanos Stefanu oldu\"}]},{\"@type\":\"WebSite\",\"@id\":\"https:\/\/netbakis.net\/#website\",\"url\":\"https:\/\/netbakis.net\/\",\"name\":\"NETBAKIS\",\"description\":\"SON DAKIKA\",\"potentialAction\":[{\"@type\":\"SearchAction\",\"target\":{\"@type\":\"EntryPoint\",\"urlTemplate\":\"https:\/\/netbakis.net\/?s={search_term_string}\"},\"query-input\":{\"@type\":\"PropertyValueSpecification\",\"valueRequired\":true,\"valueName\":\"search_term_string\"}}],\"inLanguage\":\"tr\"},{\"@type\":\"Person\",\"@id\":\"https:\/\/netbakis.net\/#\/schema\/person\/5d9b5c3f48ca4a3c69967d619fc8c7f4\",\"name\":\"netbakis.net\",\"image\":{\"@type\":\"ImageObject\",\"inLanguage\":\"tr\",\"@id\":\"https:\/\/netbakis.net\/#\/schema\/person\/image\/\",\"url\":\"https:\/\/secure.gravatar.com\/avatar\/4ddeae49d2d3e3568a8d5b0937642efdf0b72468dbe3f213bc1978faa47af0d1?s=96&d=wp_user_avatar&r=g\",\"contentUrl\":\"https:\/\/secure.gravatar.com\/avatar\/4ddeae49d2d3e3568a8d5b0937642efdf0b72468dbe3f213bc1978faa47af0d1?s=96&d=wp_user_avatar&r=g\",\"caption\":\"netbakis.net\"},\"sameAs\":[\"https:\/\/netbakis.net\"],\"url\":\"https:\/\/netbakis.net\/tr\/author\/netbakis-net\/\"}]}<\/script>\n<!-- \/ Yoast SEO plugin. -->","yoast_head_json":{"title":"AKEL genel sekreteri Stefanos Stefanu oldu - NETBAKIS","robots":{"index":"index","follow":"follow","max-snippet":"max-snippet:-1","max-image-preview":"max-image-preview:large","max-video-preview":"max-video-preview:-1"},"canonical":"https:\/\/netbakis.net\/tr\/6557\/","og_locale":"tr_TR","og_type":"article","og_title":"AKEL genel sekreteri Stefanos Stefanu oldu - NETBAKIS","og_description":"Stefanos Stefanu, y\u00fczde 72 oyla AKEL&#8217;in yeni genel sekreteri se\u00e7ildi&#8230; G\u00fcney K\u0131br\u0131s\u2019\u0131n en g\u00fc\u00e7l\u00fc siyasi partilerinden biri olan AKEL&#8217;in yeni genel sekreteri Stefanos Stefanu oldu. Bug\u00fcn ger\u00e7ekle\u015fen genel kurulda oylar\u0131n y\u00fczde 72\u2019sini alan Stefanos Stefanu, 2009&#8217;dan beri g\u00f6revde olan Andros Kiprianu yerine yeni genel sekreteri olarak se\u00e7ildi. Genel sekreterlik se\u00e7imi Stefanos Stefanu ve Giorgos Loukaides [&hellip;]","og_url":"https:\/\/netbakis.net\/tr\/6557\/","og_site_name":"NETBAKIS","article_published_time":"2021-07-04T15:26:51+00:00","article_modified_time":"2021-07-04T15:27:02+00:00","og_image":[{"width":656,"height":400,"url":"https:\/\/netbakis.net\/wp-content\/uploads\/2021\/07\/akel_in_yeni_genel_sekreteri_oldu_h87381_223fd.jpeg","type":"image\/jpeg"}],"author":"netbakis.net","twitter_card":"summary_large_image","twitter_misc":{"Yazan:":"netbakis.net","Tahmini okuma s\u00fcresi":"1 dakika"},"schema":{"@context":"https:\/\/schema.org","@graph":[{"@type":"WebPage","@id":"https:\/\/netbakis.net\/6557\/","url":"https:\/\/netbakis.net\/6557\/","name":"AKEL genel sekreteri Stefanos Stefanu oldu - NETBAKIS","isPartOf":{"@id":"https:\/\/netbakis.net\/#website"},"primaryImageOfPage":{"@id":"https:\/\/netbakis.net\/6557\/#primaryimage"},"image":{"@id":"https:\/\/netbakis.net\/6557\/#primaryimage"},"thumbnailUrl":"https:\/\/netbakis.net\/wp-content\/uploads\/2021\/07\/akel_in_yeni_genel_sekreteri_oldu_h87381_223fd.jpeg","datePublished":"2021-07-04T15:26:51+00:00","dateModified":"2021-07-04T15:27:02+00:00","author":{"@id":"https:\/\/netbakis.net\/#\/schema\/person\/5d9b5c3f48ca4a3c69967d619fc8c7f4"},"breadcrumb":{"@id":"https:\/\/netbakis.net\/6557\/#breadcrumb"},"inLanguage":"tr","potentialAction":[{"@type":"ReadAction","target":["https:\/\/netbakis.net\/6557\/"]}]},{"@type":"ImageObject","inLanguage":"tr","@id":"https:\/\/netbakis.net\/6557\/#primaryimage","url":"https:\/\/netbakis.net\/wp-content\/uploads\/2021\/07\/akel_in_yeni_genel_sekreteri_oldu_h87381_223fd.jpeg","contentUrl":"https:\/\/netbakis.net\/wp-content\/uploads\/2021\/07\/akel_in_yeni_genel_sekreteri_oldu_h87381_223fd.jpeg","width":656,"height":400,"caption":"Stefanos Stefanu"},{"@type":"BreadcrumbList","@id":"https:\/\/netbakis.net\/6557\/#breadcrumb","itemListElement":[{"@type":"ListItem","position":1,"name":"Home","item":"https:\/\/netbakis.net\/"},{"@type":"ListItem","position":2,"name":"AKEL genel sekreteri Stefanos Stefanu oldu"}]},{"@type":"WebSite","@id":"https:\/\/netbakis.net\/#website","url":"https:\/\/netbakis.net\/","name":"NETBAKIS","description":"SON DAKIKA","potentialAction":[{"@type":"SearchAction","target":{"@type":"EntryPoint","urlTemplate":"https:\/\/netbakis.net\/?s={search_term_string}"},"query-input":{"@type":"PropertyValueSpecification","valueRequired":true,"valueName":"search_term_string"}}],"inLanguage":"tr"},{"@type":"Person","@id":"https:\/\/netbakis.net\/#\/schema\/person\/5d9b5c3f48ca4a3c69967d619fc8c7f4","name":"netbakis.net","image":{"@type":"ImageObject","inLanguage":"tr","@id":"https:\/\/netbakis.net\/#\/schema\/person\/image\/","url":"https:\/\/secure.gravatar.com\/avatar\/4ddeae49d2d3e3568a8d5b0937642efdf0b72468dbe3f213bc1978faa47af0d1?s=96&d=wp_user_avatar&r=g","contentUrl":"https:\/\/secure.gravatar.com\/avatar\/4ddeae49d2d3e3568a8d5b0937642efdf0b72468dbe3f213bc1978faa47af0d1?s=96&d=wp_user_avatar&r=g","caption":"netbakis.net"},"sameAs":["https:\/\/netbakis.net"],"url":"https:\/\/netbakis.net\/tr\/author\/netbakis-net\/"}]}},"jetpack_publicize_connections":[],"_links":{"self":[{"href":"https:\/\/netbakis.net\/tr\/wp-json\/wp\/v2\/posts\/6557","targetHints":{"allow":["GET"]}}],"collection":[{"href":"https:\/\/netbakis.net\/tr\/wp-json\/wp\/v2\/posts"}],"about":[{"href":"https:\/\/netbakis.net\/tr\/wp-json\/wp\/v2\/types\/post"}],"author":[{"embeddable":true,"href":"https:\/\/netbakis.net\/tr\/wp-json\/wp\/v2\/users\/1"}],"replies":[{"embeddable":true,"href":"https:\/\/netbakis.net\/tr\/wp-json\/wp\/v2\/comments?post=6557"}],"version-history":[{"count":1,"href":"https:\/\/netbakis.net\/tr\/wp-json\/wp\/v2\/posts\/6557\/revisions"}],"predecessor-version":[{"id":6559,"href":"https:\/\/netbakis.net\/tr\/wp-json\/wp\/v2\/posts\/6557\/revisions\/6559"}],"wp:featuredmedia":[{"embeddable":true,"href":"https:\/\/netbakis.net\/tr\/wp-json\/wp\/v2\/media\/6558"}],"wp:attachment":[{"href":"https:\/\/netbakis.net\/tr\/wp-json\/wp\/v2\/media?parent=6557"}],"wp:term":[{"taxonomy":"category","embeddable":true,"href":"https:\/\/netbakis.net\/tr\/wp-json\/wp\/v2\/categories?post=6557"},{"taxonomy":"post_tag","embeddable":true,"href":"https:\/\/netbakis.net\/tr\/wp-json\/wp\/v2\/tags?post=6557"}],"curies":[{"name":"wp","href":"https:\/\/api.w.org\/{rel}","templated":true}]}}