{"id":6516,"date":"2021-07-02T14:37:56","date_gmt":"2021-07-02T14:37:56","guid":{"rendered":"https:\/\/netbakis.net\/?p=6516"},"modified":"2021-07-02T14:38:08","modified_gmt":"2021-07-02T14:38:08","slug":"oygar-son-bir-haftadir-analizler-yapiliyor","status":"publish","type":"post","link":"https:\/\/netbakis.net\/tr\/6516\/","title":{"rendered":"Oygar: Son bir haftad\u0131r analizler yap\u0131l\u0131yor"},"content":{"rendered":"<p>Oygar, Koronavir\u00fcs Salg\u0131n\u0131 \u0130le M\u00fccadele Kapsam\u0131nda Y\u00fcr\u00fct\u00fclen \u00c7al\u0131\u015fmalar Hakk\u0131nda Konu\u015ftu<\/p>\n\n\n\n<p>Sa\u011fl\u0131k Bakanl\u0131\u011f\u0131 M\u00fcste\u015far\u0131, Bula\u015f\u0131c\u0131 Hastal\u0131klar \u00dcst Komitesi Ba\u015fkan\u0131 Do\u00e7. Dr. Deren Oygar, d\u00fcnya genelinde yay\u0131lmaya ba\u015flayan koronavir\u00fcs\u00fcn \u015fimdiye dek saptanan \u201cen bula\u015f\u0131c\u0131 varyant\u0131\u201d olarak nitelendirilen Delta varyant\u0131n\u0131n, \u015fu an KKTC\u2019de tespit edilmedi\u011fini a\u00e7\u0131klad\u0131.<\/p>\n\n\n\n<p>Oygar, \u00fclkede son g\u00fcnlerde art\u0131\u015f g\u00f6steren Kovid-19 vakalar\u0131n\u0131n; Delta varyant\u0131 ile ba\u011flant\u0131s\u0131 olup olmad\u0131\u011f\u0131n\u0131n tespit edilmesi amac\u0131yla son bir haftad\u0131r analizlerin yap\u0131lmakta oldu\u011funu ancak d\u00fcne kadar \u00fclkede Delta varyant\u0131n\u0131n tespit edilmedi\u011fini s\u00f6yledi.<\/p>\n\n\n\n<p>Sa\u011fl\u0131k Bakanl\u0131\u011f\u0131 M\u00fcste\u015far\u0131 Oygar, koronavir\u00fcs (Kovid-19) ve vir\u00fcs\u00fcn d\u00fcnyada yay\u0131lmaya ba\u015flayan bula\u015f\u0131c\u0131l\u0131\u011f\u0131 y\u00fcksek Delta varyant\u0131n\u0131 ile m\u00fccadele, \u00fclkede y\u00fcr\u00fct\u00fclen a\u015f\u0131lanmadaki son durum ve Avrupa Birli\u011fi\u2019nde 1 Temmuz\u2019da y\u00fcr\u00fcrl\u00fc\u011fe konan \u201cDijital Kovid Sertifikas\u0131\u201d uygulamas\u0131 hakk\u0131nda T\u00fcrk Ajans\u0131 K\u0131br\u0131s\u2019a (TAK) a\u00e7\u0131klamalarda bulundu.<\/p>\n\n\n\n<p>Sa\u011fl\u0131k Bakanl\u0131\u011f\u0131\u2019n\u0131n verilerine g\u00f6re, 2 Temmuz itibar\u0131yla 127 bin 213 ki\u015fiye birinci doz; 91 bin 341 ki\u015fiye ise her iki doz a\u015f\u0131lar\u0131 yap\u0131ld\u0131. \u00dclkede \u015fimdiye kadar 218 bin 554 doz a\u015f\u0131 yap\u0131ld\u0131. Verilere g\u00f6re, n\u00fcfusun y\u00fczde 33,2\u2019si birinci doz, y\u00fczde 23.9\u2019u ise ikinci doz a\u015f\u0131s\u0131n\u0131 oldu.<\/p>\n\n\n\n<p><strong>\u201cDELTA VARYANTINI TESP\u0130T K\u0130TLER\u0130 GE\u00c7EN CUMA \u00dcLKEYE GELD\u0130, SON B\u0130R HAFTADIR ANAL\u0130ZLER YAPILIYOR\u201d<\/strong><\/p>\n\n\n\n<p>Sa\u011fl\u0131k Bakanl\u0131\u011f\u0131 M\u00fcste\u015far\u0131 Oygar, \u201cDelta varyant\u0131n\u0131 tespit kitleri ge\u00e7en cuma T\u00fcrkiye\u2019den geldi. Ge\u00e7en cumadan itibaren \u00fclkede Delta varyant\u0131n\u0131n olup olmad\u0131\u011f\u0131n\u0131 tespit etmek i\u00e7in \u00e7al\u0131\u015fmalara ba\u015fland\u0131. \u015eu ana kadar Delta varyant\u0131 \u00fclkede tespit edilmedi. \u00c7al\u0131\u015fmalar ve ara\u015ft\u0131rmalar devam ediyor. Ara\u015ft\u0131rmac\u0131lar, yeni \u00e7\u0131kan vakalar\u0131n sonu\u00e7lar\u0131n\u0131 da al\u0131p analiz ediyorlar\u201d dedi.<\/p>\n\n\n\n<p>Oygar, \u201cDelta varyant\u0131n\u0131n \u00fclkede tespit edilmesi halinde bunu kamuoyunun bilgisine getirece\u011fiz dedi.<\/p>\n\n\n\n<p><strong>\u201cD\u00dcNE KADAR TESP\u0130T ED\u0130LMED\u0130, AMA BUNDAN SONRA SAPTANMA \u0130HT\u0130MAL\u0130 VAR\u201d<\/strong><\/p>\n\n\n\n<p>M\u00fcste\u015far Oygar, Delta varyant\u0131n\u0131n d\u00fcne kadar tespit edilmedi\u011fini, ancak varyant\u0131n \u00fclkede g\u00f6r\u00fclmesi ihtimalinin bulundu\u011funa i\u015faret ederek, \u015funlar\u0131 s\u00f6yledi:<\/p>\n\n\n\n<p>\u201cD\u00fcne kadar tespit edilmedi, ama bundan sonra tabii ki saptanma ihtimali var. D\u00fcnya genelinde, \u00fclkelerde varyantlarla ilgili bir art\u0131\u015f s\u00f6z konusu ve k\u00fcresel bir d\u00fcnyada ya\u015fad\u0131\u011f\u0131m\u0131z i\u00e7in bizde de g\u00f6r\u00fclmesi olas\u0131. G\u00fcney K\u0131br\u0131s\u2019ta, T\u00fcrkiye\u2019de saptand\u0131. \u0130ngiltere\u2019de de g\u00f6r\u00fcld\u00fc, gerek Ercan Havaalan\u0131 gerek G\u00fcney K\u0131br\u0131s \u00fcst\u00fcnden \u00fclkeye gelenler var. Her ne kadar da \u00fclkeye giri\u015f kap\u0131lar\u0131nda testler uygulan\u0131yor olsa da, test \u015fart\u0131n\u0131 kald\u0131rmasak da, bu varyant\u0131n \u00fclkede g\u00f6r\u00fclmesi m\u00fcmk\u00fcnd\u00fcr.\u201d<\/p>\n\n\n\n<p><strong>\u201c(ALINAN TEDB\u0130RLER\u0130N) BUNUN ARKASINDA DURMAK ZORUNDAYIZ, YOKSA BU S\u00dcRE\u00c7 KAPANMAYA KADAR G\u0130DEB\u0130L\u0130R\u201d<\/strong><\/p>\n\n\n\n<p>Sa\u011fl\u0131k Bakanl\u0131\u011f\u0131 M\u00fcste\u015far\u0131 Deren Oygar, Delta varyant\u0131 ile ilgili \u00fclkede baz\u0131 tedbirler almakta oldu\u011funa i\u015faret ederek, \u201cSa\u011fl\u0131k Bakanl\u0131\u011f\u0131, bu konuda tedbirleri al\u0131yor. S\u0131n\u0131r kap\u0131lar\u0131nda, giri\u015flerindeki k\u0131s\u0131tlamalar\u0131 ve test uygulamalar\u0131n\u0131 en \u00fcst seviyede tutmaya \u00e7al\u0131\u015f\u0131yoruz. Di\u011fer \u00fclkelerden daha s\u0131k\u0131 uygulamalar\u0131m\u0131z var. Ekonomik nedenler bizi bask\u0131 alt\u0131na al\u0131yor ama bunun arkas\u0131nda durmak zorunday\u0131z yoksa bu s\u00fcre\u00e7 kapanmaya kadar gidebilir\u201d uyar\u0131s\u0131nda bulundu.<\/p>\n\n\n\n<p>Oygar, Delta varyant\u0131n\u0131n tespit edildi\u011fi G\u00fcney K\u0131br\u0131s\u2019a i\u015faret ederek, G\u00fcney K\u0131br\u0131s\u2019\u0131n s\u0131n\u0131rlar\u0131n\u0131 daha gev\u015fek b\u0131rakmas\u0131ndan \u00f6t\u00fcr\u00fc Delta varyant\u0131n\u0131n \u00fclkeye geldi\u011fi saptamas\u0131nda bulundu.<\/p>\n\n\n\n<p>Sa\u011fl\u0131k Bakanl\u0131\u011f\u0131\u2019n\u0131n Enfeksiyon Kontrol Komitesi\u2019nin \u00f6nerilerine g\u00f6re Kovid-19 salg\u0131n\u0131na ili\u015fkin \u00f6nlemlerini almakta oldu\u011funu ifade eden Oygar, \u201cAncak bu \u00f6nlemlere ra\u011fmen Delta varyant\u0131 bize gelebilir\u201d dedi.<\/p>\n\n\n\n<p><strong>DELTA VARYANTINA KAR\u015eI ALINMASI GERKEN \u00d6NLEMLER<\/strong><\/p>\n\n\n\n<p>Sa\u011fl\u0131k Bakanl\u0131\u011f\u0131 M\u00fcste\u015far\u0131 Deren Oygar, koronavir\u00fcs\u00fcn bula\u015f\u0131c\u0131l\u0131\u011f\u0131 y\u00fcksek Delta varyant\u0131n\u0131n \u00fclkeye gelmeden al\u0131nmas\u0131 gereken baz\u0131 tedbirlere ili\u015fkin olarak, \u201cDelta varyant\u0131na kar\u015f\u0131 \u00f6nlemler kapsam\u0131nda a\u015f\u0131lanmay\u0131 h\u0131zland\u0131rmak, ekonomiyi de g\u00f6zeterek s\u0131n\u0131r kap\u0131lar\u0131n\u0131 s\u0131k\u0131 tutmak ve bireysel korunma -maske, mesafe ve hijyen \u2013 kurallar\u0131na uymak gerekiyor. Delta varyant\u0131 \u00fclkeye gelmeden t\u00fcm bu \u00f6nlemleri tamamlamak \u00e7ok \u00f6nemli\u201d diye konu\u015ftu.<\/p>\n\n\n\n<p><strong>\u201cA\u015eILANMAYI HIZLANDIRMAK \u00d6NEML\u0130\u201d<\/strong><\/p>\n\n\n\n<p>Oygar, Delta varyant\u0131na kar\u015f\u0131 \u00f6nlemlere ili\u015fkin ayr\u0131ca \u015funlar\u0131 da kaydetti:<\/p>\n\n\n\n<p>\u201cA\u015f\u0131lanmay\u0131 h\u0131zland\u0131rmak \u00f6nemli. Bu nedenle a\u015f\u0131 merkezlerini art\u0131rd\u0131k. \u00dcniversiteler ve riskli sekt\u00f6rler h\u0131zl\u0131ca a\u015f\u0131land\u0131. A\u015f\u0131lanm\u0131\u015f olsak bile, maske, mesafe ve hijyen kurallar\u0131na uymak zorunday\u0131z. Bunlara riayet eden \u00fclkelerde daha az vaka var. A\u015f\u0131lanmay\u0131 h\u0131zland\u0131rmak ile birlikte bireysel korunma kurallar\u0131na uydu\u011fumuz s\u00fcrece koronavir\u00fcs\u00fcn bula\u015f\u0131c\u0131 varyantlar\u0131yla ba\u015f edebilece\u011fiz \u00e7\u00fcnk\u00fc a\u015f\u0131lanman\u0131n bula\u015f\u0131c\u0131l\u0131\u011f\u0131 azaltt\u0131\u011f\u0131na dair kesin bir bilgi elimizde yok. \u0130ngiltere ve \u0130srail gibi a\u015f\u0131lanm\u0131\u015f \u00fclkelerde de vakalar art\u0131yor. Bu vir\u00fcs\u00fc yenmek i\u00e7in kurallara uymal\u0131m.\u201d<\/p>\n\n\n\n<p><strong>\u201cA\u015eILANSAK B\u0130LE, B\u0130REYSEL KORUNMA KURALLARINA UYALIM\u201d<\/strong><\/p>\n\n\n\n<p>Sa\u011fl\u0131k Bakanl\u0131\u011f\u0131\u2019n\u0131n Kovid-19 salg\u0131n\u0131 ile m\u00fccadele kapsam\u0131nda gereken \u00f6nlemleri ald\u0131\u011f\u0131n\u0131 ancak halk\u0131n da kurallara uymas\u0131 gerekti\u011fini bir kez daha vurgulan Oygar, \u201cA\u015f\u0131lansak bile -ki a\u015f\u0131lanman\u0131n varyantlara etkisi olup olmad\u0131\u011f\u0131 konusundaki \u00e7al\u0131\u015fmalar devam ediyor-, kurallara dikkat etmemiz laz\u0131md\u0131r\u201d dedi.<\/p>\n\n\n\n<p><strong>\u201cA\u015eI BA\u015eVURULARINDA VE A\u015eILANMAYA GELEN K\u0130\u015e\u0130 SAYISINDA AZALMA VAR\u201d<\/strong><\/p>\n\n\n\n<p>Sa\u011fl\u0131k Bakanl\u0131\u011f\u0131 M\u00fcste\u015far\u0131 Oygar, TAK\u2019a yapt\u0131\u011f\u0131 a\u00e7\u0131klamalarda, \u00fclkede a\u015f\u0131 ba\u015fvurular\u0131nda ve a\u015f\u0131lanmaya giden ki\u015fi say\u0131s\u0131nda d\u00fc\u015f\u00fc\u015f g\u00f6zlemlediklerini ifade ederek, halka a\u015f\u0131lanma \u00e7a\u011fr\u0131s\u0131nda bulundu.<\/p>\n\n\n\n<p>Oygar, \u201cA\u015f\u0131lanmaya gelen ki\u015filerde bir azalma g\u00f6r\u00fcyoruz. Randevu veriliyor, ancak insanlar gelmiyor. A\u015f\u0131 ba\u015fvurular\u0131nda da bir azalma var. A\u015f\u0131, bu hastal\u0131\u011f\u0131n ciddi seyretmesini, hastaneye yat\u0131\u015flar\u0131 ve \u00f6l\u00fcmleri azalt\u0131yor. Hangi a\u015f\u0131ya ula\u015fabiliyorsan\u0131z a\u015f\u0131 olun\u201d diye konu\u015ftu.<\/p>\n\n\n\n<p>Oygar, Sa\u011fl\u0131k Bakanl\u0131\u011f\u0131\u2019n\u0131n halk aras\u0131nda a\u015f\u0131lanma e\u011filiminde g\u00f6zlemlenen d\u00fc\u015f\u00fc\u015f\u00fcn nedeninin saptanmas\u0131 i\u00e7in bir \u00e7al\u0131\u015fma ba\u015flatt\u0131\u011f\u0131n\u0131 da belirterek, bu \u00e7al\u0131\u015fma ile a\u015f\u0131lanma oran\u0131nda ya\u015fanan d\u00fc\u015f\u00fc\u015f\u00fcn nedenleri hakk\u0131nda daha net bir tespitte bulunabileceklerini s\u00f6yledi.<\/p>\n\n\n\n<p><strong>\u201cPAZARTES\u0130YE KADAR RANDEVULU A\u015eI BA\u015eVURULARI TAMAMLANACAK, RANDEVUSUZ A\u015eILANMA \u00c7A\u011eRISI YAPILACAK\u201d<\/strong><\/p>\n\n\n\n<p>Sa\u011fl\u0131k Bakanl\u0131\u011f\u0131\u2019n\u0131n \u00fclke genelindeki a\u015f\u0131lanma program\u0131 kapsam\u0131ndaki \u00e7al\u0131\u015fmalara ili\u015fkin bilgiler de payla\u015fan Oygar, \u201cA\u015f\u0131lama 18 ya\u015f ve \u00fcst\u00fcne indi. Randevu ile a\u015f\u0131 ba\u015fvurular\u0131 ge\u00e7en pazartesi 15 sa\u011fl\u0131k oca\u011f\u0131nda tamamlanmas\u0131yla bu merkezlerde 18 ya\u015f ve \u00fcst\u00fc olan ki\u015filere randevusuz a\u015f\u0131lar yap\u0131l\u0131yor. Geriye kalan ana merkezlerde randevu sistemi ile a\u015f\u0131lama devam ediyor. Baz\u0131 merkezlerde, Yak\u0131n Do\u011fu Hastanesi ve Suat G\u00fcnsel Hastanesi\u2019nde randevusuz a\u015f\u0131lanma yap\u0131l\u0131yor\u201d dedi.<\/p>\n\n\n\n<p>\u00dclkede pazartesine kadar randevulu a\u015f\u0131 ba\u015fvurular\u0131n\u0131n tamamlanaca\u011f\u0131n\u0131 ve \u201crandevusuz a\u015f\u0131lanma\u201d \u00e7a\u011fr\u0131s\u0131 yapacaklar\u0131n\u0131 kaydeden Oygar, b\u00f6ylelikle randevu alamayan ve a\u015f\u0131 olmak isteyip hen\u00fcz olamayan ki\u015filerin a\u015f\u0131lanabilece\u011fini s\u00f6yledi.&nbsp;<\/p>\n\n\n\n<p><strong>MRNA VE V\u0130RAL VEKT\u00d6R A\u015eILARI HAKKINDA<\/strong><\/p>\n\n\n\n<p>Oygar, Delta kar\u015f\u0131 \u201cdaha etkili\u201d oldu\u011fu belirtilen mRNA ve Viral Vekt\u00f6r a\u015f\u0131lar\u0131n\u0131n kullan\u0131m\u0131na ili\u015fkin, Sa\u011fl\u0131k Bakanl\u0131\u011f\u0131 olarak MrNA a\u015f\u0131lar\u0131 \u00e7al\u0131\u015fmalar\u0131n\u0131 takip ettiklerini ifade ederek, bu konuda 6 ay i\u00e7inde a\u015f\u0131 s\u00fcresi dolacak ki\u015filerin \u00fc\u00e7\u00fcnc\u00fc doz a\u015f\u0131lar\u0131n\u0131n MrNA yap\u0131lmas\u0131 i\u00e7in \u00e7al\u0131\u015fmalar\u0131n ve giri\u015fimlerin ba\u015flat\u0131ld\u0131\u011f\u0131n\u0131 da kaydetti.<\/p>\n\n\n\n<p>Oygar, ayr\u0131ca G\u00fcney K\u0131br\u0131s\u2019tan BioNTech a\u015f\u0131s\u0131 talep ettiklerini ancak buna ra\u011fmen sadece 10 bin doz BioNTech g\u00f6nderildi\u011fini belirterek, \u201cAB\u2019den a\u015f\u0131lar\u0131n direkt bize g\u00f6nderilmesi istendi ancak G\u00fcney K\u0131br\u0131s \u00fczerinden g\u00f6nderilmesi \u00fczerinde \u0131srar edildi. Bu konuyu, \u0130ki Toplumlu Sa\u011fl\u0131k Teknik Komitesi\u2019nde defalarca dile getirmemize ra\u011fmen 10 binden fazla doz verilmedi\u201d diye konu\u015ftu.<\/p>\n\n\n\n<p><strong>AB \u201cD\u0130J\u0130TAL KOV\u0130D SERT\u0130F\u0130KASI\u201d<\/strong><\/p>\n\n\n\n<p>Sa\u011fl\u0131k Bakanl\u0131\u011f\u0131 M\u00fcste\u015far\u0131 Oygar, Avrupa Birli\u011fi\u2019nde 1 Temmuz\u2019da y\u00fcr\u00fcrl\u00fc\u011fe giren \u201cDijital Kovid Sertifikas\u0131\u201dna ili\u015fkin olarak da, Sa\u011fl\u0131k Bakanl\u0131\u011f\u0131\u2019n\u0131n QR sisteminin altyap\u0131s\u0131n\u0131 haz\u0131rlamaya ba\u015flad\u0131\u011f\u0131n\u0131 hat\u0131rlatarak, bu konudaki \u00e7al\u0131\u015fmalar\u0131n sona geldi\u011fini ve sistemin onaylanmas\u0131n\u0131n ard\u0131ndan y\u00fcr\u00fcrl\u00fc\u011fe girece\u011fini s\u00f6yledi.<\/p>\n\n\n\n<p>Avrupa Birli\u011fi\u2019nde sa\u011fl\u0131k uzmanlar\u0131n kat\u0131l\u0131m\u0131yla ger\u00e7ekle\u015ftirilen \u00e7evrim i\u00e7i toplant\u0131ya kat\u0131ld\u0131klar\u0131n\u0131 da ifade eden Oygar, bu toplant\u0131da a\u015f\u0131 sertifikas\u0131na ili\u015fkin veri payla\u015f\u0131m\u0131 konusunun ele al\u0131nd\u0131\u011f\u0131n\u0131 belirtti. Oygar, veri payla\u015f\u0131m\u0131 konusunda da \u00e7al\u0131\u015fmalar y\u00fcr\u00fct\u00fcld\u00fc\u011f\u00fcn\u00fc belirterek, \u201cBu \u00e7al\u0131\u015fmalar\u0131n tamamlanmas\u0131n\u0131n ard\u0131ndan bizim insanlar\u0131m\u0131z da QR kodunu g\u00f6sterip Dijital Kovid Sertifikas\u0131 ile seyahat edebilecek\u201d dedi.<\/p>\n\n\n\n<p>Oygar, KKTC\u2019de yo\u011fun bir \u015fekilde uygulanan ve D\u00fcnya Sa\u011fl\u0131k \u00d6rg\u00fct\u00fc\u2019n\u00fcn acil kullan\u0131m onay\u0131 verilen Sinovac a\u015f\u0131s\u0131n\u0131n AB Dijital Kovid Sertifikas\u0131 kapsam\u0131nda olup olmad\u0131\u011f\u0131na ili\u015fkin, \u201cAvrupa Birli\u011fi, Sinovac a\u015f\u0131s\u0131yla ilgili karar\u0131 \u00fcye \u00fclkelerine b\u0131rakt\u0131. Macaristan\u2019da insanlar Sinovac a\u015f\u0131s\u0131 olmas\u0131na ra\u011fmen bu \u00fclke ye\u015fil kodlu bir \u00fclkedir. AB \u00fcye \u00fclkesi olan Macaristan Sinovac a\u015f\u0131s\u0131n\u0131 kabul edecektir. Di\u011fer AB \u00fcye \u00fclkelerinin kararlar\u0131n\u0131 ilerleyen g\u00fcnlerde g\u00f6rece\u011fiz. G\u00fcney K\u0131br\u0131s Sinovac ve Sputnik a\u015f\u0131lar\u0131n\u0131 kabul etti\u201d diye konu\u015ftu.<\/p>","protected":false},"excerpt":{"rendered":"<p>Oygar, Koronavir\u00fcs Salg\u0131n\u0131 \u0130le M\u00fccadele Kapsam\u0131nda Y\u00fcr\u00fct\u00fclen \u00c7al\u0131\u015fmalar Hakk\u0131nda Konu\u015ftu Sa\u011fl\u0131k Bakanl\u0131\u011f\u0131 M\u00fcste\u015far\u0131, Bula\u015f\u0131c\u0131 Hastal\u0131klar \u00dcst Komitesi Ba\u015fkan\u0131 Do\u00e7. Dr. Deren Oygar, d\u00fcnya genelinde yay\u0131lmaya ba\u015flayan koronavir\u00fcs\u00fcn \u015fimdiye dek saptanan \u201cen bula\u015f\u0131c\u0131 varyant\u0131\u201d olarak nitelendirilen Delta varyant\u0131n\u0131n, \u015fu an KKTC\u2019de tespit edilmedi\u011fini a\u00e7\u0131klad\u0131. Oygar, \u00fclkede son g\u00fcnlerde art\u0131\u015f g\u00f6steren Kovid-19 vakalar\u0131n\u0131n; Delta varyant\u0131 ile ba\u011flant\u0131s\u0131 [&hellip;]<\/p>","protected":false},"author":1,"featured_media":6517,"comment_status":"open","ping_status":"open","sticky":false,"template":"","format":"standard","meta":{"om_disable_all_campaigns":false,"_monsterinsights_skip_tracking":false,"_monsterinsights_sitenote_active":false,"_monsterinsights_sitenote_note":"","_monsterinsights_sitenote_category":0,"_uf_show_specific_survey":0,"_uf_disable_surveys":false,"footnotes":"","jetpack_publicize_message":"","jetpack_publicize_feature_enabled":true,"jetpack_social_post_already_shared":false,"jetpack_social_options":{"image_generator_settings":{"template":"highway","default_image_id":0,"font":"","enabled":false},"version":2}},"categories":[81],"tags":[100,255],"class_list":{"0":"post-6516","1":"post","2":"type-post","3":"status-publish","4":"format-standard","5":"has-post-thumbnail","7":"category-gundem","8":"tag-koronavirus","9":"tag-oygar"},"yoast_head":"<!-- This site is optimized with the Yoast SEO plugin v23.8 - https:\/\/yoast.com\/wordpress\/plugins\/seo\/ -->\n<title>Oygar: Son bir haftad\u0131r analizler yap\u0131l\u0131yor - NETBAKIS<\/title>\n<meta name=\"robots\" content=\"index, follow, max-snippet:-1, max-image-preview:large, max-video-preview:-1\" \/>\n<link rel=\"canonical\" href=\"https:\/\/netbakis.net\/tr\/6516\/\" \/>\n<meta property=\"og:locale\" content=\"tr_TR\" \/>\n<meta property=\"og:type\" content=\"article\" \/>\n<meta property=\"og:title\" content=\"Oygar: Son bir haftad\u0131r analizler yap\u0131l\u0131yor - NETBAKIS\" \/>\n<meta property=\"og:description\" content=\"Oygar, Koronavir\u00fcs Salg\u0131n\u0131 \u0130le M\u00fccadele Kapsam\u0131nda Y\u00fcr\u00fct\u00fclen \u00c7al\u0131\u015fmalar Hakk\u0131nda Konu\u015ftu Sa\u011fl\u0131k Bakanl\u0131\u011f\u0131 M\u00fcste\u015far\u0131, Bula\u015f\u0131c\u0131 Hastal\u0131klar \u00dcst Komitesi Ba\u015fkan\u0131 Do\u00e7. Dr. Deren Oygar, d\u00fcnya genelinde yay\u0131lmaya ba\u015flayan koronavir\u00fcs\u00fcn \u015fimdiye dek saptanan \u201cen bula\u015f\u0131c\u0131 varyant\u0131\u201d olarak nitelendirilen Delta varyant\u0131n\u0131n, \u015fu an KKTC\u2019de tespit edilmedi\u011fini a\u00e7\u0131klad\u0131. Oygar, \u00fclkede son g\u00fcnlerde art\u0131\u015f g\u00f6steren Kovid-19 vakalar\u0131n\u0131n; Delta varyant\u0131 ile ba\u011flant\u0131s\u0131 [&hellip;]\" \/>\n<meta property=\"og:url\" content=\"https:\/\/netbakis.net\/tr\/6516\/\" \/>\n<meta property=\"og:site_name\" content=\"NETBAKIS\" \/>\n<meta property=\"article:published_time\" content=\"2021-07-02T14:37:56+00:00\" \/>\n<meta property=\"article:modified_time\" content=\"2021-07-02T14:38:08+00:00\" \/>\n<meta property=\"og:image\" content=\"https:\/\/netbakis.net\/wp-content\/uploads\/2021\/07\/kktcde_delta_varyanti_su_ana_kadar_tespit_edilmedi_h114720_6d2eb.jpg\" \/>\n\t<meta property=\"og:image:width\" content=\"706\" \/>\n\t<meta property=\"og:image:height\" content=\"431\" \/>\n\t<meta property=\"og:image:type\" content=\"image\/jpeg\" \/>\n<meta name=\"author\" content=\"netbakis.net\" \/>\n<meta name=\"twitter:card\" content=\"summary_large_image\" \/>\n<meta name=\"twitter:label1\" content=\"Yazan:\" \/>\n\t<meta name=\"twitter:data1\" content=\"netbakis.net\" \/>\n\t<meta name=\"twitter:label2\" content=\"Tahmini okuma s\u00fcresi\" \/>\n\t<meta name=\"twitter:data2\" content=\"5 dakika\" \/>\n<script type=\"application\/ld+json\" class=\"yoast-schema-graph\">{\"@context\":\"https:\/\/schema.org\",\"@graph\":[{\"@type\":\"WebPage\",\"@id\":\"https:\/\/netbakis.net\/6516\/\",\"url\":\"https:\/\/netbakis.net\/6516\/\",\"name\":\"Oygar: Son bir haftad\u0131r analizler yap\u0131l\u0131yor - NETBAKIS\",\"isPartOf\":{\"@id\":\"https:\/\/netbakis.net\/#website\"},\"primaryImageOfPage\":{\"@id\":\"https:\/\/netbakis.net\/6516\/#primaryimage\"},\"image\":{\"@id\":\"https:\/\/netbakis.net\/6516\/#primaryimage\"},\"thumbnailUrl\":\"https:\/\/netbakis.net\/wp-content\/uploads\/2021\/07\/kktcde_delta_varyanti_su_ana_kadar_tespit_edilmedi_h114720_6d2eb.jpg\",\"datePublished\":\"2021-07-02T14:37:56+00:00\",\"dateModified\":\"2021-07-02T14:38:08+00:00\",\"author\":{\"@id\":\"https:\/\/netbakis.net\/#\/schema\/person\/5d9b5c3f48ca4a3c69967d619fc8c7f4\"},\"breadcrumb\":{\"@id\":\"https:\/\/netbakis.net\/6516\/#breadcrumb\"},\"inLanguage\":\"tr\",\"potentialAction\":[{\"@type\":\"ReadAction\",\"target\":[\"https:\/\/netbakis.net\/6516\/\"]}]},{\"@type\":\"ImageObject\",\"inLanguage\":\"tr\",\"@id\":\"https:\/\/netbakis.net\/6516\/#primaryimage\",\"url\":\"https:\/\/netbakis.net\/wp-content\/uploads\/2021\/07\/kktcde_delta_varyanti_su_ana_kadar_tespit_edilmedi_h114720_6d2eb.jpg\",\"contentUrl\":\"https:\/\/netbakis.net\/wp-content\/uploads\/2021\/07\/kktcde_delta_varyanti_su_ana_kadar_tespit_edilmedi_h114720_6d2eb.jpg\",\"width\":706,\"height\":431,\"caption\":\"Oygar, Koronavir\u00fcs\"},{\"@type\":\"BreadcrumbList\",\"@id\":\"https:\/\/netbakis.net\/6516\/#breadcrumb\",\"itemListElement\":[{\"@type\":\"ListItem\",\"position\":1,\"name\":\"Home\",\"item\":\"https:\/\/netbakis.net\/\"},{\"@type\":\"ListItem\",\"position\":2,\"name\":\"Oygar: Son bir haftad\u0131r analizler yap\u0131l\u0131yor\"}]},{\"@type\":\"WebSite\",\"@id\":\"https:\/\/netbakis.net\/#website\",\"url\":\"https:\/\/netbakis.net\/\",\"name\":\"NETBAKIS\",\"description\":\"SON DAKIKA\",\"potentialAction\":[{\"@type\":\"SearchAction\",\"target\":{\"@type\":\"EntryPoint\",\"urlTemplate\":\"https:\/\/netbakis.net\/?s={search_term_string}\"},\"query-input\":{\"@type\":\"PropertyValueSpecification\",\"valueRequired\":true,\"valueName\":\"search_term_string\"}}],\"inLanguage\":\"tr\"},{\"@type\":\"Person\",\"@id\":\"https:\/\/netbakis.net\/#\/schema\/person\/5d9b5c3f48ca4a3c69967d619fc8c7f4\",\"name\":\"netbakis.net\",\"image\":{\"@type\":\"ImageObject\",\"inLanguage\":\"tr\",\"@id\":\"https:\/\/netbakis.net\/#\/schema\/person\/image\/\",\"url\":\"https:\/\/secure.gravatar.com\/avatar\/4ddeae49d2d3e3568a8d5b0937642efdf0b72468dbe3f213bc1978faa47af0d1?s=96&d=wp_user_avatar&r=g\",\"contentUrl\":\"https:\/\/secure.gravatar.com\/avatar\/4ddeae49d2d3e3568a8d5b0937642efdf0b72468dbe3f213bc1978faa47af0d1?s=96&d=wp_user_avatar&r=g\",\"caption\":\"netbakis.net\"},\"sameAs\":[\"https:\/\/netbakis.net\"],\"url\":\"https:\/\/netbakis.net\/tr\/author\/netbakis-net\/\"}]}<\/script>\n<!-- \/ Yoast SEO plugin. -->","yoast_head_json":{"title":"Oygar: Son bir haftad\u0131r analizler yap\u0131l\u0131yor - NETBAKIS","robots":{"index":"index","follow":"follow","max-snippet":"max-snippet:-1","max-image-preview":"max-image-preview:large","max-video-preview":"max-video-preview:-1"},"canonical":"https:\/\/netbakis.net\/tr\/6516\/","og_locale":"tr_TR","og_type":"article","og_title":"Oygar: Son bir haftad\u0131r analizler yap\u0131l\u0131yor - NETBAKIS","og_description":"Oygar, Koronavir\u00fcs Salg\u0131n\u0131 \u0130le M\u00fccadele Kapsam\u0131nda Y\u00fcr\u00fct\u00fclen \u00c7al\u0131\u015fmalar Hakk\u0131nda Konu\u015ftu Sa\u011fl\u0131k Bakanl\u0131\u011f\u0131 M\u00fcste\u015far\u0131, Bula\u015f\u0131c\u0131 Hastal\u0131klar \u00dcst Komitesi Ba\u015fkan\u0131 Do\u00e7. Dr. Deren Oygar, d\u00fcnya genelinde yay\u0131lmaya ba\u015flayan koronavir\u00fcs\u00fcn \u015fimdiye dek saptanan \u201cen bula\u015f\u0131c\u0131 varyant\u0131\u201d olarak nitelendirilen Delta varyant\u0131n\u0131n, \u015fu an KKTC\u2019de tespit edilmedi\u011fini a\u00e7\u0131klad\u0131. Oygar, \u00fclkede son g\u00fcnlerde art\u0131\u015f g\u00f6steren Kovid-19 vakalar\u0131n\u0131n; Delta varyant\u0131 ile ba\u011flant\u0131s\u0131 [&hellip;]","og_url":"https:\/\/netbakis.net\/tr\/6516\/","og_site_name":"NETBAKIS","article_published_time":"2021-07-02T14:37:56+00:00","article_modified_time":"2021-07-02T14:38:08+00:00","og_image":[{"width":706,"height":431,"url":"https:\/\/netbakis.net\/wp-content\/uploads\/2021\/07\/kktcde_delta_varyanti_su_ana_kadar_tespit_edilmedi_h114720_6d2eb.jpg","type":"image\/jpeg"}],"author":"netbakis.net","twitter_card":"summary_large_image","twitter_misc":{"Yazan:":"netbakis.net","Tahmini okuma s\u00fcresi":"5 dakika"},"schema":{"@context":"https:\/\/schema.org","@graph":[{"@type":"WebPage","@id":"https:\/\/netbakis.net\/6516\/","url":"https:\/\/netbakis.net\/6516\/","name":"Oygar: Son bir haftad\u0131r analizler yap\u0131l\u0131yor - NETBAKIS","isPartOf":{"@id":"https:\/\/netbakis.net\/#website"},"primaryImageOfPage":{"@id":"https:\/\/netbakis.net\/6516\/#primaryimage"},"image":{"@id":"https:\/\/netbakis.net\/6516\/#primaryimage"},"thumbnailUrl":"https:\/\/netbakis.net\/wp-content\/uploads\/2021\/07\/kktcde_delta_varyanti_su_ana_kadar_tespit_edilmedi_h114720_6d2eb.jpg","datePublished":"2021-07-02T14:37:56+00:00","dateModified":"2021-07-02T14:38:08+00:00","author":{"@id":"https:\/\/netbakis.net\/#\/schema\/person\/5d9b5c3f48ca4a3c69967d619fc8c7f4"},"breadcrumb":{"@id":"https:\/\/netbakis.net\/6516\/#breadcrumb"},"inLanguage":"tr","potentialAction":[{"@type":"ReadAction","target":["https:\/\/netbakis.net\/6516\/"]}]},{"@type":"ImageObject","inLanguage":"tr","@id":"https:\/\/netbakis.net\/6516\/#primaryimage","url":"https:\/\/netbakis.net\/wp-content\/uploads\/2021\/07\/kktcde_delta_varyanti_su_ana_kadar_tespit_edilmedi_h114720_6d2eb.jpg","contentUrl":"https:\/\/netbakis.net\/wp-content\/uploads\/2021\/07\/kktcde_delta_varyanti_su_ana_kadar_tespit_edilmedi_h114720_6d2eb.jpg","width":706,"height":431,"caption":"Oygar, Koronavir\u00fcs"},{"@type":"BreadcrumbList","@id":"https:\/\/netbakis.net\/6516\/#breadcrumb","itemListElement":[{"@type":"ListItem","position":1,"name":"Home","item":"https:\/\/netbakis.net\/"},{"@type":"ListItem","position":2,"name":"Oygar: Son bir haftad\u0131r analizler yap\u0131l\u0131yor"}]},{"@type":"WebSite","@id":"https:\/\/netbakis.net\/#website","url":"https:\/\/netbakis.net\/","name":"NETBAKIS","description":"SON DAKIKA","potentialAction":[{"@type":"SearchAction","target":{"@type":"EntryPoint","urlTemplate":"https:\/\/netbakis.net\/?s={search_term_string}"},"query-input":{"@type":"PropertyValueSpecification","valueRequired":true,"valueName":"search_term_string"}}],"inLanguage":"tr"},{"@type":"Person","@id":"https:\/\/netbakis.net\/#\/schema\/person\/5d9b5c3f48ca4a3c69967d619fc8c7f4","name":"netbakis.net","image":{"@type":"ImageObject","inLanguage":"tr","@id":"https:\/\/netbakis.net\/#\/schema\/person\/image\/","url":"https:\/\/secure.gravatar.com\/avatar\/4ddeae49d2d3e3568a8d5b0937642efdf0b72468dbe3f213bc1978faa47af0d1?s=96&d=wp_user_avatar&r=g","contentUrl":"https:\/\/secure.gravatar.com\/avatar\/4ddeae49d2d3e3568a8d5b0937642efdf0b72468dbe3f213bc1978faa47af0d1?s=96&d=wp_user_avatar&r=g","caption":"netbakis.net"},"sameAs":["https:\/\/netbakis.net"],"url":"https:\/\/netbakis.net\/tr\/author\/netbakis-net\/"}]}},"jetpack_publicize_connections":[],"_links":{"self":[{"href":"https:\/\/netbakis.net\/tr\/wp-json\/wp\/v2\/posts\/6516","targetHints":{"allow":["GET"]}}],"collection":[{"href":"https:\/\/netbakis.net\/tr\/wp-json\/wp\/v2\/posts"}],"about":[{"href":"https:\/\/netbakis.net\/tr\/wp-json\/wp\/v2\/types\/post"}],"author":[{"embeddable":true,"href":"https:\/\/netbakis.net\/tr\/wp-json\/wp\/v2\/users\/1"}],"replies":[{"embeddable":true,"href":"https:\/\/netbakis.net\/tr\/wp-json\/wp\/v2\/comments?post=6516"}],"version-history":[{"count":1,"href":"https:\/\/netbakis.net\/tr\/wp-json\/wp\/v2\/posts\/6516\/revisions"}],"predecessor-version":[{"id":6518,"href":"https:\/\/netbakis.net\/tr\/wp-json\/wp\/v2\/posts\/6516\/revisions\/6518"}],"wp:featuredmedia":[{"embeddable":true,"href":"https:\/\/netbakis.net\/tr\/wp-json\/wp\/v2\/media\/6517"}],"wp:attachment":[{"href":"https:\/\/netbakis.net\/tr\/wp-json\/wp\/v2\/media?parent=6516"}],"wp:term":[{"taxonomy":"category","embeddable":true,"href":"https:\/\/netbakis.net\/tr\/wp-json\/wp\/v2\/categories?post=6516"},{"taxonomy":"post_tag","embeddable":true,"href":"https:\/\/netbakis.net\/tr\/wp-json\/wp\/v2\/tags?post=6516"}],"curies":[{"name":"wp","href":"https:\/\/api.w.org\/{rel}","templated":true}]}}