{"id":6496,"date":"2021-07-01T15:23:32","date_gmt":"2021-07-01T15:23:32","guid":{"rendered":"https:\/\/netbakis.net\/?p=6496"},"modified":"2021-07-01T15:23:45","modified_gmt":"2021-07-01T15:23:45","slug":"sentop-kktc-turkiye-parlamentolararasi-dostluk-grubunu-kabul-etti","status":"publish","type":"post","link":"https:\/\/netbakis.net\/tr\/6496\/","title":{"rendered":"\u015eentop, KKTC-T\u00fcrkiye Parlamentolararas\u0131 Dostluk Grubu&#8217;nu kabul etti"},"content":{"rendered":"<p>TBMM Ba\u015fkan\u0131 Mustafa \u015eentop: TBMM, K\u0131br\u0131s T\u00fcrk halk\u0131n\u0131n \u00f6zg\u00fcrl\u00fck ve egemenli\u011finin korunmas\u0131 ve K\u0131br\u0131s adas\u0131ndaki ger\u00e7ekler zemininde kal\u0131c\u0131 bir bar\u0131\u015f sa\u011flanmas\u0131 hususunda sars\u0131lmaz bir kararl\u0131l\u0131\u011fa sahiptir<\/p>\n\n\n\n<p>TBMM Ba\u015fkan\u0131 Mustafa \u015eentop, &#8220;TBMM, K\u0131br\u0131s T\u00fcrk halk\u0131n\u0131n \u00f6zg\u00fcrl\u00fck ve egemenli\u011finin korunmas\u0131 ve K\u0131br\u0131s adas\u0131ndaki ger\u00e7ekler zemininde kal\u0131c\u0131 bir bar\u0131\u015f sa\u011flanmas\u0131 hususunda sars\u0131lmaz bir kararl\u0131l\u0131\u011fa sahiptir.&#8221; dedi.<\/p>\n\n\n\n<p>\u015eentop, KKTC-T\u00fcrkiye Parlamentolararas\u0131 Dostluk Grubu Ba\u015fkan\u0131 \u0130zlem G\u00fcr\u00e7a\u011f Altu\u011fra ile beraberindeki heyeti, Meclis Divan Salonu&#8217;nda kabul etti.<\/p>\n\n\n\n<p>Heyeti TBMM&#8217;de a\u011f\u0131rlamaktan b\u00fcy\u00fck memnuniyet duydu\u011funu belirten \u015eentop, Meclisler aras\u0131nda her seviyede temas olmas\u0131n\u0131n i\u015f birli\u011fini daha da g\u00fc\u00e7lendirdi\u011fini ifade etti.<\/p>\n\n\n\n<p>K\u0131br\u0131s meselesi ve K\u0131br\u0131s T\u00fcrk halk\u0131n\u0131n egemenli\u011finin, TBMM&#8217;de, \u00fczerinde tart\u0131\u015fmas\u0131z \u015fekilde g\u00f6r\u00fc\u015f birli\u011fi bulunan mevzular\u0131n en ba\u015f\u0131nda geldi\u011fini dile getiren \u015eentop, \u015funlar\u0131 s\u00f6yledi:<\/p>\n\n\n\n<p>&#8220;TBMM, K\u0131br\u0131s T\u00fcrk halk\u0131n\u0131n \u00f6zg\u00fcrl\u00fck ve egemenli\u011finin korunmas\u0131 ve K\u0131br\u0131s adas\u0131ndaki ger\u00e7ekler zemininde kal\u0131c\u0131 bir bar\u0131\u015f sa\u011flanmas\u0131 hususunda sars\u0131lmaz bir kararl\u0131l\u0131\u011fa sahiptir. K\u0131br\u0131s konusunda bug\u00fcne kadar ald\u0131\u011f\u0131 kararlara ba\u011fl\u0131 kalan TBMM, K\u0131br\u0131s T\u00fcrk\u00fc ile dayan\u0131\u015fmas\u0131nda t\u00fcm imkanlar\u0131 seferber etmeye devam etmektedir. Cumhuriyet Meclisi \u00fcyeleri olarak sizlerin K\u0131br\u0131s T\u00fcrk halk\u0131n\u0131n m\u00fcktesep egemen e\u015fitli\u011finin ve e\u015fit uluslararas\u0131 stat\u00fcs\u00fcn\u00fcn korunmas\u0131na y\u00f6nelik mesajlar\u0131n\u0131z\u0131 en y\u00fcksek sesle vermenizin \u00f6nemli oldu\u011funu d\u00fc\u015f\u00fcn\u00fcyoruz. Bu vesileyle Cumhuriyet Meclisinin uluslararas\u0131 platformlarda g\u00f6r\u00fcn\u00fcrl\u00fc\u011f\u00fcn\u00fcn artt\u0131r\u0131lmas\u0131 i\u00e7in bizler de gayret sarf ediyoruz.&#8221;<\/p>\n\n\n\n<p>\u0130ki meclis aras\u0131nda tam bir isti\u015fare ve i\u015f birli\u011fi halinde bu kritik d\u00f6nemin ba\u015far\u0131yla tamamlanaca\u011f\u0131na ve K\u0131br\u0131s T\u00fcrk\u00fc&#8217;n\u00fcn lay\u0131k oldu\u011fu hukuki stat\u00fcy\u00fc elde edece\u011fine g\u00f6n\u00fclden inand\u0131\u011f\u0131n\u0131 vurgulayan \u015eentop, Cumhuriyet Meclisinin Ba\u015fkan\u0131na, \u00fcyelerine ve KKTC&#8217;deki dostlara iyi dilek ve selamlar\u0131n\u0131 iletti.<\/p>\n\n\n\n<p>KKTC-T\u00fcrkiye Parlamentolar Aras\u0131 Dostluk Grubu Ba\u015fkan\u0131 \u0130zlem G\u00fcr\u00e7a\u011f Altu\u011fra da Gazi Mecliste bir aya gelmekten duydu\u011fu mutlulu\u011fu dile getirdi.<\/p>\n\n\n\n<p>KKTC Cumhurba\u015fkan\u0131 Ersin Tatar&#8217;\u0131n, Ba\u015fbakan Ersan Saner ve KKTC halk\u0131n\u0131n selamlar\u0131n\u0131 getirdi\u011fini belirten Altu\u011fra, &#8220;K\u0131br\u0131s T\u00fcrk halk\u0131, anavatan\u0131n tarihteki kucaklay\u0131c\u0131 yard\u0131mlar\u0131n\u0131 asla unutmayacakt\u0131r.&#8221; diye konu\u015ftu.<\/p>\n\n\n\n<p>Altu\u011fra, &#8220;Ayn\u0131 milletin mensubu iki devletin parlamentolar aras\u0131 dostluk gruplar\u0131 olarak biz de ili\u015fkilerimizi her zaman s\u0131cak tutaca\u011f\u0131z. Gerek ekonomik gerek sosyal gerek k\u00fclt\u00fcrel ve daha bir\u00e7ok alanda stratejiler geli\u015ftirerek her iki \u00fclkenin yarar\u0131na olacak \u015fekilde yat\u0131r\u0131mlara hizmet vermek i\u00e7in \u00e7al\u0131\u015fmalar\u0131m\u0131za devam edece\u011fiz. Ba\u015far\u0131ya ula\u015fmada inanc\u0131m\u0131z, parlamentolar aras\u0131 dostluk gruplar\u0131n\u0131n itici g\u00fc\u00e7 olaca\u011f\u0131d\u0131r.&#8221; ifadelerini kulland\u0131.<\/p>","protected":false},"excerpt":{"rendered":"<p>TBMM Ba\u015fkan\u0131 Mustafa \u015eentop: TBMM, K\u0131br\u0131s T\u00fcrk halk\u0131n\u0131n \u00f6zg\u00fcrl\u00fck ve egemenli\u011finin korunmas\u0131 ve K\u0131br\u0131s adas\u0131ndaki ger\u00e7ekler zemininde kal\u0131c\u0131 bir bar\u0131\u015f sa\u011flanmas\u0131 hususunda sars\u0131lmaz bir kararl\u0131l\u0131\u011fa sahiptir TBMM Ba\u015fkan\u0131 Mustafa \u015eentop, &#8220;TBMM, K\u0131br\u0131s T\u00fcrk halk\u0131n\u0131n \u00f6zg\u00fcrl\u00fck ve egemenli\u011finin korunmas\u0131 ve K\u0131br\u0131s adas\u0131ndaki ger\u00e7ekler zemininde kal\u0131c\u0131 bir bar\u0131\u015f sa\u011flanmas\u0131 hususunda sars\u0131lmaz bir kararl\u0131l\u0131\u011fa sahiptir.&#8221; dedi. \u015eentop, KKTC-T\u00fcrkiye [&hellip;]<\/p>","protected":false},"author":1,"featured_media":6497,"comment_status":"open","ping_status":"open","sticky":false,"template":"","format":"standard","meta":{"om_disable_all_campaigns":false,"_monsterinsights_skip_tracking":false,"_monsterinsights_sitenote_active":false,"_monsterinsights_sitenote_note":"","_monsterinsights_sitenote_category":0,"_uf_show_specific_survey":0,"_uf_disable_surveys":false,"footnotes":"","jetpack_publicize_message":"","jetpack_publicize_feature_enabled":true,"jetpack_social_post_already_shared":false,"jetpack_social_options":{"image_generator_settings":{"template":"highway","default_image_id":0,"font":"","enabled":false},"version":2}},"categories":[81],"tags":[428],"class_list":{"0":"post-6496","1":"post","2":"type-post","3":"status-publish","4":"format-standard","5":"has-post-thumbnail","7":"category-gundem","8":"tag-sentop"},"yoast_head":"<!-- This site is optimized with the Yoast SEO plugin v23.8 - https:\/\/yoast.com\/wordpress\/plugins\/seo\/ -->\n<title>\u015eentop, KKTC-T\u00fcrkiye Parlamentolararas\u0131 Dostluk Grubu&#039;nu kabul etti - NETBAKIS<\/title>\n<meta name=\"robots\" content=\"index, follow, max-snippet:-1, max-image-preview:large, max-video-preview:-1\" \/>\n<link rel=\"canonical\" href=\"https:\/\/netbakis.net\/tr\/6496\/\" \/>\n<meta property=\"og:locale\" content=\"tr_TR\" \/>\n<meta property=\"og:type\" content=\"article\" \/>\n<meta property=\"og:title\" content=\"\u015eentop, KKTC-T\u00fcrkiye Parlamentolararas\u0131 Dostluk Grubu&#039;nu kabul etti - NETBAKIS\" \/>\n<meta property=\"og:description\" content=\"TBMM Ba\u015fkan\u0131 Mustafa \u015eentop: TBMM, K\u0131br\u0131s T\u00fcrk halk\u0131n\u0131n \u00f6zg\u00fcrl\u00fck ve egemenli\u011finin korunmas\u0131 ve K\u0131br\u0131s adas\u0131ndaki ger\u00e7ekler zemininde kal\u0131c\u0131 bir bar\u0131\u015f sa\u011flanmas\u0131 hususunda sars\u0131lmaz bir kararl\u0131l\u0131\u011fa sahiptir TBMM Ba\u015fkan\u0131 Mustafa \u015eentop, &#8220;TBMM, K\u0131br\u0131s T\u00fcrk halk\u0131n\u0131n \u00f6zg\u00fcrl\u00fck ve egemenli\u011finin korunmas\u0131 ve K\u0131br\u0131s adas\u0131ndaki ger\u00e7ekler zemininde kal\u0131c\u0131 bir bar\u0131\u015f sa\u011flanmas\u0131 hususunda sars\u0131lmaz bir kararl\u0131l\u0131\u011fa sahiptir.&#8221; dedi. \u015eentop, KKTC-T\u00fcrkiye [&hellip;]\" \/>\n<meta property=\"og:url\" content=\"https:\/\/netbakis.net\/tr\/6496\/\" \/>\n<meta property=\"og:site_name\" content=\"NETBAKIS\" \/>\n<meta property=\"article:published_time\" content=\"2021-07-01T15:23:32+00:00\" \/>\n<meta property=\"article:modified_time\" content=\"2021-07-01T15:23:45+00:00\" \/>\n<meta property=\"og:image\" content=\"https:\/\/netbakis.net\/wp-content\/uploads\/2021\/07\/i2SRV_1625149265_5887.jpg\" \/>\n\t<meta property=\"og:image:width\" content=\"800\" \/>\n\t<meta property=\"og:image:height\" content=\"533\" \/>\n\t<meta property=\"og:image:type\" content=\"image\/jpeg\" \/>\n<meta name=\"author\" content=\"netbakis.net\" \/>\n<meta name=\"twitter:card\" content=\"summary_large_image\" \/>\n<meta name=\"twitter:label1\" content=\"Yazan:\" \/>\n\t<meta name=\"twitter:data1\" content=\"netbakis.net\" \/>\n\t<meta name=\"twitter:label2\" content=\"Tahmini okuma s\u00fcresi\" \/>\n\t<meta name=\"twitter:data2\" content=\"2 dakika\" \/>\n<script type=\"application\/ld+json\" class=\"yoast-schema-graph\">{\"@context\":\"https:\/\/schema.org\",\"@graph\":[{\"@type\":\"WebPage\",\"@id\":\"https:\/\/netbakis.net\/6496\/\",\"url\":\"https:\/\/netbakis.net\/6496\/\",\"name\":\"\u015eentop, KKTC-T\u00fcrkiye Parlamentolararas\u0131 Dostluk Grubu'nu kabul etti - NETBAKIS\",\"isPartOf\":{\"@id\":\"https:\/\/netbakis.net\/#website\"},\"primaryImageOfPage\":{\"@id\":\"https:\/\/netbakis.net\/6496\/#primaryimage\"},\"image\":{\"@id\":\"https:\/\/netbakis.net\/6496\/#primaryimage\"},\"thumbnailUrl\":\"https:\/\/netbakis.net\/wp-content\/uploads\/2021\/07\/i2SRV_1625149265_5887.jpg\",\"datePublished\":\"2021-07-01T15:23:32+00:00\",\"dateModified\":\"2021-07-01T15:23:45+00:00\",\"author\":{\"@id\":\"https:\/\/netbakis.net\/#\/schema\/person\/5d9b5c3f48ca4a3c69967d619fc8c7f4\"},\"breadcrumb\":{\"@id\":\"https:\/\/netbakis.net\/6496\/#breadcrumb\"},\"inLanguage\":\"tr\",\"potentialAction\":[{\"@type\":\"ReadAction\",\"target\":[\"https:\/\/netbakis.net\/6496\/\"]}]},{\"@type\":\"ImageObject\",\"inLanguage\":\"tr\",\"@id\":\"https:\/\/netbakis.net\/6496\/#primaryimage\",\"url\":\"https:\/\/netbakis.net\/wp-content\/uploads\/2021\/07\/i2SRV_1625149265_5887.jpg\",\"contentUrl\":\"https:\/\/netbakis.net\/wp-content\/uploads\/2021\/07\/i2SRV_1625149265_5887.jpg\",\"width\":800,\"height\":533,\"caption\":\"\u015eentop\"},{\"@type\":\"BreadcrumbList\",\"@id\":\"https:\/\/netbakis.net\/6496\/#breadcrumb\",\"itemListElement\":[{\"@type\":\"ListItem\",\"position\":1,\"name\":\"Home\",\"item\":\"https:\/\/netbakis.net\/\"},{\"@type\":\"ListItem\",\"position\":2,\"name\":\"\u015eentop, KKTC-T\u00fcrkiye Parlamentolararas\u0131 Dostluk Grubu&#8217;nu kabul etti\"}]},{\"@type\":\"WebSite\",\"@id\":\"https:\/\/netbakis.net\/#website\",\"url\":\"https:\/\/netbakis.net\/\",\"name\":\"NETBAKIS\",\"description\":\"SON DAKIKA\",\"potentialAction\":[{\"@type\":\"SearchAction\",\"target\":{\"@type\":\"EntryPoint\",\"urlTemplate\":\"https:\/\/netbakis.net\/?s={search_term_string}\"},\"query-input\":{\"@type\":\"PropertyValueSpecification\",\"valueRequired\":true,\"valueName\":\"search_term_string\"}}],\"inLanguage\":\"tr\"},{\"@type\":\"Person\",\"@id\":\"https:\/\/netbakis.net\/#\/schema\/person\/5d9b5c3f48ca4a3c69967d619fc8c7f4\",\"name\":\"netbakis.net\",\"image\":{\"@type\":\"ImageObject\",\"inLanguage\":\"tr\",\"@id\":\"https:\/\/netbakis.net\/#\/schema\/person\/image\/\",\"url\":\"https:\/\/secure.gravatar.com\/avatar\/4ddeae49d2d3e3568a8d5b0937642efdf0b72468dbe3f213bc1978faa47af0d1?s=96&d=wp_user_avatar&r=g\",\"contentUrl\":\"https:\/\/secure.gravatar.com\/avatar\/4ddeae49d2d3e3568a8d5b0937642efdf0b72468dbe3f213bc1978faa47af0d1?s=96&d=wp_user_avatar&r=g\",\"caption\":\"netbakis.net\"},\"sameAs\":[\"https:\/\/netbakis.net\"],\"url\":\"https:\/\/netbakis.net\/tr\/author\/netbakis-net\/\"}]}<\/script>\n<!-- \/ Yoast SEO plugin. -->","yoast_head_json":{"title":"\u015eentop, KKTC-T\u00fcrkiye Parlamentolararas\u0131 Dostluk Grubu'nu kabul etti - NETBAKIS","robots":{"index":"index","follow":"follow","max-snippet":"max-snippet:-1","max-image-preview":"max-image-preview:large","max-video-preview":"max-video-preview:-1"},"canonical":"https:\/\/netbakis.net\/tr\/6496\/","og_locale":"tr_TR","og_type":"article","og_title":"\u015eentop, KKTC-T\u00fcrkiye Parlamentolararas\u0131 Dostluk Grubu'nu kabul etti - NETBAKIS","og_description":"TBMM Ba\u015fkan\u0131 Mustafa \u015eentop: TBMM, K\u0131br\u0131s T\u00fcrk halk\u0131n\u0131n \u00f6zg\u00fcrl\u00fck ve egemenli\u011finin korunmas\u0131 ve K\u0131br\u0131s adas\u0131ndaki ger\u00e7ekler zemininde kal\u0131c\u0131 bir bar\u0131\u015f sa\u011flanmas\u0131 hususunda sars\u0131lmaz bir kararl\u0131l\u0131\u011fa sahiptir TBMM Ba\u015fkan\u0131 Mustafa \u015eentop, &#8220;TBMM, K\u0131br\u0131s T\u00fcrk halk\u0131n\u0131n \u00f6zg\u00fcrl\u00fck ve egemenli\u011finin korunmas\u0131 ve K\u0131br\u0131s adas\u0131ndaki ger\u00e7ekler zemininde kal\u0131c\u0131 bir bar\u0131\u015f sa\u011flanmas\u0131 hususunda sars\u0131lmaz bir kararl\u0131l\u0131\u011fa sahiptir.&#8221; dedi. \u015eentop, KKTC-T\u00fcrkiye [&hellip;]","og_url":"https:\/\/netbakis.net\/tr\/6496\/","og_site_name":"NETBAKIS","article_published_time":"2021-07-01T15:23:32+00:00","article_modified_time":"2021-07-01T15:23:45+00:00","og_image":[{"width":800,"height":533,"url":"https:\/\/netbakis.net\/wp-content\/uploads\/2021\/07\/i2SRV_1625149265_5887.jpg","type":"image\/jpeg"}],"author":"netbakis.net","twitter_card":"summary_large_image","twitter_misc":{"Yazan:":"netbakis.net","Tahmini okuma s\u00fcresi":"2 dakika"},"schema":{"@context":"https:\/\/schema.org","@graph":[{"@type":"WebPage","@id":"https:\/\/netbakis.net\/6496\/","url":"https:\/\/netbakis.net\/6496\/","name":"\u015eentop, KKTC-T\u00fcrkiye Parlamentolararas\u0131 Dostluk Grubu'nu kabul etti - NETBAKIS","isPartOf":{"@id":"https:\/\/netbakis.net\/#website"},"primaryImageOfPage":{"@id":"https:\/\/netbakis.net\/6496\/#primaryimage"},"image":{"@id":"https:\/\/netbakis.net\/6496\/#primaryimage"},"thumbnailUrl":"https:\/\/netbakis.net\/wp-content\/uploads\/2021\/07\/i2SRV_1625149265_5887.jpg","datePublished":"2021-07-01T15:23:32+00:00","dateModified":"2021-07-01T15:23:45+00:00","author":{"@id":"https:\/\/netbakis.net\/#\/schema\/person\/5d9b5c3f48ca4a3c69967d619fc8c7f4"},"breadcrumb":{"@id":"https:\/\/netbakis.net\/6496\/#breadcrumb"},"inLanguage":"tr","potentialAction":[{"@type":"ReadAction","target":["https:\/\/netbakis.net\/6496\/"]}]},{"@type":"ImageObject","inLanguage":"tr","@id":"https:\/\/netbakis.net\/6496\/#primaryimage","url":"https:\/\/netbakis.net\/wp-content\/uploads\/2021\/07\/i2SRV_1625149265_5887.jpg","contentUrl":"https:\/\/netbakis.net\/wp-content\/uploads\/2021\/07\/i2SRV_1625149265_5887.jpg","width":800,"height":533,"caption":"\u015eentop"},{"@type":"BreadcrumbList","@id":"https:\/\/netbakis.net\/6496\/#breadcrumb","itemListElement":[{"@type":"ListItem","position":1,"name":"Home","item":"https:\/\/netbakis.net\/"},{"@type":"ListItem","position":2,"name":"\u015eentop, KKTC-T\u00fcrkiye Parlamentolararas\u0131 Dostluk Grubu&#8217;nu kabul etti"}]},{"@type":"WebSite","@id":"https:\/\/netbakis.net\/#website","url":"https:\/\/netbakis.net\/","name":"NETBAKIS","description":"SON DAKIKA","potentialAction":[{"@type":"SearchAction","target":{"@type":"EntryPoint","urlTemplate":"https:\/\/netbakis.net\/?s={search_term_string}"},"query-input":{"@type":"PropertyValueSpecification","valueRequired":true,"valueName":"search_term_string"}}],"inLanguage":"tr"},{"@type":"Person","@id":"https:\/\/netbakis.net\/#\/schema\/person\/5d9b5c3f48ca4a3c69967d619fc8c7f4","name":"netbakis.net","image":{"@type":"ImageObject","inLanguage":"tr","@id":"https:\/\/netbakis.net\/#\/schema\/person\/image\/","url":"https:\/\/secure.gravatar.com\/avatar\/4ddeae49d2d3e3568a8d5b0937642efdf0b72468dbe3f213bc1978faa47af0d1?s=96&d=wp_user_avatar&r=g","contentUrl":"https:\/\/secure.gravatar.com\/avatar\/4ddeae49d2d3e3568a8d5b0937642efdf0b72468dbe3f213bc1978faa47af0d1?s=96&d=wp_user_avatar&r=g","caption":"netbakis.net"},"sameAs":["https:\/\/netbakis.net"],"url":"https:\/\/netbakis.net\/tr\/author\/netbakis-net\/"}]}},"jetpack_publicize_connections":[],"_links":{"self":[{"href":"https:\/\/netbakis.net\/tr\/wp-json\/wp\/v2\/posts\/6496","targetHints":{"allow":["GET"]}}],"collection":[{"href":"https:\/\/netbakis.net\/tr\/wp-json\/wp\/v2\/posts"}],"about":[{"href":"https:\/\/netbakis.net\/tr\/wp-json\/wp\/v2\/types\/post"}],"author":[{"embeddable":true,"href":"https:\/\/netbakis.net\/tr\/wp-json\/wp\/v2\/users\/1"}],"replies":[{"embeddable":true,"href":"https:\/\/netbakis.net\/tr\/wp-json\/wp\/v2\/comments?post=6496"}],"version-history":[{"count":1,"href":"https:\/\/netbakis.net\/tr\/wp-json\/wp\/v2\/posts\/6496\/revisions"}],"predecessor-version":[{"id":6498,"href":"https:\/\/netbakis.net\/tr\/wp-json\/wp\/v2\/posts\/6496\/revisions\/6498"}],"wp:featuredmedia":[{"embeddable":true,"href":"https:\/\/netbakis.net\/tr\/wp-json\/wp\/v2\/media\/6497"}],"wp:attachment":[{"href":"https:\/\/netbakis.net\/tr\/wp-json\/wp\/v2\/media?parent=6496"}],"wp:term":[{"taxonomy":"category","embeddable":true,"href":"https:\/\/netbakis.net\/tr\/wp-json\/wp\/v2\/categories?post=6496"},{"taxonomy":"post_tag","embeddable":true,"href":"https:\/\/netbakis.net\/tr\/wp-json\/wp\/v2\/tags?post=6496"}],"curies":[{"name":"wp","href":"https:\/\/api.w.org\/{rel}","templated":true}]}}