{"id":6490,"date":"2021-07-01T15:08:16","date_gmt":"2021-07-01T15:08:16","guid":{"rendered":"https:\/\/netbakis.net\/?p=6490"},"modified":"2021-07-01T15:08:37","modified_gmt":"2021-07-01T15:08:37","slug":"erhurman-kibris-turk-halki-boyle-kotu-bir-yonetimi-asla-hak-etmiyor","status":"publish","type":"post","link":"https:\/\/netbakis.net\/tr\/6490\/","title":{"rendered":"Erh\u00fcrman: K\u0131br\u0131s T\u00fcrk halk\u0131 b\u00f6yle k\u00f6t\u00fc bir y\u00f6netimi asla hak etmiyor"},"content":{"rendered":"<p>Cumhuriyet\u00e7i T\u00fcrk Partisi (CTP), ge\u00e7en hafta ba\u015flayan eylemlerine Lefke, \u0130skele ve Ma\u011fusa\u2019n\u0131n ard\u0131ndan d\u00fcn ak\u015fam Girne\u2019deki y\u00fcr\u00fcy\u00fc\u015fle devam etti<\/p>\n\n\n\n<p>CTP\u2019den yap\u0131lan a\u00e7\u0131klamaya g\u00f6re, CTP Genel Ba\u015fkan\u0131 Tufan Erh\u00fcrman, Merkez Y\u00f6netim Kurulu \u00fcyeleri, milletvekilleri, belediye ba\u015fkanlar\u0131 ve partililerin kat\u0131ld\u0131\u011f\u0131 Ramadan Cemil Meydan\u0131\u2019ndan ba\u015flayan y\u00fcr\u00fcy\u00fc\u015f yap\u0131lan konu\u015fmalar\u0131n ard\u0131ndan son buldu.<\/p>\n\n\n\n<p>Eylemde ilk olarak Girne \u0130l\u00e7e Ba\u015fkan\u0131 Mehmet Kale Ki\u015fi, selamlama konu\u015fmas\u0131 yapt\u0131. Daha sonra CTP Genel Ba\u015fkan\u0131 Tufan Erh\u00fcrman s\u00f6z ald\u0131.<\/p>\n\n\n\n<p><strong>\u201cGELECE\u011e\u0130M\u0130Z\u0130N DAHA FAZLA \u00c7ALINMASINA \u0130Z\u0130N VERMEYECE\u011e\u0130Z\u201d<\/strong><\/p>\n\n\n\n<p>K\u0131br\u0131s T\u00fcrk halk\u0131n\u0131n \u00e7ok zor bir d\u00f6nemden ge\u00e7ti\u011fini belirten Erh\u00fcrman, \u201cK\u0131br\u0131s T\u00fcrk halk\u0131, var olu\u015fu ile ilgili endi\u015felerinin b\u00fcy\u00fcd\u00fc\u011f\u00fc bir d\u00f6nemden ge\u00e7iyor ve \u2018Vard\u0131k Var\u0131z Var Olaca\u011f\u0131z\u2019 demenin tam zaman\u0131. Her \u015feyden \u00f6nce bir h\u00fck\u00fcmetle de\u011fil, resmen bir felaketle, hatta bir ad\u0131m \u00f6teye ge\u00e7iyorum, giderek bir rezaletle kar\u015f\u0131 kar\u015f\u0131yay\u0131z. K\u0131br\u0131s T\u00fcrk halk\u0131 b\u00f6yle k\u00f6t\u00fc bir y\u00f6netimi asla hak etmiyor. Ve bunu \u00e7ok y\u00fcksek sesle seslendirmemiz, duyurmam\u0131z gereken bir d\u00f6nemdeyiz\u201d \u015feklinde konu\u015ftu.<\/p>\n\n\n\n<figure class=\"wp-block-image\"><img decoding=\"async\" src=\"https:\/\/haberkibris.com\/images2\/2021_07\/2021_07_01\/ctp-vardik-variz-varolacagiz-girne-eylemi-(3).jpg\" alt=\"\"\/><\/figure>\n\n\n\n<p>\u201cK\u0131br\u0131s T\u00fcrk halk\u0131 bu adada vard\u0131, vard\u0131r ve var olacakt\u0131r\u201d vurgusu yapan Erh\u00fcrman, \u015funlar\u0131 kaydetti:<\/p>\n\n\n\n<p>\u201cAma bug\u00fcn gerek Cumhurba\u015fkanl\u0131\u011f\u0131, gerekse h\u00fck\u00fcmet taraf\u0131ndan ortaya konulan politikalar\u0131n K\u0131br\u0131s T\u00fcrk halk\u0131n\u0131 var olu\u015funu gelece\u011fe ta\u015f\u0131ma konusunda nas\u0131l bir belirsizlikle, \u00f6ng\u00f6r\u00fclemezlikle, giderek endi\u015feyle kar\u015f\u0131 kar\u015f\u0131ya b\u0131rakt\u0131\u011f\u0131 a\u00e7\u0131k. Hi\u00e7birimizin halk\u0131m\u0131z\u0131 bu olumsuzluklarla ba\u015f ba\u015fa b\u0131rakma l\u00fcks\u00fcm\u00fcz yok. Bu h\u00fckumetin g\u00f6revde kald\u0131\u011f\u0131 her g\u00fcn K\u0131br\u0131s T\u00fcrk halk\u0131n\u0131n gelece\u011finden bir g\u00fcn daha \u00e7al\u0131n\u0131yor. Gelece\u011fimizin daha fazla \u00e7al\u0131nmas\u0131na izin vermeyece\u011fiz!\u201d<\/p>\n\n\n\n<p><strong>\u201cALTI AYDIR MECL\u0130S\u2019TE N\u0130SAP SORUNU YA\u015eANIYOR\u201d<\/strong><\/p>\n\n\n\n<p>Meclis\u2019te ya\u015fanan nisap sorununa dikkat \u00e7eken Erh\u00fcrman, \u201c\u00dclkede hi\u00e7bir kurumun itibar\u0131n\u0131 b\u0131rakmad\u0131lar. Meclis, UBP-DP-YDP az\u0131nl\u0131k h\u00fck\u00fcmeti taraf\u0131ndan tarihinin en itibars\u0131z konumuna d\u00fc\u015f\u00fcr\u00fcld\u00fc. Bu h\u00fck\u00fcmetin kuruldu\u011fu g\u00fcnden beri ayak oyunlar\u0131 ve bireysel \u00e7\u0131karlara dayanan pazarl\u0131klar sebebiyle nisap sorunu ya\u015fan\u0131yor\u201d ifadelerini kulland\u0131.<\/p>\n\n\n\n<p>H\u00fck\u00fcmetin, Meclis\u2019in ya\u015fad\u0131\u011f\u0131 nisap sorununun sorumlulu\u011funu muhalefetin \u00fczerine y\u0131kmaya \u00e7al\u0131\u015ft\u0131\u011f\u0131n\u0131 ileri s\u00fcren Erh\u00fcrman, \u201cBunu yapmaya \u00e7al\u0131\u015fanlar, bu h\u00fck\u00fcmetin kuruldu\u011fu d\u00f6nemde, \u00fclke b\u00fct\u00e7esiz kalmas\u0131n diye muhalefetin Meclis\u2019te sa\u011flad\u0131\u011f\u0131 kolayl\u0131klar\u0131 ve h\u00fck\u00fcmete mensup milletvekilleri sa\u011fl\u0131k sorunu ya\u015fad\u0131\u011f\u0131nda nisaba verdi\u011fi deste\u011fi dahi unutuyor veya unutturmaya kalk\u0131yorlar\u201d diye konu\u015ftu.<\/p>\n\n\n\n<p><strong>\u201cGEL\u0130NEN NOKTADA MUHALEFET H\u00dcK\u00dcMETE N\u0130SAP DESTE\u011e\u0130 VERMEYECEK\u201d<\/strong><\/p>\n\n\n\n<p>Gelinen noktada muhalefetin h\u00fck\u00fcmete nisap deste\u011fi vermedi\u011fini ve vermeyece\u011fini ifade eden Tufan Erh\u00fcrman, h\u00fck\u00fcmetin verilen nisap deste\u011fine kar\u015f\u0131n, Anayasa\u2019y\u0131, Meclis i\u00e7t\u00fcz\u00fc\u011f\u00fcn\u00fc f\u00fctursuzca ihlal etti\u011fini, Meclis\u2019te kalkan yirmi yedi ele g\u00fcvenerek muhalefeti yok sayd\u0131\u011f\u0131n\u0131 ve \u2018Benim \u00e7o\u011funlu\u011fum var ne istersem yapar\u0131m\u2019 dedi\u011fini iddia etti.<\/p>\n\n\n\n<p>H\u00fck\u00fcmetin, Anayasa ve yasaya g\u00f6re Haziran\u2019da yap\u0131lmas\u0131 gereken se\u00e7imi dahi yapt\u0131rmayarak, \u00fclkenin demokrasi tarihine kara bir leke s\u00fcrd\u00fc\u011f\u00fcn\u00fc ileri s\u00fcren CTP Genel Ba\u015fkan\u0131 Erh\u00fcrman, \u015funlar\u0131 belirtti:<\/p>\n\n\n\n<p>\u201cAnayasa\u2019y\u0131, yasalar\u0131 ve i\u00e7t\u00fcz\u00fc\u011f\u00fc Meclis\u2019te kalkan yirmi yedi elle \u00e7i\u011fneme c\u00fcretini g\u00f6sterenler, Meclis\u2019i a\u00e7mak s\u00f6z konusu oldu\u011funda, ki\u015fisel pazarl\u0131klar sebebiyle ayn\u0131 yirmi yedi eli bulamay\u0131nca sorumlulu\u011fu muhalefete y\u00fcklemeye, sorumluluk Meclis\u2019in tamam\u0131na aitmi\u015f gibi g\u00f6stermeye kalk\u0131yorlar. Amac\u0131n ne oldu\u011fu bellidir. Ama\u00e7, Meclis\u2019in itibar\u0131n\u0131 yerle bir ederek, halk\u0131m\u0131za, \u2018Bizden bir \u015fey olmaz. Bu memleketten bir \u015fey olmaz\u2019 mesaj\u0131 vermektir. Ama\u00e7, K\u0131br\u0131s T\u00fcrk halk\u0131n\u0131n \u00f6z g\u00fcvenini zedelemektir. Ama\u00e7, K\u0131br\u0131s T\u00fcrk halk\u0131na \u2018Ben daha iyi yapar\u0131m\u2019 demeye y\u00fczleri kalmayanlar\u0131n, \u2018Biz k\u00f6t\u00fcy\u00fcz ama onlar da k\u00f6t\u00fc. Onun i\u00e7in bizi se\u00e7in. Biz y\u00f6netemesek, bu \u00fclkede toplumsal d\u00fczeyde hi\u00e7bir i\u015f yapmasak da sizin bireysel i\u015flerinizi hallederiz\u2019 mesaj\u0131n\u0131 iletmektir. Bilmeleri gereken tek bir c\u00fcmledir: K\u0131br\u0131s T\u00fcrk halk\u0131n\u0131n da CTP\u2019nin de b\u00f6yle softa \u015fa\u015f\u0131rtmalar\u0131na karn\u0131 toktur!\u201d&nbsp;&nbsp;&nbsp;<\/p>\n\n\n\n<figure class=\"wp-block-image\"><img decoding=\"async\" src=\"https:\/\/haberkibris.com\/images2\/2021_07\/2021_07_01\/ctp-vardik-variz-varolacagiz-girne-eylemi-(9).jpg\" alt=\"\"\/><\/figure>\n\n\n\n<p><strong>\u201cKIBRIS SORUNUYLA \u0130LG\u0130L\u0130 GER\u00c7EK\u00c7\u0130 OLMAYAN FORM\u00dcLLER STAT\u00dcKONUN DEVAMINI SA\u011eLAMAYA Y\u00d6NEL\u0130KT\u0130R\u201d<\/strong><\/p>\n\n\n\n<p>K\u0131br\u0131s sorunuyla ilgili geli\u015fmelere de de\u011finen Erh\u00fcrman, Cumhuriyet\u00e7i T\u00fcrk Partisi\u2019nin kuruldu\u011fu g\u00fcnden bu yana aral\u0131ks\u0131z olarak adada kapsaml\u0131 \u00e7\u00f6z\u00fcm, bar\u0131\u015f ve istikrar m\u00fccadelesi verdi\u011fini ifade etti.<\/p>\n\n\n\n<p>\u201cCTP\u2019nin elli y\u0131ll\u0131k m\u00fccadele tarihinden s\u00fcz\u00fclen deneyimi, bu \u00fclkede kapsaml\u0131 \u00e7\u00f6z\u00fcm\u00fcn anahtar\u0131n\u0131n iki b\u00f6lgeli, iki toplumlu, siyasi e\u015fitli\u011fe dayal\u0131 federal \u00e7\u00f6z\u00fcm oldu\u011funu a\u00e7\u0131k\u00e7a g\u00f6stermektedir\u201d diyen Erh\u00fcrman, \u201cGer\u00e7ek\u00e7i olmayan form\u00fcller \u00f6nererek, \u00fclkede stat\u00fckonun, belirsizli\u011fin, istikrars\u0131zl\u0131\u011f\u0131n ve \u00f6ng\u00f6r\u00fclemezli\u011fin devam\u0131n\u0131 sa\u011flamaya \u00e7al\u0131\u015fanlar\u0131n bu \u00e7abalar\u0131 asla sonu\u00e7 vermeyecektir\u201d ifadelerini kulland\u0131.<\/p>\n\n\n\n<p><strong>\u201cKUTLU ADALI C\u0130NAYET\u0130 \u0130LE ORTAYA \u00c7IKAN YEN\u0130 VER\u0130LER\u0130 UNUTTURMALARINA \u0130Z\u0130N VERMEYECE\u011e\u0130Z\u201d<\/strong><\/p>\n\n\n\n<p>Erh\u00fcrman, Kutlu Adal\u0131 cinayetiyle ilgili ise, \u015funlar\u0131 s\u00f6yledi:<\/p>\n\n\n\n<p>\u201c\u00d6yle basiretsiz bir y\u00f6netim ile kar\u015f\u0131 kar\u015f\u0131yay\u0131z ki Kutlu Adal\u0131 cinayeti ile ilgili \u00e7ok ciddi emareler ortaya \u00e7\u0131km\u0131\u015fken, tan\u0131kl\u0131klar, ifadeler ortaya \u00e7\u0131km\u0131\u015fken T\u00fcrkiye Cumhuriyeti\u2019nde soru\u015fturma ba\u015flad\u0131 diye buradan oraya te\u015fekk\u00fcr etmekten ba\u015fka hi\u00e7bir \u015fey yapmaya niyeti yok.<\/p>\n\n\n\n<p>Meclis\u2019te oy birli\u011fiyle kurulmas\u0131na karar verilen Ara\u015ft\u0131rma Komitesi\u2019nin kurulmas\u0131n\u0131 dahi komitede \u00e7o\u011funlu\u011fa sahip olma \u0131srar\u0131yla engelliyorlar. Soruyoruz. \u2018Niye \u00e7o\u011funluk istiyorsunuz? Derdiniz raporun ger\u00e7ekler \u0131\u015f\u0131\u011f\u0131nda haz\u0131rlanmas\u0131n\u0131 engellemek mi?\u2019 Her konuda oldu\u011fu gibi bu konuda da yan\u0131t yok! Dertleri bu konuyu da zamana yayarak unutturmak. Ama ba\u015faramayacaklar. K\u0131br\u0131s T\u00fcrk demokrasi ve insan haklar\u0131 tarihi a\u00e7\u0131s\u0131ndan b\u00fcy\u00fck bir yara olan bu olay\u0131 unutturmalar\u0131na izin vermeyece\u011fiz.\u201d<\/p>\n\n\n\n<p><strong>\u201cH\u00dcK\u00dcMET, \u0130NSANLARI DAHA DA YOKSULLA\u015eTIRMAYA, P\u0130YASADAK\u0130 TALEB\u0130 DAHA DARALTMAYA \u00c7ALI\u015eMAKLA ME\u015eGUL\u201d<\/strong><\/p>\n\n\n\n<p>Ekonomiyle ilgili de de\u011ferlendirmelerde bulunan Erh\u00fcrman, \u201cBu memlekette binlerce insan i\u015fsiz kald\u0131. Binlerce i\u015f yeri kapand\u0131. Kasaplar hayatlar\u0131nda ilk defa 10 TL\u2019lik k\u0131yma isteyen m\u00fc\u015fterilerle kar\u015f\u0131 kar\u015f\u0131ya kald\u0131klar\u0131n\u0131 anlat\u0131yor. Turizmde, y\u00fcksek\u00f6\u011fretimde, in\u015faat sekt\u00f6r\u00fcnde alarm zilleri \u00e7al\u0131yor. \u0130nsanlar\u0131m\u0131z her g\u00fcn biraz daha yoksulla\u015f\u0131yor. Ama bunlar h\u00fck\u00fcmetin derdi bile de\u011fil\u201d iddialar\u0131nda bulundu.<\/p>\n\n\n\n<p>\u201cH\u00fck\u00fcmet, hayat s\u00fcrekli olarak pahal\u0131la\u015f\u0131rken, hem de hukuka ayk\u0131r\u0131 oldu\u011funu bile bile hayat pahal\u0131l\u0131\u011f\u0131 \u00f6dene\u011fini de durdurarak insanlar\u0131 daha da yoksulla\u015ft\u0131rmaya, piyasadaki talebi daha daraltmaya \u00e7al\u0131\u015fmakla me\u015fgul\u201d ifadelerine yer veren Erh\u00fcrman, \u015funlar\u0131 kaydetti:<\/p>\n\n\n\n<p>\u201cBunun d\u0131\u015f\u0131nda ne ekonomi ne de maliye konusunda herhangi bir projeleri var. Bu halka yapabilecekleri en b\u00fcy\u00fck iyilik bir an \u00f6nce \u00e7ekip gitmeleridir. Bir an \u00f6nce \u00e7ekip gitsinler ki, krizden \u00e7\u0131k\u0131\u015f stratejisini geli\u015ftirecek, uzun vadeli ekonomik, sosyal, k\u00fclt\u00fcrel kalk\u0131nma planlar\u0131n\u0131 haz\u0131rlay\u0131p y\u00fcr\u00fcrl\u00fc\u011fe koyabilecek, K\u0131br\u0131s T\u00fcrk halk\u0131n\u0131n iradesine sahip \u00e7\u0131kabilecek bir h\u00fck\u00fcmeti halk\u0131m\u0131z g\u00f6reve getirebilsin. Bir an \u00f6nce gitsinler ki halk\u0131m\u0131z daha fazla zaman kaybetmesin. Sa\u00e7ma sapan, g\u00fcn\u00fcbirlik \u00e7\u0131kar kavgalar\u0131yla de\u011fil, halk\u0131n sorunlar\u0131yla, ger\u00e7ek g\u00fcndemiyle u\u011fra\u015fabilsin. G\u00f6revde kald\u0131klar\u0131 her g\u00fcn bu halk\u0131n gelece\u011finden bir g\u00fcn daha \u00e7al\u0131n\u0131yor. Buna asla izin vermeyece\u011fiz.\u201d&nbsp;<\/p>","protected":false},"excerpt":{"rendered":"<p>Cumhuriyet\u00e7i T\u00fcrk Partisi (CTP), ge\u00e7en hafta ba\u015flayan eylemlerine Lefke, \u0130skele ve Ma\u011fusa\u2019n\u0131n ard\u0131ndan d\u00fcn ak\u015fam Girne\u2019deki y\u00fcr\u00fcy\u00fc\u015fle devam etti CTP\u2019den yap\u0131lan a\u00e7\u0131klamaya g\u00f6re, CTP Genel Ba\u015fkan\u0131 Tufan Erh\u00fcrman, Merkez Y\u00f6netim Kurulu \u00fcyeleri, milletvekilleri, belediye ba\u015fkanlar\u0131 ve partililerin kat\u0131ld\u0131\u011f\u0131 Ramadan Cemil Meydan\u0131\u2019ndan ba\u015flayan y\u00fcr\u00fcy\u00fc\u015f yap\u0131lan konu\u015fmalar\u0131n ard\u0131ndan son buldu. Eylemde ilk olarak Girne \u0130l\u00e7e Ba\u015fkan\u0131 Mehmet [&hellip;]<\/p>","protected":false},"author":1,"featured_media":6491,"comment_status":"open","ping_status":"open","sticky":false,"template":"","format":"standard","meta":{"om_disable_all_campaigns":false,"_monsterinsights_skip_tracking":false,"_monsterinsights_sitenote_active":false,"_monsterinsights_sitenote_note":"","_monsterinsights_sitenote_category":0,"_uf_show_specific_survey":0,"_uf_disable_surveys":false,"footnotes":"","jetpack_publicize_message":"","jetpack_publicize_feature_enabled":true,"jetpack_social_post_already_shared":false,"jetpack_social_options":{"image_generator_settings":{"template":"highway","default_image_id":0,"font":"","enabled":false},"version":2}},"categories":[81],"tags":[104],"class_list":{"0":"post-6490","1":"post","2":"type-post","3":"status-publish","4":"format-standard","5":"has-post-thumbnail","7":"category-gundem","8":"tag-erhurman"},"yoast_head":"<!-- This site is optimized with the Yoast SEO plugin v23.8 - https:\/\/yoast.com\/wordpress\/plugins\/seo\/ -->\n<title>Erh\u00fcrman: K\u0131br\u0131s T\u00fcrk halk\u0131 b\u00f6yle k\u00f6t\u00fc bir y\u00f6netimi asla hak etmiyor - NETBAKIS<\/title>\n<meta name=\"robots\" content=\"index, follow, max-snippet:-1, max-image-preview:large, max-video-preview:-1\" \/>\n<link rel=\"canonical\" href=\"https:\/\/netbakis.net\/tr\/6490\/\" \/>\n<meta property=\"og:locale\" content=\"tr_TR\" \/>\n<meta property=\"og:type\" content=\"article\" \/>\n<meta property=\"og:title\" content=\"Erh\u00fcrman: K\u0131br\u0131s T\u00fcrk halk\u0131 b\u00f6yle k\u00f6t\u00fc bir y\u00f6netimi asla hak etmiyor - NETBAKIS\" \/>\n<meta property=\"og:description\" content=\"Cumhuriyet\u00e7i T\u00fcrk Partisi (CTP), ge\u00e7en hafta ba\u015flayan eylemlerine Lefke, \u0130skele ve Ma\u011fusa\u2019n\u0131n ard\u0131ndan d\u00fcn ak\u015fam Girne\u2019deki y\u00fcr\u00fcy\u00fc\u015fle devam etti CTP\u2019den yap\u0131lan a\u00e7\u0131klamaya g\u00f6re, CTP Genel Ba\u015fkan\u0131 Tufan Erh\u00fcrman, Merkez Y\u00f6netim Kurulu \u00fcyeleri, milletvekilleri, belediye ba\u015fkanlar\u0131 ve partililerin kat\u0131ld\u0131\u011f\u0131 Ramadan Cemil Meydan\u0131\u2019ndan ba\u015flayan y\u00fcr\u00fcy\u00fc\u015f yap\u0131lan konu\u015fmalar\u0131n ard\u0131ndan son buldu. Eylemde ilk olarak Girne \u0130l\u00e7e Ba\u015fkan\u0131 Mehmet [&hellip;]\" \/>\n<meta property=\"og:url\" content=\"https:\/\/netbakis.net\/tr\/6490\/\" \/>\n<meta property=\"og:site_name\" content=\"NETBAKIS\" \/>\n<meta property=\"article:published_time\" content=\"2021-07-01T15:08:16+00:00\" \/>\n<meta property=\"article:modified_time\" content=\"2021-07-01T15:08:37+00:00\" \/>\n<meta property=\"og:image\" content=\"https:\/\/netbakis.net\/wp-content\/uploads\/2021\/07\/ctp-vardik-variz-varolacagiz-girne-eylemi-9.jpg\" \/>\n\t<meta property=\"og:image:width\" content=\"920\" \/>\n\t<meta property=\"og:image:height\" content=\"614\" \/>\n\t<meta property=\"og:image:type\" content=\"image\/jpeg\" \/>\n<meta name=\"author\" content=\"netbakis.net\" \/>\n<meta name=\"twitter:card\" content=\"summary_large_image\" \/>\n<meta name=\"twitter:label1\" content=\"Yazan:\" \/>\n\t<meta name=\"twitter:data1\" content=\"netbakis.net\" \/>\n\t<meta name=\"twitter:label2\" content=\"Tahmini okuma s\u00fcresi\" \/>\n\t<meta name=\"twitter:data2\" content=\"5 dakika\" \/>\n<script type=\"application\/ld+json\" class=\"yoast-schema-graph\">{\"@context\":\"https:\/\/schema.org\",\"@graph\":[{\"@type\":\"WebPage\",\"@id\":\"https:\/\/netbakis.net\/6490\/\",\"url\":\"https:\/\/netbakis.net\/6490\/\",\"name\":\"Erh\u00fcrman: K\u0131br\u0131s T\u00fcrk halk\u0131 b\u00f6yle k\u00f6t\u00fc bir y\u00f6netimi asla hak etmiyor - NETBAKIS\",\"isPartOf\":{\"@id\":\"https:\/\/netbakis.net\/#website\"},\"primaryImageOfPage\":{\"@id\":\"https:\/\/netbakis.net\/6490\/#primaryimage\"},\"image\":{\"@id\":\"https:\/\/netbakis.net\/6490\/#primaryimage\"},\"thumbnailUrl\":\"https:\/\/netbakis.net\/wp-content\/uploads\/2021\/07\/ctp-vardik-variz-varolacagiz-girne-eylemi-9.jpg\",\"datePublished\":\"2021-07-01T15:08:16+00:00\",\"dateModified\":\"2021-07-01T15:08:37+00:00\",\"author\":{\"@id\":\"https:\/\/netbakis.net\/#\/schema\/person\/5d9b5c3f48ca4a3c69967d619fc8c7f4\"},\"breadcrumb\":{\"@id\":\"https:\/\/netbakis.net\/6490\/#breadcrumb\"},\"inLanguage\":\"tr\",\"potentialAction\":[{\"@type\":\"ReadAction\",\"target\":[\"https:\/\/netbakis.net\/6490\/\"]}]},{\"@type\":\"ImageObject\",\"inLanguage\":\"tr\",\"@id\":\"https:\/\/netbakis.net\/6490\/#primaryimage\",\"url\":\"https:\/\/netbakis.net\/wp-content\/uploads\/2021\/07\/ctp-vardik-variz-varolacagiz-girne-eylemi-9.jpg\",\"contentUrl\":\"https:\/\/netbakis.net\/wp-content\/uploads\/2021\/07\/ctp-vardik-variz-varolacagiz-girne-eylemi-9.jpg\",\"width\":920,\"height\":614,\"caption\":\"Erh\u00fcrman\"},{\"@type\":\"BreadcrumbList\",\"@id\":\"https:\/\/netbakis.net\/6490\/#breadcrumb\",\"itemListElement\":[{\"@type\":\"ListItem\",\"position\":1,\"name\":\"Home\",\"item\":\"https:\/\/netbakis.net\/\"},{\"@type\":\"ListItem\",\"position\":2,\"name\":\"Erh\u00fcrman: K\u0131br\u0131s T\u00fcrk halk\u0131 b\u00f6yle k\u00f6t\u00fc bir y\u00f6netimi asla hak etmiyor\"}]},{\"@type\":\"WebSite\",\"@id\":\"https:\/\/netbakis.net\/#website\",\"url\":\"https:\/\/netbakis.net\/\",\"name\":\"NETBAKIS\",\"description\":\"SON DAKIKA\",\"potentialAction\":[{\"@type\":\"SearchAction\",\"target\":{\"@type\":\"EntryPoint\",\"urlTemplate\":\"https:\/\/netbakis.net\/?s={search_term_string}\"},\"query-input\":{\"@type\":\"PropertyValueSpecification\",\"valueRequired\":true,\"valueName\":\"search_term_string\"}}],\"inLanguage\":\"tr\"},{\"@type\":\"Person\",\"@id\":\"https:\/\/netbakis.net\/#\/schema\/person\/5d9b5c3f48ca4a3c69967d619fc8c7f4\",\"name\":\"netbakis.net\",\"image\":{\"@type\":\"ImageObject\",\"inLanguage\":\"tr\",\"@id\":\"https:\/\/netbakis.net\/#\/schema\/person\/image\/\",\"url\":\"https:\/\/secure.gravatar.com\/avatar\/4ddeae49d2d3e3568a8d5b0937642efdf0b72468dbe3f213bc1978faa47af0d1?s=96&d=wp_user_avatar&r=g\",\"contentUrl\":\"https:\/\/secure.gravatar.com\/avatar\/4ddeae49d2d3e3568a8d5b0937642efdf0b72468dbe3f213bc1978faa47af0d1?s=96&d=wp_user_avatar&r=g\",\"caption\":\"netbakis.net\"},\"sameAs\":[\"https:\/\/netbakis.net\"],\"url\":\"https:\/\/netbakis.net\/tr\/author\/netbakis-net\/\"}]}<\/script>\n<!-- \/ Yoast SEO plugin. -->","yoast_head_json":{"title":"Erh\u00fcrman: K\u0131br\u0131s T\u00fcrk halk\u0131 b\u00f6yle k\u00f6t\u00fc bir y\u00f6netimi asla hak etmiyor - NETBAKIS","robots":{"index":"index","follow":"follow","max-snippet":"max-snippet:-1","max-image-preview":"max-image-preview:large","max-video-preview":"max-video-preview:-1"},"canonical":"https:\/\/netbakis.net\/tr\/6490\/","og_locale":"tr_TR","og_type":"article","og_title":"Erh\u00fcrman: K\u0131br\u0131s T\u00fcrk halk\u0131 b\u00f6yle k\u00f6t\u00fc bir y\u00f6netimi asla hak etmiyor - NETBAKIS","og_description":"Cumhuriyet\u00e7i T\u00fcrk Partisi (CTP), ge\u00e7en hafta ba\u015flayan eylemlerine Lefke, \u0130skele ve Ma\u011fusa\u2019n\u0131n ard\u0131ndan d\u00fcn ak\u015fam Girne\u2019deki y\u00fcr\u00fcy\u00fc\u015fle devam etti CTP\u2019den yap\u0131lan a\u00e7\u0131klamaya g\u00f6re, CTP Genel Ba\u015fkan\u0131 Tufan Erh\u00fcrman, Merkez Y\u00f6netim Kurulu \u00fcyeleri, milletvekilleri, belediye ba\u015fkanlar\u0131 ve partililerin kat\u0131ld\u0131\u011f\u0131 Ramadan Cemil Meydan\u0131\u2019ndan ba\u015flayan y\u00fcr\u00fcy\u00fc\u015f yap\u0131lan konu\u015fmalar\u0131n ard\u0131ndan son buldu. Eylemde ilk olarak Girne \u0130l\u00e7e Ba\u015fkan\u0131 Mehmet [&hellip;]","og_url":"https:\/\/netbakis.net\/tr\/6490\/","og_site_name":"NETBAKIS","article_published_time":"2021-07-01T15:08:16+00:00","article_modified_time":"2021-07-01T15:08:37+00:00","og_image":[{"width":920,"height":614,"url":"https:\/\/netbakis.net\/wp-content\/uploads\/2021\/07\/ctp-vardik-variz-varolacagiz-girne-eylemi-9.jpg","type":"image\/jpeg"}],"author":"netbakis.net","twitter_card":"summary_large_image","twitter_misc":{"Yazan:":"netbakis.net","Tahmini okuma s\u00fcresi":"5 dakika"},"schema":{"@context":"https:\/\/schema.org","@graph":[{"@type":"WebPage","@id":"https:\/\/netbakis.net\/6490\/","url":"https:\/\/netbakis.net\/6490\/","name":"Erh\u00fcrman: K\u0131br\u0131s T\u00fcrk halk\u0131 b\u00f6yle k\u00f6t\u00fc bir y\u00f6netimi asla hak etmiyor - NETBAKIS","isPartOf":{"@id":"https:\/\/netbakis.net\/#website"},"primaryImageOfPage":{"@id":"https:\/\/netbakis.net\/6490\/#primaryimage"},"image":{"@id":"https:\/\/netbakis.net\/6490\/#primaryimage"},"thumbnailUrl":"https:\/\/netbakis.net\/wp-content\/uploads\/2021\/07\/ctp-vardik-variz-varolacagiz-girne-eylemi-9.jpg","datePublished":"2021-07-01T15:08:16+00:00","dateModified":"2021-07-01T15:08:37+00:00","author":{"@id":"https:\/\/netbakis.net\/#\/schema\/person\/5d9b5c3f48ca4a3c69967d619fc8c7f4"},"breadcrumb":{"@id":"https:\/\/netbakis.net\/6490\/#breadcrumb"},"inLanguage":"tr","potentialAction":[{"@type":"ReadAction","target":["https:\/\/netbakis.net\/6490\/"]}]},{"@type":"ImageObject","inLanguage":"tr","@id":"https:\/\/netbakis.net\/6490\/#primaryimage","url":"https:\/\/netbakis.net\/wp-content\/uploads\/2021\/07\/ctp-vardik-variz-varolacagiz-girne-eylemi-9.jpg","contentUrl":"https:\/\/netbakis.net\/wp-content\/uploads\/2021\/07\/ctp-vardik-variz-varolacagiz-girne-eylemi-9.jpg","width":920,"height":614,"caption":"Erh\u00fcrman"},{"@type":"BreadcrumbList","@id":"https:\/\/netbakis.net\/6490\/#breadcrumb","itemListElement":[{"@type":"ListItem","position":1,"name":"Home","item":"https:\/\/netbakis.net\/"},{"@type":"ListItem","position":2,"name":"Erh\u00fcrman: K\u0131br\u0131s T\u00fcrk halk\u0131 b\u00f6yle k\u00f6t\u00fc bir y\u00f6netimi asla hak etmiyor"}]},{"@type":"WebSite","@id":"https:\/\/netbakis.net\/#website","url":"https:\/\/netbakis.net\/","name":"NETBAKIS","description":"SON DAKIKA","potentialAction":[{"@type":"SearchAction","target":{"@type":"EntryPoint","urlTemplate":"https:\/\/netbakis.net\/?s={search_term_string}"},"query-input":{"@type":"PropertyValueSpecification","valueRequired":true,"valueName":"search_term_string"}}],"inLanguage":"tr"},{"@type":"Person","@id":"https:\/\/netbakis.net\/#\/schema\/person\/5d9b5c3f48ca4a3c69967d619fc8c7f4","name":"netbakis.net","image":{"@type":"ImageObject","inLanguage":"tr","@id":"https:\/\/netbakis.net\/#\/schema\/person\/image\/","url":"https:\/\/secure.gravatar.com\/avatar\/4ddeae49d2d3e3568a8d5b0937642efdf0b72468dbe3f213bc1978faa47af0d1?s=96&d=wp_user_avatar&r=g","contentUrl":"https:\/\/secure.gravatar.com\/avatar\/4ddeae49d2d3e3568a8d5b0937642efdf0b72468dbe3f213bc1978faa47af0d1?s=96&d=wp_user_avatar&r=g","caption":"netbakis.net"},"sameAs":["https:\/\/netbakis.net"],"url":"https:\/\/netbakis.net\/tr\/author\/netbakis-net\/"}]}},"jetpack_publicize_connections":[],"_links":{"self":[{"href":"https:\/\/netbakis.net\/tr\/wp-json\/wp\/v2\/posts\/6490","targetHints":{"allow":["GET"]}}],"collection":[{"href":"https:\/\/netbakis.net\/tr\/wp-json\/wp\/v2\/posts"}],"about":[{"href":"https:\/\/netbakis.net\/tr\/wp-json\/wp\/v2\/types\/post"}],"author":[{"embeddable":true,"href":"https:\/\/netbakis.net\/tr\/wp-json\/wp\/v2\/users\/1"}],"replies":[{"embeddable":true,"href":"https:\/\/netbakis.net\/tr\/wp-json\/wp\/v2\/comments?post=6490"}],"version-history":[{"count":1,"href":"https:\/\/netbakis.net\/tr\/wp-json\/wp\/v2\/posts\/6490\/revisions"}],"predecessor-version":[{"id":6492,"href":"https:\/\/netbakis.net\/tr\/wp-json\/wp\/v2\/posts\/6490\/revisions\/6492"}],"wp:featuredmedia":[{"embeddable":true,"href":"https:\/\/netbakis.net\/tr\/wp-json\/wp\/v2\/media\/6491"}],"wp:attachment":[{"href":"https:\/\/netbakis.net\/tr\/wp-json\/wp\/v2\/media?parent=6490"}],"wp:term":[{"taxonomy":"category","embeddable":true,"href":"https:\/\/netbakis.net\/tr\/wp-json\/wp\/v2\/categories?post=6490"},{"taxonomy":"post_tag","embeddable":true,"href":"https:\/\/netbakis.net\/tr\/wp-json\/wp\/v2\/tags?post=6490"}],"curies":[{"name":"wp","href":"https:\/\/api.w.org\/{rel}","templated":true}]}}