{"id":6417,"date":"2021-06-20T16:17:18","date_gmt":"2021-06-20T16:17:18","guid":{"rendered":"https:\/\/netbakis.net\/?p=6417"},"modified":"2021-06-20T16:17:19","modified_gmt":"2021-06-20T16:17:19","slug":"rakip-isvicre-turkiyenin-ilk-11i-belli-oldu","status":"publish","type":"post","link":"https:\/\/netbakis.net\/tr\/6417\/","title":{"rendered":"Rakip \u0130svi\u00e7re: T\u00fcrkiye&#8217;nin ilk 11&#8217;i belli oldu"},"content":{"rendered":"<p>T\u00fcrkiye, EURO 2020 A Grubu 3. ma\u00e7\u0131nda bu ak\u015fam \u0130svi\u00e7re ile bu ak\u015fam Bak\u00fc&#8217;de kar\u015f\u0131 kar\u015f\u0131ya gelecek. Turnuvada oynanan ilk 2 ma\u00e7ta \u0130talya ve Galler&#8217;e kaybeden T\u00fcrkiye kazanmak ve en iyi grup 3.&#8217;leri aras\u0131na ad\u0131n\u0131 yazd\u0131rmak istiyor. T\u00fcrkiye-\u0130svi\u00e7re ma\u00e7\u0131 hangi kanalda, saat ka\u00e7ta canl\u0131 yay\u0131nlanacak? T\u00fcrkiye nas\u0131l en iyi grup \u00fc\u00e7\u00fcnc\u00fcleri aras\u0131na girer? T\u00fcrkiye-\u0130svi\u00e7re ma\u00e7\u0131yla ilgili t\u00fcm ayr\u0131nt\u0131lar&#8230;<\/p>\n\n\n\n<p><strong>AM\u0130LL\u0130LER 3. MA\u00c7TA<\/strong><\/p>\n\n\n\n<p>EURO 2020 A Grubu&#8217;nda A Milli Tak\u0131m, ilk ma\u00e7\u0131nda \u0130talya&#8217;ya 3-0, ikinci ma\u00e7\u0131nda ise Galler&#8217;e 2-0&#8217;l\u0131k skorlarla ma\u011flup oldu.<\/p>\n\n\n\n<p><strong>RAK\u0130P \u0130SV\u0130\u00c7RE<\/strong><\/p>\n\n\n\n<p>\u015eenol G\u00fcne\u015f ve \u00f6\u011frencileri organizasyonun \u00fc\u00e7\u00fcnc\u00fc ma\u00e7\u0131nda \u0130svi\u00e7re ile kar\u015f\u0131 kar\u015f\u0131ya gelecek.<\/p>\n\n\n\n<p><strong>\u0130SV\u0130\u00c7RE &#8211; T\u00dcRK\u0130YE MA\u00c7I NE ZAMAN, SAAT KA\u00c7TA HANG\u0130 KANALDA?<\/strong><\/p>\n\n\n\n<p><br>EURO 2020&nbsp;A Grubu \u00fc\u00e7\u00fcnc\u00fc hafta hafta \u0130svi\u00e7re &#8211; T\u00fcrkiye ma\u00e7\u0131 20 Haziran Pazar g\u00fcn\u00fc oynanacak. Saat 19.00&#8217;da ba\u015flayacak m\u00fccadele TRT 1&#8217;den canl\u0131 yay\u0131mlanacak.<\/p>\n\n\n\n<p><strong>T\u00dcRK\u0130YE&#8217;N\u0130N \u0130LK 11&#8217;\u0130<\/strong><\/p>\n\n\n\n<p>U\u011furcan, Zeki, Merih, \u00c7a\u011flar, Kaan Ayhan, Mert M\u00fcld\u00fcr, Ozan Tufan, \u0130rfan Can Kahveci, Cengiz \u00dcnder, Hakan \u00c7alhano\u011flu, Burak Y\u0131lmaz.<\/p>","protected":false},"excerpt":{"rendered":"<p>T\u00fcrkiye, EURO 2020 A Grubu 3. ma\u00e7\u0131nda bu ak\u015fam \u0130svi\u00e7re ile bu ak\u015fam Bak\u00fc&#8217;de kar\u015f\u0131 kar\u015f\u0131ya gelecek. Turnuvada oynanan ilk 2 ma\u00e7ta \u0130talya ve Galler&#8217;e kaybeden T\u00fcrkiye kazanmak ve en iyi grup 3.&#8217;leri aras\u0131na ad\u0131n\u0131 yazd\u0131rmak istiyor. T\u00fcrkiye-\u0130svi\u00e7re ma\u00e7\u0131 hangi kanalda, saat ka\u00e7ta canl\u0131 yay\u0131nlanacak? T\u00fcrkiye nas\u0131l en iyi grup \u00fc\u00e7\u00fcnc\u00fcleri aras\u0131na girer? T\u00fcrkiye-\u0130svi\u00e7re ma\u00e7\u0131yla [&hellip;]<\/p>","protected":false},"author":1,"featured_media":6418,"comment_status":"open","ping_status":"open","sticky":false,"template":"","format":"standard","meta":{"om_disable_all_campaigns":false,"_monsterinsights_skip_tracking":false,"_monsterinsights_sitenote_active":false,"_monsterinsights_sitenote_note":"","_monsterinsights_sitenote_category":0,"_uf_show_specific_survey":0,"_uf_disable_surveys":false,"footnotes":"","jetpack_publicize_message":"","jetpack_publicize_feature_enabled":true,"jetpack_social_post_already_shared":false,"jetpack_social_options":{"image_generator_settings":{"template":"highway","default_image_id":0,"font":"","enabled":false},"version":2}},"categories":[94],"tags":[376],"class_list":{"0":"post-6417","1":"post","2":"type-post","3":"status-publish","4":"format-standard","5":"has-post-thumbnail","7":"category-spor","8":"tag-turkiye"},"yoast_head":"<!-- This site is optimized with the Yoast SEO plugin v23.8 - https:\/\/yoast.com\/wordpress\/plugins\/seo\/ -->\n<title>Rakip \u0130svi\u00e7re: T\u00fcrkiye&#039;nin ilk 11&#039;i belli oldu - NETBAKIS<\/title>\n<meta name=\"robots\" content=\"index, follow, max-snippet:-1, max-image-preview:large, max-video-preview:-1\" \/>\n<link rel=\"canonical\" href=\"https:\/\/netbakis.net\/tr\/6417\/\" \/>\n<meta property=\"og:locale\" content=\"tr_TR\" \/>\n<meta property=\"og:type\" content=\"article\" \/>\n<meta property=\"og:title\" content=\"Rakip \u0130svi\u00e7re: T\u00fcrkiye&#039;nin ilk 11&#039;i belli oldu - NETBAKIS\" \/>\n<meta property=\"og:description\" content=\"T\u00fcrkiye, EURO 2020 A Grubu 3. ma\u00e7\u0131nda bu ak\u015fam \u0130svi\u00e7re ile bu ak\u015fam Bak\u00fc&#8217;de kar\u015f\u0131 kar\u015f\u0131ya gelecek. Turnuvada oynanan ilk 2 ma\u00e7ta \u0130talya ve Galler&#8217;e kaybeden T\u00fcrkiye kazanmak ve en iyi grup 3.&#8217;leri aras\u0131na ad\u0131n\u0131 yazd\u0131rmak istiyor. T\u00fcrkiye-\u0130svi\u00e7re ma\u00e7\u0131 hangi kanalda, saat ka\u00e7ta canl\u0131 yay\u0131nlanacak? T\u00fcrkiye nas\u0131l en iyi grup \u00fc\u00e7\u00fcnc\u00fcleri aras\u0131na girer? T\u00fcrkiye-\u0130svi\u00e7re ma\u00e7\u0131yla [&hellip;]\" \/>\n<meta property=\"og:url\" content=\"https:\/\/netbakis.net\/tr\/6417\/\" \/>\n<meta property=\"og:site_name\" content=\"NETBAKIS\" \/>\n<meta property=\"article:published_time\" content=\"2021-06-20T16:17:18+00:00\" \/>\n<meta property=\"article:modified_time\" content=\"2021-06-20T16:17:19+00:00\" \/>\n<meta property=\"og:image\" content=\"https:\/\/netbakis.net\/wp-content\/uploads\/2021\/06\/thumbs_b_c_dc179b5d3518bf4a88be0ac66814329e.jpg\" \/>\n\t<meta property=\"og:image:width\" content=\"864\" \/>\n\t<meta property=\"og:image:height\" content=\"486\" \/>\n\t<meta property=\"og:image:type\" content=\"image\/jpeg\" \/>\n<meta name=\"author\" content=\"netbakis.net\" \/>\n<meta name=\"twitter:card\" content=\"summary_large_image\" \/>\n<meta name=\"twitter:label1\" content=\"Yazan:\" \/>\n\t<meta name=\"twitter:data1\" content=\"netbakis.net\" \/>\n\t<meta name=\"twitter:label2\" content=\"Tahmini okuma s\u00fcresi\" \/>\n\t<meta name=\"twitter:data2\" content=\"1 dakika\" \/>\n<script type=\"application\/ld+json\" class=\"yoast-schema-graph\">{\"@context\":\"https:\/\/schema.org\",\"@graph\":[{\"@type\":\"WebPage\",\"@id\":\"https:\/\/netbakis.net\/6417\/\",\"url\":\"https:\/\/netbakis.net\/6417\/\",\"name\":\"Rakip \u0130svi\u00e7re: T\u00fcrkiye'nin ilk 11'i belli oldu - NETBAKIS\",\"isPartOf\":{\"@id\":\"https:\/\/netbakis.net\/#website\"},\"primaryImageOfPage\":{\"@id\":\"https:\/\/netbakis.net\/6417\/#primaryimage\"},\"image\":{\"@id\":\"https:\/\/netbakis.net\/6417\/#primaryimage\"},\"thumbnailUrl\":\"https:\/\/netbakis.net\/wp-content\/uploads\/2021\/06\/thumbs_b_c_dc179b5d3518bf4a88be0ac66814329e.jpg\",\"datePublished\":\"2021-06-20T16:17:18+00:00\",\"dateModified\":\"2021-06-20T16:17:19+00:00\",\"author\":{\"@id\":\"https:\/\/netbakis.net\/#\/schema\/person\/5d9b5c3f48ca4a3c69967d619fc8c7f4\"},\"breadcrumb\":{\"@id\":\"https:\/\/netbakis.net\/6417\/#breadcrumb\"},\"inLanguage\":\"tr\",\"potentialAction\":[{\"@type\":\"ReadAction\",\"target\":[\"https:\/\/netbakis.net\/6417\/\"]}]},{\"@type\":\"ImageObject\",\"inLanguage\":\"tr\",\"@id\":\"https:\/\/netbakis.net\/6417\/#primaryimage\",\"url\":\"https:\/\/netbakis.net\/wp-content\/uploads\/2021\/06\/thumbs_b_c_dc179b5d3518bf4a88be0ac66814329e.jpg\",\"contentUrl\":\"https:\/\/netbakis.net\/wp-content\/uploads\/2021\/06\/thumbs_b_c_dc179b5d3518bf4a88be0ac66814329e.jpg\",\"width\":864,\"height\":486,\"caption\":\"T\u00fcrkiye\"},{\"@type\":\"BreadcrumbList\",\"@id\":\"https:\/\/netbakis.net\/6417\/#breadcrumb\",\"itemListElement\":[{\"@type\":\"ListItem\",\"position\":1,\"name\":\"Home\",\"item\":\"https:\/\/netbakis.net\/\"},{\"@type\":\"ListItem\",\"position\":2,\"name\":\"Rakip \u0130svi\u00e7re: T\u00fcrkiye&#8217;nin ilk 11&#8217;i belli oldu\"}]},{\"@type\":\"WebSite\",\"@id\":\"https:\/\/netbakis.net\/#website\",\"url\":\"https:\/\/netbakis.net\/\",\"name\":\"NETBAKIS\",\"description\":\"SON DAKIKA\",\"potentialAction\":[{\"@type\":\"SearchAction\",\"target\":{\"@type\":\"EntryPoint\",\"urlTemplate\":\"https:\/\/netbakis.net\/?s={search_term_string}\"},\"query-input\":{\"@type\":\"PropertyValueSpecification\",\"valueRequired\":true,\"valueName\":\"search_term_string\"}}],\"inLanguage\":\"tr\"},{\"@type\":\"Person\",\"@id\":\"https:\/\/netbakis.net\/#\/schema\/person\/5d9b5c3f48ca4a3c69967d619fc8c7f4\",\"name\":\"netbakis.net\",\"image\":{\"@type\":\"ImageObject\",\"inLanguage\":\"tr\",\"@id\":\"https:\/\/netbakis.net\/#\/schema\/person\/image\/\",\"url\":\"https:\/\/secure.gravatar.com\/avatar\/4ddeae49d2d3e3568a8d5b0937642efdf0b72468dbe3f213bc1978faa47af0d1?s=96&d=wp_user_avatar&r=g\",\"contentUrl\":\"https:\/\/secure.gravatar.com\/avatar\/4ddeae49d2d3e3568a8d5b0937642efdf0b72468dbe3f213bc1978faa47af0d1?s=96&d=wp_user_avatar&r=g\",\"caption\":\"netbakis.net\"},\"sameAs\":[\"https:\/\/netbakis.net\"],\"url\":\"https:\/\/netbakis.net\/tr\/author\/netbakis-net\/\"}]}<\/script>\n<!-- \/ Yoast SEO plugin. -->","yoast_head_json":{"title":"Rakip \u0130svi\u00e7re: T\u00fcrkiye'nin ilk 11'i belli oldu - NETBAKIS","robots":{"index":"index","follow":"follow","max-snippet":"max-snippet:-1","max-image-preview":"max-image-preview:large","max-video-preview":"max-video-preview:-1"},"canonical":"https:\/\/netbakis.net\/tr\/6417\/","og_locale":"tr_TR","og_type":"article","og_title":"Rakip \u0130svi\u00e7re: T\u00fcrkiye'nin ilk 11'i belli oldu - NETBAKIS","og_description":"T\u00fcrkiye, EURO 2020 A Grubu 3. ma\u00e7\u0131nda bu ak\u015fam \u0130svi\u00e7re ile bu ak\u015fam Bak\u00fc&#8217;de kar\u015f\u0131 kar\u015f\u0131ya gelecek. Turnuvada oynanan ilk 2 ma\u00e7ta \u0130talya ve Galler&#8217;e kaybeden T\u00fcrkiye kazanmak ve en iyi grup 3.&#8217;leri aras\u0131na ad\u0131n\u0131 yazd\u0131rmak istiyor. T\u00fcrkiye-\u0130svi\u00e7re ma\u00e7\u0131 hangi kanalda, saat ka\u00e7ta canl\u0131 yay\u0131nlanacak? T\u00fcrkiye nas\u0131l en iyi grup \u00fc\u00e7\u00fcnc\u00fcleri aras\u0131na girer? T\u00fcrkiye-\u0130svi\u00e7re ma\u00e7\u0131yla [&hellip;]","og_url":"https:\/\/netbakis.net\/tr\/6417\/","og_site_name":"NETBAKIS","article_published_time":"2021-06-20T16:17:18+00:00","article_modified_time":"2021-06-20T16:17:19+00:00","og_image":[{"width":864,"height":486,"url":"https:\/\/netbakis.net\/wp-content\/uploads\/2021\/06\/thumbs_b_c_dc179b5d3518bf4a88be0ac66814329e.jpg","type":"image\/jpeg"}],"author":"netbakis.net","twitter_card":"summary_large_image","twitter_misc":{"Yazan:":"netbakis.net","Tahmini okuma s\u00fcresi":"1 dakika"},"schema":{"@context":"https:\/\/schema.org","@graph":[{"@type":"WebPage","@id":"https:\/\/netbakis.net\/6417\/","url":"https:\/\/netbakis.net\/6417\/","name":"Rakip \u0130svi\u00e7re: T\u00fcrkiye'nin ilk 11'i belli oldu - NETBAKIS","isPartOf":{"@id":"https:\/\/netbakis.net\/#website"},"primaryImageOfPage":{"@id":"https:\/\/netbakis.net\/6417\/#primaryimage"},"image":{"@id":"https:\/\/netbakis.net\/6417\/#primaryimage"},"thumbnailUrl":"https:\/\/netbakis.net\/wp-content\/uploads\/2021\/06\/thumbs_b_c_dc179b5d3518bf4a88be0ac66814329e.jpg","datePublished":"2021-06-20T16:17:18+00:00","dateModified":"2021-06-20T16:17:19+00:00","author":{"@id":"https:\/\/netbakis.net\/#\/schema\/person\/5d9b5c3f48ca4a3c69967d619fc8c7f4"},"breadcrumb":{"@id":"https:\/\/netbakis.net\/6417\/#breadcrumb"},"inLanguage":"tr","potentialAction":[{"@type":"ReadAction","target":["https:\/\/netbakis.net\/6417\/"]}]},{"@type":"ImageObject","inLanguage":"tr","@id":"https:\/\/netbakis.net\/6417\/#primaryimage","url":"https:\/\/netbakis.net\/wp-content\/uploads\/2021\/06\/thumbs_b_c_dc179b5d3518bf4a88be0ac66814329e.jpg","contentUrl":"https:\/\/netbakis.net\/wp-content\/uploads\/2021\/06\/thumbs_b_c_dc179b5d3518bf4a88be0ac66814329e.jpg","width":864,"height":486,"caption":"T\u00fcrkiye"},{"@type":"BreadcrumbList","@id":"https:\/\/netbakis.net\/6417\/#breadcrumb","itemListElement":[{"@type":"ListItem","position":1,"name":"Home","item":"https:\/\/netbakis.net\/"},{"@type":"ListItem","position":2,"name":"Rakip \u0130svi\u00e7re: T\u00fcrkiye&#8217;nin ilk 11&#8217;i belli oldu"}]},{"@type":"WebSite","@id":"https:\/\/netbakis.net\/#website","url":"https:\/\/netbakis.net\/","name":"NETBAKIS","description":"SON DAKIKA","potentialAction":[{"@type":"SearchAction","target":{"@type":"EntryPoint","urlTemplate":"https:\/\/netbakis.net\/?s={search_term_string}"},"query-input":{"@type":"PropertyValueSpecification","valueRequired":true,"valueName":"search_term_string"}}],"inLanguage":"tr"},{"@type":"Person","@id":"https:\/\/netbakis.net\/#\/schema\/person\/5d9b5c3f48ca4a3c69967d619fc8c7f4","name":"netbakis.net","image":{"@type":"ImageObject","inLanguage":"tr","@id":"https:\/\/netbakis.net\/#\/schema\/person\/image\/","url":"https:\/\/secure.gravatar.com\/avatar\/4ddeae49d2d3e3568a8d5b0937642efdf0b72468dbe3f213bc1978faa47af0d1?s=96&d=wp_user_avatar&r=g","contentUrl":"https:\/\/secure.gravatar.com\/avatar\/4ddeae49d2d3e3568a8d5b0937642efdf0b72468dbe3f213bc1978faa47af0d1?s=96&d=wp_user_avatar&r=g","caption":"netbakis.net"},"sameAs":["https:\/\/netbakis.net"],"url":"https:\/\/netbakis.net\/tr\/author\/netbakis-net\/"}]}},"jetpack_publicize_connections":[],"_links":{"self":[{"href":"https:\/\/netbakis.net\/tr\/wp-json\/wp\/v2\/posts\/6417","targetHints":{"allow":["GET"]}}],"collection":[{"href":"https:\/\/netbakis.net\/tr\/wp-json\/wp\/v2\/posts"}],"about":[{"href":"https:\/\/netbakis.net\/tr\/wp-json\/wp\/v2\/types\/post"}],"author":[{"embeddable":true,"href":"https:\/\/netbakis.net\/tr\/wp-json\/wp\/v2\/users\/1"}],"replies":[{"embeddable":true,"href":"https:\/\/netbakis.net\/tr\/wp-json\/wp\/v2\/comments?post=6417"}],"version-history":[{"count":1,"href":"https:\/\/netbakis.net\/tr\/wp-json\/wp\/v2\/posts\/6417\/revisions"}],"predecessor-version":[{"id":6419,"href":"https:\/\/netbakis.net\/tr\/wp-json\/wp\/v2\/posts\/6417\/revisions\/6419"}],"wp:featuredmedia":[{"embeddable":true,"href":"https:\/\/netbakis.net\/tr\/wp-json\/wp\/v2\/media\/6418"}],"wp:attachment":[{"href":"https:\/\/netbakis.net\/tr\/wp-json\/wp\/v2\/media?parent=6417"}],"wp:term":[{"taxonomy":"category","embeddable":true,"href":"https:\/\/netbakis.net\/tr\/wp-json\/wp\/v2\/categories?post=6417"},{"taxonomy":"post_tag","embeddable":true,"href":"https:\/\/netbakis.net\/tr\/wp-json\/wp\/v2\/tags?post=6417"}],"curies":[{"name":"wp","href":"https:\/\/api.w.org\/{rel}","templated":true}]}}