{"id":6371,"date":"2021-06-16T16:04:54","date_gmt":"2021-06-16T16:04:54","guid":{"rendered":"https:\/\/netbakis.net\/?p=6371"},"modified":"2021-06-16T16:04:56","modified_gmt":"2021-06-16T16:04:56","slug":"atakan-neden-komiteler-duzgun-islerken-biz-bunu-bozuyoruz","status":"publish","type":"post","link":"https:\/\/netbakis.net\/tr\/6371\/","title":{"rendered":"Atakan: Neden komiteler d\u00fczg\u00fcn i\u015flerken biz bunu bozuyoruz?"},"content":{"rendered":"<p>HP Bas\u0131n B\u00fcrosu\u2019ndan verilen bilgiye g\u00f6re, BRT yay\u0131n\u0131na kat\u0131larak g\u00fcndemi de\u011ferlendiren Tolga Atakan, \u00fclkede yap\u0131lanlar\u0131n \u201czarar verici boyutu artmas\u0131n\u201d diye \u00e7aba sarf ettiklerini belirtti<\/p>\n\n\n\n<p>Halk\u0131n Partisi (HP) Milletvekili Tolga Atakan, h\u00fck\u00fcmetin \u201ci\u00e7 t\u00fcz\u00fc\u011f\u00fc, hukuku ve Anayasa\u2019y\u0131 ihlal etti\u011fini\u201d savunarak, \u201cMuhalefetin verdi\u011fi kavga se\u00e7im tarihi kavgas\u0131 de\u011fildir. Bizimki adaletsizlik ve hukuksuzlu\u011fa kar\u015f\u0131 bir duru\u015ftur\u201d dedi.<\/p>\n\n\n\n<p>HP Bas\u0131n B\u00fcrosu\u2019ndan verilen bilgiye g\u00f6re, BRT yay\u0131n\u0131na kat\u0131larak g\u00fcndemi de\u011ferlendiren Tolga Atakan, \u00fclkede yap\u0131lanlar\u0131n \u201czarar verici boyutu artmas\u0131n\u201d diye \u00e7aba sarf ettiklerini belirtti.<\/p>\n\n\n\n<p>Se\u00e7im tarihi tart\u0131\u015fmalar\u0131n\u0131n, Ad-Hoc Komite\u2019nin kurulmas\u0131, muhalefetin itiraz\u0131 gibi konulara de\u011finmeden \u00f6nce mevcut durumun analizinin do\u011fru yap\u0131lmas\u0131 gerekti\u011fine i\u015faret eden Atakan, \u015f\u00f6yle devam etti:<\/p>\n\n\n\n<p>\u201cKa\u011f\u0131t \u00fczerinde, ba\u011f\u0131ms\u0131z vekillerin de deste\u011fiyle \u00fc\u00e7 partinin bir araya gelmesiyle kurulan bir az\u0131nl\u0131k h\u00fck\u00fcmeti var ama realite \u00fc\u00e7ten fazla par\u00e7al\u0131, s\u00fcrd\u00fcr\u00fclemez, y\u00f6netilemez bir yap\u0131 var. Bu h\u00fck\u00fcmet modelinin s\u00fcrd\u00fcr\u00fclebilir olmad\u0131\u011f\u0131n\u0131 koalisyonun b\u00fcy\u00fck orta\u011f\u0131 olan UBP\u2019nin milletvekilleri de dile getiriyor. 2018 se\u00e7imlerinde Meclise yans\u0131yan halk iradesinin de\u011fi\u015fikli\u011fe u\u011frad\u0131\u011f\u0131 bir \u015fekil var. \u00d6te yandan bu h\u00fck\u00fcmet kuruldu\u011fu tarihte se\u00e7im tarihi olarak Ekim 2021 s\u00f6ylendi. Her \u015fey iyi gidiyordu da muhalefet aniden erken se\u00e7im istedi gibi bir durum s\u00f6z konusu de\u011fildir. Bu h\u00fck\u00fcmet kuruldu\u011fu g\u00fcn hangi tarihte se\u00e7ime gidece\u011fini deklare ederek yola \u00e7\u0131kt\u0131. \u015eimdi buna da uymuyor. Ortada i\u00e7 t\u00fcz\u00fck, hukuk ve Anayasa ihlali vard\u0131r. E\u011fer bir erken se\u00e7im tarihi belirlenmiyorsa Cumhurba\u015fkan\u0131 se\u00e7ilen Ersin Tatar\u2019\u0131n yerine birini se\u00e7mek ad\u0131na se\u00e7ime gidilmesi gerekiyor. O da yerine getirilmiyor. Genel team\u00fcl ayaklar alt\u0131nda.\u201d<\/p>\n\n\n\n<p>Cumhuriyet Meclisi\u2019nde&nbsp; kuruldu\u011fu g\u00fcnden bug\u00fcne \u00e7e\u015fitli g\u00f6r\u00fc\u015f ve yakla\u015f\u0131mlar\u0131n yer ald\u0131\u011f\u0131n\u0131, farkl\u0131 koalisyonlar\u0131n yap\u0131ld\u0131\u011f\u0131n\u0131, tek parti iktidarlar\u0131n\u0131n oldu\u011funu hat\u0131rlatan HP Milletvekili Atakan, adal\u0131l\u0131k k\u00fclt\u00fcr\u00fc ve ho\u015fg\u00f6r\u00fc \u00e7er\u00e7evesinde her d\u00f6nem mutlaka bir uzla\u015fma yolu bulundu\u011funu ancak bu d\u00f6nem bu uzla\u015f\u0131n\u0131n olmad\u0131\u011f\u0131n\u0131 ifade etti.<\/p>\n\n\n\n<p>Atakan, \u201cAd-Hoc Komite kurulmas\u0131 noktas\u0131nda h\u00fck\u00fcmetin baz\u0131 milletvekilleri de bu tutumun yanl\u0131\u015f oldu\u011funu s\u00f6ylemesine ra\u011fmen maalesef bir uzla\u015f\u0131 durumu yoktur\u201d dedi. Meclis\u2019teki siyasi partilerin temsilcilerinin bir araya gelerek \u00fclke ger\u00e7eklerini de g\u00f6z \u00f6n\u00fcnde bulundurarak bir konsensus sa\u011flayabilece\u011fini anlatan Tolga Atakan, koltuk sevdas\u0131 nedeniyle uzla\u015f\u0131y\u0131 zora sokman\u0131n topluma zarar verdi\u011fine vurgu yapt\u0131.<\/p>\n\n\n\n<p>\u201cMeclis \u0130\u00e7 T\u00fcz\u00fc\u011f\u00fc diyor ki; se\u00e7im ve benzeri i\u015flerin g\u00f6r\u00fcld\u00fc\u011f\u00fc komite Hukuk, Siyasi ve D\u0131\u015f \u0130li\u015fkiler Komitesi\u2019dir\u201d ifadesini kullanan Milletvekili Atakan, s\u00f6z konusu komite se\u00e7im konusunu g\u00f6r\u00fc\u015fmemi\u015fken h\u00fck\u00fcmetin kendi kendine Ad-Hoc Komite karar\u0131 veremeyece\u011fini s\u00f6yledi.<\/p>\n\n\n\n<p>Y\u00fcksek Mahkeme\u2019nin Ad-Hoc Komite davas\u0131n\u0131 20 Eyl\u00fcl\u2019e ertelemesini de de\u011ferlendiren HP Milletvekili Atakan, muhalefet partisinin hukuk\u00e7ular\u0131n\u0131n bir toplant\u0131 yapaca\u011f\u0131n\u0131 kaydetti.<\/p>\n\n\n\n<p>Atakan, \u201cMuhalefetin verdi\u011fi kavga se\u00e7im tarihi kavgas\u0131 de\u011fildir. Se\u00e7im tarihi konu\u015fulur. Bizimki adaletsizlik ve hukuksuzlu\u011fa kar\u015f\u0131 bir duru\u015ftur. 50 vekilden olu\u015fan Meclis\u2019te 26 salt \u00e7o\u011funluktur. 26 vekil deste\u011fine sa\u011fl\u0131k bir az\u0131nl\u0131k h\u00fck\u00fcmeti bu y\u00f6ntemi me\u015frula\u015ft\u0131rarak yar\u0131n istedi\u011fi her \u015feyi yapabilir. Bu bir emsal te\u015fkil eder. Meclis\u2019in daimi komiteleri vard\u0131r. Neden komiteler d\u00fczg\u00fcn i\u015flerken biz bunu bozuyoruz? Bunu makamlar\u0131 devam ettirme u\u011fruna yap\u0131yorlar\u201d diye konu\u015ftu.<\/p>","protected":false},"excerpt":{"rendered":"<p>HP Bas\u0131n B\u00fcrosu\u2019ndan verilen bilgiye g\u00f6re, BRT yay\u0131n\u0131na kat\u0131larak g\u00fcndemi de\u011ferlendiren Tolga Atakan, \u00fclkede yap\u0131lanlar\u0131n \u201czarar verici boyutu artmas\u0131n\u201d diye \u00e7aba sarf ettiklerini belirtti Halk\u0131n Partisi (HP) Milletvekili Tolga Atakan, h\u00fck\u00fcmetin \u201ci\u00e7 t\u00fcz\u00fc\u011f\u00fc, hukuku ve Anayasa\u2019y\u0131 ihlal etti\u011fini\u201d savunarak, \u201cMuhalefetin verdi\u011fi kavga se\u00e7im tarihi kavgas\u0131 de\u011fildir. Bizimki adaletsizlik ve hukuksuzlu\u011fa kar\u015f\u0131 bir duru\u015ftur\u201d dedi. HP [&hellip;]<\/p>","protected":false},"author":1,"featured_media":5502,"comment_status":"open","ping_status":"open","sticky":false,"template":"","format":"standard","meta":{"om_disable_all_campaigns":false,"_monsterinsights_skip_tracking":false,"_monsterinsights_sitenote_active":false,"_monsterinsights_sitenote_note":"","_monsterinsights_sitenote_category":0,"_uf_show_specific_survey":0,"_uf_disable_surveys":false,"footnotes":"","jetpack_publicize_message":"","jetpack_publicize_feature_enabled":true,"jetpack_social_post_already_shared":false,"jetpack_social_options":{"image_generator_settings":{"template":"highway","default_image_id":0,"font":"","enabled":false},"version":2}},"categories":[81],"tags":[224],"class_list":{"0":"post-6371","1":"post","2":"type-post","3":"status-publish","4":"format-standard","5":"has-post-thumbnail","7":"category-gundem","8":"tag-atakan"},"yoast_head":"<!-- This site is optimized with the Yoast SEO plugin v23.8 - https:\/\/yoast.com\/wordpress\/plugins\/seo\/ -->\n<title>Atakan: Neden komiteler d\u00fczg\u00fcn i\u015flerken biz bunu bozuyoruz? - NETBAKIS<\/title>\n<meta name=\"robots\" content=\"index, follow, max-snippet:-1, max-image-preview:large, max-video-preview:-1\" \/>\n<link rel=\"canonical\" href=\"https:\/\/netbakis.net\/tr\/6371\/\" \/>\n<meta property=\"og:locale\" content=\"tr_TR\" \/>\n<meta property=\"og:type\" content=\"article\" \/>\n<meta property=\"og:title\" content=\"Atakan: Neden komiteler d\u00fczg\u00fcn i\u015flerken biz bunu bozuyoruz? - NETBAKIS\" \/>\n<meta property=\"og:description\" content=\"HP Bas\u0131n B\u00fcrosu\u2019ndan verilen bilgiye g\u00f6re, BRT yay\u0131n\u0131na kat\u0131larak g\u00fcndemi de\u011ferlendiren Tolga Atakan, \u00fclkede yap\u0131lanlar\u0131n \u201czarar verici boyutu artmas\u0131n\u201d diye \u00e7aba sarf ettiklerini belirtti Halk\u0131n Partisi (HP) Milletvekili Tolga Atakan, h\u00fck\u00fcmetin \u201ci\u00e7 t\u00fcz\u00fc\u011f\u00fc, hukuku ve Anayasa\u2019y\u0131 ihlal etti\u011fini\u201d savunarak, \u201cMuhalefetin verdi\u011fi kavga se\u00e7im tarihi kavgas\u0131 de\u011fildir. Bizimki adaletsizlik ve hukuksuzlu\u011fa kar\u015f\u0131 bir duru\u015ftur\u201d dedi. HP [&hellip;]\" \/>\n<meta property=\"og:url\" content=\"https:\/\/netbakis.net\/tr\/6371\/\" \/>\n<meta property=\"og:site_name\" content=\"NETBAKIS\" \/>\n<meta property=\"article:published_time\" content=\"2021-06-16T16:04:54+00:00\" \/>\n<meta property=\"article:modified_time\" content=\"2021-06-16T16:04:56+00:00\" \/>\n<meta property=\"og:image\" content=\"https:\/\/netbakis.net\/wp-content\/uploads\/2021\/05\/81371.jpg\" \/>\n\t<meta property=\"og:image:width\" content=\"880\" \/>\n\t<meta property=\"og:image:height\" content=\"440\" \/>\n\t<meta property=\"og:image:type\" content=\"image\/jpeg\" \/>\n<meta name=\"author\" content=\"netbakis.net\" \/>\n<meta name=\"twitter:card\" content=\"summary_large_image\" \/>\n<meta name=\"twitter:label1\" content=\"Yazan:\" \/>\n\t<meta name=\"twitter:data1\" content=\"netbakis.net\" \/>\n\t<meta name=\"twitter:label2\" content=\"Tahmini okuma s\u00fcresi\" \/>\n\t<meta name=\"twitter:data2\" content=\"2 dakika\" \/>\n<script type=\"application\/ld+json\" class=\"yoast-schema-graph\">{\"@context\":\"https:\/\/schema.org\",\"@graph\":[{\"@type\":\"WebPage\",\"@id\":\"https:\/\/netbakis.net\/6371\/\",\"url\":\"https:\/\/netbakis.net\/6371\/\",\"name\":\"Atakan: Neden komiteler d\u00fczg\u00fcn i\u015flerken biz bunu bozuyoruz? - NETBAKIS\",\"isPartOf\":{\"@id\":\"https:\/\/netbakis.net\/#website\"},\"primaryImageOfPage\":{\"@id\":\"https:\/\/netbakis.net\/6371\/#primaryimage\"},\"image\":{\"@id\":\"https:\/\/netbakis.net\/6371\/#primaryimage\"},\"thumbnailUrl\":\"https:\/\/netbakis.net\/wp-content\/uploads\/2021\/05\/81371.jpg\",\"datePublished\":\"2021-06-16T16:04:54+00:00\",\"dateModified\":\"2021-06-16T16:04:56+00:00\",\"author\":{\"@id\":\"https:\/\/netbakis.net\/#\/schema\/person\/5d9b5c3f48ca4a3c69967d619fc8c7f4\"},\"breadcrumb\":{\"@id\":\"https:\/\/netbakis.net\/6371\/#breadcrumb\"},\"inLanguage\":\"tr\",\"potentialAction\":[{\"@type\":\"ReadAction\",\"target\":[\"https:\/\/netbakis.net\/6371\/\"]}]},{\"@type\":\"ImageObject\",\"inLanguage\":\"tr\",\"@id\":\"https:\/\/netbakis.net\/6371\/#primaryimage\",\"url\":\"https:\/\/netbakis.net\/wp-content\/uploads\/2021\/05\/81371.jpg\",\"contentUrl\":\"https:\/\/netbakis.net\/wp-content\/uploads\/2021\/05\/81371.jpg\",\"width\":880,\"height\":440,\"caption\":\"Atakan\"},{\"@type\":\"BreadcrumbList\",\"@id\":\"https:\/\/netbakis.net\/6371\/#breadcrumb\",\"itemListElement\":[{\"@type\":\"ListItem\",\"position\":1,\"name\":\"Home\",\"item\":\"https:\/\/netbakis.net\/\"},{\"@type\":\"ListItem\",\"position\":2,\"name\":\"Atakan: Neden komiteler d\u00fczg\u00fcn i\u015flerken biz bunu bozuyoruz?\"}]},{\"@type\":\"WebSite\",\"@id\":\"https:\/\/netbakis.net\/#website\",\"url\":\"https:\/\/netbakis.net\/\",\"name\":\"NETBAKIS\",\"description\":\"SON DAKIKA\",\"potentialAction\":[{\"@type\":\"SearchAction\",\"target\":{\"@type\":\"EntryPoint\",\"urlTemplate\":\"https:\/\/netbakis.net\/?s={search_term_string}\"},\"query-input\":{\"@type\":\"PropertyValueSpecification\",\"valueRequired\":true,\"valueName\":\"search_term_string\"}}],\"inLanguage\":\"tr\"},{\"@type\":\"Person\",\"@id\":\"https:\/\/netbakis.net\/#\/schema\/person\/5d9b5c3f48ca4a3c69967d619fc8c7f4\",\"name\":\"netbakis.net\",\"image\":{\"@type\":\"ImageObject\",\"inLanguage\":\"tr\",\"@id\":\"https:\/\/netbakis.net\/#\/schema\/person\/image\/\",\"url\":\"https:\/\/secure.gravatar.com\/avatar\/4ddeae49d2d3e3568a8d5b0937642efdf0b72468dbe3f213bc1978faa47af0d1?s=96&d=wp_user_avatar&r=g\",\"contentUrl\":\"https:\/\/secure.gravatar.com\/avatar\/4ddeae49d2d3e3568a8d5b0937642efdf0b72468dbe3f213bc1978faa47af0d1?s=96&d=wp_user_avatar&r=g\",\"caption\":\"netbakis.net\"},\"sameAs\":[\"https:\/\/netbakis.net\"],\"url\":\"https:\/\/netbakis.net\/tr\/author\/netbakis-net\/\"}]}<\/script>\n<!-- \/ Yoast SEO plugin. -->","yoast_head_json":{"title":"Atakan: Neden komiteler d\u00fczg\u00fcn i\u015flerken biz bunu bozuyoruz? - NETBAKIS","robots":{"index":"index","follow":"follow","max-snippet":"max-snippet:-1","max-image-preview":"max-image-preview:large","max-video-preview":"max-video-preview:-1"},"canonical":"https:\/\/netbakis.net\/tr\/6371\/","og_locale":"tr_TR","og_type":"article","og_title":"Atakan: Neden komiteler d\u00fczg\u00fcn i\u015flerken biz bunu bozuyoruz? - NETBAKIS","og_description":"HP Bas\u0131n B\u00fcrosu\u2019ndan verilen bilgiye g\u00f6re, BRT yay\u0131n\u0131na kat\u0131larak g\u00fcndemi de\u011ferlendiren Tolga Atakan, \u00fclkede yap\u0131lanlar\u0131n \u201czarar verici boyutu artmas\u0131n\u201d diye \u00e7aba sarf ettiklerini belirtti Halk\u0131n Partisi (HP) Milletvekili Tolga Atakan, h\u00fck\u00fcmetin \u201ci\u00e7 t\u00fcz\u00fc\u011f\u00fc, hukuku ve Anayasa\u2019y\u0131 ihlal etti\u011fini\u201d savunarak, \u201cMuhalefetin verdi\u011fi kavga se\u00e7im tarihi kavgas\u0131 de\u011fildir. Bizimki adaletsizlik ve hukuksuzlu\u011fa kar\u015f\u0131 bir duru\u015ftur\u201d dedi. HP [&hellip;]","og_url":"https:\/\/netbakis.net\/tr\/6371\/","og_site_name":"NETBAKIS","article_published_time":"2021-06-16T16:04:54+00:00","article_modified_time":"2021-06-16T16:04:56+00:00","og_image":[{"width":880,"height":440,"url":"https:\/\/netbakis.net\/wp-content\/uploads\/2021\/05\/81371.jpg","type":"image\/jpeg"}],"author":"netbakis.net","twitter_card":"summary_large_image","twitter_misc":{"Yazan:":"netbakis.net","Tahmini okuma s\u00fcresi":"2 dakika"},"schema":{"@context":"https:\/\/schema.org","@graph":[{"@type":"WebPage","@id":"https:\/\/netbakis.net\/6371\/","url":"https:\/\/netbakis.net\/6371\/","name":"Atakan: Neden komiteler d\u00fczg\u00fcn i\u015flerken biz bunu bozuyoruz? - NETBAKIS","isPartOf":{"@id":"https:\/\/netbakis.net\/#website"},"primaryImageOfPage":{"@id":"https:\/\/netbakis.net\/6371\/#primaryimage"},"image":{"@id":"https:\/\/netbakis.net\/6371\/#primaryimage"},"thumbnailUrl":"https:\/\/netbakis.net\/wp-content\/uploads\/2021\/05\/81371.jpg","datePublished":"2021-06-16T16:04:54+00:00","dateModified":"2021-06-16T16:04:56+00:00","author":{"@id":"https:\/\/netbakis.net\/#\/schema\/person\/5d9b5c3f48ca4a3c69967d619fc8c7f4"},"breadcrumb":{"@id":"https:\/\/netbakis.net\/6371\/#breadcrumb"},"inLanguage":"tr","potentialAction":[{"@type":"ReadAction","target":["https:\/\/netbakis.net\/6371\/"]}]},{"@type":"ImageObject","inLanguage":"tr","@id":"https:\/\/netbakis.net\/6371\/#primaryimage","url":"https:\/\/netbakis.net\/wp-content\/uploads\/2021\/05\/81371.jpg","contentUrl":"https:\/\/netbakis.net\/wp-content\/uploads\/2021\/05\/81371.jpg","width":880,"height":440,"caption":"Atakan"},{"@type":"BreadcrumbList","@id":"https:\/\/netbakis.net\/6371\/#breadcrumb","itemListElement":[{"@type":"ListItem","position":1,"name":"Home","item":"https:\/\/netbakis.net\/"},{"@type":"ListItem","position":2,"name":"Atakan: Neden komiteler d\u00fczg\u00fcn i\u015flerken biz bunu bozuyoruz?"}]},{"@type":"WebSite","@id":"https:\/\/netbakis.net\/#website","url":"https:\/\/netbakis.net\/","name":"NETBAKIS","description":"SON DAKIKA","potentialAction":[{"@type":"SearchAction","target":{"@type":"EntryPoint","urlTemplate":"https:\/\/netbakis.net\/?s={search_term_string}"},"query-input":{"@type":"PropertyValueSpecification","valueRequired":true,"valueName":"search_term_string"}}],"inLanguage":"tr"},{"@type":"Person","@id":"https:\/\/netbakis.net\/#\/schema\/person\/5d9b5c3f48ca4a3c69967d619fc8c7f4","name":"netbakis.net","image":{"@type":"ImageObject","inLanguage":"tr","@id":"https:\/\/netbakis.net\/#\/schema\/person\/image\/","url":"https:\/\/secure.gravatar.com\/avatar\/4ddeae49d2d3e3568a8d5b0937642efdf0b72468dbe3f213bc1978faa47af0d1?s=96&d=wp_user_avatar&r=g","contentUrl":"https:\/\/secure.gravatar.com\/avatar\/4ddeae49d2d3e3568a8d5b0937642efdf0b72468dbe3f213bc1978faa47af0d1?s=96&d=wp_user_avatar&r=g","caption":"netbakis.net"},"sameAs":["https:\/\/netbakis.net"],"url":"https:\/\/netbakis.net\/tr\/author\/netbakis-net\/"}]}},"jetpack_publicize_connections":[],"_links":{"self":[{"href":"https:\/\/netbakis.net\/tr\/wp-json\/wp\/v2\/posts\/6371","targetHints":{"allow":["GET"]}}],"collection":[{"href":"https:\/\/netbakis.net\/tr\/wp-json\/wp\/v2\/posts"}],"about":[{"href":"https:\/\/netbakis.net\/tr\/wp-json\/wp\/v2\/types\/post"}],"author":[{"embeddable":true,"href":"https:\/\/netbakis.net\/tr\/wp-json\/wp\/v2\/users\/1"}],"replies":[{"embeddable":true,"href":"https:\/\/netbakis.net\/tr\/wp-json\/wp\/v2\/comments?post=6371"}],"version-history":[{"count":1,"href":"https:\/\/netbakis.net\/tr\/wp-json\/wp\/v2\/posts\/6371\/revisions"}],"predecessor-version":[{"id":6372,"href":"https:\/\/netbakis.net\/tr\/wp-json\/wp\/v2\/posts\/6371\/revisions\/6372"}],"wp:featuredmedia":[{"embeddable":true,"href":"https:\/\/netbakis.net\/tr\/wp-json\/wp\/v2\/media\/5502"}],"wp:attachment":[{"href":"https:\/\/netbakis.net\/tr\/wp-json\/wp\/v2\/media?parent=6371"}],"wp:term":[{"taxonomy":"category","embeddable":true,"href":"https:\/\/netbakis.net\/tr\/wp-json\/wp\/v2\/categories?post=6371"},{"taxonomy":"post_tag","embeddable":true,"href":"https:\/\/netbakis.net\/tr\/wp-json\/wp\/v2\/tags?post=6371"}],"curies":[{"name":"wp","href":"https:\/\/api.w.org\/{rel}","templated":true}]}}