{"id":6348,"date":"2021-06-13T14:14:54","date_gmt":"2021-06-13T14:14:54","guid":{"rendered":"https:\/\/netbakis.net\/?p=6348"},"modified":"2021-06-13T14:14:55","modified_gmt":"2021-06-13T14:14:55","slug":"luteun-ay-sonu-kibrisa-gelmesi-bekleniyor","status":"publish","type":"post","link":"https:\/\/netbakis.net\/tr\/6348\/","title":{"rendered":"Lute\u2019un ay sonu K\u0131br\u0131s\u2019a gelmesi bekleniyor"},"content":{"rendered":"<p>BM Genel Sekreteri Antonio Guterres\u2019in K\u0131br\u0131s sorunu i\u00e7in g\u00f6revlendirdi\u011fi ge\u00e7ici \u00f6zel dan\u0131\u015fman\u0131 Jane Holl Lute\u2019un, haziran ay\u0131n\u0131n son on g\u00fcn\u00fcnde K\u0131br\u0131s\u2019a gelmesi bekleniyor.<\/p>\n\n\n\n<p>Alithia gazetesi \u201cLute, K\u0131br\u0131s\u2019ta Bekleniyor\u201d ba\u015fl\u0131kl\u0131 haberinde, BM Genel Sekreteri Antonio Guterres\u2019in K\u0131br\u0131s sorunu i\u00e7in g\u00f6revlendirdi\u011fi ge\u00e7ici \u00f6zel dan\u0131\u015fman\u0131 Jane Holl Lute\u2019un haziran ay\u0131n\u0131n son on g\u00fcn\u00fcnde K\u0131br\u0131s\u2019a beklendi\u011fini, G\u00fcney K\u0131br\u0131s\u2019\u0131n ayn\u0131 zamanda, AB-T\u00fcrkiye ili\u015fkilerinin de ele al\u0131naca\u011f\u0131 Avrupa Konseyi toplant\u0131s\u0131 i\u00e7in haz\u0131rl\u0131k yapt\u0131\u011f\u0131n\u0131 yazd\u0131.<\/p>\n\n\n\n<p>G\u00fcney K\u0131br\u0131s\u2019\u0131n, olumlu ajanda \u00e7er\u00e7evesinde AB-T\u00fcrkiye ili\u015fkilerinin ele al\u0131naca\u011f\u0131 Avrupa Konseyi toplant\u0131s\u0131 s\u0131ras\u0131ndaki tavr\u0131n\u0131n, T\u00fcrkiye\u2019nin gerek K\u0131br\u0131s sorunu gerekse Mara\u015f konusundaki tutumuna ba\u011fl\u0131 olaca\u011f\u0131n\u0131 net bir \u015fekilde ifade etti\u011fini an\u0131msatan gazete, Rum Y\u00f6netimi Ba\u015fkan\u0131 Nikos Anastasiadis\u2019in, 24-25 Haziran\u2019da ger\u00e7ekle\u015ftirilecek Avrupa Konseyi zirvesi \u0131\u015f\u0131\u011f\u0131nda, yak\u0131n zamanda Avrupa Konseyi Ba\u015fkan\u0131 Charles Michel ve Yunanistan Ba\u015fbakan\u0131 Kiriakos Mi\u00e7otakis ile ileti\u015fime ge\u00e7ece\u011fini belirtti.<\/p>\n\n\n\n<p>Anastasiadis\u2019in, Avrupa Konseyi zirvesi nedeniyle 23 Haziran\u2019da adadan ayr\u0131laca\u011f\u0131n\u0131 26 Haziran\u2019da ise d\u00f6nece\u011fi olgusunun g\u00f6z \u00f6n\u00fcnde bulundurularak, Lute\u2019un ziyaret tarihinin belirlenece\u011fini yazan gazete, Anastasiadis\u2019in ayr\u0131ca Fransa Cumhurba\u015fkan\u0131 Mannuel Macron\u2019un davetlisi olarak, 30 Haziran\u2019da Paris\u2019te yap\u0131lacak&nbsp; E\u015fitlikle ilgili Forum\u2019a kat\u0131lmak ve konu\u015fma yapmak i\u00e7in Fransa\u2019ya da gidece\u011fini belirtti.<\/p>\n\n\n\n<p><strong>HACIHR\u0130SANTHU<\/strong><\/p>\n\n\n\n<p>Alithia gazetesi bir ba\u015fka haberinde ise, G\u00fcney K\u0131br\u0131s\u2019\u0131n BM\u2019deki Daimi Temsilcisi Andreas Hac\u0131hrisanthu\u2019nun, G\u00fcvenlik Konseyi\u2019nin 2020 raporunun ele al\u0131nd\u0131\u011f\u0131 BM Genel Kurul oturumunda, Mara\u015f ile ilgili yapt\u0131\u011f\u0131 a\u00e7\u0131klamaya yer verdi.<\/p>\n\n\n\n<p>Habere g\u00f6re Hac\u0131hrisanthu,&nbsp; G\u00fcvenlik Konseyi kararlar\u0131n\u0131n uygulanmamas\u0131 ve bunlara uyulmamas\u0131 konusunda daha fazla hesap verme gereklili\u011finden s\u00f6z etti.<\/p>\n\n\n\n<p>Hac\u0131hrisanthu, bu parametrenin, G\u00fcvenlik Konseyi\u2019nin y\u0131ll\u0131k raporunda eksik olmamas\u0131 gerekti\u011fini belirtti.<\/p>\n\n\n\n<p>K\u0131br\u0131s sorunundan \u00f6zellikle s\u00f6z eden Hac\u0131hrisanthu, G\u00fcvenlik Konseyi\u2019nin bunca y\u0131ld\u0131r g\u00fcndeminde kalmas\u0131n\u0131n nedeninin, \u00f6ncelikle G\u00fcvenlik Konseyi taraf\u0131ndan benimsenen \u00e7ok say\u0131daki karar\u0131n uygulanmamas\u0131 oldu\u011funu savunarak, \u015fu andaki faaliyetlerin, bahse konu kararlar\u0131n iptalini ve erozyona u\u011frat\u0131lmas\u0131n\u0131 ama\u00e7lad\u0131\u011f\u0131n\u0131 da ileri s\u00fcrd\u00fc.<\/p>\n\n\n\n<p>Hac\u0131hrisanthu,&nbsp; G\u00fcvenlik Konseyi\u2019nin b\u00f6ylesi geli\u015fmeleri, kararlar\u0131n uygulat\u0131lmas\u0131 ve bunlar\u0131 ihlal edenleri sorumlu tutmas\u0131yla \u00f6nlemesinde fayda bulundu\u011funu savundu.<\/p>","protected":false},"excerpt":{"rendered":"<p>BM Genel Sekreteri Antonio Guterres\u2019in K\u0131br\u0131s sorunu i\u00e7in g\u00f6revlendirdi\u011fi ge\u00e7ici \u00f6zel dan\u0131\u015fman\u0131 Jane Holl Lute\u2019un, haziran ay\u0131n\u0131n son on g\u00fcn\u00fcnde K\u0131br\u0131s\u2019a gelmesi bekleniyor. Alithia gazetesi \u201cLute, K\u0131br\u0131s\u2019ta Bekleniyor\u201d ba\u015fl\u0131kl\u0131 haberinde, BM Genel Sekreteri Antonio Guterres\u2019in K\u0131br\u0131s sorunu i\u00e7in g\u00f6revlendirdi\u011fi ge\u00e7ici \u00f6zel dan\u0131\u015fman\u0131 Jane Holl Lute\u2019un haziran ay\u0131n\u0131n son on g\u00fcn\u00fcnde K\u0131br\u0131s\u2019a beklendi\u011fini, G\u00fcney K\u0131br\u0131s\u2019\u0131n ayn\u0131 [&hellip;]<\/p>","protected":false},"author":1,"featured_media":5964,"comment_status":"open","ping_status":"open","sticky":false,"template":"","format":"standard","meta":{"om_disable_all_campaigns":false,"_monsterinsights_skip_tracking":false,"_monsterinsights_sitenote_active":false,"_monsterinsights_sitenote_note":"","_monsterinsights_sitenote_category":0,"_uf_show_specific_survey":0,"_uf_disable_surveys":false,"footnotes":"","jetpack_publicize_message":"","jetpack_publicize_feature_enabled":true,"jetpack_social_post_already_shared":false,"jetpack_social_options":{"image_generator_settings":{"template":"highway","default_image_id":0,"font":"","enabled":false},"version":2}},"categories":[85],"tags":[311],"class_list":{"0":"post-6348","1":"post","2":"type-post","3":"status-publish","4":"format-standard","5":"has-post-thumbnail","7":"category-dunya","8":"tag-jane-holl-lute"},"yoast_head":"<!-- This site is optimized with the Yoast SEO plugin v23.8 - https:\/\/yoast.com\/wordpress\/plugins\/seo\/ -->\n<title>Lute\u2019un ay sonu K\u0131br\u0131s\u2019a gelmesi bekleniyor - NETBAKIS<\/title>\n<meta name=\"robots\" content=\"index, follow, max-snippet:-1, max-image-preview:large, max-video-preview:-1\" \/>\n<link rel=\"canonical\" href=\"https:\/\/netbakis.net\/tr\/6348\/\" \/>\n<meta property=\"og:locale\" content=\"tr_TR\" \/>\n<meta property=\"og:type\" content=\"article\" \/>\n<meta property=\"og:title\" content=\"Lute\u2019un ay sonu K\u0131br\u0131s\u2019a gelmesi bekleniyor - NETBAKIS\" \/>\n<meta property=\"og:description\" content=\"BM Genel Sekreteri Antonio Guterres\u2019in K\u0131br\u0131s sorunu i\u00e7in g\u00f6revlendirdi\u011fi ge\u00e7ici \u00f6zel dan\u0131\u015fman\u0131 Jane Holl Lute\u2019un, haziran ay\u0131n\u0131n son on g\u00fcn\u00fcnde K\u0131br\u0131s\u2019a gelmesi bekleniyor. Alithia gazetesi \u201cLute, K\u0131br\u0131s\u2019ta Bekleniyor\u201d ba\u015fl\u0131kl\u0131 haberinde, BM Genel Sekreteri Antonio Guterres\u2019in K\u0131br\u0131s sorunu i\u00e7in g\u00f6revlendirdi\u011fi ge\u00e7ici \u00f6zel dan\u0131\u015fman\u0131 Jane Holl Lute\u2019un haziran ay\u0131n\u0131n son on g\u00fcn\u00fcnde K\u0131br\u0131s\u2019a beklendi\u011fini, G\u00fcney K\u0131br\u0131s\u2019\u0131n ayn\u0131 [&hellip;]\" \/>\n<meta property=\"og:url\" content=\"https:\/\/netbakis.net\/tr\/6348\/\" \/>\n<meta property=\"og:site_name\" content=\"NETBAKIS\" \/>\n<meta property=\"article:published_time\" content=\"2021-06-13T14:14:54+00:00\" \/>\n<meta property=\"article:modified_time\" content=\"2021-06-13T14:14:55+00:00\" \/>\n<meta property=\"og:image\" content=\"https:\/\/netbakis.net\/wp-content\/uploads\/2021\/05\/image1170x530cropped.jpg\" \/>\n\t<meta property=\"og:image:width\" content=\"1170\" \/>\n\t<meta property=\"og:image:height\" content=\"530\" \/>\n\t<meta property=\"og:image:type\" content=\"image\/jpeg\" \/>\n<meta name=\"author\" content=\"netbakis.net\" \/>\n<meta name=\"twitter:card\" content=\"summary_large_image\" \/>\n<meta name=\"twitter:label1\" content=\"Yazan:\" \/>\n\t<meta name=\"twitter:data1\" content=\"netbakis.net\" \/>\n\t<meta name=\"twitter:label2\" content=\"Tahmini okuma s\u00fcresi\" \/>\n\t<meta name=\"twitter:data2\" content=\"2 dakika\" \/>\n<script type=\"application\/ld+json\" class=\"yoast-schema-graph\">{\"@context\":\"https:\/\/schema.org\",\"@graph\":[{\"@type\":\"WebPage\",\"@id\":\"https:\/\/netbakis.net\/6348\/\",\"url\":\"https:\/\/netbakis.net\/6348\/\",\"name\":\"Lute\u2019un ay sonu K\u0131br\u0131s\u2019a gelmesi bekleniyor - NETBAKIS\",\"isPartOf\":{\"@id\":\"https:\/\/netbakis.net\/#website\"},\"primaryImageOfPage\":{\"@id\":\"https:\/\/netbakis.net\/6348\/#primaryimage\"},\"image\":{\"@id\":\"https:\/\/netbakis.net\/6348\/#primaryimage\"},\"thumbnailUrl\":\"https:\/\/netbakis.net\/wp-content\/uploads\/2021\/05\/image1170x530cropped.jpg\",\"datePublished\":\"2021-06-13T14:14:54+00:00\",\"dateModified\":\"2021-06-13T14:14:55+00:00\",\"author\":{\"@id\":\"https:\/\/netbakis.net\/#\/schema\/person\/5d9b5c3f48ca4a3c69967d619fc8c7f4\"},\"breadcrumb\":{\"@id\":\"https:\/\/netbakis.net\/6348\/#breadcrumb\"},\"inLanguage\":\"tr\",\"potentialAction\":[{\"@type\":\"ReadAction\",\"target\":[\"https:\/\/netbakis.net\/6348\/\"]}]},{\"@type\":\"ImageObject\",\"inLanguage\":\"tr\",\"@id\":\"https:\/\/netbakis.net\/6348\/#primaryimage\",\"url\":\"https:\/\/netbakis.net\/wp-content\/uploads\/2021\/05\/image1170x530cropped.jpg\",\"contentUrl\":\"https:\/\/netbakis.net\/wp-content\/uploads\/2021\/05\/image1170x530cropped.jpg\",\"width\":1170,\"height\":530,\"caption\":\"Jane Holl Lute\"},{\"@type\":\"BreadcrumbList\",\"@id\":\"https:\/\/netbakis.net\/6348\/#breadcrumb\",\"itemListElement\":[{\"@type\":\"ListItem\",\"position\":1,\"name\":\"Home\",\"item\":\"https:\/\/netbakis.net\/\"},{\"@type\":\"ListItem\",\"position\":2,\"name\":\"Lute\u2019un ay sonu K\u0131br\u0131s\u2019a gelmesi bekleniyor\"}]},{\"@type\":\"WebSite\",\"@id\":\"https:\/\/netbakis.net\/#website\",\"url\":\"https:\/\/netbakis.net\/\",\"name\":\"NETBAKIS\",\"description\":\"SON DAKIKA\",\"potentialAction\":[{\"@type\":\"SearchAction\",\"target\":{\"@type\":\"EntryPoint\",\"urlTemplate\":\"https:\/\/netbakis.net\/?s={search_term_string}\"},\"query-input\":{\"@type\":\"PropertyValueSpecification\",\"valueRequired\":true,\"valueName\":\"search_term_string\"}}],\"inLanguage\":\"tr\"},{\"@type\":\"Person\",\"@id\":\"https:\/\/netbakis.net\/#\/schema\/person\/5d9b5c3f48ca4a3c69967d619fc8c7f4\",\"name\":\"netbakis.net\",\"image\":{\"@type\":\"ImageObject\",\"inLanguage\":\"tr\",\"@id\":\"https:\/\/netbakis.net\/#\/schema\/person\/image\/\",\"url\":\"https:\/\/secure.gravatar.com\/avatar\/4ddeae49d2d3e3568a8d5b0937642efdf0b72468dbe3f213bc1978faa47af0d1?s=96&d=wp_user_avatar&r=g\",\"contentUrl\":\"https:\/\/secure.gravatar.com\/avatar\/4ddeae49d2d3e3568a8d5b0937642efdf0b72468dbe3f213bc1978faa47af0d1?s=96&d=wp_user_avatar&r=g\",\"caption\":\"netbakis.net\"},\"sameAs\":[\"https:\/\/netbakis.net\"],\"url\":\"https:\/\/netbakis.net\/tr\/author\/netbakis-net\/\"}]}<\/script>\n<!-- \/ Yoast SEO plugin. -->","yoast_head_json":{"title":"Lute\u2019un ay sonu K\u0131br\u0131s\u2019a gelmesi bekleniyor - NETBAKIS","robots":{"index":"index","follow":"follow","max-snippet":"max-snippet:-1","max-image-preview":"max-image-preview:large","max-video-preview":"max-video-preview:-1"},"canonical":"https:\/\/netbakis.net\/tr\/6348\/","og_locale":"tr_TR","og_type":"article","og_title":"Lute\u2019un ay sonu K\u0131br\u0131s\u2019a gelmesi bekleniyor - NETBAKIS","og_description":"BM Genel Sekreteri Antonio Guterres\u2019in K\u0131br\u0131s sorunu i\u00e7in g\u00f6revlendirdi\u011fi ge\u00e7ici \u00f6zel dan\u0131\u015fman\u0131 Jane Holl Lute\u2019un, haziran ay\u0131n\u0131n son on g\u00fcn\u00fcnde K\u0131br\u0131s\u2019a gelmesi bekleniyor. Alithia gazetesi \u201cLute, K\u0131br\u0131s\u2019ta Bekleniyor\u201d ba\u015fl\u0131kl\u0131 haberinde, BM Genel Sekreteri Antonio Guterres\u2019in K\u0131br\u0131s sorunu i\u00e7in g\u00f6revlendirdi\u011fi ge\u00e7ici \u00f6zel dan\u0131\u015fman\u0131 Jane Holl Lute\u2019un haziran ay\u0131n\u0131n son on g\u00fcn\u00fcnde K\u0131br\u0131s\u2019a beklendi\u011fini, G\u00fcney K\u0131br\u0131s\u2019\u0131n ayn\u0131 [&hellip;]","og_url":"https:\/\/netbakis.net\/tr\/6348\/","og_site_name":"NETBAKIS","article_published_time":"2021-06-13T14:14:54+00:00","article_modified_time":"2021-06-13T14:14:55+00:00","og_image":[{"width":1170,"height":530,"url":"https:\/\/netbakis.net\/wp-content\/uploads\/2021\/05\/image1170x530cropped.jpg","type":"image\/jpeg"}],"author":"netbakis.net","twitter_card":"summary_large_image","twitter_misc":{"Yazan:":"netbakis.net","Tahmini okuma s\u00fcresi":"2 dakika"},"schema":{"@context":"https:\/\/schema.org","@graph":[{"@type":"WebPage","@id":"https:\/\/netbakis.net\/6348\/","url":"https:\/\/netbakis.net\/6348\/","name":"Lute\u2019un ay sonu K\u0131br\u0131s\u2019a gelmesi bekleniyor - NETBAKIS","isPartOf":{"@id":"https:\/\/netbakis.net\/#website"},"primaryImageOfPage":{"@id":"https:\/\/netbakis.net\/6348\/#primaryimage"},"image":{"@id":"https:\/\/netbakis.net\/6348\/#primaryimage"},"thumbnailUrl":"https:\/\/netbakis.net\/wp-content\/uploads\/2021\/05\/image1170x530cropped.jpg","datePublished":"2021-06-13T14:14:54+00:00","dateModified":"2021-06-13T14:14:55+00:00","author":{"@id":"https:\/\/netbakis.net\/#\/schema\/person\/5d9b5c3f48ca4a3c69967d619fc8c7f4"},"breadcrumb":{"@id":"https:\/\/netbakis.net\/6348\/#breadcrumb"},"inLanguage":"tr","potentialAction":[{"@type":"ReadAction","target":["https:\/\/netbakis.net\/6348\/"]}]},{"@type":"ImageObject","inLanguage":"tr","@id":"https:\/\/netbakis.net\/6348\/#primaryimage","url":"https:\/\/netbakis.net\/wp-content\/uploads\/2021\/05\/image1170x530cropped.jpg","contentUrl":"https:\/\/netbakis.net\/wp-content\/uploads\/2021\/05\/image1170x530cropped.jpg","width":1170,"height":530,"caption":"Jane Holl Lute"},{"@type":"BreadcrumbList","@id":"https:\/\/netbakis.net\/6348\/#breadcrumb","itemListElement":[{"@type":"ListItem","position":1,"name":"Home","item":"https:\/\/netbakis.net\/"},{"@type":"ListItem","position":2,"name":"Lute\u2019un ay sonu K\u0131br\u0131s\u2019a gelmesi bekleniyor"}]},{"@type":"WebSite","@id":"https:\/\/netbakis.net\/#website","url":"https:\/\/netbakis.net\/","name":"NETBAKIS","description":"SON DAKIKA","potentialAction":[{"@type":"SearchAction","target":{"@type":"EntryPoint","urlTemplate":"https:\/\/netbakis.net\/?s={search_term_string}"},"query-input":{"@type":"PropertyValueSpecification","valueRequired":true,"valueName":"search_term_string"}}],"inLanguage":"tr"},{"@type":"Person","@id":"https:\/\/netbakis.net\/#\/schema\/person\/5d9b5c3f48ca4a3c69967d619fc8c7f4","name":"netbakis.net","image":{"@type":"ImageObject","inLanguage":"tr","@id":"https:\/\/netbakis.net\/#\/schema\/person\/image\/","url":"https:\/\/secure.gravatar.com\/avatar\/4ddeae49d2d3e3568a8d5b0937642efdf0b72468dbe3f213bc1978faa47af0d1?s=96&d=wp_user_avatar&r=g","contentUrl":"https:\/\/secure.gravatar.com\/avatar\/4ddeae49d2d3e3568a8d5b0937642efdf0b72468dbe3f213bc1978faa47af0d1?s=96&d=wp_user_avatar&r=g","caption":"netbakis.net"},"sameAs":["https:\/\/netbakis.net"],"url":"https:\/\/netbakis.net\/tr\/author\/netbakis-net\/"}]}},"jetpack_publicize_connections":[],"_links":{"self":[{"href":"https:\/\/netbakis.net\/tr\/wp-json\/wp\/v2\/posts\/6348","targetHints":{"allow":["GET"]}}],"collection":[{"href":"https:\/\/netbakis.net\/tr\/wp-json\/wp\/v2\/posts"}],"about":[{"href":"https:\/\/netbakis.net\/tr\/wp-json\/wp\/v2\/types\/post"}],"author":[{"embeddable":true,"href":"https:\/\/netbakis.net\/tr\/wp-json\/wp\/v2\/users\/1"}],"replies":[{"embeddable":true,"href":"https:\/\/netbakis.net\/tr\/wp-json\/wp\/v2\/comments?post=6348"}],"version-history":[{"count":1,"href":"https:\/\/netbakis.net\/tr\/wp-json\/wp\/v2\/posts\/6348\/revisions"}],"predecessor-version":[{"id":6349,"href":"https:\/\/netbakis.net\/tr\/wp-json\/wp\/v2\/posts\/6348\/revisions\/6349"}],"wp:featuredmedia":[{"embeddable":true,"href":"https:\/\/netbakis.net\/tr\/wp-json\/wp\/v2\/media\/5964"}],"wp:attachment":[{"href":"https:\/\/netbakis.net\/tr\/wp-json\/wp\/v2\/media?parent=6348"}],"wp:term":[{"taxonomy":"category","embeddable":true,"href":"https:\/\/netbakis.net\/tr\/wp-json\/wp\/v2\/categories?post=6348"},{"taxonomy":"post_tag","embeddable":true,"href":"https:\/\/netbakis.net\/tr\/wp-json\/wp\/v2\/tags?post=6348"}],"curies":[{"name":"wp","href":"https:\/\/api.w.org\/{rel}","templated":true}]}}