{"id":6339,"date":"2021-06-13T14:12:20","date_gmt":"2021-06-13T14:12:20","guid":{"rendered":"https:\/\/netbakis.net\/?p=6339"},"modified":"2021-06-13T14:12:21","modified_gmt":"2021-06-13T14:12:21","slug":"acik-pazarcilar-birliginden-cagri","status":"publish","type":"post","link":"https:\/\/netbakis.net\/tr\/6339\/","title":{"rendered":"A\u00e7\u0131k Pazarc\u0131lar Birli\u011fi\u2019nden \u00e7a\u011fr\u0131\u2026"},"content":{"rendered":"<p>Kuzey K\u0131br\u0131s A\u00e7\u0131k Pazarc\u0131lar Birli\u011fi Ba\u015fkan\u0131 Yenal Garabli, Lefko\u015fa Pazar\u0131\u2019n\u0131n Cumartesi g\u00fcn\u00fc kurulmas\u0131 y\u00f6n\u00fcndeki duru\u015flar\u0131ndan geri ad\u0131m atmayacaklar\u0131n\u0131 belirterek Lefko\u015fa T\u00fcrk Belediyesi Ba\u015fkan\u0131 Mehmet Harmanc\u0131\u2019y\u0131 ele\u015ftirdi.<\/p>\n\n\n\n<p>Yaz\u0131l\u0131 bir a\u00e7\u0131klama yapan Ba\u015fkan Garabli, pazar esnaf\u0131n\u0131n Lefko\u015fa\u2019da pazar\u0131n Cumartesi kurulmas\u0131 y\u00f6n\u00fcnde talebi oldu\u011funu hat\u0131rlatarak, \u201cBende onlar\u0131n ad\u0131na belediyeye m\u00fcracaat ettim ve Lefko\u015fa T\u00fcrk Belediyesi de pazar\u0131n Cumartesi ve Sal\u0131 g\u00fcn\u00fc kurulabilece\u011fini kabul etti. Bunun en b\u00fcy\u00fck \u015fahidi de Kemal \u015eener\u2019dir. Bunu bas\u0131nla payla\u015fabilir miyim diye sordu\u011fumda ise \u015eener bir sak\u0131nca olmad\u0131\u011f\u0131n\u0131 s\u00f6yledi\u201d dedi.<\/p>\n\n\n\n<p>A\u00e7\u0131klamas\u0131nda \u201cpazar yerinin tan\u0131t\u0131m\u0131n\u0131 yapaca\u011f\u0131 g\u00fcne kadar karar bu y\u00f6ndeydi\u201d diyen Garabli, \u201cSay\u0131n Harmanc\u0131 pazar\u0131n tan\u0131t\u0131m\u0131n\u0131 yapt\u0131\u011f\u0131 g\u00fcn esnaf\u0131m\u0131za a\u00e7\u0131klamalarda bulundu. Orada Cumartesi mi Pazar m\u0131 olsun diye de bir polemik oldu. Kendisi pazar esnaf\u0131m\u0131za sordu\u011funda 10 esnaf Pazar g\u00fcn\u00fc derken geriye kalan 60\u2019a yak\u0131n esnaf\u0131m\u0131z Cumartesi kurulmas\u0131n\u0131 talep etti. Say\u0131n Harmanc\u0131 onu da g\u00f6rmezden geldi. Benim a\u00e7\u0131klamalar\u0131m \u00fczerine de LTB, birli\u011fimize kar\u015f\u0131 tav\u0131r ald\u0131. Ancak biz de hi\u00e7bir \u015fekilde geri ad\u0131m atmayaca\u011f\u0131z bu Lefko\u015fa\u2019ya pazar\u0131 biz a\u00e7t\u0131k, biz kapat\u0131r\u0131z. Bunun bilincinde olsunlar\u201d ifadelerini kulland\u0131.<\/p>\n\n\n\n<p>Garabli a\u00e7\u0131klamalar\u0131na s\u00f6yle devam etti:<\/p>\n\n\n\n<p>\u201cLefko\u015fa halk\u0131na sayg\u0131m\u0131z sonsuz vard\u0131r ama daha anketler bile muhtarlar\u0131n elindeyken belediye ba\u015fkan\u0131n\u0131n yeni Pazar yerinde halk\u0131n genelinin Pazar g\u00fcn\u00fc istiyormu\u015f gibi alg\u0131 olu\u015fturmas\u0131 do\u011fru de\u011fil.\u201d<\/p>\n\n\n\n<p>Harmanc\u0131\u2019ya ele\u015ftiriler y\u00f6nelten Garabli, \u201cSay\u0131n Belediye Ba\u015fkan\u0131 Lefko\u015fa\u2019n\u0131n kral\u0131m\u0131d\u0131r yoksa medyummudur? Ama \u015funu bilmeli ki o Lefko\u015fa\u2019n\u0131n hizmet\u00e7isidir t\u0131pk\u0131 benim Pazar esnaf\u0131n\u0131n hizmet\u00e7isi oldu\u011fum gibi. O da ben de se\u00e7ilmi\u015f insanlar\u0131z. Halk\u0131n istekleri do\u011frultusunda tabi\u00ee ki hareket edece\u011fiz. Nas\u0131l kendisine bir his geldi de bu sonucu \u00e7\u0131kard\u0131 bunu kendisine sormak istiyorum\u201d \u015feklinde konu\u015ftu.<\/p>\n\n\n\n<p><strong>\u201cESNAFIMIZ A\u0130LES\u0130 OLDU\u011eUNU HATIRLADI\u201d<\/strong><\/p>\n\n\n\n<p>Kendilerine yaz\u0131l\u0131 bir karar iletilmesini istediklerini dile getiren Pazarc\u0131lar Birli\u011fi Ba\u015fkan\u0131 Yenal Garabli \u015f\u00f6yle dedi:<\/p>\n\n\n\n<p>\u201cOna g\u00f6re bizde oturur d\u00fc\u015f\u00fcn\u00fcr\u00fcz. Cumartesi mi a\u00e7aca\u011f\u0131z Pazar m\u0131 yoksa ba\u015fka bir \u015fey mi yapaca\u011f\u0131z. Lefko\u015fa halk\u0131 bizin velinimetimizdir onlara sayg\u0131m\u0131z sonsuzdur ancak onlar\u0131n da Pazar esnaf\u0131na sayg\u0131 g\u00f6sterece\u011finden eminim. Devlet daireleri nas\u0131l Pazar g\u00fcnleri tatilse bu Pazar esnaf\u0131n\u0131n da Pazar g\u00fcnleri tatil hakk\u0131d\u0131r. Cumartesi g\u00fcn\u00fcne ge\u00e7tikten sonra esnaf\u0131m\u0131z bir ailesi oldu\u011funu hat\u0131rlad\u0131. \u00c7ok mu bu? Say\u0131n Harmanc\u0131\u2019n\u0131 bu kadar diretmesinin nedeni nedir? Say\u0131n Harmanc\u0131 bunlar\u0131 a\u00e7\u0131klas\u0131n. Hi\u00e7bir kimse b\u00f6yle davranamaz. Halk\u0131n takdiri ile se\u00e7ilmi\u015f insan vatanda\u015f\u0131n iyili\u011fi i\u00e7in u\u011fra\u015f\u0131r.\u201d<\/p>","protected":false},"excerpt":{"rendered":"<p>Kuzey K\u0131br\u0131s A\u00e7\u0131k Pazarc\u0131lar Birli\u011fi Ba\u015fkan\u0131 Yenal Garabli, Lefko\u015fa Pazar\u0131\u2019n\u0131n Cumartesi g\u00fcn\u00fc kurulmas\u0131 y\u00f6n\u00fcndeki duru\u015flar\u0131ndan geri ad\u0131m atmayacaklar\u0131n\u0131 belirterek Lefko\u015fa T\u00fcrk Belediyesi Ba\u015fkan\u0131 Mehmet Harmanc\u0131\u2019y\u0131 ele\u015ftirdi. Yaz\u0131l\u0131 bir a\u00e7\u0131klama yapan Ba\u015fkan Garabli, pazar esnaf\u0131n\u0131n Lefko\u015fa\u2019da pazar\u0131n Cumartesi kurulmas\u0131 y\u00f6n\u00fcnde talebi oldu\u011funu hat\u0131rlatarak, \u201cBende onlar\u0131n ad\u0131na belediyeye m\u00fcracaat ettim ve Lefko\u015fa T\u00fcrk Belediyesi de pazar\u0131n Cumartesi [&hellip;]<\/p>","protected":false},"author":1,"featured_media":6340,"comment_status":"open","ping_status":"open","sticky":false,"template":"","format":"standard","meta":{"om_disable_all_campaigns":false,"_monsterinsights_skip_tracking":false,"_monsterinsights_sitenote_active":false,"_monsterinsights_sitenote_note":"","_monsterinsights_sitenote_category":0,"_uf_show_specific_survey":0,"_uf_disable_surveys":false,"footnotes":"","jetpack_publicize_message":"","jetpack_publicize_feature_enabled":true,"jetpack_social_post_already_shared":false,"jetpack_social_options":{"image_generator_settings":{"template":"highway","default_image_id":0,"font":"","enabled":false},"version":2}},"categories":[81],"tags":[395],"class_list":{"0":"post-6339","1":"post","2":"type-post","3":"status-publish","4":"format-standard","5":"has-post-thumbnail","7":"category-gundem","8":"tag-acik-pazarcilar-birligi"},"yoast_head":"<!-- This site is optimized with the Yoast SEO plugin v23.8 - https:\/\/yoast.com\/wordpress\/plugins\/seo\/ -->\n<title>A\u00e7\u0131k Pazarc\u0131lar Birli\u011fi\u2019nden \u00e7a\u011fr\u0131\u2026 - NETBAKIS<\/title>\n<meta name=\"robots\" content=\"index, follow, max-snippet:-1, max-image-preview:large, max-video-preview:-1\" \/>\n<link rel=\"canonical\" href=\"https:\/\/netbakis.net\/tr\/6339\/\" \/>\n<meta property=\"og:locale\" content=\"tr_TR\" \/>\n<meta property=\"og:type\" content=\"article\" \/>\n<meta property=\"og:title\" content=\"A\u00e7\u0131k Pazarc\u0131lar Birli\u011fi\u2019nden \u00e7a\u011fr\u0131\u2026 - NETBAKIS\" \/>\n<meta property=\"og:description\" content=\"Kuzey K\u0131br\u0131s A\u00e7\u0131k Pazarc\u0131lar Birli\u011fi Ba\u015fkan\u0131 Yenal Garabli, Lefko\u015fa Pazar\u0131\u2019n\u0131n Cumartesi g\u00fcn\u00fc kurulmas\u0131 y\u00f6n\u00fcndeki duru\u015flar\u0131ndan geri ad\u0131m atmayacaklar\u0131n\u0131 belirterek Lefko\u015fa T\u00fcrk Belediyesi Ba\u015fkan\u0131 Mehmet Harmanc\u0131\u2019y\u0131 ele\u015ftirdi. Yaz\u0131l\u0131 bir a\u00e7\u0131klama yapan Ba\u015fkan Garabli, pazar esnaf\u0131n\u0131n Lefko\u015fa\u2019da pazar\u0131n Cumartesi kurulmas\u0131 y\u00f6n\u00fcnde talebi oldu\u011funu hat\u0131rlatarak, \u201cBende onlar\u0131n ad\u0131na belediyeye m\u00fcracaat ettim ve Lefko\u015fa T\u00fcrk Belediyesi de pazar\u0131n Cumartesi [&hellip;]\" \/>\n<meta property=\"og:url\" content=\"https:\/\/netbakis.net\/tr\/6339\/\" \/>\n<meta property=\"og:site_name\" content=\"NETBAKIS\" \/>\n<meta property=\"article:published_time\" content=\"2021-06-13T14:12:20+00:00\" \/>\n<meta property=\"article:modified_time\" content=\"2021-06-13T14:12:21+00:00\" \/>\n<meta property=\"og:image\" content=\"https:\/\/netbakis.net\/wp-content\/uploads\/2021\/06\/ltbharmancikamaciolu_1623568683.jpg\" \/>\n\t<meta property=\"og:image:width\" content=\"971\" \/>\n\t<meta property=\"og:image:height\" content=\"551\" \/>\n\t<meta property=\"og:image:type\" content=\"image\/jpeg\" \/>\n<meta name=\"author\" content=\"netbakis.net\" \/>\n<meta name=\"twitter:card\" content=\"summary_large_image\" \/>\n<meta name=\"twitter:label1\" content=\"Yazan:\" \/>\n\t<meta name=\"twitter:data1\" content=\"netbakis.net\" \/>\n\t<meta name=\"twitter:label2\" content=\"Tahmini okuma s\u00fcresi\" \/>\n\t<meta name=\"twitter:data2\" content=\"2 dakika\" \/>\n<script type=\"application\/ld+json\" class=\"yoast-schema-graph\">{\"@context\":\"https:\/\/schema.org\",\"@graph\":[{\"@type\":\"WebPage\",\"@id\":\"https:\/\/netbakis.net\/6339\/\",\"url\":\"https:\/\/netbakis.net\/6339\/\",\"name\":\"A\u00e7\u0131k Pazarc\u0131lar Birli\u011fi\u2019nden \u00e7a\u011fr\u0131\u2026 - NETBAKIS\",\"isPartOf\":{\"@id\":\"https:\/\/netbakis.net\/#website\"},\"primaryImageOfPage\":{\"@id\":\"https:\/\/netbakis.net\/6339\/#primaryimage\"},\"image\":{\"@id\":\"https:\/\/netbakis.net\/6339\/#primaryimage\"},\"thumbnailUrl\":\"https:\/\/netbakis.net\/wp-content\/uploads\/2021\/06\/ltbharmancikamaciolu_1623568683.jpg\",\"datePublished\":\"2021-06-13T14:12:20+00:00\",\"dateModified\":\"2021-06-13T14:12:21+00:00\",\"author\":{\"@id\":\"https:\/\/netbakis.net\/#\/schema\/person\/5d9b5c3f48ca4a3c69967d619fc8c7f4\"},\"breadcrumb\":{\"@id\":\"https:\/\/netbakis.net\/6339\/#breadcrumb\"},\"inLanguage\":\"tr\",\"potentialAction\":[{\"@type\":\"ReadAction\",\"target\":[\"https:\/\/netbakis.net\/6339\/\"]}]},{\"@type\":\"ImageObject\",\"inLanguage\":\"tr\",\"@id\":\"https:\/\/netbakis.net\/6339\/#primaryimage\",\"url\":\"https:\/\/netbakis.net\/wp-content\/uploads\/2021\/06\/ltbharmancikamaciolu_1623568683.jpg\",\"contentUrl\":\"https:\/\/netbakis.net\/wp-content\/uploads\/2021\/06\/ltbharmancikamaciolu_1623568683.jpg\",\"width\":971,\"height\":551,\"caption\":\"A\u00e7\u0131k Pazarc\u0131lar Birli\u011fi\"},{\"@type\":\"BreadcrumbList\",\"@id\":\"https:\/\/netbakis.net\/6339\/#breadcrumb\",\"itemListElement\":[{\"@type\":\"ListItem\",\"position\":1,\"name\":\"Home\",\"item\":\"https:\/\/netbakis.net\/\"},{\"@type\":\"ListItem\",\"position\":2,\"name\":\"A\u00e7\u0131k Pazarc\u0131lar Birli\u011fi\u2019nden \u00e7a\u011fr\u0131\u2026\"}]},{\"@type\":\"WebSite\",\"@id\":\"https:\/\/netbakis.net\/#website\",\"url\":\"https:\/\/netbakis.net\/\",\"name\":\"NETBAKIS\",\"description\":\"SON DAKIKA\",\"potentialAction\":[{\"@type\":\"SearchAction\",\"target\":{\"@type\":\"EntryPoint\",\"urlTemplate\":\"https:\/\/netbakis.net\/?s={search_term_string}\"},\"query-input\":{\"@type\":\"PropertyValueSpecification\",\"valueRequired\":true,\"valueName\":\"search_term_string\"}}],\"inLanguage\":\"tr\"},{\"@type\":\"Person\",\"@id\":\"https:\/\/netbakis.net\/#\/schema\/person\/5d9b5c3f48ca4a3c69967d619fc8c7f4\",\"name\":\"netbakis.net\",\"image\":{\"@type\":\"ImageObject\",\"inLanguage\":\"tr\",\"@id\":\"https:\/\/netbakis.net\/#\/schema\/person\/image\/\",\"url\":\"https:\/\/secure.gravatar.com\/avatar\/4ddeae49d2d3e3568a8d5b0937642efdf0b72468dbe3f213bc1978faa47af0d1?s=96&d=wp_user_avatar&r=g\",\"contentUrl\":\"https:\/\/secure.gravatar.com\/avatar\/4ddeae49d2d3e3568a8d5b0937642efdf0b72468dbe3f213bc1978faa47af0d1?s=96&d=wp_user_avatar&r=g\",\"caption\":\"netbakis.net\"},\"sameAs\":[\"https:\/\/netbakis.net\"],\"url\":\"https:\/\/netbakis.net\/tr\/author\/netbakis-net\/\"}]}<\/script>\n<!-- \/ Yoast SEO plugin. -->","yoast_head_json":{"title":"A\u00e7\u0131k Pazarc\u0131lar Birli\u011fi\u2019nden \u00e7a\u011fr\u0131\u2026 - NETBAKIS","robots":{"index":"index","follow":"follow","max-snippet":"max-snippet:-1","max-image-preview":"max-image-preview:large","max-video-preview":"max-video-preview:-1"},"canonical":"https:\/\/netbakis.net\/tr\/6339\/","og_locale":"tr_TR","og_type":"article","og_title":"A\u00e7\u0131k Pazarc\u0131lar Birli\u011fi\u2019nden \u00e7a\u011fr\u0131\u2026 - NETBAKIS","og_description":"Kuzey K\u0131br\u0131s A\u00e7\u0131k Pazarc\u0131lar Birli\u011fi Ba\u015fkan\u0131 Yenal Garabli, Lefko\u015fa Pazar\u0131\u2019n\u0131n Cumartesi g\u00fcn\u00fc kurulmas\u0131 y\u00f6n\u00fcndeki duru\u015flar\u0131ndan geri ad\u0131m atmayacaklar\u0131n\u0131 belirterek Lefko\u015fa T\u00fcrk Belediyesi Ba\u015fkan\u0131 Mehmet Harmanc\u0131\u2019y\u0131 ele\u015ftirdi. Yaz\u0131l\u0131 bir a\u00e7\u0131klama yapan Ba\u015fkan Garabli, pazar esnaf\u0131n\u0131n Lefko\u015fa\u2019da pazar\u0131n Cumartesi kurulmas\u0131 y\u00f6n\u00fcnde talebi oldu\u011funu hat\u0131rlatarak, \u201cBende onlar\u0131n ad\u0131na belediyeye m\u00fcracaat ettim ve Lefko\u015fa T\u00fcrk Belediyesi de pazar\u0131n Cumartesi [&hellip;]","og_url":"https:\/\/netbakis.net\/tr\/6339\/","og_site_name":"NETBAKIS","article_published_time":"2021-06-13T14:12:20+00:00","article_modified_time":"2021-06-13T14:12:21+00:00","og_image":[{"width":971,"height":551,"url":"https:\/\/netbakis.net\/wp-content\/uploads\/2021\/06\/ltbharmancikamaciolu_1623568683.jpg","type":"image\/jpeg"}],"author":"netbakis.net","twitter_card":"summary_large_image","twitter_misc":{"Yazan:":"netbakis.net","Tahmini okuma s\u00fcresi":"2 dakika"},"schema":{"@context":"https:\/\/schema.org","@graph":[{"@type":"WebPage","@id":"https:\/\/netbakis.net\/6339\/","url":"https:\/\/netbakis.net\/6339\/","name":"A\u00e7\u0131k Pazarc\u0131lar Birli\u011fi\u2019nden \u00e7a\u011fr\u0131\u2026 - NETBAKIS","isPartOf":{"@id":"https:\/\/netbakis.net\/#website"},"primaryImageOfPage":{"@id":"https:\/\/netbakis.net\/6339\/#primaryimage"},"image":{"@id":"https:\/\/netbakis.net\/6339\/#primaryimage"},"thumbnailUrl":"https:\/\/netbakis.net\/wp-content\/uploads\/2021\/06\/ltbharmancikamaciolu_1623568683.jpg","datePublished":"2021-06-13T14:12:20+00:00","dateModified":"2021-06-13T14:12:21+00:00","author":{"@id":"https:\/\/netbakis.net\/#\/schema\/person\/5d9b5c3f48ca4a3c69967d619fc8c7f4"},"breadcrumb":{"@id":"https:\/\/netbakis.net\/6339\/#breadcrumb"},"inLanguage":"tr","potentialAction":[{"@type":"ReadAction","target":["https:\/\/netbakis.net\/6339\/"]}]},{"@type":"ImageObject","inLanguage":"tr","@id":"https:\/\/netbakis.net\/6339\/#primaryimage","url":"https:\/\/netbakis.net\/wp-content\/uploads\/2021\/06\/ltbharmancikamaciolu_1623568683.jpg","contentUrl":"https:\/\/netbakis.net\/wp-content\/uploads\/2021\/06\/ltbharmancikamaciolu_1623568683.jpg","width":971,"height":551,"caption":"A\u00e7\u0131k Pazarc\u0131lar Birli\u011fi"},{"@type":"BreadcrumbList","@id":"https:\/\/netbakis.net\/6339\/#breadcrumb","itemListElement":[{"@type":"ListItem","position":1,"name":"Home","item":"https:\/\/netbakis.net\/"},{"@type":"ListItem","position":2,"name":"A\u00e7\u0131k Pazarc\u0131lar Birli\u011fi\u2019nden \u00e7a\u011fr\u0131\u2026"}]},{"@type":"WebSite","@id":"https:\/\/netbakis.net\/#website","url":"https:\/\/netbakis.net\/","name":"NETBAKIS","description":"SON DAKIKA","potentialAction":[{"@type":"SearchAction","target":{"@type":"EntryPoint","urlTemplate":"https:\/\/netbakis.net\/?s={search_term_string}"},"query-input":{"@type":"PropertyValueSpecification","valueRequired":true,"valueName":"search_term_string"}}],"inLanguage":"tr"},{"@type":"Person","@id":"https:\/\/netbakis.net\/#\/schema\/person\/5d9b5c3f48ca4a3c69967d619fc8c7f4","name":"netbakis.net","image":{"@type":"ImageObject","inLanguage":"tr","@id":"https:\/\/netbakis.net\/#\/schema\/person\/image\/","url":"https:\/\/secure.gravatar.com\/avatar\/4ddeae49d2d3e3568a8d5b0937642efdf0b72468dbe3f213bc1978faa47af0d1?s=96&d=wp_user_avatar&r=g","contentUrl":"https:\/\/secure.gravatar.com\/avatar\/4ddeae49d2d3e3568a8d5b0937642efdf0b72468dbe3f213bc1978faa47af0d1?s=96&d=wp_user_avatar&r=g","caption":"netbakis.net"},"sameAs":["https:\/\/netbakis.net"],"url":"https:\/\/netbakis.net\/tr\/author\/netbakis-net\/"}]}},"jetpack_publicize_connections":[],"_links":{"self":[{"href":"https:\/\/netbakis.net\/tr\/wp-json\/wp\/v2\/posts\/6339","targetHints":{"allow":["GET"]}}],"collection":[{"href":"https:\/\/netbakis.net\/tr\/wp-json\/wp\/v2\/posts"}],"about":[{"href":"https:\/\/netbakis.net\/tr\/wp-json\/wp\/v2\/types\/post"}],"author":[{"embeddable":true,"href":"https:\/\/netbakis.net\/tr\/wp-json\/wp\/v2\/users\/1"}],"replies":[{"embeddable":true,"href":"https:\/\/netbakis.net\/tr\/wp-json\/wp\/v2\/comments?post=6339"}],"version-history":[{"count":1,"href":"https:\/\/netbakis.net\/tr\/wp-json\/wp\/v2\/posts\/6339\/revisions"}],"predecessor-version":[{"id":6341,"href":"https:\/\/netbakis.net\/tr\/wp-json\/wp\/v2\/posts\/6339\/revisions\/6341"}],"wp:featuredmedia":[{"embeddable":true,"href":"https:\/\/netbakis.net\/tr\/wp-json\/wp\/v2\/media\/6340"}],"wp:attachment":[{"href":"https:\/\/netbakis.net\/tr\/wp-json\/wp\/v2\/media?parent=6339"}],"wp:term":[{"taxonomy":"category","embeddable":true,"href":"https:\/\/netbakis.net\/tr\/wp-json\/wp\/v2\/categories?post=6339"},{"taxonomy":"post_tag","embeddable":true,"href":"https:\/\/netbakis.net\/tr\/wp-json\/wp\/v2\/tags?post=6339"}],"curies":[{"name":"wp","href":"https:\/\/api.w.org\/{rel}","templated":true}]}}