{"id":6314,"date":"2021-06-12T05:02:36","date_gmt":"2021-06-12T05:02:36","guid":{"rendered":"https:\/\/netbakis.net\/?p=6314"},"modified":"2021-06-12T05:02:37","modified_gmt":"2021-06-12T05:02:37","slug":"son-dakika-moskovada-bayraktar-korkusu-rus-medyasi-kirima-saldiri","status":"publish","type":"post","link":"https:\/\/netbakis.net\/tr\/6314\/","title":{"rendered":"Son dakika&#8230; Moskova&#8217;da Bayraktar korkusu! Rus medyas\u0131: K\u0131r\u0131m&#8217;a sald\u0131r\u0131&#8230;"},"content":{"rendered":"<p>Rus medyas\u0131nda \u00e7\u0131kan\u00a0son dakika\u00a0haberlere g\u00f6re, Karadeniz \u00fclkelerinin T\u00fcrk\u00a0Bayraktar TB2\u00a0sipari\u015f vermeye ba\u015flamalar\u0131 Kremlin&#8217;i \u00fcrk\u00fctt\u00fc. K\u0131r\u0131m&#8217;a kar\u015f\u0131\u00a0T\u00fcrkiye\u00a0yap\u0131m\u0131 100&#8217;e yak\u0131n S\u0130HA&#8217;n\u0131n sald\u0131r\u0131 ger\u00e7ekle\u015ftirebilece\u011fini \u00f6ne s\u00fcren Rus bas\u0131n\u0131, &#8220;Ciddi bir tehlikeyle kar\u015f\u0131 kar\u015f\u0131yay\u0131z&#8221; dedi.<\/p>\n\n\n\n<p>T\u00fcm d\u00fcnya medyas\u0131 ileri teknoloji T\u00fcrk Bayraktar S\u0130HA&#8217;lar\u0131n\u0131 ve sat\u0131n almak i\u00e7in s\u0131raya giren \u00fclkeleri haberle\u015ftirirken, Rus bas\u0131n\u0131nda ise kayg\u0131 hakim.<\/p>\n\n\n\n<div class=\"wp-block-image\"><figure class=\"aligncenter\"><img decoding=\"async\" src=\"https:\/\/i2.milimaj.com\/i\/milliyet\/75\/750x0\/60b75e6555428205fc38d861\" alt=\"\"\/><\/figure><\/div>\n\n\n\n<p>Ukrayna, Katar, Azerbaycan, Tunus ve son olarak Polonya\u2026 Halihaz\u0131rda be\u015f \u00fclkeye ihra\u00e7 edilen T\u00fcrk \u00fcretimi silahl\u0131 insans\u0131z hava ara\u00e7lar\u0131 (S\u0130HA) ge\u00e7ti\u011fimiz g\u00fcnlerde \u0130svi\u00e7re medyas\u0131 taraf\u0131ndan da haberle\u015ftirildi.<\/p>\n\n\n\n<div class=\"wp-block-image\"><figure class=\"aligncenter\"><img decoding=\"async\" src=\"https:\/\/i2.milimaj.com\/i\/milliyet\/75\/750x0\/60b75f0155428205fc38d87f\" alt=\"\"\/><\/figure><\/div>\n\n\n\n<p>&#8216;Ankara&#8217;n\u0131n drone g\u00fcc\u00fcnde y\u00fckseli\u015fi&#8217; ba\u015fl\u0131\u011f\u0131n\u0131 kullanan \u0130svi\u00e7re televizyonu SRF, haberinin spotunda T\u00fcrkiye&#8217;nin kendi \u00fcretti\u011fi silahlar\u0131 satarak yaln\u0131zca NATO \u00fcst\u00fcnde de\u011fil Rusya \u00fczerinde de bask\u0131 kurdu\u011funu bildiriyor.<\/p>\n\n\n\n<div class=\"wp-block-image\"><figure class=\"aligncenter\"><img decoding=\"async\" src=\"https:\/\/i2.milimaj.com\/i\/milliyet\/75\/750x0\/60b75f2455428205fc38d885\" alt=\"\"\/><\/figure><\/div>\n\n\n\n<p>Polonya Savunma Bakan\u0131 Mariusz B\u0142aszczak&#8217;\u0131n 19 May\u0131s tarihinde payla\u015ft\u0131\u011f\u0131 bir Twitter mesaj\u0131n\u0131n askeri \u00e7evreler i\u00e7in bir s\u00fcrpriz oldu\u011funu aktaran SRF, NATO ve Avrupa Birli\u011fi \u00fcyesi \u00fclkenin 24 Bayraktar TB2 ald\u0131\u011f\u0131n\u0131 yazd\u0131.<\/p>\n\n\n\n<div class=\"wp-block-image\"><figure class=\"aligncenter\"><img decoding=\"async\" src=\"https:\/\/i2.milimaj.com\/i\/milliyet\/75\/750x0\/60b75e6e55428205fc38d867\" alt=\"\"\/><\/figure><\/div>\n\n\n\n<p>Menzili 150 kilometreyi bulan T\u00fcrk S\u0130HA&#8217;lar\u0131n\u0131n \u00f6zellikle Polonya&#8217;n\u0131n do\u011fu s\u0131n\u0131r\u0131nda kullan\u0131laca\u011f\u0131n\u0131 belirten \u0130svi\u00e7re televizyonu, Var\u015fova y\u00f6netiminin Bayraktar TB2 sat\u0131n alan ilk NATO \u00fcyesi oldu\u011funu da vurgulad\u0131.<\/p>\n\n\n\n<p>Gelinen noktada T\u00fcrkiye&#8217;nin d\u00fcnyan\u0131n en b\u00fcy\u00fck \u00fc\u00e7\u00fcnc\u00fc drone g\u00fcc\u00fc konumuna eri\u015fti\u011fini kaydeden SRF, Bat\u0131l\u0131 \u00fclkelerin T\u00fcrkiye&#8217;nin kendi S\u0130HA program\u0131n\u0131 nas\u0131l y\u00f6netti\u011fini yak\u0131ndan izledi\u011fine haberinde yer verdi.<\/p>\n\n\n\n<div class=\"wp-block-image\"><figure class=\"aligncenter\"><img decoding=\"async\" src=\"https:\/\/i2.milimaj.com\/i\/milliyet\/75\/750x0\/60b75e6e55428205fc38d86b\" alt=\"RUSYA ALARMA GE\u00c7T\u0130\"\/><\/figure><\/div>\n\n\n\n<h2 class=\"wp-block-heading\">RUSYA ALARMA GE\u00c7T\u0130&nbsp;<strong><\/strong><\/h2>\n\n\n\n<h4 class=\"wp-block-heading\"><strong>Suriye, Libya ve Da\u011fl\u0131k Karaba\u011f&#8217;da kendini kan\u0131tlayan Bayraktar TB2&#8217;lerin hava hakimiyetinde karar verici rol oynad\u0131\u011f\u0131na de\u011finen SRF, s\u00f6z konusu b\u00f6lgelerde Rusya&#8217;n\u0131n destekledi\u011fi g\u00fc\u00e7lerin hezimet ya\u015fad\u0131\u011f\u0131n\u0131 aktard\u0131.<\/strong><\/h4>\n\n\n\n<div class=\"wp-block-image\"><figure class=\"aligncenter\"><img decoding=\"async\" src=\"https:\/\/i2.milimaj.com\/i\/milliyet\/75\/750x0\/60b75f0955428205fc38d881\" alt=\"\"\/><\/figure><\/div>\n\n\n\n<p>Ankara&#8217;n\u0131n tehlikeli bir oyun oynad\u0131\u011f\u0131n\u0131 savunan \u0130svi\u00e7re televizyonu, Ukrayna&#8217;ya S\u0130HA sat\u0131\u015f\u0131yla birlikte alarma ge\u00e7en Moskova&#8217;n\u0131n T\u00fcrk askeri teknolojisinin kendi arka bah\u00e7esiyle giderek daha fazla ilgilenmesine kay\u0131ts\u0131z kalmayaca\u011f\u0131n\u0131 kaydetti.<\/p>\n\n\n\n<div class=\"wp-block-image\"><figure class=\"aligncenter\"><img decoding=\"async\" src=\"https:\/\/i2.milimaj.com\/i\/milliyet\/75\/750x0\/60b75e6f55428205fc38d86f\" alt=\"\"\/><\/figure><\/div>\n\n\n\n<p>ABD, \u0130srail ve \u00c7in&#8217;in halihaz\u0131rda en b\u00fcy\u00fck sald\u0131r\u0131 dronelar\u0131 \u00fcreticisi oldu\u011funu belirten \u0130svi\u00e7re televizyonu, s\u00f6z konusu \u00fc\u00e7 \u00fclkenin yeni bir rekabetle y\u00fczle\u015fme endi\u015fesi ta\u015f\u0131d\u0131\u011f\u0131n\u0131, \u00e7\u00fcnk\u00fc T\u00fcrkiye&#8217;nin \u00e7oktan kendini kan\u0131tlad\u0131\u011f\u0131n\u0131 ifade etti.<\/p>\n\n\n\n<div class=\"wp-block-image\"><figure class=\"aligncenter\"><img decoding=\"async\" src=\"https:\/\/i2.milimaj.com\/i\/milliyet\/75\/750x0\/608fcdc75542834674ddfdaf\" alt=\"T\u00dcRK S\u0130HALARIYLA KIRIMA SALDIRAB\u0130L\u0130RLER\"\/><\/figure><\/div>\n\n\n\n<h2 class=\"wp-block-heading\">&#8216;T\u00dcRK S\u0130HALARIYLA KIRIM&#8217;A SALDIRAB\u0130L\u0130RLER&#8217;&nbsp;<strong><\/strong><\/h2>\n\n\n\n<h4 class=\"wp-block-heading\"><strong>Bug\u00fcn Rus avia.pro&#8217;da \u00e7\u0131kan habere g\u00f6re, Karadeniz b\u00f6lgesi \u00fclkeleri aktif olarak yeniden silahlanmaya ve K\u0131r\u0131m&#8217;a y\u00f6nelik bir sald\u0131r\u0131da kullan\u0131labilecek T\u00fcrk Bayraktar TB2 insans\u0131z hava ara\u00e7lar\u0131n\u0131 edinme olas\u0131l\u0131\u011f\u0131n\u0131 d\u00fc\u015f\u00fcnmeye ba\u015flad\u0131.<\/strong><\/h4>\n\n\n\n<div class=\"wp-block-image\"><figure class=\"aligncenter\"><img decoding=\"async\" src=\"https:\/\/i2.milimaj.com\/i\/milliyet\/75\/750x0\/60c38ec6adcdeb2f2477b59c\" alt=\"\"\/><\/figure><\/div>\n\n\n\n<h3 class=\"wp-block-heading\">Haber\u00a0\u015f\u00f6yle devam etti: Bug\u00fcne kadar Ukrayna, Romanya, Bulgaristan ve G\u00fcrcistan&#8217;\u0131n T\u00fcrk Bayraktar TB2 sald\u0131r\u0131 \u0130HA&#8217;lar\u0131 ile silahlanmay\u0131 planlad\u0131klar\u0131 (zaten birka\u00e7 Bayraktar TB2 sald\u0131r\u0131 \u0130HA&#8217;s\u0131 hizmette) biliniyor ve bu da ciddi riskler yarat\u0131yor.<\/h3>\n\n\n\n<p><img decoding=\"async\" src=\"https:\/\/i2.milimaj.com\/i\/milliyet\/75\/750x0\/60c38ec6adcdeb2f2477b5a0\" alt=\"\"><\/p>\n\n\n\n<h3 class=\"wp-block-heading\">Uzmanlar, T\u00fcrk sald\u0131r\u0131 dronlar\u0131n\u0131n kitlesel kullan\u0131mlar\u0131 s\u00f6z konusu oldu\u011funda \u00f6nemli bir tehlike olu\u015fturdu\u011funa dikkat \u00e7ekiyor.<\/h3>\n\n\n\n<h3 class=\"wp-block-heading\">\u00d6zellikle T\u00fcrkiye&#8217;nin NATO \u00fcyesi olmas\u0131 ve Ankara a\u00e7\u0131s\u0131ndan K\u0131r\u0131m&#8217;a y\u00f6nelik baz\u0131 tehditler, T\u00fcrkiye&#8217;nin Rusya&#8217;ya kar\u015f\u0131 hareket etmeyi planlay\u0131p planlamad\u0131\u011f\u0131 sorular\u0131n\u0131 g\u00fcndeme getiriyor.<\/h3>\n\n\n\n<p><img decoding=\"async\" src=\"https:\/\/i2.milimaj.com\/i\/milliyet\/75\/750x0\/60c38ec6adcdeb2f2477b5a6\" alt=\"\"><\/p>\n\n\n\n<h3 class=\"wp-block-heading\">Avia.pro haberin sonunda Suriye, Libya ve Karaba\u011f&#8217;da ya\u015fanan \u00e7at\u0131\u015fmalarda, Rusya&#8217;n\u0131n T\u00fcrk \u0130HA&#8217;lar\u0131yla m\u00fccadelede yeterince etkili silahlara sahip oldu\u011funu g\u00f6sterdi\u011fini savundu.<\/h3>\n\n\n\n<h3 class=\"wp-block-heading\">Ancak d\u00fcnya kamuoyuna yans\u0131yan say\u0131s\u0131z haber, Rus savunma sistemlerinin Bayraktar kar\u015f\u0131s\u0131nda d\u00fc\u015ft\u00fc\u011f\u00fc aciz durumlar\u0131 yazmaya devam ediyor.<\/h3>\n\n\n\n<p><img decoding=\"async\" src=\"https:\/\/i2.milimaj.com\/i\/milliyet\/75\/750x0\/60b0c90e5542811304ecb27e\" alt=\"JAPON BASINI: \u0130\u015eTE POTANS\u0130YEL M\u00dc\u015eTER\u0130LER\"><\/p>\n\n\n\n<h2 class=\"wp-block-heading\">JAPON BASINI: \u0130\u015eTE POTANS\u0130YEL M\u00dc\u015eTER\u0130LER&nbsp;<strong><\/strong><\/h2>\n\n\n\n<h3 class=\"wp-block-heading\">Japon bas\u0131n\u0131nda ge\u00e7ti\u011fimiz hafta \u00e7\u0131kan bir haberde, Bayraktar TB2&#8217;nin yeni potansiyel m\u00fc\u015fterileri aras\u0131nda \u0130ngiltere, \u00c7ekya, Macaristan, Bulgaristan ve Arnavutluk oldu\u011fu yaz\u0131lm\u0131\u015ft\u0131. Ara\u015ft\u0131rmac\u0131-yazar Hitoshi Sato taraf\u0131ndan kaleme al\u0131nan ve Yahoo! News Japan&#8217;da yay\u0131nlanan makalede, Polonya semalar\u0131nda u\u00e7acak T\u00fcrk S\u0130HA&#8217;lar\u0131n\u0131n Rusya \u00fcst\u00fcndeki bask\u0131y\u0131 daha da art\u0131raca\u011f\u0131 vurgulanm\u0131\u015ft\u0131.<\/h3>\n\n\n\n<h2 class=\"wp-block-heading\">\u00dc\u00c7 \u00dcLKEDE SAVA\u015eLARIN KADER\u0130N\u0130 DE\u011e\u0130\u015eT\u0130RD\u0130&nbsp;<strong><\/strong><\/h2>\n\n\n\n<h3 class=\"wp-block-heading\">T\u00fcrkiye&#8217;nin ilk kez 2019 y\u0131l\u0131nda yurt d\u0131\u015f\u0131na ihracat\u0131n\u0131 ger\u00e7ekle\u015ftirdi\u011fi Bayraktar TB2 S\u0130HA&#8217;lar\u0131, \u00f6nce Suriye&#8217;nin kuzeyindeki operasyonlarda sahne ald\u0131 ve \u00f6zellikle Rus \u00fcretimi hava savunma sistemlerini yok etti.<\/h3>\n\n\n\n<p><strong>18<\/strong><img decoding=\"async\" src=\"https:\/\/i2.milimaj.com\/i\/milliyet\/75\/750x0\/60b7609d55428205fc38d887\" alt=\"\"><\/p>\n\n\n\n<h3 class=\"wp-block-heading\">Bayraktar TB2&#8217;lerin \u00fcn\u00fcne \u00fcn katt\u0131\u011f\u0131 as\u0131l yer ise, 44 g\u00fcn s\u00fcren Da\u011fl\u0131k Karaba\u011f sava\u015f\u0131yd\u0131. Azerbaycan&#8217;\u0131n tarihi zaferiyle sona eren sava\u015f\u0131n kaderini \u00e7izen T\u00fcrk S\u0130HA&#8217;lar\u0131, y\u00fczlerce Ermenistan hedefini vurdu.<\/h3>\n\n\n\n<h2 class=\"wp-block-heading\">AVRUPA&#8217;NIN G\u00d6BE\u011e\u0130NDE G\u00d6VDE G\u00d6STER\u0130S\u0130&nbsp;<strong><\/strong><\/h2>\n\n\n\n<h3 class=\"wp-block-heading\">T\u00fcrkiye&#8217;den onlarca silahl\u0131 insans\u0131z hava arac\u0131 (S\u0130HA) Bayraktar TB2 sat\u0131n alan Ukrayna, Rusya ile Nisan ay\u0131nda ya\u015fanan gerilimin ard\u0131ndan b\u00fcy\u00fck bir g\u00f6vde g\u00f6sterisine giri\u015fti. Ukrayna ordusu, Belarus s\u0131n\u0131r\u0131na yak\u0131n konumdaki Rivne b\u00f6lgesinde kara birliklerinin yan\u0131 s\u0131ra ilk kez Bayraktar TB2 S\u0130HA&#8217;lar\u0131n kullan\u0131ld\u0131\u011f\u0131 geni\u015f \u00e7apl\u0131 tatbikat icra etti.<\/h3>\n\n\n\n<p><strong>20<\/strong><img decoding=\"async\" src=\"https:\/\/i2.milimaj.com\/i\/milliyet\/75\/750x0\/60af659f5542802db88ad3bc\" alt=\"\"><\/p>\n\n\n\n<h3 class=\"wp-block-heading\">Ukrayna ordusunun payla\u015ft\u0131\u011f\u0131 g\u00f6r\u00fcnt\u00fclerde, Bayraktar TB2&#8217;den ate\u015flenen f\u00fczeyle imha edilen hedefin ard\u0131ndan harekat merkezindeki askerin eliyle zafer i\u015fareti yapt\u0131\u011f\u0131 g\u00f6r\u00fcld\u00fc. T\u00fcrkiye&#8217;den ilk S\u0130HA&#8217;y\u0131 2019 y\u0131l\u0131nda alan Ukrayna, Rusya&#8217;n\u0131n K\u0131r\u0131m \u00e7evresi ve s\u0131n\u0131ra 100 bin asker y\u0131\u011fd\u0131\u011f\u0131 ge\u00e7ti\u011fimiz Nisan ay\u0131nda yine Bayraktar TB2&#8217;leri Karadeniz semalar\u0131nda u\u00e7urmu\u015ftu. Gerilimin zirveye \u00e7\u0131kt\u0131\u011f\u0131 g\u00fcnlerde, Rus medyas\u0131 bir\u00e7ok kez T\u00fcrk S\u0130HA&#8217;lar\u0131n\u0131n K\u0131r\u0131m \u00e7evresinde ve Ukrayna s\u0131n\u0131r\u0131nda u\u00e7tu\u011fu y\u00f6n\u00fcnde\u00a0haberler\u00a0yay\u0131nlam\u0131\u015ft\u0131.<\/h3>\n\n\n\n<h3 class=\"wp-block-heading\">Rus medyas\u0131, Ukrayna ordusunun kar\u0131\u015f\u0131kl\u0131\u011f\u0131n s\u00fcrd\u00fc\u011f\u00fc Donbas&#8217;taki cephe hatt\u0131na da Bayraktar TB2 konu\u015fland\u0131rd\u0131\u011f\u0131n\u0131 yazd\u0131 ancak bu resmi makamlar taraf\u0131ndan do\u011frulanm\u0131\u015f de\u011fil. T\u00fcrkiye&#8217;den \u015fimdiye kadar alt\u0131 Bayraktar TB2 S\u0130HA&#8217;y\u0131 teslim alan Ukrayna, anla\u015fmayla birlikte ayn\u0131 zamanda dronelarda kullan\u0131lacak 200 f\u00fczeyi de elde etmi\u015f oldu.<\/h3>\n\n\n\n<p><img decoding=\"async\" src=\"https:\/\/i2.milimaj.com\/i\/milliyet\/75\/750x0\/60a8d611adcdeb25f8eb4d7a\" alt=\"BAYRAKTAR TB2 ALAN \u0130LK NATO \u00dcLKES\u0130: POLONYA\"><\/p>\n\n\n\n<h2 class=\"wp-block-heading\">BAYRAKTAR TB2 ALAN \u0130LK NATO \u00dcLKES\u0130: POLONYA&nbsp;<strong><\/strong><\/h2>\n\n\n\n<h4 class=\"wp-block-heading\">Rusya&#8217;n\u0131n Avrupa&#8217;daki topra\u011f\u0131 Kaliningrad&#8217;la s\u0131n\u0131r\u0131 olan Polonya, NATO&#8217;daki m\u00fcttefiki T\u00fcrkiye&#8217;den son y\u0131llar\u0131n g\u00f6zde silah\u0131 Bayraktar TB2 sat\u0131n ald\u0131. Haberi ilk olarak, Polonya Savunma Bakan\u0131 Mariusz Blaszczak&#8217;\u0131n devlet radyosunda yapt\u0131\u011f\u0131 a\u00e7\u0131klamayla duyuldu.<\/h4>\n\n\n\n<h4 class=\"wp-block-heading\">T\u00fcrkiye&#8217;nin ihra\u00e7 edece\u011fi silahl\u0131 dronelar\u0131n say\u0131s\u0131 24. Ankara, Bayraktar TB2 dronelar\u0131n ilk teslimat\u0131n\u0131 2022<strong> <\/strong>y\u0131l\u0131nda yapacak. Bakan Blaszczak&#8217;\u0131n verdi\u011fi bilgiye g\u00f6re, S\u0130HA&#8217;lar tanksavar roketlerle donat\u0131lm\u0131\u015f olacak. Polonya ayr\u0131ca T\u00fcrkiye&#8217;den lojistik ve e\u011fitim paketi de sat\u0131n alacak.<\/h4>\n\n\n\n<p><img decoding=\"async\" src=\"https:\/\/i2.milimaj.com\/i\/milliyet\/75\/750x0\/60a8d611adcdeb25f8eb4d7c\" alt=\"\"><\/p>\n\n\n\n<h4 class=\"wp-block-heading\"><strong>Polonya lideri Andrzej Duda 24 May\u0131s tarihinde T\u00fcrkiye&#8217;yi ziyaret etti ve ziyarette Bayraktar TB2 S\u0130HA&#8217;lara ili\u015fkin anla\u015fma resmiyete d\u00f6k\u00fcld\u00fc. Do\u011fu Avrupa \u00fclkesi Polonya, \u00e7o\u011funlukla ABD silahlar\u0131 kullan\u0131yor. Var\u015fova y\u00f6netimi, 2020 y\u0131l\u0131nda Amerikan silahlar\u0131n\u0131 sat\u0131n almak i\u00e7in 4,7 milyar dolar harcad\u0131.<\/strong><\/h4>\n\n\n\n<p><\/p>","protected":false},"excerpt":{"rendered":"<p>Rus medyas\u0131nda \u00e7\u0131kan\u00a0son dakika\u00a0haberlere g\u00f6re, Karadeniz \u00fclkelerinin T\u00fcrk\u00a0Bayraktar TB2\u00a0sipari\u015f vermeye ba\u015flamalar\u0131 Kremlin&#8217;i \u00fcrk\u00fctt\u00fc. K\u0131r\u0131m&#8217;a kar\u015f\u0131\u00a0T\u00fcrkiye\u00a0yap\u0131m\u0131 100&#8217;e yak\u0131n S\u0130HA&#8217;n\u0131n sald\u0131r\u0131 ger\u00e7ekle\u015ftirebilece\u011fini \u00f6ne s\u00fcren Rus bas\u0131n\u0131, &#8220;Ciddi bir tehlikeyle kar\u015f\u0131 kar\u015f\u0131yay\u0131z&#8221; dedi. T\u00fcm d\u00fcnya medyas\u0131 ileri teknoloji T\u00fcrk Bayraktar S\u0130HA&#8217;lar\u0131n\u0131 ve sat\u0131n almak i\u00e7in s\u0131raya giren \u00fclkeleri haberle\u015ftirirken, Rus bas\u0131n\u0131nda ise kayg\u0131 hakim. Ukrayna, Katar, Azerbaycan, Tunus [&hellip;]<\/p>","protected":false},"author":1,"featured_media":6315,"comment_status":"open","ping_status":"open","sticky":false,"template":"","format":"standard","meta":{"om_disable_all_campaigns":false,"_monsterinsights_skip_tracking":false,"_monsterinsights_sitenote_active":false,"_monsterinsights_sitenote_note":"","_monsterinsights_sitenote_category":0,"_uf_show_specific_survey":0,"_uf_disable_surveys":false,"footnotes":"","jetpack_publicize_message":"","jetpack_publicize_feature_enabled":true,"jetpack_social_post_already_shared":false,"jetpack_social_options":{"image_generator_settings":{"template":"highway","default_image_id":0,"font":"","enabled":false},"version":2}},"categories":[85],"tags":[391],"class_list":{"0":"post-6314","1":"post","2":"type-post","3":"status-publish","4":"format-standard","5":"has-post-thumbnail","7":"category-dunya","8":"tag-bayraktar-korkusu"},"yoast_head":"<!-- This site is optimized with the Yoast SEO plugin v23.8 - https:\/\/yoast.com\/wordpress\/plugins\/seo\/ -->\n<title>Son dakika... Moskova&#039;da Bayraktar korkusu! Rus medyas\u0131: K\u0131r\u0131m&#039;a sald\u0131r\u0131... - NETBAKIS<\/title>\n<meta name=\"robots\" content=\"index, follow, max-snippet:-1, max-image-preview:large, max-video-preview:-1\" \/>\n<link rel=\"canonical\" href=\"https:\/\/netbakis.net\/tr\/6314\/\" \/>\n<meta property=\"og:locale\" content=\"tr_TR\" \/>\n<meta property=\"og:type\" content=\"article\" \/>\n<meta property=\"og:title\" content=\"Son dakika... Moskova&#039;da Bayraktar korkusu! Rus medyas\u0131: K\u0131r\u0131m&#039;a sald\u0131r\u0131... - NETBAKIS\" \/>\n<meta property=\"og:description\" content=\"Rus medyas\u0131nda \u00e7\u0131kan\u00a0son dakika\u00a0haberlere g\u00f6re, Karadeniz \u00fclkelerinin T\u00fcrk\u00a0Bayraktar TB2\u00a0sipari\u015f vermeye ba\u015flamalar\u0131 Kremlin&#8217;i \u00fcrk\u00fctt\u00fc. K\u0131r\u0131m&#8217;a kar\u015f\u0131\u00a0T\u00fcrkiye\u00a0yap\u0131m\u0131 100&#8217;e yak\u0131n S\u0130HA&#8217;n\u0131n sald\u0131r\u0131 ger\u00e7ekle\u015ftirebilece\u011fini \u00f6ne s\u00fcren Rus bas\u0131n\u0131, &#8220;Ciddi bir tehlikeyle kar\u015f\u0131 kar\u015f\u0131yay\u0131z&#8221; dedi. T\u00fcm d\u00fcnya medyas\u0131 ileri teknoloji T\u00fcrk Bayraktar S\u0130HA&#8217;lar\u0131n\u0131 ve sat\u0131n almak i\u00e7in s\u0131raya giren \u00fclkeleri haberle\u015ftirirken, Rus bas\u0131n\u0131nda ise kayg\u0131 hakim. Ukrayna, Katar, Azerbaycan, Tunus [&hellip;]\" \/>\n<meta property=\"og:url\" content=\"https:\/\/netbakis.net\/tr\/6314\/\" \/>\n<meta property=\"og:site_name\" content=\"NETBAKIS\" \/>\n<meta property=\"article:published_time\" content=\"2021-06-12T05:02:36+00:00\" \/>\n<meta property=\"article:modified_time\" content=\"2021-06-12T05:02:37+00:00\" \/>\n<meta property=\"og:image\" content=\"https:\/\/netbakis.net\/wp-content\/uploads\/2021\/06\/60c38eb3adcdeb2f2477b59a.jpg\" \/>\n\t<meta property=\"og:image:width\" content=\"750\" \/>\n\t<meta property=\"og:image:height\" content=\"421\" \/>\n\t<meta property=\"og:image:type\" content=\"image\/jpeg\" \/>\n<meta name=\"author\" content=\"netbakis.net\" \/>\n<meta name=\"twitter:card\" content=\"summary_large_image\" \/>\n<meta name=\"twitter:label1\" content=\"Yazan:\" \/>\n\t<meta name=\"twitter:data1\" content=\"netbakis.net\" \/>\n\t<meta name=\"twitter:label2\" content=\"Tahmini okuma s\u00fcresi\" \/>\n\t<meta name=\"twitter:data2\" content=\"7 dakika\" \/>\n<script type=\"application\/ld+json\" class=\"yoast-schema-graph\">{\"@context\":\"https:\/\/schema.org\",\"@graph\":[{\"@type\":\"WebPage\",\"@id\":\"https:\/\/netbakis.net\/6314\/\",\"url\":\"https:\/\/netbakis.net\/6314\/\",\"name\":\"Son dakika... Moskova'da Bayraktar korkusu! Rus medyas\u0131: K\u0131r\u0131m'a sald\u0131r\u0131... - NETBAKIS\",\"isPartOf\":{\"@id\":\"https:\/\/netbakis.net\/#website\"},\"primaryImageOfPage\":{\"@id\":\"https:\/\/netbakis.net\/6314\/#primaryimage\"},\"image\":{\"@id\":\"https:\/\/netbakis.net\/6314\/#primaryimage\"},\"thumbnailUrl\":\"https:\/\/netbakis.net\/wp-content\/uploads\/2021\/06\/60c38eb3adcdeb2f2477b59a.jpg\",\"datePublished\":\"2021-06-12T05:02:36+00:00\",\"dateModified\":\"2021-06-12T05:02:37+00:00\",\"author\":{\"@id\":\"https:\/\/netbakis.net\/#\/schema\/person\/5d9b5c3f48ca4a3c69967d619fc8c7f4\"},\"breadcrumb\":{\"@id\":\"https:\/\/netbakis.net\/6314\/#breadcrumb\"},\"inLanguage\":\"tr\",\"potentialAction\":[{\"@type\":\"ReadAction\",\"target\":[\"https:\/\/netbakis.net\/6314\/\"]}]},{\"@type\":\"ImageObject\",\"inLanguage\":\"tr\",\"@id\":\"https:\/\/netbakis.net\/6314\/#primaryimage\",\"url\":\"https:\/\/netbakis.net\/wp-content\/uploads\/2021\/06\/60c38eb3adcdeb2f2477b59a.jpg\",\"contentUrl\":\"https:\/\/netbakis.net\/wp-content\/uploads\/2021\/06\/60c38eb3adcdeb2f2477b59a.jpg\",\"width\":750,\"height\":421,\"caption\":\"Bayraktar korkusu\"},{\"@type\":\"BreadcrumbList\",\"@id\":\"https:\/\/netbakis.net\/6314\/#breadcrumb\",\"itemListElement\":[{\"@type\":\"ListItem\",\"position\":1,\"name\":\"Home\",\"item\":\"https:\/\/netbakis.net\/\"},{\"@type\":\"ListItem\",\"position\":2,\"name\":\"Son dakika&#8230; Moskova&#8217;da Bayraktar korkusu! Rus medyas\u0131: K\u0131r\u0131m&#8217;a sald\u0131r\u0131&#8230;\"}]},{\"@type\":\"WebSite\",\"@id\":\"https:\/\/netbakis.net\/#website\",\"url\":\"https:\/\/netbakis.net\/\",\"name\":\"NETBAKIS\",\"description\":\"SON DAKIKA\",\"potentialAction\":[{\"@type\":\"SearchAction\",\"target\":{\"@type\":\"EntryPoint\",\"urlTemplate\":\"https:\/\/netbakis.net\/?s={search_term_string}\"},\"query-input\":{\"@type\":\"PropertyValueSpecification\",\"valueRequired\":true,\"valueName\":\"search_term_string\"}}],\"inLanguage\":\"tr\"},{\"@type\":\"Person\",\"@id\":\"https:\/\/netbakis.net\/#\/schema\/person\/5d9b5c3f48ca4a3c69967d619fc8c7f4\",\"name\":\"netbakis.net\",\"image\":{\"@type\":\"ImageObject\",\"inLanguage\":\"tr\",\"@id\":\"https:\/\/netbakis.net\/#\/schema\/person\/image\/\",\"url\":\"https:\/\/secure.gravatar.com\/avatar\/4ddeae49d2d3e3568a8d5b0937642efdf0b72468dbe3f213bc1978faa47af0d1?s=96&d=wp_user_avatar&r=g\",\"contentUrl\":\"https:\/\/secure.gravatar.com\/avatar\/4ddeae49d2d3e3568a8d5b0937642efdf0b72468dbe3f213bc1978faa47af0d1?s=96&d=wp_user_avatar&r=g\",\"caption\":\"netbakis.net\"},\"sameAs\":[\"https:\/\/netbakis.net\"],\"url\":\"https:\/\/netbakis.net\/tr\/author\/netbakis-net\/\"}]}<\/script>\n<!-- \/ Yoast SEO plugin. -->","yoast_head_json":{"title":"Son dakika... Moskova'da Bayraktar korkusu! Rus medyas\u0131: K\u0131r\u0131m'a sald\u0131r\u0131... - NETBAKIS","robots":{"index":"index","follow":"follow","max-snippet":"max-snippet:-1","max-image-preview":"max-image-preview:large","max-video-preview":"max-video-preview:-1"},"canonical":"https:\/\/netbakis.net\/tr\/6314\/","og_locale":"tr_TR","og_type":"article","og_title":"Son dakika... Moskova'da Bayraktar korkusu! Rus medyas\u0131: K\u0131r\u0131m'a sald\u0131r\u0131... - NETBAKIS","og_description":"Rus medyas\u0131nda \u00e7\u0131kan\u00a0son dakika\u00a0haberlere g\u00f6re, Karadeniz \u00fclkelerinin T\u00fcrk\u00a0Bayraktar TB2\u00a0sipari\u015f vermeye ba\u015flamalar\u0131 Kremlin&#8217;i \u00fcrk\u00fctt\u00fc. K\u0131r\u0131m&#8217;a kar\u015f\u0131\u00a0T\u00fcrkiye\u00a0yap\u0131m\u0131 100&#8217;e yak\u0131n S\u0130HA&#8217;n\u0131n sald\u0131r\u0131 ger\u00e7ekle\u015ftirebilece\u011fini \u00f6ne s\u00fcren Rus bas\u0131n\u0131, &#8220;Ciddi bir tehlikeyle kar\u015f\u0131 kar\u015f\u0131yay\u0131z&#8221; dedi. T\u00fcm d\u00fcnya medyas\u0131 ileri teknoloji T\u00fcrk Bayraktar S\u0130HA&#8217;lar\u0131n\u0131 ve sat\u0131n almak i\u00e7in s\u0131raya giren \u00fclkeleri haberle\u015ftirirken, Rus bas\u0131n\u0131nda ise kayg\u0131 hakim. Ukrayna, Katar, Azerbaycan, Tunus [&hellip;]","og_url":"https:\/\/netbakis.net\/tr\/6314\/","og_site_name":"NETBAKIS","article_published_time":"2021-06-12T05:02:36+00:00","article_modified_time":"2021-06-12T05:02:37+00:00","og_image":[{"width":750,"height":421,"url":"https:\/\/netbakis.net\/wp-content\/uploads\/2021\/06\/60c38eb3adcdeb2f2477b59a.jpg","type":"image\/jpeg"}],"author":"netbakis.net","twitter_card":"summary_large_image","twitter_misc":{"Yazan:":"netbakis.net","Tahmini okuma s\u00fcresi":"7 dakika"},"schema":{"@context":"https:\/\/schema.org","@graph":[{"@type":"WebPage","@id":"https:\/\/netbakis.net\/6314\/","url":"https:\/\/netbakis.net\/6314\/","name":"Son dakika... Moskova'da Bayraktar korkusu! Rus medyas\u0131: K\u0131r\u0131m'a sald\u0131r\u0131... - NETBAKIS","isPartOf":{"@id":"https:\/\/netbakis.net\/#website"},"primaryImageOfPage":{"@id":"https:\/\/netbakis.net\/6314\/#primaryimage"},"image":{"@id":"https:\/\/netbakis.net\/6314\/#primaryimage"},"thumbnailUrl":"https:\/\/netbakis.net\/wp-content\/uploads\/2021\/06\/60c38eb3adcdeb2f2477b59a.jpg","datePublished":"2021-06-12T05:02:36+00:00","dateModified":"2021-06-12T05:02:37+00:00","author":{"@id":"https:\/\/netbakis.net\/#\/schema\/person\/5d9b5c3f48ca4a3c69967d619fc8c7f4"},"breadcrumb":{"@id":"https:\/\/netbakis.net\/6314\/#breadcrumb"},"inLanguage":"tr","potentialAction":[{"@type":"ReadAction","target":["https:\/\/netbakis.net\/6314\/"]}]},{"@type":"ImageObject","inLanguage":"tr","@id":"https:\/\/netbakis.net\/6314\/#primaryimage","url":"https:\/\/netbakis.net\/wp-content\/uploads\/2021\/06\/60c38eb3adcdeb2f2477b59a.jpg","contentUrl":"https:\/\/netbakis.net\/wp-content\/uploads\/2021\/06\/60c38eb3adcdeb2f2477b59a.jpg","width":750,"height":421,"caption":"Bayraktar korkusu"},{"@type":"BreadcrumbList","@id":"https:\/\/netbakis.net\/6314\/#breadcrumb","itemListElement":[{"@type":"ListItem","position":1,"name":"Home","item":"https:\/\/netbakis.net\/"},{"@type":"ListItem","position":2,"name":"Son dakika&#8230; Moskova&#8217;da Bayraktar korkusu! Rus medyas\u0131: K\u0131r\u0131m&#8217;a sald\u0131r\u0131&#8230;"}]},{"@type":"WebSite","@id":"https:\/\/netbakis.net\/#website","url":"https:\/\/netbakis.net\/","name":"NETBAKIS","description":"SON DAKIKA","potentialAction":[{"@type":"SearchAction","target":{"@type":"EntryPoint","urlTemplate":"https:\/\/netbakis.net\/?s={search_term_string}"},"query-input":{"@type":"PropertyValueSpecification","valueRequired":true,"valueName":"search_term_string"}}],"inLanguage":"tr"},{"@type":"Person","@id":"https:\/\/netbakis.net\/#\/schema\/person\/5d9b5c3f48ca4a3c69967d619fc8c7f4","name":"netbakis.net","image":{"@type":"ImageObject","inLanguage":"tr","@id":"https:\/\/netbakis.net\/#\/schema\/person\/image\/","url":"https:\/\/secure.gravatar.com\/avatar\/4ddeae49d2d3e3568a8d5b0937642efdf0b72468dbe3f213bc1978faa47af0d1?s=96&d=wp_user_avatar&r=g","contentUrl":"https:\/\/secure.gravatar.com\/avatar\/4ddeae49d2d3e3568a8d5b0937642efdf0b72468dbe3f213bc1978faa47af0d1?s=96&d=wp_user_avatar&r=g","caption":"netbakis.net"},"sameAs":["https:\/\/netbakis.net"],"url":"https:\/\/netbakis.net\/tr\/author\/netbakis-net\/"}]}},"jetpack_publicize_connections":[],"_links":{"self":[{"href":"https:\/\/netbakis.net\/tr\/wp-json\/wp\/v2\/posts\/6314","targetHints":{"allow":["GET"]}}],"collection":[{"href":"https:\/\/netbakis.net\/tr\/wp-json\/wp\/v2\/posts"}],"about":[{"href":"https:\/\/netbakis.net\/tr\/wp-json\/wp\/v2\/types\/post"}],"author":[{"embeddable":true,"href":"https:\/\/netbakis.net\/tr\/wp-json\/wp\/v2\/users\/1"}],"replies":[{"embeddable":true,"href":"https:\/\/netbakis.net\/tr\/wp-json\/wp\/v2\/comments?post=6314"}],"version-history":[{"count":1,"href":"https:\/\/netbakis.net\/tr\/wp-json\/wp\/v2\/posts\/6314\/revisions"}],"predecessor-version":[{"id":6316,"href":"https:\/\/netbakis.net\/tr\/wp-json\/wp\/v2\/posts\/6314\/revisions\/6316"}],"wp:featuredmedia":[{"embeddable":true,"href":"https:\/\/netbakis.net\/tr\/wp-json\/wp\/v2\/media\/6315"}],"wp:attachment":[{"href":"https:\/\/netbakis.net\/tr\/wp-json\/wp\/v2\/media?parent=6314"}],"wp:term":[{"taxonomy":"category","embeddable":true,"href":"https:\/\/netbakis.net\/tr\/wp-json\/wp\/v2\/categories?post=6314"},{"taxonomy":"post_tag","embeddable":true,"href":"https:\/\/netbakis.net\/tr\/wp-json\/wp\/v2\/tags?post=6314"}],"curies":[{"name":"wp","href":"https:\/\/api.w.org\/{rel}","templated":true}]}}