{"id":6311,"date":"2021-06-12T04:55:10","date_gmt":"2021-06-12T04:55:10","guid":{"rendered":"https:\/\/netbakis.net\/?p=6311"},"modified":"2021-06-12T04:55:13","modified_gmt":"2021-06-12T04:55:13","slug":"zirve-hareketli-basladi","status":"publish","type":"post","link":"https:\/\/netbakis.net\/tr\/6311\/","title":{"rendered":"Zirve hareketli ba\u015flad\u0131"},"content":{"rendered":"<p>G7 Zirvesinin ilk g\u00fcn\u00fcnde liderler aile foto\u011fraf\u0131 \u00e7ektirdi ve ilk g\u00f6r\u00fc\u015fmeler ger\u00e7ekle\u015fti. Zirvede ilk g\u00fcn\u00fcn g\u00fcndemi a\u015f\u0131, iklim de\u011fi\u015fikli\u011fi ve \u00c7in oldu&#8230;<\/p>\n\n\n\n<p>Geli\u015fmi\u015f 7 b\u00fcy\u00fck ekonominin liderlerinin, Kovid-19 salg\u0131n\u0131n\u0131n ba\u015flamas\u0131ndan bu yana ilk kez bir araya geldi\u011fi G7 Zirvesi, Galler\u2019e ba\u011fl\u0131 Cornwall\u2019da d\u00fcn ba\u015flad\u0131. Salg\u0131n nedeniyle az say\u0131da bas\u0131n mensubunun kat\u0131l\u0131m\u0131yla yap\u0131lan G7 Zirvesi, y\u00fcksek g\u00fcvenlik \u00f6nlemleri alt\u0131nda ger\u00e7ekle\u015ftiriyor. Zirvede, devam eden salg\u0131n, k\u00fcresel jeopolitik riskler ve iklim de\u011fi\u015fikli\u011fi gibi \u00f6nemli ba\u015fl\u0131klar ele al\u0131n\u0131yor. Zirvede ilk g\u00fcn\u00fcn en \u00f6nemli g\u00fcndem maddesi \u00c7in oldu.<\/p>\n\n\n\n<p>Zirveye ev sahipli\u011fi yapan\u00a0\u0130ngiltere\u00a0Ba\u015fbakan\u0131 Boris Johnson, d\u00fcnyay\u0131 etkisi alt\u0131na alan Kovid-19 salg\u0131n\u0131n\u0131n bir an \u00f6nce sona ermesi i\u00e7in G7 liderlerine i\u015f birli\u011fi \u00e7a\u011fr\u0131s\u0131nda bulundu. Johnson, liderleri y\u00fcz y\u00fcze g\u00f6rmenin \u00e7ok g\u00fczel oldu\u011funu ifade ederken, \u2018bu pandemiden \u00e7ok \u015fey \u00f6\u011frenmeleri gerekti\u011fini\u2019 belirtti. Johnson, her \u015feye ra\u011fmen, ileriye umutla bakmak i\u00e7in sebepler oldu\u011funu da s\u00f6yledi.<\/p>\n\n\n\n<p><strong>\u2018K\u00fcresel i\u015fbirli\u011fi\u2019<\/strong><\/p>\n\n\n\n<p>Zirvede k\u00fcresel ekonomiyi sarsan salg\u0131nla m\u00fccadele, k\u00fcresel jeopolitik riskler ve iklim de\u011fi\u015fikli\u011fi gibi \u00f6nemli ba\u015fl\u0131klar ele al\u0131nacak. Liderlerin yapaca\u011f\u0131 g\u00f6r\u00fc\u015fmelerin ard\u0131ndan zirvenin son g\u00fcn\u00fcnde \u00f6zellikle iklim de\u011fi\u015fikli\u011fi ve karbon emisyonunun azalt\u0131lmas\u0131 y\u00f6n\u00fcndeki hedefleri ve mesajlar\u0131 i\u00e7eren bir sonu\u00e7 bildirgesinin yay\u0131mlanmas\u0131 bekleniyor. \u0130ngiltere, k\u0131y\u0131 \u015feridi, yama\u00e7lar\u0131 ve kendine do\u011fal dokusu ile tan\u0131nan Cornwall\u2019da d\u00fczenlenen zirvede daha \u00e7evreci \u00e7\u00f6z\u00fcmler i\u00e7in k\u00fcresel i\u015fbirli\u011fi mesaj\u0131 vermeyi planl\u0131yor.<\/p>\n\n\n\n<p>Zirve \u00f6ncesi uluslararas\u0131 \u015firketlerin faaliyette bulunduklar\u0131 her \u00fclkede en az y\u00fczde 15 vergi \u00f6demesi gerekti\u011fi y\u00f6n\u00fcnde ortakla\u015fa karar alan G7 \u00fclkelerinin zirvede konuyla ilgili a\u00e7\u0131klama yapmas\u0131 da bekleniyor.<\/p>\n\n\n\n<p><strong>Avrupa bulu\u015fmas\u0131!<\/strong><\/p>\n\n\n\n<p>G\u00f6r\u00fc\u015fmeler \u00f6ncesi AB Komisyonu Ba\u015fkan\u0131 Ursula von der Leyen, Fransa Cumhurba\u015fkan\u0131 Emmanuel Macron, AB Konseyi Ba\u015fkan\u0131 Charles Michel, Almanya \u015eans\u00f6lyesi Angela Merkel ile \u0130talya Ba\u015fbakan\u0131 Mario Draghi bir bulu\u015fma ger\u00e7ekle\u015ftirdi ve sohbet etti.<\/p>\n\n\n\n<p><strong>Eylemler doludizgin<\/strong><\/p>\n\n\n\n<p>G7 Zirvesi bu y\u0131l yo\u011fun protestolara sahne oluyor. \u00d6zellikle \u00e7evre aktivistleri ve sivil toplum \u00f6rg\u00fctleri, St Ives b\u00f6lgesinde ger\u00e7ekle\u015ftirilen eylemlere yo\u011fun kat\u0131l\u0131m g\u00f6steriyor. Son y\u0131llarda ciddi destek kazanan \u2018Yokolu\u015f \u0130syan\u0131\u2019 \u00fcyeleri, liderleri \u00e7evre konusunda acil \u00f6nlem almaya \u00e7a\u011f\u0131r\u0131yor. \u00d6te yandan karga kost\u00fcm\u00fc giyen bir grup, zirvenin ger\u00e7ekle\u015ftirildi\u011fi esnada Cornwall sahilinde toplanarak G7 \u00fclkelerini protesto etti.<\/p>\n\n\n\n<p><strong>1 milyar doz a\u015f\u0131 ba\u011f\u0131\u015f\u0131<\/strong><\/p>\n\n\n\n<p>\u0130ngiltere Ba\u015fbakan\u0131 Boris Johnson, G7 \u00fclkelerinin 2022 y\u0131l\u0131 sonuna kadar yoksul \u00fclkelere toplam 1 milyar doz\u00a0koronavir\u00fcs\u00a0a\u015f\u0131s\u0131 ba\u011f\u0131\u015flamay\u0131 planland\u0131\u011f\u0131n\u0131 s\u00f6yledi. Ancak G7 \u00fclkelerinin yoksul ve a\u015f\u0131ya ula\u015famayan \u00fclkelere a\u015f\u0131 ba\u011f\u0131\u015f\u0131 yap\u0131laca\u011f\u0131na y\u00f6nelik a\u00e7\u0131klamalar\u0131 yetersiz bulundu. Konuyla ilgili kampanya y\u00fcr\u00fcten organizasyonlar, say\u0131n\u0131n yetersiz oldu\u011funu, s\u00fcrecin ise \u00e7ok yava\u015f ilerledi\u011fini ifade ediyor. ABD, 500 milyon doz, \u0130ngiltere ve\u00a0Kanada\u00a0ise 100\u2019er milyon doz a\u015f\u0131 ba\u011f\u0131\u015flayacaklar\u0131n\u0131 duyurmu\u015ftu. UNICEF de ba\u011f\u0131\u015f i\u00e7in yeni bir kampanya ba\u015flatt\u0131.<\/p>","protected":false},"excerpt":{"rendered":"<p>G7 Zirvesinin ilk g\u00fcn\u00fcnde liderler aile foto\u011fraf\u0131 \u00e7ektirdi ve ilk g\u00f6r\u00fc\u015fmeler ger\u00e7ekle\u015fti. Zirvede ilk g\u00fcn\u00fcn g\u00fcndemi a\u015f\u0131, iklim de\u011fi\u015fikli\u011fi ve \u00c7in oldu&#8230; Geli\u015fmi\u015f 7 b\u00fcy\u00fck ekonominin liderlerinin, Kovid-19 salg\u0131n\u0131n\u0131n ba\u015flamas\u0131ndan bu yana ilk kez bir araya geldi\u011fi G7 Zirvesi, Galler\u2019e ba\u011fl\u0131 Cornwall\u2019da d\u00fcn ba\u015flad\u0131. Salg\u0131n nedeniyle az say\u0131da bas\u0131n mensubunun kat\u0131l\u0131m\u0131yla yap\u0131lan G7 Zirvesi, y\u00fcksek [&hellip;]<\/p>","protected":false},"author":1,"featured_media":6312,"comment_status":"open","ping_status":"open","sticky":false,"template":"","format":"standard","meta":{"om_disable_all_campaigns":false,"_monsterinsights_skip_tracking":false,"_monsterinsights_sitenote_active":false,"_monsterinsights_sitenote_note":"","_monsterinsights_sitenote_category":0,"_uf_show_specific_survey":0,"_uf_disable_surveys":false,"footnotes":"","jetpack_publicize_message":"","jetpack_publicize_feature_enabled":true,"jetpack_social_post_already_shared":false,"jetpack_social_options":{"image_generator_settings":{"template":"highway","default_image_id":0,"font":"","enabled":false},"version":2}},"categories":[85],"tags":[390],"class_list":{"0":"post-6311","1":"post","2":"type-post","3":"status-publish","4":"format-standard","5":"has-post-thumbnail","7":"category-dunya","8":"tag-g7-zirvesi"},"yoast_head":"<!-- This site is optimized with the Yoast SEO plugin v23.8 - https:\/\/yoast.com\/wordpress\/plugins\/seo\/ -->\n<title>Zirve hareketli ba\u015flad\u0131 - NETBAKIS<\/title>\n<meta name=\"robots\" content=\"index, follow, max-snippet:-1, max-image-preview:large, max-video-preview:-1\" \/>\n<link rel=\"canonical\" href=\"https:\/\/netbakis.net\/tr\/6311\/\" \/>\n<meta property=\"og:locale\" content=\"tr_TR\" \/>\n<meta property=\"og:type\" content=\"article\" \/>\n<meta property=\"og:title\" content=\"Zirve hareketli ba\u015flad\u0131 - NETBAKIS\" \/>\n<meta property=\"og:description\" content=\"G7 Zirvesinin ilk g\u00fcn\u00fcnde liderler aile foto\u011fraf\u0131 \u00e7ektirdi ve ilk g\u00f6r\u00fc\u015fmeler ger\u00e7ekle\u015fti. Zirvede ilk g\u00fcn\u00fcn g\u00fcndemi a\u015f\u0131, iklim de\u011fi\u015fikli\u011fi ve \u00c7in oldu&#8230; Geli\u015fmi\u015f 7 b\u00fcy\u00fck ekonominin liderlerinin, Kovid-19 salg\u0131n\u0131n\u0131n ba\u015flamas\u0131ndan bu yana ilk kez bir araya geldi\u011fi G7 Zirvesi, Galler\u2019e ba\u011fl\u0131 Cornwall\u2019da d\u00fcn ba\u015flad\u0131. Salg\u0131n nedeniyle az say\u0131da bas\u0131n mensubunun kat\u0131l\u0131m\u0131yla yap\u0131lan G7 Zirvesi, y\u00fcksek [&hellip;]\" \/>\n<meta property=\"og:url\" content=\"https:\/\/netbakis.net\/tr\/6311\/\" \/>\n<meta property=\"og:site_name\" content=\"NETBAKIS\" \/>\n<meta property=\"article:published_time\" content=\"2021-06-12T04:55:10+00:00\" \/>\n<meta property=\"article:modified_time\" content=\"2021-06-12T04:55:13+00:00\" \/>\n<meta property=\"og:image\" content=\"https:\/\/netbakis.net\/wp-content\/uploads\/2021\/06\/60c3fce955427e23b4b8e97c.jpg\" \/>\n\t<meta property=\"og:image:width\" content=\"731\" \/>\n\t<meta property=\"og:image:height\" content=\"410\" \/>\n\t<meta property=\"og:image:type\" content=\"image\/jpeg\" \/>\n<meta name=\"author\" content=\"netbakis.net\" \/>\n<meta name=\"twitter:card\" content=\"summary_large_image\" \/>\n<meta name=\"twitter:label1\" content=\"Yazan:\" \/>\n\t<meta name=\"twitter:data1\" content=\"netbakis.net\" \/>\n\t<meta name=\"twitter:label2\" content=\"Tahmini okuma s\u00fcresi\" \/>\n\t<meta name=\"twitter:data2\" content=\"2 dakika\" \/>\n<script type=\"application\/ld+json\" class=\"yoast-schema-graph\">{\"@context\":\"https:\/\/schema.org\",\"@graph\":[{\"@type\":\"WebPage\",\"@id\":\"https:\/\/netbakis.net\/6311\/\",\"url\":\"https:\/\/netbakis.net\/6311\/\",\"name\":\"Zirve hareketli ba\u015flad\u0131 - NETBAKIS\",\"isPartOf\":{\"@id\":\"https:\/\/netbakis.net\/#website\"},\"primaryImageOfPage\":{\"@id\":\"https:\/\/netbakis.net\/6311\/#primaryimage\"},\"image\":{\"@id\":\"https:\/\/netbakis.net\/6311\/#primaryimage\"},\"thumbnailUrl\":\"https:\/\/netbakis.net\/wp-content\/uploads\/2021\/06\/60c3fce955427e23b4b8e97c.jpg\",\"datePublished\":\"2021-06-12T04:55:10+00:00\",\"dateModified\":\"2021-06-12T04:55:13+00:00\",\"author\":{\"@id\":\"https:\/\/netbakis.net\/#\/schema\/person\/5d9b5c3f48ca4a3c69967d619fc8c7f4\"},\"breadcrumb\":{\"@id\":\"https:\/\/netbakis.net\/6311\/#breadcrumb\"},\"inLanguage\":\"tr\",\"potentialAction\":[{\"@type\":\"ReadAction\",\"target\":[\"https:\/\/netbakis.net\/6311\/\"]}]},{\"@type\":\"ImageObject\",\"inLanguage\":\"tr\",\"@id\":\"https:\/\/netbakis.net\/6311\/#primaryimage\",\"url\":\"https:\/\/netbakis.net\/wp-content\/uploads\/2021\/06\/60c3fce955427e23b4b8e97c.jpg\",\"contentUrl\":\"https:\/\/netbakis.net\/wp-content\/uploads\/2021\/06\/60c3fce955427e23b4b8e97c.jpg\",\"width\":731,\"height\":410,\"caption\":\"G7 Zirvesi\"},{\"@type\":\"BreadcrumbList\",\"@id\":\"https:\/\/netbakis.net\/6311\/#breadcrumb\",\"itemListElement\":[{\"@type\":\"ListItem\",\"position\":1,\"name\":\"Home\",\"item\":\"https:\/\/netbakis.net\/\"},{\"@type\":\"ListItem\",\"position\":2,\"name\":\"Zirve hareketli ba\u015flad\u0131\"}]},{\"@type\":\"WebSite\",\"@id\":\"https:\/\/netbakis.net\/#website\",\"url\":\"https:\/\/netbakis.net\/\",\"name\":\"NETBAKIS\",\"description\":\"SON DAKIKA\",\"potentialAction\":[{\"@type\":\"SearchAction\",\"target\":{\"@type\":\"EntryPoint\",\"urlTemplate\":\"https:\/\/netbakis.net\/?s={search_term_string}\"},\"query-input\":{\"@type\":\"PropertyValueSpecification\",\"valueRequired\":true,\"valueName\":\"search_term_string\"}}],\"inLanguage\":\"tr\"},{\"@type\":\"Person\",\"@id\":\"https:\/\/netbakis.net\/#\/schema\/person\/5d9b5c3f48ca4a3c69967d619fc8c7f4\",\"name\":\"netbakis.net\",\"image\":{\"@type\":\"ImageObject\",\"inLanguage\":\"tr\",\"@id\":\"https:\/\/netbakis.net\/#\/schema\/person\/image\/\",\"url\":\"https:\/\/secure.gravatar.com\/avatar\/4ddeae49d2d3e3568a8d5b0937642efdf0b72468dbe3f213bc1978faa47af0d1?s=96&d=wp_user_avatar&r=g\",\"contentUrl\":\"https:\/\/secure.gravatar.com\/avatar\/4ddeae49d2d3e3568a8d5b0937642efdf0b72468dbe3f213bc1978faa47af0d1?s=96&d=wp_user_avatar&r=g\",\"caption\":\"netbakis.net\"},\"sameAs\":[\"https:\/\/netbakis.net\"],\"url\":\"https:\/\/netbakis.net\/tr\/author\/netbakis-net\/\"}]}<\/script>\n<!-- \/ Yoast SEO plugin. -->","yoast_head_json":{"title":"Zirve hareketli ba\u015flad\u0131 - NETBAKIS","robots":{"index":"index","follow":"follow","max-snippet":"max-snippet:-1","max-image-preview":"max-image-preview:large","max-video-preview":"max-video-preview:-1"},"canonical":"https:\/\/netbakis.net\/tr\/6311\/","og_locale":"tr_TR","og_type":"article","og_title":"Zirve hareketli ba\u015flad\u0131 - NETBAKIS","og_description":"G7 Zirvesinin ilk g\u00fcn\u00fcnde liderler aile foto\u011fraf\u0131 \u00e7ektirdi ve ilk g\u00f6r\u00fc\u015fmeler ger\u00e7ekle\u015fti. Zirvede ilk g\u00fcn\u00fcn g\u00fcndemi a\u015f\u0131, iklim de\u011fi\u015fikli\u011fi ve \u00c7in oldu&#8230; Geli\u015fmi\u015f 7 b\u00fcy\u00fck ekonominin liderlerinin, Kovid-19 salg\u0131n\u0131n\u0131n ba\u015flamas\u0131ndan bu yana ilk kez bir araya geldi\u011fi G7 Zirvesi, Galler\u2019e ba\u011fl\u0131 Cornwall\u2019da d\u00fcn ba\u015flad\u0131. Salg\u0131n nedeniyle az say\u0131da bas\u0131n mensubunun kat\u0131l\u0131m\u0131yla yap\u0131lan G7 Zirvesi, y\u00fcksek [&hellip;]","og_url":"https:\/\/netbakis.net\/tr\/6311\/","og_site_name":"NETBAKIS","article_published_time":"2021-06-12T04:55:10+00:00","article_modified_time":"2021-06-12T04:55:13+00:00","og_image":[{"width":731,"height":410,"url":"https:\/\/netbakis.net\/wp-content\/uploads\/2021\/06\/60c3fce955427e23b4b8e97c.jpg","type":"image\/jpeg"}],"author":"netbakis.net","twitter_card":"summary_large_image","twitter_misc":{"Yazan:":"netbakis.net","Tahmini okuma s\u00fcresi":"2 dakika"},"schema":{"@context":"https:\/\/schema.org","@graph":[{"@type":"WebPage","@id":"https:\/\/netbakis.net\/6311\/","url":"https:\/\/netbakis.net\/6311\/","name":"Zirve hareketli ba\u015flad\u0131 - NETBAKIS","isPartOf":{"@id":"https:\/\/netbakis.net\/#website"},"primaryImageOfPage":{"@id":"https:\/\/netbakis.net\/6311\/#primaryimage"},"image":{"@id":"https:\/\/netbakis.net\/6311\/#primaryimage"},"thumbnailUrl":"https:\/\/netbakis.net\/wp-content\/uploads\/2021\/06\/60c3fce955427e23b4b8e97c.jpg","datePublished":"2021-06-12T04:55:10+00:00","dateModified":"2021-06-12T04:55:13+00:00","author":{"@id":"https:\/\/netbakis.net\/#\/schema\/person\/5d9b5c3f48ca4a3c69967d619fc8c7f4"},"breadcrumb":{"@id":"https:\/\/netbakis.net\/6311\/#breadcrumb"},"inLanguage":"tr","potentialAction":[{"@type":"ReadAction","target":["https:\/\/netbakis.net\/6311\/"]}]},{"@type":"ImageObject","inLanguage":"tr","@id":"https:\/\/netbakis.net\/6311\/#primaryimage","url":"https:\/\/netbakis.net\/wp-content\/uploads\/2021\/06\/60c3fce955427e23b4b8e97c.jpg","contentUrl":"https:\/\/netbakis.net\/wp-content\/uploads\/2021\/06\/60c3fce955427e23b4b8e97c.jpg","width":731,"height":410,"caption":"G7 Zirvesi"},{"@type":"BreadcrumbList","@id":"https:\/\/netbakis.net\/6311\/#breadcrumb","itemListElement":[{"@type":"ListItem","position":1,"name":"Home","item":"https:\/\/netbakis.net\/"},{"@type":"ListItem","position":2,"name":"Zirve hareketli ba\u015flad\u0131"}]},{"@type":"WebSite","@id":"https:\/\/netbakis.net\/#website","url":"https:\/\/netbakis.net\/","name":"NETBAKIS","description":"SON DAKIKA","potentialAction":[{"@type":"SearchAction","target":{"@type":"EntryPoint","urlTemplate":"https:\/\/netbakis.net\/?s={search_term_string}"},"query-input":{"@type":"PropertyValueSpecification","valueRequired":true,"valueName":"search_term_string"}}],"inLanguage":"tr"},{"@type":"Person","@id":"https:\/\/netbakis.net\/#\/schema\/person\/5d9b5c3f48ca4a3c69967d619fc8c7f4","name":"netbakis.net","image":{"@type":"ImageObject","inLanguage":"tr","@id":"https:\/\/netbakis.net\/#\/schema\/person\/image\/","url":"https:\/\/secure.gravatar.com\/avatar\/4ddeae49d2d3e3568a8d5b0937642efdf0b72468dbe3f213bc1978faa47af0d1?s=96&d=wp_user_avatar&r=g","contentUrl":"https:\/\/secure.gravatar.com\/avatar\/4ddeae49d2d3e3568a8d5b0937642efdf0b72468dbe3f213bc1978faa47af0d1?s=96&d=wp_user_avatar&r=g","caption":"netbakis.net"},"sameAs":["https:\/\/netbakis.net"],"url":"https:\/\/netbakis.net\/tr\/author\/netbakis-net\/"}]}},"jetpack_publicize_connections":[],"_links":{"self":[{"href":"https:\/\/netbakis.net\/tr\/wp-json\/wp\/v2\/posts\/6311","targetHints":{"allow":["GET"]}}],"collection":[{"href":"https:\/\/netbakis.net\/tr\/wp-json\/wp\/v2\/posts"}],"about":[{"href":"https:\/\/netbakis.net\/tr\/wp-json\/wp\/v2\/types\/post"}],"author":[{"embeddable":true,"href":"https:\/\/netbakis.net\/tr\/wp-json\/wp\/v2\/users\/1"}],"replies":[{"embeddable":true,"href":"https:\/\/netbakis.net\/tr\/wp-json\/wp\/v2\/comments?post=6311"}],"version-history":[{"count":1,"href":"https:\/\/netbakis.net\/tr\/wp-json\/wp\/v2\/posts\/6311\/revisions"}],"predecessor-version":[{"id":6313,"href":"https:\/\/netbakis.net\/tr\/wp-json\/wp\/v2\/posts\/6311\/revisions\/6313"}],"wp:featuredmedia":[{"embeddable":true,"href":"https:\/\/netbakis.net\/tr\/wp-json\/wp\/v2\/media\/6312"}],"wp:attachment":[{"href":"https:\/\/netbakis.net\/tr\/wp-json\/wp\/v2\/media?parent=6311"}],"wp:term":[{"taxonomy":"category","embeddable":true,"href":"https:\/\/netbakis.net\/tr\/wp-json\/wp\/v2\/categories?post=6311"},{"taxonomy":"post_tag","embeddable":true,"href":"https:\/\/netbakis.net\/tr\/wp-json\/wp\/v2\/tags?post=6311"}],"curies":[{"name":"wp","href":"https:\/\/api.w.org\/{rel}","templated":true}]}}