{"id":6305,"date":"2021-06-11T15:10:38","date_gmt":"2021-06-11T15:10:38","guid":{"rendered":"https:\/\/netbakis.net\/?p=6305"},"modified":"2021-06-11T15:10:39","modified_gmt":"2021-06-11T15:10:39","slug":"israil-askerlerinin-bati-seriadaki-gosterilere-mudahalesinde-bir-filistinli-hayatini-kaybetti","status":"publish","type":"post","link":"https:\/\/netbakis.net\/tr\/6305\/","title":{"rendered":"\u0130srail askerlerinin Bat\u0131 \u015eeria\u2019daki g\u00f6sterilere m\u00fcdahalesinde bir Filistinli hayat\u0131n\u0131 kaybetti"},"content":{"rendered":"<p>\u0130srail askerlerinin i\u015fgal alt\u0131ndaki Bat\u0131 \u015eeria\u2019n\u0131n Nablus kentinde Yahudi yerle\u015fim birimlerine kar\u015f\u0131 d\u00fczenlenen g\u00f6steriye m\u00fcdahalesinde Filistinli bir \u00e7ocuk hayat\u0131n\u0131 kaybetti, 9 ki\u015fi yaraland\u0131.<\/p>\n\n\n\n<p>Filistinli gruplar\u0131n \u00e7a\u011fr\u0131s\u0131 \u00fczerine, Nablus\u2019un Beyta ile Beyt Decin, Kalkiliya kentine ba\u011fl\u0131 Kefr Kaddum ve Ramallah\u2019\u0131n Silvad beldelerinde Yahudi yerle\u015fim birimleri kar\u015f\u0131t\u0131 g\u00f6steriler d\u00fczenlendi.<br><br>\u0130srail askerleri, Bat\u0131 \u015eeria\u2019n\u0131n \u00e7e\u015fitli yerlerinde d\u00fczenlenen bu g\u00f6sterilere ger\u00e7ek ile plastik mermi ve g\u00f6z ya\u015fart\u0131c\u0131 gazlarla sald\u0131r\u0131rken, Filistinliler ise yollarda ara\u00e7 lastikleri yakarak ta\u015flarla kar\u015f\u0131l\u0131k verdi.<br><br>Filistin Sa\u011fl\u0131k Bakanl\u0131\u011f\u0131ndan yap\u0131lan yaz\u0131l\u0131 a\u00e7\u0131klamada, Nablus\u2019a ba\u011fl\u0131 Beyta beldesindeki olaylarda \u0130srail askerlerinin ger\u00e7ek mermiyle a\u00e7t\u0131\u011f\u0131 ate\u015fte bir Filistinlinin hayat\u0131n\u0131 kaybetti\u011fi belirtildi.<br><br>A\u00e7\u0131klamada, hayat\u0131n\u0131 kaybeden Filistinlinin kimli\u011fine ili\u015fkin hen\u00fcz bir bilgiye yer verilmezken, ayr\u0131ca ger\u00e7ek mermilerle yaralanan 6 Filistinlinin Nablus\u2019taki Rafediya Devlet Hastanesine nakledildi\u011fi kaydedildi.<\/p>\n\n\n\n<p>Yerel kaynaklarda yer alan bilgiye g\u00f6re, hayat\u0131n\u0131 kaybeden ki\u015finin 15 ya\u015f\u0131ndaki Muhammed Said Hamayil adl\u0131 bir Filistinli oldu\u011fu ifade edildi.<br><br>\u00d6te yandan Filistin K\u0131z\u0131lay\u0131ndan yap\u0131lan yaz\u0131l\u0131 a\u00e7\u0131klamada, ise Rafediya Devlet Hastanesine kald\u0131r\u0131lan 6 ki\u015fi de dahil Beyta beldesinde 9 Filistinlinin yaraland\u0131\u011f\u0131 belirtildi.<br><br>A\u00e7\u0131klamada, Bat\u0131 \u015eeria\u2019n\u0131n \u00e7e\u015fitli noktalar\u0131nda d\u00fczenlenen g\u00f6sterilerde onlarca ki\u015finin de g\u00f6z ya\u015fart\u0131c\u0131 gazdan etkilendi\u011fi vurguland\u0131.<br><br>Bat\u0131 \u015eeria\u2019daki olaylar hala devam ediyor.<\/p>\n\n\n\n<h3 class=\"wp-block-heading\">Yasa d\u0131\u015f\u0131 Yahudi yerle\u015fim birimleri ve Ayr\u0131m Duvar\u0131<\/h3>\n\n\n\n<p>\u0130srail&#8217;in 1967&#8217;de i\u015fgal etti\u011fi Bat\u0131 \u015eeria&#8217;da 250&#8217;den fazla yasa d\u0131\u015f\u0131 Yahudi yerle\u015fim birimi bulunuyor. Bu yerlerde ikamet eden 500 binden fazla Yahudi yerle\u015fimci, Bat\u0131 \u015eeria&#8217;da i\u015fgal alt\u0131nda ya\u015fayan Filistinliler i\u00e7in hayat\u0131 daha da zor hale getiriyor.<br><br>Uluslararas\u0131 hukuka g\u00f6re, i\u015fgal alt\u0131ndaki topraklarda bulunan t\u00fcm Yahudi yerle\u015fim birimleri yasa d\u0131\u015f\u0131 kabul ediliyor.<br><br>Filistin&#8217;de 2000 y\u0131l\u0131nda patlak veren Aksa \u0130ntifadas\u0131&#8217;n\u0131n (2. \u0130ntifada) ard\u0131ndan \u0130srail y\u00f6netimi, 2002&#8217;de &#8220;g\u00fcvenlik&#8221; gerek\u00e7esiyle Bat\u0131 \u015eeria ile \u0130srail aras\u0131na &#8220;Ayr\u0131m Duvar\u0131&#8221; in\u015fas\u0131na ba\u015flam\u0131\u015ft\u0131. Ayr\u0131m Duvar\u0131 nedeniyle Bat\u0131 \u015eeria&#8217;daki 3 milyona yak\u0131n Filistinli, i\u015fgal alt\u0131ndaki Do\u011fu Kud\u00fcs ve \u0130srail&#8217;e ge\u00e7emiyor.<br><br>Ayr\u0131m Duvar\u0131 ve yasa d\u0131\u015f\u0131 Yahudi yerle\u015fim birimleri in\u015fas\u0131na kar\u015f\u0131 her hafta cuma g\u00fcn\u00fc d\u00fczenlenen protestolara, \u0130srail askerleri ger\u00e7ek ve plastik merminin yan\u0131 s\u0131ra g\u00f6z ya\u015fart\u0131c\u0131 gaz ve bazen tazyikli at\u0131k suyla m\u00fcdahale ediyor.<\/p>","protected":false},"excerpt":{"rendered":"<p>\u0130srail askerlerinin i\u015fgal alt\u0131ndaki Bat\u0131 \u015eeria\u2019n\u0131n Nablus kentinde Yahudi yerle\u015fim birimlerine kar\u015f\u0131 d\u00fczenlenen g\u00f6steriye m\u00fcdahalesinde Filistinli bir \u00e7ocuk hayat\u0131n\u0131 kaybetti, 9 ki\u015fi yaraland\u0131. Filistinli gruplar\u0131n \u00e7a\u011fr\u0131s\u0131 \u00fczerine, Nablus\u2019un Beyta ile Beyt Decin, Kalkiliya kentine ba\u011fl\u0131 Kefr Kaddum ve Ramallah\u2019\u0131n Silvad beldelerinde Yahudi yerle\u015fim birimleri kar\u015f\u0131t\u0131 g\u00f6steriler d\u00fczenlendi. \u0130srail askerleri, Bat\u0131 \u015eeria\u2019n\u0131n \u00e7e\u015fitli yerlerinde d\u00fczenlenen bu [&hellip;]<\/p>","protected":false},"author":1,"featured_media":6306,"comment_status":"open","ping_status":"open","sticky":false,"template":"","format":"standard","meta":{"om_disable_all_campaigns":false,"_monsterinsights_skip_tracking":false,"_monsterinsights_sitenote_active":false,"_monsterinsights_sitenote_note":"","_monsterinsights_sitenote_category":0,"_uf_show_specific_survey":0,"_uf_disable_surveys":false,"footnotes":"","jetpack_publicize_message":"","jetpack_publicize_feature_enabled":true,"jetpack_social_post_already_shared":false,"jetpack_social_options":{"image_generator_settings":{"template":"highway","default_image_id":0,"font":"","enabled":false},"version":2}},"categories":[85],"tags":[149],"class_list":{"0":"post-6305","1":"post","2":"type-post","3":"status-publish","4":"format-standard","5":"has-post-thumbnail","7":"category-dunya","8":"tag-israil-polisi"},"yoast_head":"<!-- This site is optimized with the Yoast SEO plugin v23.8 - https:\/\/yoast.com\/wordpress\/plugins\/seo\/ -->\n<title>\u0130srail askerlerinin Bat\u0131 \u015eeria\u2019daki g\u00f6sterilere m\u00fcdahalesinde bir Filistinli hayat\u0131n\u0131 kaybetti - NETBAKIS<\/title>\n<meta name=\"robots\" content=\"index, follow, max-snippet:-1, max-image-preview:large, max-video-preview:-1\" \/>\n<link rel=\"canonical\" href=\"https:\/\/netbakis.net\/tr\/6305\/\" \/>\n<meta property=\"og:locale\" content=\"tr_TR\" \/>\n<meta property=\"og:type\" content=\"article\" \/>\n<meta property=\"og:title\" content=\"\u0130srail askerlerinin Bat\u0131 \u015eeria\u2019daki g\u00f6sterilere m\u00fcdahalesinde bir Filistinli hayat\u0131n\u0131 kaybetti - NETBAKIS\" \/>\n<meta property=\"og:description\" content=\"\u0130srail askerlerinin i\u015fgal alt\u0131ndaki Bat\u0131 \u015eeria\u2019n\u0131n Nablus kentinde Yahudi yerle\u015fim birimlerine kar\u015f\u0131 d\u00fczenlenen g\u00f6steriye m\u00fcdahalesinde Filistinli bir \u00e7ocuk hayat\u0131n\u0131 kaybetti, 9 ki\u015fi yaraland\u0131. Filistinli gruplar\u0131n \u00e7a\u011fr\u0131s\u0131 \u00fczerine, Nablus\u2019un Beyta ile Beyt Decin, Kalkiliya kentine ba\u011fl\u0131 Kefr Kaddum ve Ramallah\u2019\u0131n Silvad beldelerinde Yahudi yerle\u015fim birimleri kar\u015f\u0131t\u0131 g\u00f6steriler d\u00fczenlendi. \u0130srail askerleri, Bat\u0131 \u015eeria\u2019n\u0131n \u00e7e\u015fitli yerlerinde d\u00fczenlenen bu [&hellip;]\" \/>\n<meta property=\"og:url\" content=\"https:\/\/netbakis.net\/tr\/6305\/\" \/>\n<meta property=\"og:site_name\" content=\"NETBAKIS\" \/>\n<meta property=\"article:published_time\" content=\"2021-06-11T15:10:38+00:00\" \/>\n<meta property=\"article:modified_time\" content=\"2021-06-11T15:10:39+00:00\" \/>\n<meta property=\"og:image\" content=\"https:\/\/netbakis.net\/wp-content\/uploads\/2021\/06\/thumbs_b_c_278b459024e612dfd19a6f8c952cfd04.jpg\" \/>\n\t<meta property=\"og:image:width\" content=\"864\" \/>\n\t<meta property=\"og:image:height\" content=\"486\" \/>\n\t<meta property=\"og:image:type\" content=\"image\/jpeg\" \/>\n<meta name=\"author\" content=\"netbakis.net\" \/>\n<meta name=\"twitter:card\" content=\"summary_large_image\" \/>\n<meta name=\"twitter:label1\" content=\"Yazan:\" \/>\n\t<meta name=\"twitter:data1\" content=\"netbakis.net\" \/>\n\t<meta name=\"twitter:label2\" content=\"Tahmini okuma s\u00fcresi\" \/>\n\t<meta name=\"twitter:data2\" content=\"2 dakika\" \/>\n<script type=\"application\/ld+json\" class=\"yoast-schema-graph\">{\"@context\":\"https:\/\/schema.org\",\"@graph\":[{\"@type\":\"WebPage\",\"@id\":\"https:\/\/netbakis.net\/6305\/\",\"url\":\"https:\/\/netbakis.net\/6305\/\",\"name\":\"\u0130srail askerlerinin Bat\u0131 \u015eeria\u2019daki g\u00f6sterilere m\u00fcdahalesinde bir Filistinli hayat\u0131n\u0131 kaybetti - NETBAKIS\",\"isPartOf\":{\"@id\":\"https:\/\/netbakis.net\/#website\"},\"primaryImageOfPage\":{\"@id\":\"https:\/\/netbakis.net\/6305\/#primaryimage\"},\"image\":{\"@id\":\"https:\/\/netbakis.net\/6305\/#primaryimage\"},\"thumbnailUrl\":\"https:\/\/netbakis.net\/wp-content\/uploads\/2021\/06\/thumbs_b_c_278b459024e612dfd19a6f8c952cfd04.jpg\",\"datePublished\":\"2021-06-11T15:10:38+00:00\",\"dateModified\":\"2021-06-11T15:10:39+00:00\",\"author\":{\"@id\":\"https:\/\/netbakis.net\/#\/schema\/person\/5d9b5c3f48ca4a3c69967d619fc8c7f4\"},\"breadcrumb\":{\"@id\":\"https:\/\/netbakis.net\/6305\/#breadcrumb\"},\"inLanguage\":\"tr\",\"potentialAction\":[{\"@type\":\"ReadAction\",\"target\":[\"https:\/\/netbakis.net\/6305\/\"]}]},{\"@type\":\"ImageObject\",\"inLanguage\":\"tr\",\"@id\":\"https:\/\/netbakis.net\/6305\/#primaryimage\",\"url\":\"https:\/\/netbakis.net\/wp-content\/uploads\/2021\/06\/thumbs_b_c_278b459024e612dfd19a6f8c952cfd04.jpg\",\"contentUrl\":\"https:\/\/netbakis.net\/wp-content\/uploads\/2021\/06\/thumbs_b_c_278b459024e612dfd19a6f8c952cfd04.jpg\",\"width\":864,\"height\":486,\"caption\":\"\u0130srail\"},{\"@type\":\"BreadcrumbList\",\"@id\":\"https:\/\/netbakis.net\/6305\/#breadcrumb\",\"itemListElement\":[{\"@type\":\"ListItem\",\"position\":1,\"name\":\"Home\",\"item\":\"https:\/\/netbakis.net\/\"},{\"@type\":\"ListItem\",\"position\":2,\"name\":\"\u0130srail askerlerinin Bat\u0131 \u015eeria\u2019daki g\u00f6sterilere m\u00fcdahalesinde bir Filistinli hayat\u0131n\u0131 kaybetti\"}]},{\"@type\":\"WebSite\",\"@id\":\"https:\/\/netbakis.net\/#website\",\"url\":\"https:\/\/netbakis.net\/\",\"name\":\"NETBAKIS\",\"description\":\"SON DAKIKA\",\"potentialAction\":[{\"@type\":\"SearchAction\",\"target\":{\"@type\":\"EntryPoint\",\"urlTemplate\":\"https:\/\/netbakis.net\/?s={search_term_string}\"},\"query-input\":{\"@type\":\"PropertyValueSpecification\",\"valueRequired\":true,\"valueName\":\"search_term_string\"}}],\"inLanguage\":\"tr\"},{\"@type\":\"Person\",\"@id\":\"https:\/\/netbakis.net\/#\/schema\/person\/5d9b5c3f48ca4a3c69967d619fc8c7f4\",\"name\":\"netbakis.net\",\"image\":{\"@type\":\"ImageObject\",\"inLanguage\":\"tr\",\"@id\":\"https:\/\/netbakis.net\/#\/schema\/person\/image\/\",\"url\":\"https:\/\/secure.gravatar.com\/avatar\/4ddeae49d2d3e3568a8d5b0937642efdf0b72468dbe3f213bc1978faa47af0d1?s=96&d=wp_user_avatar&r=g\",\"contentUrl\":\"https:\/\/secure.gravatar.com\/avatar\/4ddeae49d2d3e3568a8d5b0937642efdf0b72468dbe3f213bc1978faa47af0d1?s=96&d=wp_user_avatar&r=g\",\"caption\":\"netbakis.net\"},\"sameAs\":[\"https:\/\/netbakis.net\"],\"url\":\"https:\/\/netbakis.net\/tr\/author\/netbakis-net\/\"}]}<\/script>\n<!-- \/ Yoast SEO plugin. -->","yoast_head_json":{"title":"\u0130srail askerlerinin Bat\u0131 \u015eeria\u2019daki g\u00f6sterilere m\u00fcdahalesinde bir Filistinli hayat\u0131n\u0131 kaybetti - NETBAKIS","robots":{"index":"index","follow":"follow","max-snippet":"max-snippet:-1","max-image-preview":"max-image-preview:large","max-video-preview":"max-video-preview:-1"},"canonical":"https:\/\/netbakis.net\/tr\/6305\/","og_locale":"tr_TR","og_type":"article","og_title":"\u0130srail askerlerinin Bat\u0131 \u015eeria\u2019daki g\u00f6sterilere m\u00fcdahalesinde bir Filistinli hayat\u0131n\u0131 kaybetti - NETBAKIS","og_description":"\u0130srail askerlerinin i\u015fgal alt\u0131ndaki Bat\u0131 \u015eeria\u2019n\u0131n Nablus kentinde Yahudi yerle\u015fim birimlerine kar\u015f\u0131 d\u00fczenlenen g\u00f6steriye m\u00fcdahalesinde Filistinli bir \u00e7ocuk hayat\u0131n\u0131 kaybetti, 9 ki\u015fi yaraland\u0131. Filistinli gruplar\u0131n \u00e7a\u011fr\u0131s\u0131 \u00fczerine, Nablus\u2019un Beyta ile Beyt Decin, Kalkiliya kentine ba\u011fl\u0131 Kefr Kaddum ve Ramallah\u2019\u0131n Silvad beldelerinde Yahudi yerle\u015fim birimleri kar\u015f\u0131t\u0131 g\u00f6steriler d\u00fczenlendi. \u0130srail askerleri, Bat\u0131 \u015eeria\u2019n\u0131n \u00e7e\u015fitli yerlerinde d\u00fczenlenen bu [&hellip;]","og_url":"https:\/\/netbakis.net\/tr\/6305\/","og_site_name":"NETBAKIS","article_published_time":"2021-06-11T15:10:38+00:00","article_modified_time":"2021-06-11T15:10:39+00:00","og_image":[{"width":864,"height":486,"url":"https:\/\/netbakis.net\/wp-content\/uploads\/2021\/06\/thumbs_b_c_278b459024e612dfd19a6f8c952cfd04.jpg","type":"image\/jpeg"}],"author":"netbakis.net","twitter_card":"summary_large_image","twitter_misc":{"Yazan:":"netbakis.net","Tahmini okuma s\u00fcresi":"2 dakika"},"schema":{"@context":"https:\/\/schema.org","@graph":[{"@type":"WebPage","@id":"https:\/\/netbakis.net\/6305\/","url":"https:\/\/netbakis.net\/6305\/","name":"\u0130srail askerlerinin Bat\u0131 \u015eeria\u2019daki g\u00f6sterilere m\u00fcdahalesinde bir Filistinli hayat\u0131n\u0131 kaybetti - NETBAKIS","isPartOf":{"@id":"https:\/\/netbakis.net\/#website"},"primaryImageOfPage":{"@id":"https:\/\/netbakis.net\/6305\/#primaryimage"},"image":{"@id":"https:\/\/netbakis.net\/6305\/#primaryimage"},"thumbnailUrl":"https:\/\/netbakis.net\/wp-content\/uploads\/2021\/06\/thumbs_b_c_278b459024e612dfd19a6f8c952cfd04.jpg","datePublished":"2021-06-11T15:10:38+00:00","dateModified":"2021-06-11T15:10:39+00:00","author":{"@id":"https:\/\/netbakis.net\/#\/schema\/person\/5d9b5c3f48ca4a3c69967d619fc8c7f4"},"breadcrumb":{"@id":"https:\/\/netbakis.net\/6305\/#breadcrumb"},"inLanguage":"tr","potentialAction":[{"@type":"ReadAction","target":["https:\/\/netbakis.net\/6305\/"]}]},{"@type":"ImageObject","inLanguage":"tr","@id":"https:\/\/netbakis.net\/6305\/#primaryimage","url":"https:\/\/netbakis.net\/wp-content\/uploads\/2021\/06\/thumbs_b_c_278b459024e612dfd19a6f8c952cfd04.jpg","contentUrl":"https:\/\/netbakis.net\/wp-content\/uploads\/2021\/06\/thumbs_b_c_278b459024e612dfd19a6f8c952cfd04.jpg","width":864,"height":486,"caption":"\u0130srail"},{"@type":"BreadcrumbList","@id":"https:\/\/netbakis.net\/6305\/#breadcrumb","itemListElement":[{"@type":"ListItem","position":1,"name":"Home","item":"https:\/\/netbakis.net\/"},{"@type":"ListItem","position":2,"name":"\u0130srail askerlerinin Bat\u0131 \u015eeria\u2019daki g\u00f6sterilere m\u00fcdahalesinde bir Filistinli hayat\u0131n\u0131 kaybetti"}]},{"@type":"WebSite","@id":"https:\/\/netbakis.net\/#website","url":"https:\/\/netbakis.net\/","name":"NETBAKIS","description":"SON DAKIKA","potentialAction":[{"@type":"SearchAction","target":{"@type":"EntryPoint","urlTemplate":"https:\/\/netbakis.net\/?s={search_term_string}"},"query-input":{"@type":"PropertyValueSpecification","valueRequired":true,"valueName":"search_term_string"}}],"inLanguage":"tr"},{"@type":"Person","@id":"https:\/\/netbakis.net\/#\/schema\/person\/5d9b5c3f48ca4a3c69967d619fc8c7f4","name":"netbakis.net","image":{"@type":"ImageObject","inLanguage":"tr","@id":"https:\/\/netbakis.net\/#\/schema\/person\/image\/","url":"https:\/\/secure.gravatar.com\/avatar\/4ddeae49d2d3e3568a8d5b0937642efdf0b72468dbe3f213bc1978faa47af0d1?s=96&d=wp_user_avatar&r=g","contentUrl":"https:\/\/secure.gravatar.com\/avatar\/4ddeae49d2d3e3568a8d5b0937642efdf0b72468dbe3f213bc1978faa47af0d1?s=96&d=wp_user_avatar&r=g","caption":"netbakis.net"},"sameAs":["https:\/\/netbakis.net"],"url":"https:\/\/netbakis.net\/tr\/author\/netbakis-net\/"}]}},"jetpack_publicize_connections":[],"_links":{"self":[{"href":"https:\/\/netbakis.net\/tr\/wp-json\/wp\/v2\/posts\/6305","targetHints":{"allow":["GET"]}}],"collection":[{"href":"https:\/\/netbakis.net\/tr\/wp-json\/wp\/v2\/posts"}],"about":[{"href":"https:\/\/netbakis.net\/tr\/wp-json\/wp\/v2\/types\/post"}],"author":[{"embeddable":true,"href":"https:\/\/netbakis.net\/tr\/wp-json\/wp\/v2\/users\/1"}],"replies":[{"embeddable":true,"href":"https:\/\/netbakis.net\/tr\/wp-json\/wp\/v2\/comments?post=6305"}],"version-history":[{"count":1,"href":"https:\/\/netbakis.net\/tr\/wp-json\/wp\/v2\/posts\/6305\/revisions"}],"predecessor-version":[{"id":6307,"href":"https:\/\/netbakis.net\/tr\/wp-json\/wp\/v2\/posts\/6305\/revisions\/6307"}],"wp:featuredmedia":[{"embeddable":true,"href":"https:\/\/netbakis.net\/tr\/wp-json\/wp\/v2\/media\/6306"}],"wp:attachment":[{"href":"https:\/\/netbakis.net\/tr\/wp-json\/wp\/v2\/media?parent=6305"}],"wp:term":[{"taxonomy":"category","embeddable":true,"href":"https:\/\/netbakis.net\/tr\/wp-json\/wp\/v2\/categories?post=6305"},{"taxonomy":"post_tag","embeddable":true,"href":"https:\/\/netbakis.net\/tr\/wp-json\/wp\/v2\/tags?post=6305"}],"curies":[{"name":"wp","href":"https:\/\/api.w.org\/{rel}","templated":true}]}}