{"id":6297,"date":"2021-06-11T15:07:22","date_gmt":"2021-06-11T15:07:22","guid":{"rendered":"https:\/\/netbakis.net\/?p=6297"},"modified":"2021-06-11T15:07:22","modified_gmt":"2021-06-11T15:07:22","slug":"saner-ulkedeki-covid-19-vaka-rakamlari-bu-sekilde-giderse-yesil-ulke-olacagiz","status":"publish","type":"post","link":"https:\/\/netbakis.net\/tr\/6297\/","title":{"rendered":"Saner: \u00dclkedeki Covid-19 Vaka Rakamlar\u0131 Bu \u015eekilde Giderse, \u2018Ye\u015fil\u2019 \u00dclke Olaca\u011f\u0131z"},"content":{"rendered":"<p><strong>Ba\u015fbakan Ersan Saner, y\u00fcz y\u00fcze e\u011fitim ba\u015flamas\u0131 i\u00e7in a\u015f\u0131laman\u0131n gereklili\u011fine i\u015faret ederek, T\u00fcrkiye\u2019den gelecek \u201cciddi miktarda\u201d a\u015f\u0131 sayesinde, a\u015f\u0131laman\u0131n h\u0131zlanaca\u011f\u0131n\u0131 ve Eyl\u00fcl ay\u0131nda y\u00fcz y\u00fcze e\u011fitimin ba\u015flamas\u0131n\u0131n \u00f6n\u00fcn\u00fcn a\u00e7\u0131laca\u011f\u0131n\u0131 s\u00f6yledi.<\/strong><\/p>\n\n\n\n<p>Saner, Y\u00fcksek\u00f6\u011fretim Planlama, Denetleme, Akreditasyon ve Koordinasyon Kurulu (Y\u00d6DAK) Ba\u015fkan\u0131 Turgay Avc\u0131\u2019y\u0131 kabul etti.<\/p>\n\n\n\n<p>Ba\u015fbakanl\u0131k \u015eeref Salonu\u2019nda yer alan g\u00f6r\u00fc\u015fmede, gelecek d\u00f6nemde y\u00fcksek\u00f6\u011frenimin durumu, y\u00fcz y\u00fcze e\u011fitimin ba\u015flamas\u0131 ve artan \u00fcniversite ve \u00f6\u011frenci say\u0131s\u0131yla birlikte Y\u00d6DAK\u2019\u0131n yap\u0131s\u0131n\u0131n g\u00fc\u00e7lendirilmesi g\u00f6r\u00fc\u015f\u00fcld\u00fc.<\/p>\n\n\n\n<p><strong>SANER: \u201c\u00dcN\u0130VERS\u0130TELERDE VER\u0130LEN E\u011e\u0130T\u0130M\u0130N \u00d6ZG\u00dcN, KAL\u0130TEL\u0130 VE D\u00dcNYAYLA REKABET \u0130\u00c7\u0130NDE OLAB\u0130LMES\u0130 B\u0130Z\u0130M \u0130\u00c7\u0130N \u00d6NEM ARZ ED\u0130YOR\u201d<\/strong><\/p>\n\n\n\n<p>Saner, \u00fclkedeki t\u00fcm \u00fcniversitelerin ba\u011fl\u0131 oldu\u011fu ve bu \u00fcniversitelerin denetim ve planlanmas\u0131n\u0131 yapan tek kurum olarak Y\u00d6DAK\u2019\u0131n g\u00f6rev ve sorumluluklar\u0131n\u0131n \u00e7ok b\u00fcy\u00fck oldu\u011funu s\u00f6yledi.<\/p>\n\n\n\n<p>Saner, \u201c\u00dcniversitelerimizin verdi\u011fi e\u011fitimin \u00f6zg\u00fcn, kaliteli ve d\u00fcnyayla rekabet i\u00e7erisinde olabilmesi bizim i\u00e7in \u00f6nem arz etmektedir. Bu g\u00f6rev de sizin omuzlar\u0131n\u0131zdad\u0131r\u201d dedi.<\/p>\n\n\n\n<p>Saner, y\u00fcz y\u00fcze e\u011fitimin ba\u015flamas\u0131na y\u00f6nelik g\u00f6reve geldikleri ilk g\u00fcnden itibaren \u00e7al\u0131\u015fmaya ba\u015flad\u0131klar\u0131n\u0131, 16 Aral\u0131k\u2019ta 6 bakanla toplan\u0131p turizm ve y\u00fcksek\u00f6\u011frenim sekt\u00f6r\u00fcnde neler yapabilecekleri g\u00f6r\u00fc\u015ft\u00fcklerini, ard\u0131ndan da, rekt\u00f6rlerin \u00f6nerilerini de dinleyerek, mezun olma a\u015famas\u0131ndaki 13 bin 500 \u00f6\u011frenciyi pandemi s\u00fcrecinde adaya getirdiklerini hat\u0131rlatt\u0131.<\/p>\n\n\n\n<p><strong>\u201c\u00dcLKEDEK\u0130 COVID-19 VAKA RAKAMLARI BU \u015eEK\u0130LDE G\u0130DERSE, \u2018YE\u015e\u0130L\u2019 \u00dcLKE OLACA\u011eIZ\u201d<\/strong><\/p>\n\n\n\n<p>H\u00fck\u00fcmetin pandemi s\u00fcrecini \u00e7ok iyi y\u00f6netti\u011fini ve salg\u0131na yakalanan ve salg\u0131ndan hayat\u0131n\u0131 kaybeden insan say\u0131s\u0131na bak\u0131ld\u0131\u011f\u0131nda KKTC\u2019nin en iyi durumdaki \u00fclkelerden biri oldu\u011funu kaydeden Saner, \u201cD\u00fcnyadaki ilk 10 \u00fclke aras\u0131nda bulundu\u011fumuzu gururla s\u00f6yleyebilirim. Hatta bu rakamlar bir s\u00fcre daha devam ederse \u201cye\u015fil \u00fclke\u201d kategorisinde olaca\u011f\u0131z ve bu bizi y\u00fcksek\u00f6\u011frenimde avantajl\u0131 k\u0131lacak\u201d dedi.<\/p>\n\n\n\n<p><strong>\u201cANAVATAN T\u00dcRK\u0130YE\u2019DEN C\u0130DD\u0130 M\u0130KTARDA A\u015eI GELECEK\u201d<\/strong><\/p>\n\n\n\n<p>Saner, KKTC\u2019ye gelen koronavir\u00fcs a\u015f\u0131lar\u0131yla ilgili de bilgi vererek, iki g\u00fcn \u00f6nce T\u00fcrkiye Cumhuriyeti \u00fczerinden, TC Cumhurba\u015fkan\u0131\u2019n\u0131n direktifleriyle 50 bin doz daha a\u015f\u0131 geldi\u011fini ve T\u00fcrkiye\u2019den gelen a\u015f\u0131 miktar\u0131n\u0131n 190 bin doza ula\u015ft\u0131\u011f\u0131n\u0131 hat\u0131rlatt\u0131. Saner, bug\u00fcn de AB\u2019den 21 bin doz daha a\u015f\u0131 geldi\u011fini kaydetti.<\/p>\n\n\n\n<p>\u00d6n\u00fcm\u00fczdeki g\u00fcnlerde AB\u2019den 20 bin doz a\u015f\u0131n\u0131n daha gelmesinin beklendi\u011fini ifade eden Saner, \u201cBundan da \u00f6nemlisi, Anavatan ile s\u00fcrd\u00fcrd\u00fc\u011f\u00fcm\u00fcz isti\u015fareler sonucunda, \u00e7ok ciddi bir miktar a\u015f\u0131 daha gelecek. Bu a\u015f\u0131lar sayesinde y\u00fcz y\u00fcze e\u011fitimin ba\u015flamas\u0131n\u0131n \u00f6n\u00fcn\u00fc a\u00e7aca\u011f\u0131z\u201d dedi.<\/p>\n\n\n\n<p>Saner, gelecek d\u00f6nem i\u00e7in rekt\u00f6rlerle toplant\u0131lar\u0131na \u015fimdiden ba\u015flad\u0131klar\u0131n\u0131 da s\u00f6yleyerek, \u00fclkenin hem \u201cye\u015fil \u00fclke\u201d olarak, hem de \u00f6\u011frencilerin \u00fclkeye geldikten sonra bulaca\u011f\u0131 avantajlar konusunda \u015fimdiden bilgilendirilmesinin \u00f6nemine vurgu yapt\u0131.<\/p>\n\n\n\n<p><strong>AVCI: \u201cY\u00d6DAK\u2019IN DA \u00dcN\u0130VERS\u0130TELERLE AYNI PARALELDE GEL\u0130\u015eMES\u0130 GEREK\u201d<\/strong><\/p>\n\n\n\n<p>Y\u00d6DAK Ba\u015fkan\u0131 Avc\u0131 da konu\u015fmas\u0131nda, geli\u015fen ve say\u0131s\u0131 artan \u00fcniversitelerin daha verimli koordinasyon ve planlanmas\u0131n\u0131n yap\u0131labilmesi i\u00e7in Y\u00d6DAK\u2019\u0131n daha g\u00fc\u00e7l\u00fc bir yap\u0131ya sahip olmas\u0131 gerekti\u011fini belirterek, \u201cY\u00d6DAK kuruldu\u011funda \u00fclkede 2-3 \u00fcniversite, 10-15 bin \u00f6\u011frenci say\u0131m\u0131z vard\u0131. Bug\u00fcn 85 bini aktif 100 bin \u00f6\u011frenci, 21\u2019i aktif, 12 s\u0131rada bekleyen \u00fcniversite var\u201d \u015feklinde konu\u015ftu.<\/p>\n\n\n\n<p><strong>\u201cHEDEF EYL\u00dcLDE Y\u00dcZ Y\u00dcZE E\u011e\u0130T\u0130M\u201d<\/strong><\/p>\n\n\n\n<p>Ba\u015fbakan Saner\u2019in \u00fclkenin en \u00f6nemli ana arterlerinden biri olan y\u00fcksek\u00f6\u011frenime olan hassasiyetini bildi\u011fini ifade eden Avc\u0131, Y\u00d6DAK\u2019\u0131n g\u00fc\u00e7lendirilmesi i\u00e7in gerekli deste\u011fi alacaklar\u0131na inan\u00e7 belirtti.<\/p>\n\n\n\n<p>Y\u00fcz y\u00fcze e\u011fitim \u00f6ncesinde akademik kadro ve \u00fcniversite \u00e7al\u0131\u015fanlar\u0131n\u0131n a\u015f\u0131lanmas\u0131 i\u00e7in \u00e7al\u0131\u015fmalar\u0131n y\u00fcr\u00fct\u00fcld\u00fc\u011f\u00fcn\u00fc belirten Avc\u0131 \u201cOrtak hedefimiz y\u00fcz y\u00fcze e\u011fitim i\u00e7in eyl\u00fcl ay\u0131na hedef koyduk. \u0130n\u015fallah, bu \u00e7al\u0131\u015fmalar sonu\u00e7 verecektir\u201d dedi.<\/p>","protected":false},"excerpt":{"rendered":"<p>Ba\u015fbakan Ersan Saner, y\u00fcz y\u00fcze e\u011fitim ba\u015flamas\u0131 i\u00e7in a\u015f\u0131laman\u0131n gereklili\u011fine i\u015faret ederek, T\u00fcrkiye\u2019den gelecek \u201cciddi miktarda\u201d a\u015f\u0131 sayesinde, a\u015f\u0131laman\u0131n h\u0131zlanaca\u011f\u0131n\u0131 ve Eyl\u00fcl ay\u0131nda y\u00fcz y\u00fcze e\u011fitimin ba\u015flamas\u0131n\u0131n \u00f6n\u00fcn\u00fcn a\u00e7\u0131laca\u011f\u0131n\u0131 s\u00f6yledi. Saner, Y\u00fcksek\u00f6\u011fretim Planlama, Denetleme, Akreditasyon ve Koordinasyon Kurulu (Y\u00d6DAK) Ba\u015fkan\u0131 Turgay Avc\u0131\u2019y\u0131 kabul etti. Ba\u015fbakanl\u0131k \u015eeref Salonu\u2019nda yer alan g\u00f6r\u00fc\u015fmede, gelecek d\u00f6nemde y\u00fcksek\u00f6\u011frenimin durumu, y\u00fcz [&hellip;]<\/p>","protected":false},"author":1,"featured_media":6298,"comment_status":"open","ping_status":"open","sticky":false,"template":"","format":"standard","meta":{"om_disable_all_campaigns":false,"_monsterinsights_skip_tracking":false,"_monsterinsights_sitenote_active":false,"_monsterinsights_sitenote_note":"","_monsterinsights_sitenote_category":0,"_uf_show_specific_survey":0,"_uf_disable_surveys":false,"footnotes":"","jetpack_publicize_message":"","jetpack_publicize_feature_enabled":true,"jetpack_social_post_already_shared":false,"jetpack_social_options":{"image_generator_settings":{"template":"highway","default_image_id":0,"font":"","enabled":false},"version":2}},"categories":[81],"tags":[347],"class_list":{"0":"post-6297","1":"post","2":"type-post","3":"status-publish","4":"format-standard","5":"has-post-thumbnail","7":"category-gundem","8":"tag-saner"},"yoast_head":"<!-- This site is optimized with the Yoast SEO plugin v23.8 - https:\/\/yoast.com\/wordpress\/plugins\/seo\/ -->\n<title>Saner: \u00dclkedeki Covid-19 Vaka Rakamlar\u0131 Bu \u015eekilde Giderse, \u2018Ye\u015fil\u2019 \u00dclke Olaca\u011f\u0131z - NETBAKIS<\/title>\n<meta name=\"robots\" content=\"index, follow, max-snippet:-1, max-image-preview:large, max-video-preview:-1\" \/>\n<link rel=\"canonical\" href=\"https:\/\/netbakis.net\/tr\/6297\/\" \/>\n<meta property=\"og:locale\" content=\"tr_TR\" \/>\n<meta property=\"og:type\" content=\"article\" \/>\n<meta property=\"og:title\" content=\"Saner: \u00dclkedeki Covid-19 Vaka Rakamlar\u0131 Bu \u015eekilde Giderse, \u2018Ye\u015fil\u2019 \u00dclke Olaca\u011f\u0131z - NETBAKIS\" \/>\n<meta property=\"og:description\" content=\"Ba\u015fbakan Ersan Saner, y\u00fcz y\u00fcze e\u011fitim ba\u015flamas\u0131 i\u00e7in a\u015f\u0131laman\u0131n gereklili\u011fine i\u015faret ederek, T\u00fcrkiye\u2019den gelecek \u201cciddi miktarda\u201d a\u015f\u0131 sayesinde, a\u015f\u0131laman\u0131n h\u0131zlanaca\u011f\u0131n\u0131 ve Eyl\u00fcl ay\u0131nda y\u00fcz y\u00fcze e\u011fitimin ba\u015flamas\u0131n\u0131n \u00f6n\u00fcn\u00fcn a\u00e7\u0131laca\u011f\u0131n\u0131 s\u00f6yledi. Saner, Y\u00fcksek\u00f6\u011fretim Planlama, Denetleme, Akreditasyon ve Koordinasyon Kurulu (Y\u00d6DAK) Ba\u015fkan\u0131 Turgay Avc\u0131\u2019y\u0131 kabul etti. Ba\u015fbakanl\u0131k \u015eeref Salonu\u2019nda yer alan g\u00f6r\u00fc\u015fmede, gelecek d\u00f6nemde y\u00fcksek\u00f6\u011frenimin durumu, y\u00fcz [&hellip;]\" \/>\n<meta property=\"og:url\" content=\"https:\/\/netbakis.net\/tr\/6297\/\" \/>\n<meta property=\"og:site_name\" content=\"NETBAKIS\" \/>\n<meta property=\"article:published_time\" content=\"2021-06-11T15:07:22+00:00\" \/>\n<meta property=\"og:image\" content=\"https:\/\/netbakis.net\/wp-content\/uploads\/2021\/06\/unnamed-2.jpg\" \/>\n\t<meta property=\"og:image:width\" content=\"512\" \/>\n\t<meta property=\"og:image:height\" content=\"237\" \/>\n\t<meta property=\"og:image:type\" content=\"image\/jpeg\" \/>\n<meta name=\"author\" content=\"netbakis.net\" \/>\n<meta name=\"twitter:card\" content=\"summary_large_image\" \/>\n<meta name=\"twitter:label1\" content=\"Yazan:\" \/>\n\t<meta name=\"twitter:data1\" content=\"netbakis.net\" \/>\n\t<meta name=\"twitter:label2\" content=\"Tahmini okuma s\u00fcresi\" \/>\n\t<meta name=\"twitter:data2\" content=\"3 dakika\" \/>\n<script type=\"application\/ld+json\" class=\"yoast-schema-graph\">{\"@context\":\"https:\/\/schema.org\",\"@graph\":[{\"@type\":\"WebPage\",\"@id\":\"https:\/\/netbakis.net\/6297\/\",\"url\":\"https:\/\/netbakis.net\/6297\/\",\"name\":\"Saner: \u00dclkedeki Covid-19 Vaka Rakamlar\u0131 Bu \u015eekilde Giderse, \u2018Ye\u015fil\u2019 \u00dclke Olaca\u011f\u0131z - NETBAKIS\",\"isPartOf\":{\"@id\":\"https:\/\/netbakis.net\/#website\"},\"primaryImageOfPage\":{\"@id\":\"https:\/\/netbakis.net\/6297\/#primaryimage\"},\"image\":{\"@id\":\"https:\/\/netbakis.net\/6297\/#primaryimage\"},\"thumbnailUrl\":\"https:\/\/netbakis.net\/wp-content\/uploads\/2021\/06\/unnamed-2.jpg\",\"datePublished\":\"2021-06-11T15:07:22+00:00\",\"dateModified\":\"2021-06-11T15:07:22+00:00\",\"author\":{\"@id\":\"https:\/\/netbakis.net\/#\/schema\/person\/5d9b5c3f48ca4a3c69967d619fc8c7f4\"},\"breadcrumb\":{\"@id\":\"https:\/\/netbakis.net\/6297\/#breadcrumb\"},\"inLanguage\":\"tr\",\"potentialAction\":[{\"@type\":\"ReadAction\",\"target\":[\"https:\/\/netbakis.net\/6297\/\"]}]},{\"@type\":\"ImageObject\",\"inLanguage\":\"tr\",\"@id\":\"https:\/\/netbakis.net\/6297\/#primaryimage\",\"url\":\"https:\/\/netbakis.net\/wp-content\/uploads\/2021\/06\/unnamed-2.jpg\",\"contentUrl\":\"https:\/\/netbakis.net\/wp-content\/uploads\/2021\/06\/unnamed-2.jpg\",\"width\":512,\"height\":237,\"caption\":\"Saner\"},{\"@type\":\"BreadcrumbList\",\"@id\":\"https:\/\/netbakis.net\/6297\/#breadcrumb\",\"itemListElement\":[{\"@type\":\"ListItem\",\"position\":1,\"name\":\"Home\",\"item\":\"https:\/\/netbakis.net\/\"},{\"@type\":\"ListItem\",\"position\":2,\"name\":\"Saner: \u00dclkedeki Covid-19 Vaka Rakamlar\u0131 Bu \u015eekilde Giderse, \u2018Ye\u015fil\u2019 \u00dclke Olaca\u011f\u0131z\"}]},{\"@type\":\"WebSite\",\"@id\":\"https:\/\/netbakis.net\/#website\",\"url\":\"https:\/\/netbakis.net\/\",\"name\":\"NETBAKIS\",\"description\":\"SON DAKIKA\",\"potentialAction\":[{\"@type\":\"SearchAction\",\"target\":{\"@type\":\"EntryPoint\",\"urlTemplate\":\"https:\/\/netbakis.net\/?s={search_term_string}\"},\"query-input\":{\"@type\":\"PropertyValueSpecification\",\"valueRequired\":true,\"valueName\":\"search_term_string\"}}],\"inLanguage\":\"tr\"},{\"@type\":\"Person\",\"@id\":\"https:\/\/netbakis.net\/#\/schema\/person\/5d9b5c3f48ca4a3c69967d619fc8c7f4\",\"name\":\"netbakis.net\",\"image\":{\"@type\":\"ImageObject\",\"inLanguage\":\"tr\",\"@id\":\"https:\/\/netbakis.net\/#\/schema\/person\/image\/\",\"url\":\"https:\/\/secure.gravatar.com\/avatar\/4ddeae49d2d3e3568a8d5b0937642efdf0b72468dbe3f213bc1978faa47af0d1?s=96&d=wp_user_avatar&r=g\",\"contentUrl\":\"https:\/\/secure.gravatar.com\/avatar\/4ddeae49d2d3e3568a8d5b0937642efdf0b72468dbe3f213bc1978faa47af0d1?s=96&d=wp_user_avatar&r=g\",\"caption\":\"netbakis.net\"},\"sameAs\":[\"https:\/\/netbakis.net\"],\"url\":\"https:\/\/netbakis.net\/tr\/author\/netbakis-net\/\"}]}<\/script>\n<!-- \/ Yoast SEO plugin. -->","yoast_head_json":{"title":"Saner: \u00dclkedeki Covid-19 Vaka Rakamlar\u0131 Bu \u015eekilde Giderse, \u2018Ye\u015fil\u2019 \u00dclke Olaca\u011f\u0131z - NETBAKIS","robots":{"index":"index","follow":"follow","max-snippet":"max-snippet:-1","max-image-preview":"max-image-preview:large","max-video-preview":"max-video-preview:-1"},"canonical":"https:\/\/netbakis.net\/tr\/6297\/","og_locale":"tr_TR","og_type":"article","og_title":"Saner: \u00dclkedeki Covid-19 Vaka Rakamlar\u0131 Bu \u015eekilde Giderse, \u2018Ye\u015fil\u2019 \u00dclke Olaca\u011f\u0131z - NETBAKIS","og_description":"Ba\u015fbakan Ersan Saner, y\u00fcz y\u00fcze e\u011fitim ba\u015flamas\u0131 i\u00e7in a\u015f\u0131laman\u0131n gereklili\u011fine i\u015faret ederek, T\u00fcrkiye\u2019den gelecek \u201cciddi miktarda\u201d a\u015f\u0131 sayesinde, a\u015f\u0131laman\u0131n h\u0131zlanaca\u011f\u0131n\u0131 ve Eyl\u00fcl ay\u0131nda y\u00fcz y\u00fcze e\u011fitimin ba\u015flamas\u0131n\u0131n \u00f6n\u00fcn\u00fcn a\u00e7\u0131laca\u011f\u0131n\u0131 s\u00f6yledi. Saner, Y\u00fcksek\u00f6\u011fretim Planlama, Denetleme, Akreditasyon ve Koordinasyon Kurulu (Y\u00d6DAK) Ba\u015fkan\u0131 Turgay Avc\u0131\u2019y\u0131 kabul etti. Ba\u015fbakanl\u0131k \u015eeref Salonu\u2019nda yer alan g\u00f6r\u00fc\u015fmede, gelecek d\u00f6nemde y\u00fcksek\u00f6\u011frenimin durumu, y\u00fcz [&hellip;]","og_url":"https:\/\/netbakis.net\/tr\/6297\/","og_site_name":"NETBAKIS","article_published_time":"2021-06-11T15:07:22+00:00","og_image":[{"width":512,"height":237,"url":"https:\/\/netbakis.net\/wp-content\/uploads\/2021\/06\/unnamed-2.jpg","type":"image\/jpeg"}],"author":"netbakis.net","twitter_card":"summary_large_image","twitter_misc":{"Yazan:":"netbakis.net","Tahmini okuma s\u00fcresi":"3 dakika"},"schema":{"@context":"https:\/\/schema.org","@graph":[{"@type":"WebPage","@id":"https:\/\/netbakis.net\/6297\/","url":"https:\/\/netbakis.net\/6297\/","name":"Saner: \u00dclkedeki Covid-19 Vaka Rakamlar\u0131 Bu \u015eekilde Giderse, \u2018Ye\u015fil\u2019 \u00dclke Olaca\u011f\u0131z - NETBAKIS","isPartOf":{"@id":"https:\/\/netbakis.net\/#website"},"primaryImageOfPage":{"@id":"https:\/\/netbakis.net\/6297\/#primaryimage"},"image":{"@id":"https:\/\/netbakis.net\/6297\/#primaryimage"},"thumbnailUrl":"https:\/\/netbakis.net\/wp-content\/uploads\/2021\/06\/unnamed-2.jpg","datePublished":"2021-06-11T15:07:22+00:00","dateModified":"2021-06-11T15:07:22+00:00","author":{"@id":"https:\/\/netbakis.net\/#\/schema\/person\/5d9b5c3f48ca4a3c69967d619fc8c7f4"},"breadcrumb":{"@id":"https:\/\/netbakis.net\/6297\/#breadcrumb"},"inLanguage":"tr","potentialAction":[{"@type":"ReadAction","target":["https:\/\/netbakis.net\/6297\/"]}]},{"@type":"ImageObject","inLanguage":"tr","@id":"https:\/\/netbakis.net\/6297\/#primaryimage","url":"https:\/\/netbakis.net\/wp-content\/uploads\/2021\/06\/unnamed-2.jpg","contentUrl":"https:\/\/netbakis.net\/wp-content\/uploads\/2021\/06\/unnamed-2.jpg","width":512,"height":237,"caption":"Saner"},{"@type":"BreadcrumbList","@id":"https:\/\/netbakis.net\/6297\/#breadcrumb","itemListElement":[{"@type":"ListItem","position":1,"name":"Home","item":"https:\/\/netbakis.net\/"},{"@type":"ListItem","position":2,"name":"Saner: \u00dclkedeki Covid-19 Vaka Rakamlar\u0131 Bu \u015eekilde Giderse, \u2018Ye\u015fil\u2019 \u00dclke Olaca\u011f\u0131z"}]},{"@type":"WebSite","@id":"https:\/\/netbakis.net\/#website","url":"https:\/\/netbakis.net\/","name":"NETBAKIS","description":"SON DAKIKA","potentialAction":[{"@type":"SearchAction","target":{"@type":"EntryPoint","urlTemplate":"https:\/\/netbakis.net\/?s={search_term_string}"},"query-input":{"@type":"PropertyValueSpecification","valueRequired":true,"valueName":"search_term_string"}}],"inLanguage":"tr"},{"@type":"Person","@id":"https:\/\/netbakis.net\/#\/schema\/person\/5d9b5c3f48ca4a3c69967d619fc8c7f4","name":"netbakis.net","image":{"@type":"ImageObject","inLanguage":"tr","@id":"https:\/\/netbakis.net\/#\/schema\/person\/image\/","url":"https:\/\/secure.gravatar.com\/avatar\/4ddeae49d2d3e3568a8d5b0937642efdf0b72468dbe3f213bc1978faa47af0d1?s=96&d=wp_user_avatar&r=g","contentUrl":"https:\/\/secure.gravatar.com\/avatar\/4ddeae49d2d3e3568a8d5b0937642efdf0b72468dbe3f213bc1978faa47af0d1?s=96&d=wp_user_avatar&r=g","caption":"netbakis.net"},"sameAs":["https:\/\/netbakis.net"],"url":"https:\/\/netbakis.net\/tr\/author\/netbakis-net\/"}]}},"jetpack_publicize_connections":[],"_links":{"self":[{"href":"https:\/\/netbakis.net\/tr\/wp-json\/wp\/v2\/posts\/6297","targetHints":{"allow":["GET"]}}],"collection":[{"href":"https:\/\/netbakis.net\/tr\/wp-json\/wp\/v2\/posts"}],"about":[{"href":"https:\/\/netbakis.net\/tr\/wp-json\/wp\/v2\/types\/post"}],"author":[{"embeddable":true,"href":"https:\/\/netbakis.net\/tr\/wp-json\/wp\/v2\/users\/1"}],"replies":[{"embeddable":true,"href":"https:\/\/netbakis.net\/tr\/wp-json\/wp\/v2\/comments?post=6297"}],"version-history":[{"count":1,"href":"https:\/\/netbakis.net\/tr\/wp-json\/wp\/v2\/posts\/6297\/revisions"}],"predecessor-version":[{"id":6299,"href":"https:\/\/netbakis.net\/tr\/wp-json\/wp\/v2\/posts\/6297\/revisions\/6299"}],"wp:featuredmedia":[{"embeddable":true,"href":"https:\/\/netbakis.net\/tr\/wp-json\/wp\/v2\/media\/6298"}],"wp:attachment":[{"href":"https:\/\/netbakis.net\/tr\/wp-json\/wp\/v2\/media?parent=6297"}],"wp:term":[{"taxonomy":"category","embeddable":true,"href":"https:\/\/netbakis.net\/tr\/wp-json\/wp\/v2\/categories?post=6297"},{"taxonomy":"post_tag","embeddable":true,"href":"https:\/\/netbakis.net\/tr\/wp-json\/wp\/v2\/tags?post=6297"}],"curies":[{"name":"wp","href":"https:\/\/api.w.org\/{rel}","templated":true}]}}