{"id":6289,"date":"2021-06-11T15:03:14","date_gmt":"2021-06-11T15:03:14","guid":{"rendered":"https:\/\/netbakis.net\/?p=6289"},"modified":"2021-06-11T15:03:15","modified_gmt":"2021-06-11T15:03:15","slug":"cumhurbaskani-tatar-lapta-belediyesini-ziyaret-etti","status":"publish","type":"post","link":"https:\/\/netbakis.net\/tr\/6289\/","title":{"rendered":"Cumhurba\u015fkan\u0131 Tatar Lapta Belediyesi\u2019ni ziyaret etti"},"content":{"rendered":"<p>Cumhurba\u015fkan\u0131 Ersin Tatar, Lapta Belediyesi&#8217;ni ziyaret etti. B\u00f6lge halk\u0131yla da bir araya gelen Cumhurba\u015fkan\u0131 Tatar, ayr\u0131ca b\u00f6lge karakoluna da ziyarette bulunarak g\u00f6rev yapan polislerle bir araya geldi.<\/p>\n\n\n\n<p>Cumhurba\u015fkanl\u0131\u011f\u0131\u2019ndan yap\u0131lan a\u00e7\u0131klamaya g\u00f6re, Cumhurba\u015fkan\u0131 Tatar, Lapta Belediyesi\u2019ni ziyaretinde, belediye ba\u015fkan\u0131 Mustafa Aktu\u011f ve belediye \u00e7al\u0131\u015fanlar\u0131yla bir arada olmaktan duydu\u011fu mutlulu\u011fu dile getirdi.<\/p>\n\n\n\n<p>Covid 19 salg\u0131n\u0131n\u0131n, bug\u00fcne kadar iyi y\u00f6netildi\u011fini kaydeden Cumhurba\u015fkan\u0131 Tatar, Lapta b\u00f6lgesindeki belediye ve sa\u011fl\u0131k \u00e7al\u0131\u015fanlar\u0131na, salg\u0131n s\u00fcresinde ortaya koyduklar\u0131 \u00f6zverili \u00e7al\u0131\u015fmalardan dolay\u0131 te\u015fekk\u00fcr etti.<\/p>\n\n\n\n<p>\u00dclkede g\u00fcven ve istikrar\u0131n yakalanmas\u0131ndaki \u00f6neme de\u011finen Cumhurba\u015fkan\u0131 Tatar, KKTC\u2019nin Do\u011fu Akdeniz\u2019deki stratejik konumu nedeniyle daha da g\u00fc\u00e7lendi\u011finin alt\u0131n\u0131 \u00e7izerek, egemen e\u015fitli\u011fe dayal\u0131 iki devletin i\u015f birli\u011fine dayanan bir \u00e7\u00f6z\u00fcm vizyonunun KKTC ve T\u00fcrkiye Cumhuriyeti a\u00e7\u0131s\u0131ndan olduk\u00e7a \u00f6nemli oldu\u011funa dikkat \u00e7ekti.<\/p>\n\n\n\n<p>\u201cVerdi\u011fimiz m\u00fccadele her ge\u00e7en g\u00fcn daha da destek bulmaktad\u0131r\u201d diyen Cumhurba\u015fkan\u0131 Tatar, CHP Ba\u015fkan\u0131 Kemal K\u0131l\u0131\u00e7daro\u011flu\u2019nun da K\u0131br\u0131s\u2019ta art\u0131k iki ba\u011f\u0131ms\u0131z devletin varl\u0131\u011f\u0131n\u0131n savunulmas\u0131 gerekti\u011fiyle ilgili s\u00f6ylemine at\u0131fta bulunarak bu s\u00f6ylemden duydu\u011fu memnuniyete i\u015faret etti.<\/p>\n\n\n\n<p>T\u00fcrkiye Cumhuriyeti Cumhurba\u015fkan\u0131 Recep Tayyip Erdo\u011fan ve h\u00fck\u00fcmetiyle tam bir fikir ve eylem birlikteli\u011fi ile hareket ettiklerine dikkat \u00e7eken Cumhurba\u015fkan\u0131 Tatar, Crans Montana\u2019da ya\u015fanan ba\u015far\u0131s\u0131zl\u0131\u011f\u0131n ard\u0131ndan K\u0131br\u0131sl\u0131 T\u00fcrkler i\u00e7in tehlikeler bar\u0131nd\u0131ran federal \u00e7\u00f6z\u00fcm\u00fcn rafa kalkt\u0131\u011f\u0131n\u0131 kaydetti.<\/p>\n\n\n\n<p><strong>\u201cORTAYA KONAN YEN\u0130 V\u0130ZYON, ONURLU B\u0130R DURU\u015eTUR\u201d<\/strong><\/p>\n\n\n\n<p>Cumhurba\u015fkan\u0131 Tatar, b\u00f6lgedeki istikrar a\u00e7\u0131s\u0131ndan da iki devletli \u00e7\u00f6z\u00fcm\u00fcn zorunlu oldu\u011funa dikkat \u00e7ekerek ortaya konan yeni vizyonun onurlu bir duru\u015f oldu\u011funu belirtti.<\/p>\n\n\n\n<p>T\u00fcrk taraf\u0131n\u0131n yapm\u0131\u015f oldu\u011fu yo\u011fun isti\u015fare ve temaslar sonucunda, 4 Haziran&#8217;dan itibaren iki taraf aras\u0131nda s\u0131n\u0131r ge\u00e7i\u015fleriyle ilgili olarak COVID-19 \u00f6nlemlerinin senkronize edilerek t\u00fcm ge\u00e7i\u015f noktalar\u0131n\u0131n yeniden a\u00e7\u0131ld\u0131\u011f\u0131n\u0131 kaydeden Cumhurba\u015fkan\u0131 Tatar, \u00fc\u00e7\u00fcnc\u00fc \u00fclke vatanda\u015flar\u0131n\u0131n ge\u00e7i\u015fiyle ilgili olarak ortadaki mu\u011flakl\u0131\u011f\u0131n sona ermesi gerekti\u011fini s\u00f6yledi. Cumhurba\u015fkan\u0131 Tatar, t\u00fcm KKTC vatanda\u015flar\u0131n\u0131n ayr\u0131m yap\u0131lmaks\u0131z\u0131n g\u00fcneye ge\u00e7i\u015finin sa\u011flanmas\u0131 gerekti\u011fine dikkat \u00e7ekti.<\/p>\n\n\n\n<p><strong>\u201cB\u0130Z\u0130M K\u0130MSEN\u0130N HAK VE HUKUKUNDA G\u00d6Z\u00dcM\u00dcZ YOKTUR\u201d<\/strong><\/p>\n\n\n\n<p>\u201cBizim kimsenin hak ve hukukunda g\u00f6z\u00fcm\u00fcz yoktur. Bizim beklentimiz; bizlerin hak ve hukukunu tan\u0131malar\u0131d\u0131r\u201d diyen Cumhurba\u015fkan\u0131 Tatar, K\u0131br\u0131s T\u00fcrkleri\u2019nin en az Rumlar kadar e\u015fit ve egemen haklara sahip oldu\u011funu, KKTC devletinin kendi demokrasisi i\u00e7erisinde K\u0131br\u0131sl\u0131 T\u00fcrklerin her daim huzur ve g\u00fcven i\u00e7inde ya\u015famaya devam edece\u011fini belirtti.<\/p>\n\n\n\n<p>Cumhurba\u015fkan\u0131 Tatar, KKTC\u2019nin Anavatan T\u00fcrkiye\u2019nin tam deste\u011fini her zaman arkas\u0131nda hissetti\u011finin alt\u0131n\u0131 \u00e7izdi.<\/p>\n\n\n\n<p><strong>\u201cYER\u0130NDE H\u0130ZMET\u0130N KAPSAMI OLDUK\u00c7A GEL\u0130\u015eT\u0130\u201d<\/strong><\/p>\n\n\n\n<p>Yerel y\u00f6netimlerin halka hizmet ba\u011flam\u0131nda merkezi h\u00fck\u00fcmetin icraatlar\u0131na ek olarak \u00e7ok b\u00fcy\u00fck bir \u00f6neme sahip oldu\u011funu dile getiren Cumhurba\u015fkan\u0131 Tatar, yerinde hizmet kapsam\u0131n\u0131n bug\u00fcn olduk\u00e7a geli\u015fti\u011fini belirtti.<\/p>\n\n\n\n<p>292 kilometrekarelik bir \u00f6l\u00e7ekte faaliyet g\u00f6steren Lapta Belediyesi\u2019nin alan bak\u0131m\u0131ndan KKTC\u2019nin en b\u00fcy\u00fck belediyesi oldu\u011funu ifade eden Cumhurba\u015fkan\u0131 Ersin Tatar, Lapta Belediyesi\u2019nin ba\u015fkan ve personelinin, belediye hudutlar\u0131 i\u00e7inde b\u00fcy\u00fck bir fedakarl\u0131kla, her alanda halka en iyi hizmeti g\u00f6t\u00fcrmek i\u00e7in u\u011fra\u015f verdiklerinin alt\u0131n\u0131 \u00e7izdi.<\/p>\n\n\n\n<p><strong>\u201cBELED\u0130YELER REFORMU B\u0130R GEREKL\u0130L\u0130K\u2026\u201d<\/strong><\/p>\n\n\n\n<p>\u201cLapta\u2019m\u0131z\u0131n daha m\u00fcreffeh g\u00fcnler g\u00f6rebilmesi i\u00e7in bizler de elimizden geleni yapmaya d\u00fcn oldu\u011fu gibi bug\u00fcn de devam edece\u011fiz\u201d diyen Cumhurba\u015fkan\u0131 Tatar, b\u00f6lgedeki geli\u015fimin s\u00fcrece\u011fine inan\u00e7 belirtti.<\/p>\n\n\n\n<p>Maliye Bakan\u0131 olarak g\u00f6rev yapt\u0131\u011f\u0131 d\u00f6nemden beridir g\u00fcndemde olan belediyeler reformu mevzusuyla bug\u00fcn bir anlay\u0131\u015f\u0131n geli\u015fti\u011fini s\u00f6yleyen Cumhurba\u015fkan\u0131 Tatar, bu reformun bir gereklilik oldu\u011funu, lakin ya\u015fama ge\u00e7irilirken t\u00fcm boyutlar\u0131yla dikkatlice de\u011ferlendirme yap\u0131lmas\u0131 gerekti\u011fini belirtti.<\/p>\n\n\n\n<p>Merkezi h\u00fck\u00fcmetten belediyelere aktar\u0131lan kayna\u011f\u0131n \u00f6nemli oldu\u011funu ifade eden Cumhurba\u015fkan\u0131 Tatar, buna ra\u011fmen belediyelerin gelirlerinin art\u0131r\u0131lmas\u0131 gerekti\u011fini vurgulad\u0131. Cumhurba\u015fkan\u0131 Tatar, halka hizmet i\u00e7in belediyelerin gelirlerinin \u00f6nemli oldu\u011funun alt\u0131n\u0131 \u00e7izdi.<\/p>\n\n\n\n<p>Cumhurba\u015fkan\u0131 Ersin Tatar, k\u0131sa s\u00fcre i\u00e7erisinde, yarat\u0131lan yeni siyasi vizyon sayesinde KKTC zemininin g\u00fc\u00e7lenmesi ile, ciddi anlamda geli\u015fece\u011fine dikkat \u00e7ekti.<\/p>\n\n\n\n<p>Lapta Belediye Ba\u015fkan\u0131 Mustafa Aktu\u011f ise, Cumhurba\u015fkan\u0131 Ersin Tatar\u2019a ziyaretinden dolay\u0131 duydu\u011fu memnuniyeti dile getirerek Cumhurba\u015fkan\u0131 Tatar&#8217;\u0131n K\u0131br\u0131s konusunda izledi\u011fi vizyona desteklerini yineledi.<\/p>","protected":false},"excerpt":{"rendered":"<p>Cumhurba\u015fkan\u0131 Ersin Tatar, Lapta Belediyesi&#8217;ni ziyaret etti. B\u00f6lge halk\u0131yla da bir araya gelen Cumhurba\u015fkan\u0131 Tatar, ayr\u0131ca b\u00f6lge karakoluna da ziyarette bulunarak g\u00f6rev yapan polislerle bir araya geldi. Cumhurba\u015fkanl\u0131\u011f\u0131\u2019ndan yap\u0131lan a\u00e7\u0131klamaya g\u00f6re, Cumhurba\u015fkan\u0131 Tatar, Lapta Belediyesi\u2019ni ziyaretinde, belediye ba\u015fkan\u0131 Mustafa Aktu\u011f ve belediye \u00e7al\u0131\u015fanlar\u0131yla bir arada olmaktan duydu\u011fu mutlulu\u011fu dile getirdi. Covid 19 salg\u0131n\u0131n\u0131n, bug\u00fcne kadar [&hellip;]<\/p>","protected":false},"author":1,"featured_media":6290,"comment_status":"open","ping_status":"open","sticky":false,"template":"","format":"standard","meta":{"om_disable_all_campaigns":false,"_monsterinsights_skip_tracking":false,"_monsterinsights_sitenote_active":false,"_monsterinsights_sitenote_note":"","_monsterinsights_sitenote_category":0,"_uf_show_specific_survey":0,"_uf_disable_surveys":false,"footnotes":"","jetpack_publicize_message":"","jetpack_publicize_feature_enabled":true,"jetpack_social_post_already_shared":false,"jetpack_social_options":{"image_generator_settings":{"template":"highway","default_image_id":0,"font":"","enabled":false},"version":2}},"categories":[81],"tags":[386],"class_list":{"0":"post-6289","1":"post","2":"type-post","3":"status-publish","4":"format-standard","5":"has-post-thumbnail","7":"category-gundem","8":"tag-cumhurbaskani-tatar"},"yoast_head":"<!-- This site is optimized with the Yoast SEO plugin v23.8 - https:\/\/yoast.com\/wordpress\/plugins\/seo\/ -->\n<title>Cumhurba\u015fkan\u0131 Tatar Lapta Belediyesi\u2019ni ziyaret etti - NETBAKIS<\/title>\n<meta name=\"robots\" content=\"index, follow, max-snippet:-1, max-image-preview:large, max-video-preview:-1\" \/>\n<link rel=\"canonical\" href=\"https:\/\/netbakis.net\/tr\/6289\/\" \/>\n<meta property=\"og:locale\" content=\"tr_TR\" \/>\n<meta property=\"og:type\" content=\"article\" \/>\n<meta property=\"og:title\" content=\"Cumhurba\u015fkan\u0131 Tatar Lapta Belediyesi\u2019ni ziyaret etti - NETBAKIS\" \/>\n<meta property=\"og:description\" content=\"Cumhurba\u015fkan\u0131 Ersin Tatar, Lapta Belediyesi&#8217;ni ziyaret etti. B\u00f6lge halk\u0131yla da bir araya gelen Cumhurba\u015fkan\u0131 Tatar, ayr\u0131ca b\u00f6lge karakoluna da ziyarette bulunarak g\u00f6rev yapan polislerle bir araya geldi. Cumhurba\u015fkanl\u0131\u011f\u0131\u2019ndan yap\u0131lan a\u00e7\u0131klamaya g\u00f6re, Cumhurba\u015fkan\u0131 Tatar, Lapta Belediyesi\u2019ni ziyaretinde, belediye ba\u015fkan\u0131 Mustafa Aktu\u011f ve belediye \u00e7al\u0131\u015fanlar\u0131yla bir arada olmaktan duydu\u011fu mutlulu\u011fu dile getirdi. Covid 19 salg\u0131n\u0131n\u0131n, bug\u00fcne kadar [&hellip;]\" \/>\n<meta property=\"og:url\" content=\"https:\/\/netbakis.net\/tr\/6289\/\" \/>\n<meta property=\"og:site_name\" content=\"NETBAKIS\" \/>\n<meta property=\"article:published_time\" content=\"2021-06-11T15:03:14+00:00\" \/>\n<meta property=\"article:modified_time\" content=\"2021-06-11T15:03:15+00:00\" \/>\n<meta property=\"og:image\" content=\"https:\/\/netbakis.net\/wp-content\/uploads\/2021\/06\/tatarrr.jpg\" \/>\n\t<meta property=\"og:image:width\" content=\"910\" \/>\n\t<meta property=\"og:image:height\" content=\"430\" \/>\n\t<meta property=\"og:image:type\" content=\"image\/jpeg\" \/>\n<meta name=\"author\" content=\"netbakis.net\" \/>\n<meta name=\"twitter:card\" content=\"summary_large_image\" \/>\n<meta name=\"twitter:label1\" content=\"Yazan:\" \/>\n\t<meta name=\"twitter:data1\" content=\"netbakis.net\" \/>\n\t<meta name=\"twitter:label2\" content=\"Tahmini okuma s\u00fcresi\" \/>\n\t<meta name=\"twitter:data2\" content=\"3 dakika\" \/>\n<script type=\"application\/ld+json\" class=\"yoast-schema-graph\">{\"@context\":\"https:\/\/schema.org\",\"@graph\":[{\"@type\":\"WebPage\",\"@id\":\"https:\/\/netbakis.net\/6289\/\",\"url\":\"https:\/\/netbakis.net\/6289\/\",\"name\":\"Cumhurba\u015fkan\u0131 Tatar Lapta Belediyesi\u2019ni ziyaret etti - NETBAKIS\",\"isPartOf\":{\"@id\":\"https:\/\/netbakis.net\/#website\"},\"primaryImageOfPage\":{\"@id\":\"https:\/\/netbakis.net\/6289\/#primaryimage\"},\"image\":{\"@id\":\"https:\/\/netbakis.net\/6289\/#primaryimage\"},\"thumbnailUrl\":\"https:\/\/netbakis.net\/wp-content\/uploads\/2021\/06\/tatarrr.jpg\",\"datePublished\":\"2021-06-11T15:03:14+00:00\",\"dateModified\":\"2021-06-11T15:03:15+00:00\",\"author\":{\"@id\":\"https:\/\/netbakis.net\/#\/schema\/person\/5d9b5c3f48ca4a3c69967d619fc8c7f4\"},\"breadcrumb\":{\"@id\":\"https:\/\/netbakis.net\/6289\/#breadcrumb\"},\"inLanguage\":\"tr\",\"potentialAction\":[{\"@type\":\"ReadAction\",\"target\":[\"https:\/\/netbakis.net\/6289\/\"]}]},{\"@type\":\"ImageObject\",\"inLanguage\":\"tr\",\"@id\":\"https:\/\/netbakis.net\/6289\/#primaryimage\",\"url\":\"https:\/\/netbakis.net\/wp-content\/uploads\/2021\/06\/tatarrr.jpg\",\"contentUrl\":\"https:\/\/netbakis.net\/wp-content\/uploads\/2021\/06\/tatarrr.jpg\",\"width\":910,\"height\":430,\"caption\":\"Cumhurba\u015fkan\u0131 Tatar\"},{\"@type\":\"BreadcrumbList\",\"@id\":\"https:\/\/netbakis.net\/6289\/#breadcrumb\",\"itemListElement\":[{\"@type\":\"ListItem\",\"position\":1,\"name\":\"Home\",\"item\":\"https:\/\/netbakis.net\/\"},{\"@type\":\"ListItem\",\"position\":2,\"name\":\"Cumhurba\u015fkan\u0131 Tatar Lapta Belediyesi\u2019ni ziyaret etti\"}]},{\"@type\":\"WebSite\",\"@id\":\"https:\/\/netbakis.net\/#website\",\"url\":\"https:\/\/netbakis.net\/\",\"name\":\"NETBAKIS\",\"description\":\"SON DAKIKA\",\"potentialAction\":[{\"@type\":\"SearchAction\",\"target\":{\"@type\":\"EntryPoint\",\"urlTemplate\":\"https:\/\/netbakis.net\/?s={search_term_string}\"},\"query-input\":{\"@type\":\"PropertyValueSpecification\",\"valueRequired\":true,\"valueName\":\"search_term_string\"}}],\"inLanguage\":\"tr\"},{\"@type\":\"Person\",\"@id\":\"https:\/\/netbakis.net\/#\/schema\/person\/5d9b5c3f48ca4a3c69967d619fc8c7f4\",\"name\":\"netbakis.net\",\"image\":{\"@type\":\"ImageObject\",\"inLanguage\":\"tr\",\"@id\":\"https:\/\/netbakis.net\/#\/schema\/person\/image\/\",\"url\":\"https:\/\/secure.gravatar.com\/avatar\/4ddeae49d2d3e3568a8d5b0937642efdf0b72468dbe3f213bc1978faa47af0d1?s=96&d=wp_user_avatar&r=g\",\"contentUrl\":\"https:\/\/secure.gravatar.com\/avatar\/4ddeae49d2d3e3568a8d5b0937642efdf0b72468dbe3f213bc1978faa47af0d1?s=96&d=wp_user_avatar&r=g\",\"caption\":\"netbakis.net\"},\"sameAs\":[\"https:\/\/netbakis.net\"],\"url\":\"https:\/\/netbakis.net\/tr\/author\/netbakis-net\/\"}]}<\/script>\n<!-- \/ Yoast SEO plugin. -->","yoast_head_json":{"title":"Cumhurba\u015fkan\u0131 Tatar Lapta Belediyesi\u2019ni ziyaret etti - NETBAKIS","robots":{"index":"index","follow":"follow","max-snippet":"max-snippet:-1","max-image-preview":"max-image-preview:large","max-video-preview":"max-video-preview:-1"},"canonical":"https:\/\/netbakis.net\/tr\/6289\/","og_locale":"tr_TR","og_type":"article","og_title":"Cumhurba\u015fkan\u0131 Tatar Lapta Belediyesi\u2019ni ziyaret etti - NETBAKIS","og_description":"Cumhurba\u015fkan\u0131 Ersin Tatar, Lapta Belediyesi&#8217;ni ziyaret etti. B\u00f6lge halk\u0131yla da bir araya gelen Cumhurba\u015fkan\u0131 Tatar, ayr\u0131ca b\u00f6lge karakoluna da ziyarette bulunarak g\u00f6rev yapan polislerle bir araya geldi. Cumhurba\u015fkanl\u0131\u011f\u0131\u2019ndan yap\u0131lan a\u00e7\u0131klamaya g\u00f6re, Cumhurba\u015fkan\u0131 Tatar, Lapta Belediyesi\u2019ni ziyaretinde, belediye ba\u015fkan\u0131 Mustafa Aktu\u011f ve belediye \u00e7al\u0131\u015fanlar\u0131yla bir arada olmaktan duydu\u011fu mutlulu\u011fu dile getirdi. Covid 19 salg\u0131n\u0131n\u0131n, bug\u00fcne kadar [&hellip;]","og_url":"https:\/\/netbakis.net\/tr\/6289\/","og_site_name":"NETBAKIS","article_published_time":"2021-06-11T15:03:14+00:00","article_modified_time":"2021-06-11T15:03:15+00:00","og_image":[{"width":910,"height":430,"url":"https:\/\/netbakis.net\/wp-content\/uploads\/2021\/06\/tatarrr.jpg","type":"image\/jpeg"}],"author":"netbakis.net","twitter_card":"summary_large_image","twitter_misc":{"Yazan:":"netbakis.net","Tahmini okuma s\u00fcresi":"3 dakika"},"schema":{"@context":"https:\/\/schema.org","@graph":[{"@type":"WebPage","@id":"https:\/\/netbakis.net\/6289\/","url":"https:\/\/netbakis.net\/6289\/","name":"Cumhurba\u015fkan\u0131 Tatar Lapta Belediyesi\u2019ni ziyaret etti - NETBAKIS","isPartOf":{"@id":"https:\/\/netbakis.net\/#website"},"primaryImageOfPage":{"@id":"https:\/\/netbakis.net\/6289\/#primaryimage"},"image":{"@id":"https:\/\/netbakis.net\/6289\/#primaryimage"},"thumbnailUrl":"https:\/\/netbakis.net\/wp-content\/uploads\/2021\/06\/tatarrr.jpg","datePublished":"2021-06-11T15:03:14+00:00","dateModified":"2021-06-11T15:03:15+00:00","author":{"@id":"https:\/\/netbakis.net\/#\/schema\/person\/5d9b5c3f48ca4a3c69967d619fc8c7f4"},"breadcrumb":{"@id":"https:\/\/netbakis.net\/6289\/#breadcrumb"},"inLanguage":"tr","potentialAction":[{"@type":"ReadAction","target":["https:\/\/netbakis.net\/6289\/"]}]},{"@type":"ImageObject","inLanguage":"tr","@id":"https:\/\/netbakis.net\/6289\/#primaryimage","url":"https:\/\/netbakis.net\/wp-content\/uploads\/2021\/06\/tatarrr.jpg","contentUrl":"https:\/\/netbakis.net\/wp-content\/uploads\/2021\/06\/tatarrr.jpg","width":910,"height":430,"caption":"Cumhurba\u015fkan\u0131 Tatar"},{"@type":"BreadcrumbList","@id":"https:\/\/netbakis.net\/6289\/#breadcrumb","itemListElement":[{"@type":"ListItem","position":1,"name":"Home","item":"https:\/\/netbakis.net\/"},{"@type":"ListItem","position":2,"name":"Cumhurba\u015fkan\u0131 Tatar Lapta Belediyesi\u2019ni ziyaret etti"}]},{"@type":"WebSite","@id":"https:\/\/netbakis.net\/#website","url":"https:\/\/netbakis.net\/","name":"NETBAKIS","description":"SON DAKIKA","potentialAction":[{"@type":"SearchAction","target":{"@type":"EntryPoint","urlTemplate":"https:\/\/netbakis.net\/?s={search_term_string}"},"query-input":{"@type":"PropertyValueSpecification","valueRequired":true,"valueName":"search_term_string"}}],"inLanguage":"tr"},{"@type":"Person","@id":"https:\/\/netbakis.net\/#\/schema\/person\/5d9b5c3f48ca4a3c69967d619fc8c7f4","name":"netbakis.net","image":{"@type":"ImageObject","inLanguage":"tr","@id":"https:\/\/netbakis.net\/#\/schema\/person\/image\/","url":"https:\/\/secure.gravatar.com\/avatar\/4ddeae49d2d3e3568a8d5b0937642efdf0b72468dbe3f213bc1978faa47af0d1?s=96&d=wp_user_avatar&r=g","contentUrl":"https:\/\/secure.gravatar.com\/avatar\/4ddeae49d2d3e3568a8d5b0937642efdf0b72468dbe3f213bc1978faa47af0d1?s=96&d=wp_user_avatar&r=g","caption":"netbakis.net"},"sameAs":["https:\/\/netbakis.net"],"url":"https:\/\/netbakis.net\/tr\/author\/netbakis-net\/"}]}},"jetpack_publicize_connections":[],"_links":{"self":[{"href":"https:\/\/netbakis.net\/tr\/wp-json\/wp\/v2\/posts\/6289","targetHints":{"allow":["GET"]}}],"collection":[{"href":"https:\/\/netbakis.net\/tr\/wp-json\/wp\/v2\/posts"}],"about":[{"href":"https:\/\/netbakis.net\/tr\/wp-json\/wp\/v2\/types\/post"}],"author":[{"embeddable":true,"href":"https:\/\/netbakis.net\/tr\/wp-json\/wp\/v2\/users\/1"}],"replies":[{"embeddable":true,"href":"https:\/\/netbakis.net\/tr\/wp-json\/wp\/v2\/comments?post=6289"}],"version-history":[{"count":1,"href":"https:\/\/netbakis.net\/tr\/wp-json\/wp\/v2\/posts\/6289\/revisions"}],"predecessor-version":[{"id":6291,"href":"https:\/\/netbakis.net\/tr\/wp-json\/wp\/v2\/posts\/6289\/revisions\/6291"}],"wp:featuredmedia":[{"embeddable":true,"href":"https:\/\/netbakis.net\/tr\/wp-json\/wp\/v2\/media\/6290"}],"wp:attachment":[{"href":"https:\/\/netbakis.net\/tr\/wp-json\/wp\/v2\/media?parent=6289"}],"wp:term":[{"taxonomy":"category","embeddable":true,"href":"https:\/\/netbakis.net\/tr\/wp-json\/wp\/v2\/categories?post=6289"},{"taxonomy":"post_tag","embeddable":true,"href":"https:\/\/netbakis.net\/tr\/wp-json\/wp\/v2\/tags?post=6289"}],"curies":[{"name":"wp","href":"https:\/\/api.w.org\/{rel}","templated":true}]}}