{"id":6242,"date":"2021-06-10T14:54:55","date_gmt":"2021-06-10T14:54:55","guid":{"rendered":"https:\/\/netbakis.net\/?p=6242"},"modified":"2021-06-10T14:54:56","modified_gmt":"2021-06-10T14:54:56","slug":"kilicdaroglu-erhurman-gorusmesinde-kibris-sorunu-ele-alindi","status":"publish","type":"post","link":"https:\/\/netbakis.net\/tr\/6242\/","title":{"rendered":"K\u0131l\u0131\u00e7daro\u011flu- Erh\u00fcrman g\u00f6r\u00fc\u015fmesinde K\u0131br\u0131s sorunu ele al\u0131nd\u0131"},"content":{"rendered":"<p><strong>Cumhuriyet\u00e7i T\u00fcrk Partisi (CTP) Genel Ba\u015fkan\u0131 Tufan Erh\u00fcrman, adada bir dizi temaslarda bulunan Cumhuriyet Halk Partisi (CHP) Genel Ba\u015fkan\u0131 Kemal K\u0131l\u0131\u00e7daro\u011flu ile g\u00f6r\u00fc\u015ft\u00fc.\u00a0<\/strong><br>Parti\u2019den verilen bilgiye g\u00f6re, Meclis \u015eeref Salonu\u2019nda ger\u00e7ekle\u015ftirilen g\u00f6r\u00fc\u015fmede, Erh\u00fcrman\u2019a Genel Sekreter Erdo\u011fan Sorak\u0131n, Gazima\u011fusa milletvekili As\u0131m Akansoy, Girne milletvekilleri Fikri Toros ve Fazilet \u00d6zdenefe e\u015flik etti.\u00a0<br>A\u011f\u0131rl\u0131kl\u0131 olarak K\u0131br\u0131s sorununda gelinen son geli\u015fmelerin ele al\u0131nd\u0131\u011f\u0131 toplant\u0131da, \u00a0Erh\u00fcrman K\u0131l\u0131\u00e7daro\u011flu\u2019na, K\u0131br\u0131sl\u0131 T\u00fcrklerin varolu\u015f ve kendi ayaklar\u0131 \u00fczerinde durabilme m\u00fccadelesi verdi\u011fini anlatt\u0131.\u00a0<br>Ekonomik, sosyal ve k\u00fclt\u00fcrel kalk\u0131nman\u0131n kendileri a\u00e7\u0131s\u0131ndan b\u00fcy\u00fck \u00f6nem arz etti\u011fini dile getiren Erh\u00fcrman, olas\u0131 bir \u00e7\u00f6z\u00fcm durumunda K\u0131br\u0131s T\u00fcrk ekonomisiyle K\u0131br\u0131s Rum ekonomisinin belli bir dengede olmas\u0131 gerekti\u011fini ifade etti.\u00a0<br><strong>ERH\u00dcRMAN: \u201cS\u0130YAS\u0130 E\u015e\u0130TL\u0130K TEMEL\u0130NDE \u0130K\u0130 TOPLUMLU, \u0130K\u0130 B\u00d6LGEL\u0130 FEDERAL \u00c7\u00d6Z\u00dcM M\u00dcCADELES\u0130 DEVAM ED\u0130YOR\u201d<\/strong><br>Erh\u00fcrman, bu adan\u0131n 2 kurucu orta\u011f\u0131ndan birisi olan K\u0131br\u0131sl\u0131 T\u00fcrklerin hak etti\u011fi noktada olabilmesi, uluslararas\u0131 hukukun i\u00e7ine dahil olmas\u0131 ve uluslararas\u0131 toplumun e\u015fit bir mensubu olarak her yerde kabul g\u00f6rebilmesi gerekti\u011fini aktard\u0131.\u00a0<br>Ama\u00e7lar\u0131n\u0131n K\u0131br\u0131sl\u0131 T\u00fcrk gen\u00e7lerin adadan g\u00f6\u00e7 etmek yerinde burada kalmas\u0131 oldu\u011funun alt\u0131n\u0131 \u00e7izen CTP lideri Tufan Erh\u00fcrman, kendi ayaklar\u0131 \u00fcst\u00fcnde durabilen bir ekonomi yaratma hedefinde olduklar\u0131n\u0131 a\u00e7\u0131klad\u0131.<br>Siyasi e\u015fitlik konusunda verilen m\u00fccadeleyi de \u00f6zetleyen Erh\u00fcrman, K\u0131br\u0131sl\u0131 T\u00fcrklerin bu adan\u0131n 2 kurucu orta\u011f\u0131ndan birisi oldu\u011funu, bunun sadece bir iddia de\u011fil, hukuk metinleriyle tespit edilmi\u015f bir olgu oldu\u011funu belirtti.\u00a0<br>Erh\u00fcrman, bu ger\u00e7eklik \u00fczerinden siyasi e\u015fitlik temelinde iki toplumlu, iki b\u00f6lgeli federal \u00e7\u00f6z\u00fcm m\u00fccadelesini y\u0131llarca verdiklerini, m\u00fccadelenin de halen daha s\u00fcrd\u00fc\u011f\u00fcn\u00fc dile getirdi.\u00a0<br><strong>ERH\u00dcRMAN: \u201cKIBRISLI T\u00dcRKLER, D\u0130\u011eER ORTAK KAR\u015eISINDA GER\u0130YE \u0130T\u0130LMEMEL\u0130\u201d<\/strong><br>K\u0131br\u0131s T\u00fcrk halk\u0131n\u0131n 2004 y\u0131l\u0131ndaki referanduma evet dedi\u011fini, 2017\u2019de de Crans Montana\u2019da hem K\u0131br\u0131s T\u00fcrk taraf\u0131n\u0131n hem de TC\u2019nin \u00e7\u00f6z\u00fcm iradesini ortaya koydu\u011funu belirten Erh\u00fcrman, Rum lider Anastasiadis taraf\u0131ndan masan\u0131n devrildi\u011fini anlatt\u0131.\u00a0<br>K\u0131br\u0131sl\u0131 T\u00fcrklerin siyasi e\u015fitli\u011fini kendi halk\u0131na anlatamayaca\u011f\u0131 gerek\u00e7esiyle Anastasiadis\u2019in \u00e7\u00f6z\u00fcmden ka\u00e7an taraf oldu\u011funu kaydeden Erh\u00fcrman, \u201cBizim yapmam\u0131z gereken K\u0131br\u0131s T\u00fcrk halk\u0131n\u0131n BM parametreleri i\u00e7inde olan, BMGK kararlar\u0131nda \u00e7ok a\u00e7\u0131k bir \u015fekilde tan\u0131manm\u0131\u015f olan siyasi e\u015fitlik kavram\u0131n\u0131 d\u00fcnyaya anlatmakt\u0131r. Bunu d\u00fcnyaya anlatmakta da g\u00fc\u00e7l\u00fck \u00e7ekmememiz laz\u0131m \u00e7\u00fcnk\u00fc bunlar BMGK kararlar\u0131nda yaz\u0131yor. Biz bir an \u00f6nce bu istikrars\u0131z durumun ve K\u0131br\u0131s T\u00fcrk halk\u0131n\u0131n di\u011fer ortak kar\u015f\u0131s\u0131nda hep geriye itilmesi durumunun bir an \u00f6nce ortadan kald\u0131r\u0131lmas\u0131 i\u00e7in do\u011fru d\u0131\u015f politika hamlelerinin yap\u0131lmas\u0131 gerekti\u011fini savunuyoruz\u201d dedi.\u00a0<br>K\u0131br\u0131s T\u00fcrk halk\u0131n\u0131n T\u00fcrkiye\u2019de daha \u00e7ok anla\u015f\u0131labilmesi i\u00e7in birlikte \u00e7al\u0131\u015fmalar yapma dile\u011fini K\u0131l\u0131\u00e7daro\u011flu\u2019na ileten Erh\u00fcrman, \u201cBurada olman\u0131z umar\u0131m bir ba\u015flang\u0131\u00e7 noktas\u0131 olur ve bundan sonra daha \u00e7ok konu\u015fma f\u0131rsat\u0131 buluruz\u201d dedi.\u00a0<br><strong>KILI\u00c7DARO\u011eLU: \u201cKAR\u015eILIKLI DAYANI\u015eMA \u0130\u00c7ER\u0130S\u0130NDE SORUNLARI MASAYA YATIRIP \u00c7\u00d6Z\u00dcMLER BULAB\u0130L\u0130R\u0130Z\u201d<\/strong><br>CHP Genel Ba\u015fkan\u0131 Kemal K\u0131l\u0131\u00e7daro\u011flu da, karde\u015f partileri olan CTP ile g\u00f6r\u00fc\u015fmekten duydu\u011fu memnuniyeti dile getirerek s\u00f6zlerine ba\u015flad\u0131.\u00a0<br>CTP\u2019nin K\u0131br\u0131s\u2019ta verdi\u011fi m\u00fccadeleyi selamlad\u0131klar\u0131n\u0131 kaydeden K\u0131l\u0131\u00e7daro\u011flu, CTP\u2019nin parlamentoda temsil say\u0131s\u0131n\u0131n artmas\u0131n\u0131 beklediklerini ifade etti.\u00a0<br>K\u0131l\u0131\u00e7daro\u011flu, \u201cSizler ba\u015far\u0131l\u0131 oldu\u011funuz s\u00fcrece K\u0131br\u0131s\u2019\u0131n sorunlar\u0131n\u0131n daha h\u0131zl\u0131 \u00e7\u00f6z\u00fclece\u011fine inan\u0131yorum. Bizlerin g\u00f6revi de demokrasi konusunda her t\u00fcrl\u00fc deste\u011fi vermektir. Kar\u015f\u0131l\u0131kl\u0131 dayan\u0131\u015fma i\u00e7erisinde sorunlar\u0131 masaya yat\u0131r\u0131p \u00e7\u00f6z\u00fcmler bulabiliriz\u201d dedi.<\/p>","protected":false},"excerpt":{"rendered":"<p>Cumhuriyet\u00e7i T\u00fcrk Partisi (CTP) Genel Ba\u015fkan\u0131 Tufan Erh\u00fcrman, adada bir dizi temaslarda bulunan Cumhuriyet Halk Partisi (CHP) Genel Ba\u015fkan\u0131 Kemal K\u0131l\u0131\u00e7daro\u011flu ile g\u00f6r\u00fc\u015ft\u00fc.\u00a0Parti\u2019den verilen bilgiye g\u00f6re, Meclis \u015eeref Salonu\u2019nda ger\u00e7ekle\u015ftirilen g\u00f6r\u00fc\u015fmede, Erh\u00fcrman\u2019a Genel Sekreter Erdo\u011fan Sorak\u0131n, Gazima\u011fusa milletvekili As\u0131m Akansoy, Girne milletvekilleri Fikri Toros ve Fazilet \u00d6zdenefe e\u015flik etti.\u00a0A\u011f\u0131rl\u0131kl\u0131 olarak K\u0131br\u0131s sorununda gelinen son geli\u015fmelerin [&hellip;]<\/p>","protected":false},"author":1,"featured_media":6243,"comment_status":"open","ping_status":"open","sticky":false,"template":"","format":"standard","meta":{"om_disable_all_campaigns":false,"_monsterinsights_skip_tracking":false,"_monsterinsights_sitenote_active":false,"_monsterinsights_sitenote_note":"","_monsterinsights_sitenote_category":0,"_uf_show_specific_survey":0,"_uf_disable_surveys":false,"footnotes":"","jetpack_publicize_message":"","jetpack_publicize_feature_enabled":true,"jetpack_social_post_already_shared":false,"jetpack_social_options":{"image_generator_settings":{"template":"highway","default_image_id":0,"font":"","enabled":false},"version":2}},"categories":[81],"tags":[371],"class_list":{"0":"post-6242","1":"post","2":"type-post","3":"status-publish","4":"format-standard","5":"has-post-thumbnail","7":"category-gundem","8":"tag-kilicdaroglu-erhurman"},"yoast_head":"<!-- This site is optimized with the Yoast SEO plugin v23.8 - https:\/\/yoast.com\/wordpress\/plugins\/seo\/ -->\n<title>K\u0131l\u0131\u00e7daro\u011flu- Erh\u00fcrman g\u00f6r\u00fc\u015fmesinde K\u0131br\u0131s sorunu ele al\u0131nd\u0131 - NETBAKIS<\/title>\n<meta name=\"robots\" content=\"index, follow, max-snippet:-1, max-image-preview:large, max-video-preview:-1\" \/>\n<link rel=\"canonical\" href=\"https:\/\/netbakis.net\/tr\/6242\/\" \/>\n<meta property=\"og:locale\" content=\"tr_TR\" \/>\n<meta property=\"og:type\" content=\"article\" \/>\n<meta property=\"og:title\" content=\"K\u0131l\u0131\u00e7daro\u011flu- Erh\u00fcrman g\u00f6r\u00fc\u015fmesinde K\u0131br\u0131s sorunu ele al\u0131nd\u0131 - NETBAKIS\" \/>\n<meta property=\"og:description\" content=\"Cumhuriyet\u00e7i T\u00fcrk Partisi (CTP) Genel Ba\u015fkan\u0131 Tufan Erh\u00fcrman, adada bir dizi temaslarda bulunan Cumhuriyet Halk Partisi (CHP) Genel Ba\u015fkan\u0131 Kemal K\u0131l\u0131\u00e7daro\u011flu ile g\u00f6r\u00fc\u015ft\u00fc.\u00a0Parti\u2019den verilen bilgiye g\u00f6re, Meclis \u015eeref Salonu\u2019nda ger\u00e7ekle\u015ftirilen g\u00f6r\u00fc\u015fmede, Erh\u00fcrman\u2019a Genel Sekreter Erdo\u011fan Sorak\u0131n, Gazima\u011fusa milletvekili As\u0131m Akansoy, Girne milletvekilleri Fikri Toros ve Fazilet \u00d6zdenefe e\u015flik etti.\u00a0A\u011f\u0131rl\u0131kl\u0131 olarak K\u0131br\u0131s sorununda gelinen son geli\u015fmelerin [&hellip;]\" \/>\n<meta property=\"og:url\" content=\"https:\/\/netbakis.net\/tr\/6242\/\" \/>\n<meta property=\"og:site_name\" content=\"NETBAKIS\" \/>\n<meta property=\"article:published_time\" content=\"2021-06-10T14:54:55+00:00\" \/>\n<meta property=\"article:modified_time\" content=\"2021-06-10T14:54:56+00:00\" \/>\n<meta property=\"og:image\" content=\"https:\/\/netbakis.net\/wp-content\/uploads\/2021\/06\/unnamed-1.jpg\" \/>\n\t<meta property=\"og:image:width\" content=\"512\" \/>\n\t<meta property=\"og:image:height\" content=\"342\" \/>\n\t<meta property=\"og:image:type\" content=\"image\/jpeg\" \/>\n<meta name=\"author\" content=\"netbakis.net\" \/>\n<meta name=\"twitter:card\" content=\"summary_large_image\" \/>\n<meta name=\"twitter:label1\" content=\"Yazan:\" \/>\n\t<meta name=\"twitter:data1\" content=\"netbakis.net\" \/>\n\t<meta name=\"twitter:label2\" content=\"Tahmini okuma s\u00fcresi\" \/>\n\t<meta name=\"twitter:data2\" content=\"4 dakika\" \/>\n<script type=\"application\/ld+json\" class=\"yoast-schema-graph\">{\"@context\":\"https:\/\/schema.org\",\"@graph\":[{\"@type\":\"WebPage\",\"@id\":\"https:\/\/netbakis.net\/6242\/\",\"url\":\"https:\/\/netbakis.net\/6242\/\",\"name\":\"K\u0131l\u0131\u00e7daro\u011flu- Erh\u00fcrman g\u00f6r\u00fc\u015fmesinde K\u0131br\u0131s sorunu ele al\u0131nd\u0131 - NETBAKIS\",\"isPartOf\":{\"@id\":\"https:\/\/netbakis.net\/#website\"},\"primaryImageOfPage\":{\"@id\":\"https:\/\/netbakis.net\/6242\/#primaryimage\"},\"image\":{\"@id\":\"https:\/\/netbakis.net\/6242\/#primaryimage\"},\"thumbnailUrl\":\"https:\/\/netbakis.net\/wp-content\/uploads\/2021\/06\/unnamed-1.jpg\",\"datePublished\":\"2021-06-10T14:54:55+00:00\",\"dateModified\":\"2021-06-10T14:54:56+00:00\",\"author\":{\"@id\":\"https:\/\/netbakis.net\/#\/schema\/person\/5d9b5c3f48ca4a3c69967d619fc8c7f4\"},\"breadcrumb\":{\"@id\":\"https:\/\/netbakis.net\/6242\/#breadcrumb\"},\"inLanguage\":\"tr\",\"potentialAction\":[{\"@type\":\"ReadAction\",\"target\":[\"https:\/\/netbakis.net\/6242\/\"]}]},{\"@type\":\"ImageObject\",\"inLanguage\":\"tr\",\"@id\":\"https:\/\/netbakis.net\/6242\/#primaryimage\",\"url\":\"https:\/\/netbakis.net\/wp-content\/uploads\/2021\/06\/unnamed-1.jpg\",\"contentUrl\":\"https:\/\/netbakis.net\/wp-content\/uploads\/2021\/06\/unnamed-1.jpg\",\"width\":512,\"height\":342,\"caption\":\"K\u0131l\u0131\u00e7daro\u011flu- Erh\u00fcrman\"},{\"@type\":\"BreadcrumbList\",\"@id\":\"https:\/\/netbakis.net\/6242\/#breadcrumb\",\"itemListElement\":[{\"@type\":\"ListItem\",\"position\":1,\"name\":\"Home\",\"item\":\"https:\/\/netbakis.net\/\"},{\"@type\":\"ListItem\",\"position\":2,\"name\":\"K\u0131l\u0131\u00e7daro\u011flu- Erh\u00fcrman g\u00f6r\u00fc\u015fmesinde K\u0131br\u0131s sorunu ele al\u0131nd\u0131\"}]},{\"@type\":\"WebSite\",\"@id\":\"https:\/\/netbakis.net\/#website\",\"url\":\"https:\/\/netbakis.net\/\",\"name\":\"NETBAKIS\",\"description\":\"SON DAKIKA\",\"potentialAction\":[{\"@type\":\"SearchAction\",\"target\":{\"@type\":\"EntryPoint\",\"urlTemplate\":\"https:\/\/netbakis.net\/?s={search_term_string}\"},\"query-input\":{\"@type\":\"PropertyValueSpecification\",\"valueRequired\":true,\"valueName\":\"search_term_string\"}}],\"inLanguage\":\"tr\"},{\"@type\":\"Person\",\"@id\":\"https:\/\/netbakis.net\/#\/schema\/person\/5d9b5c3f48ca4a3c69967d619fc8c7f4\",\"name\":\"netbakis.net\",\"image\":{\"@type\":\"ImageObject\",\"inLanguage\":\"tr\",\"@id\":\"https:\/\/netbakis.net\/#\/schema\/person\/image\/\",\"url\":\"https:\/\/secure.gravatar.com\/avatar\/4ddeae49d2d3e3568a8d5b0937642efdf0b72468dbe3f213bc1978faa47af0d1?s=96&d=wp_user_avatar&r=g\",\"contentUrl\":\"https:\/\/secure.gravatar.com\/avatar\/4ddeae49d2d3e3568a8d5b0937642efdf0b72468dbe3f213bc1978faa47af0d1?s=96&d=wp_user_avatar&r=g\",\"caption\":\"netbakis.net\"},\"sameAs\":[\"https:\/\/netbakis.net\"],\"url\":\"https:\/\/netbakis.net\/tr\/author\/netbakis-net\/\"}]}<\/script>\n<!-- \/ Yoast SEO plugin. -->","yoast_head_json":{"title":"K\u0131l\u0131\u00e7daro\u011flu- Erh\u00fcrman g\u00f6r\u00fc\u015fmesinde K\u0131br\u0131s sorunu ele al\u0131nd\u0131 - NETBAKIS","robots":{"index":"index","follow":"follow","max-snippet":"max-snippet:-1","max-image-preview":"max-image-preview:large","max-video-preview":"max-video-preview:-1"},"canonical":"https:\/\/netbakis.net\/tr\/6242\/","og_locale":"tr_TR","og_type":"article","og_title":"K\u0131l\u0131\u00e7daro\u011flu- Erh\u00fcrman g\u00f6r\u00fc\u015fmesinde K\u0131br\u0131s sorunu ele al\u0131nd\u0131 - NETBAKIS","og_description":"Cumhuriyet\u00e7i T\u00fcrk Partisi (CTP) Genel Ba\u015fkan\u0131 Tufan Erh\u00fcrman, adada bir dizi temaslarda bulunan Cumhuriyet Halk Partisi (CHP) Genel Ba\u015fkan\u0131 Kemal K\u0131l\u0131\u00e7daro\u011flu ile g\u00f6r\u00fc\u015ft\u00fc.\u00a0Parti\u2019den verilen bilgiye g\u00f6re, Meclis \u015eeref Salonu\u2019nda ger\u00e7ekle\u015ftirilen g\u00f6r\u00fc\u015fmede, Erh\u00fcrman\u2019a Genel Sekreter Erdo\u011fan Sorak\u0131n, Gazima\u011fusa milletvekili As\u0131m Akansoy, Girne milletvekilleri Fikri Toros ve Fazilet \u00d6zdenefe e\u015flik etti.\u00a0A\u011f\u0131rl\u0131kl\u0131 olarak K\u0131br\u0131s sorununda gelinen son geli\u015fmelerin [&hellip;]","og_url":"https:\/\/netbakis.net\/tr\/6242\/","og_site_name":"NETBAKIS","article_published_time":"2021-06-10T14:54:55+00:00","article_modified_time":"2021-06-10T14:54:56+00:00","og_image":[{"width":512,"height":342,"url":"https:\/\/netbakis.net\/wp-content\/uploads\/2021\/06\/unnamed-1.jpg","type":"image\/jpeg"}],"author":"netbakis.net","twitter_card":"summary_large_image","twitter_misc":{"Yazan:":"netbakis.net","Tahmini okuma s\u00fcresi":"4 dakika"},"schema":{"@context":"https:\/\/schema.org","@graph":[{"@type":"WebPage","@id":"https:\/\/netbakis.net\/6242\/","url":"https:\/\/netbakis.net\/6242\/","name":"K\u0131l\u0131\u00e7daro\u011flu- Erh\u00fcrman g\u00f6r\u00fc\u015fmesinde K\u0131br\u0131s sorunu ele al\u0131nd\u0131 - NETBAKIS","isPartOf":{"@id":"https:\/\/netbakis.net\/#website"},"primaryImageOfPage":{"@id":"https:\/\/netbakis.net\/6242\/#primaryimage"},"image":{"@id":"https:\/\/netbakis.net\/6242\/#primaryimage"},"thumbnailUrl":"https:\/\/netbakis.net\/wp-content\/uploads\/2021\/06\/unnamed-1.jpg","datePublished":"2021-06-10T14:54:55+00:00","dateModified":"2021-06-10T14:54:56+00:00","author":{"@id":"https:\/\/netbakis.net\/#\/schema\/person\/5d9b5c3f48ca4a3c69967d619fc8c7f4"},"breadcrumb":{"@id":"https:\/\/netbakis.net\/6242\/#breadcrumb"},"inLanguage":"tr","potentialAction":[{"@type":"ReadAction","target":["https:\/\/netbakis.net\/6242\/"]}]},{"@type":"ImageObject","inLanguage":"tr","@id":"https:\/\/netbakis.net\/6242\/#primaryimage","url":"https:\/\/netbakis.net\/wp-content\/uploads\/2021\/06\/unnamed-1.jpg","contentUrl":"https:\/\/netbakis.net\/wp-content\/uploads\/2021\/06\/unnamed-1.jpg","width":512,"height":342,"caption":"K\u0131l\u0131\u00e7daro\u011flu- Erh\u00fcrman"},{"@type":"BreadcrumbList","@id":"https:\/\/netbakis.net\/6242\/#breadcrumb","itemListElement":[{"@type":"ListItem","position":1,"name":"Home","item":"https:\/\/netbakis.net\/"},{"@type":"ListItem","position":2,"name":"K\u0131l\u0131\u00e7daro\u011flu- Erh\u00fcrman g\u00f6r\u00fc\u015fmesinde K\u0131br\u0131s sorunu ele al\u0131nd\u0131"}]},{"@type":"WebSite","@id":"https:\/\/netbakis.net\/#website","url":"https:\/\/netbakis.net\/","name":"NETBAKIS","description":"SON DAKIKA","potentialAction":[{"@type":"SearchAction","target":{"@type":"EntryPoint","urlTemplate":"https:\/\/netbakis.net\/?s={search_term_string}"},"query-input":{"@type":"PropertyValueSpecification","valueRequired":true,"valueName":"search_term_string"}}],"inLanguage":"tr"},{"@type":"Person","@id":"https:\/\/netbakis.net\/#\/schema\/person\/5d9b5c3f48ca4a3c69967d619fc8c7f4","name":"netbakis.net","image":{"@type":"ImageObject","inLanguage":"tr","@id":"https:\/\/netbakis.net\/#\/schema\/person\/image\/","url":"https:\/\/secure.gravatar.com\/avatar\/4ddeae49d2d3e3568a8d5b0937642efdf0b72468dbe3f213bc1978faa47af0d1?s=96&d=wp_user_avatar&r=g","contentUrl":"https:\/\/secure.gravatar.com\/avatar\/4ddeae49d2d3e3568a8d5b0937642efdf0b72468dbe3f213bc1978faa47af0d1?s=96&d=wp_user_avatar&r=g","caption":"netbakis.net"},"sameAs":["https:\/\/netbakis.net"],"url":"https:\/\/netbakis.net\/tr\/author\/netbakis-net\/"}]}},"jetpack_publicize_connections":[],"_links":{"self":[{"href":"https:\/\/netbakis.net\/tr\/wp-json\/wp\/v2\/posts\/6242","targetHints":{"allow":["GET"]}}],"collection":[{"href":"https:\/\/netbakis.net\/tr\/wp-json\/wp\/v2\/posts"}],"about":[{"href":"https:\/\/netbakis.net\/tr\/wp-json\/wp\/v2\/types\/post"}],"author":[{"embeddable":true,"href":"https:\/\/netbakis.net\/tr\/wp-json\/wp\/v2\/users\/1"}],"replies":[{"embeddable":true,"href":"https:\/\/netbakis.net\/tr\/wp-json\/wp\/v2\/comments?post=6242"}],"version-history":[{"count":1,"href":"https:\/\/netbakis.net\/tr\/wp-json\/wp\/v2\/posts\/6242\/revisions"}],"predecessor-version":[{"id":6244,"href":"https:\/\/netbakis.net\/tr\/wp-json\/wp\/v2\/posts\/6242\/revisions\/6244"}],"wp:featuredmedia":[{"embeddable":true,"href":"https:\/\/netbakis.net\/tr\/wp-json\/wp\/v2\/media\/6243"}],"wp:attachment":[{"href":"https:\/\/netbakis.net\/tr\/wp-json\/wp\/v2\/media?parent=6242"}],"wp:term":[{"taxonomy":"category","embeddable":true,"href":"https:\/\/netbakis.net\/tr\/wp-json\/wp\/v2\/categories?post=6242"},{"taxonomy":"post_tag","embeddable":true,"href":"https:\/\/netbakis.net\/tr\/wp-json\/wp\/v2\/tags?post=6242"}],"curies":[{"name":"wp","href":"https:\/\/api.w.org\/{rel}","templated":true}]}}